{"id":18221,"date":"2021-12-06T02:39:08","date_gmt":"2021-12-06T05:39:08","guid":{"rendered":"https:\/\/correiodasemana.com\/site\/?p=18221"},"modified":"2021-12-06T02:39:08","modified_gmt":"2021-12-06T05:39:08","slug":"perfil-das-despesas-no-brasil-indicadores-de-qualidade-de-vida","status":"publish","type":"post","link":"https:\/\/correiodasemana.com\/site\/perfil-das-despesas-no-brasil-indicadores-de-qualidade-de-vida\/","title":{"rendered":"Perfil das despesas no Brasil: Indicadores de qualidade de vida"},"content":{"rendered":"<p>Norte (0,225) e Nordeste (0,209) apresentaram as maiores perdas de qualidade de vida entre as grandes regi\u00f5es. Sul (0,115) e o Sudeste (0,127), as menores.<br \/>\nO Maranh\u00e3o (4,897) tinha o menor \u00edndice de desempenho socioecon\u00f4mico (IDS) do pa\u00eds. O maior foi registrado pelo Distrito Federal (6,970).<\/p>\n<p>O Cear\u00e1 apresentou um IDS de 5,626, o 17\u00ba no ranking nacional.<br \/>\nA perda na qualidade de vida das pessoas que vivem nas \u00e1reas rurais do pa\u00eds \u00e9 quase duas vezes superior \u00e0 daquelas que vivem nas \u00e1reas urbanas. Essa \u00e9 uma das conclus\u00f5es\u00a0do m\u00f3dulo Perfil das despesas no Brasil: indicadores de qualidade de vida, da Pesquisa de Or\u00e7amentos Familiares (POF) 2017-2018, divulgado hoje (26), e que traz dois indicadores novos que medem a qualidade de vida da popula\u00e7\u00e3o. O estudo integra o conjunto de estat\u00edsticas experimentais do IBGE.<br \/>\nA\u00a0publica\u00e7\u00e3o\u00a0que\u00a0destina-se a avaliar a qualidade de vida da popula\u00e7\u00e3o brasileira atrav\u00e9s de um \u00edndice de perdas ou priva\u00e7\u00f5es multidimensionais, o \u00edndice de perda de qualidade de vida (IPQV) e do \u00edndice de desempenho socioecon\u00f4mico (IDS).<br \/>\nO \u00edndice de perda de qualidade de vida (IPQV) leva em conta moradia, acesso aos servi\u00e7os de utilidade p\u00fablica, sa\u00fade e alimenta\u00e7\u00e3o, educa\u00e7\u00e3o, acesso aos servi\u00e7os financeiros e padr\u00e3o de vida e transporte e lazer. O indicador vai de 0 a 1 e, quanto mais perto de zero, melhor a qualidade de vida.<br \/>\nO Maranh\u00e3o foi o Estado que apresentou o maior valor de IPQV\u00a0(\u00cdndice de perda de qualidade de vida),\u00a00,260, o que significa que ele re\u00fane a maior perda na qualidade de vida do Brasil.\u00a0No Cear\u00e1, esse indicador foi de 0,189, um dos menores do Nordeste.<br \/>\nO Norte (0,225) e o Nordeste (0,209) foram as regi\u00f5es que apresentaram as maiores perdas de qualidade de vida. J\u00e1 o Sul (0,115) e o Sudeste (0,127) tiveram o IPQV abaixo do nacional. O do Centro-Oeste foi de 0,159. \u201cEssa \u00e9 a terceira divulga\u00e7\u00e3o da s\u00e9rie do Perfil das despesas no Brasil. Com os resultados das duas divulga\u00e7\u00f5es anteriores, j\u00e1 era poss\u00edvel apontar que havia perdas mais concentradas no Norte e no Nordeste, mas n\u00e3o pod\u00edamos mensurar precisamente a propor\u00e7\u00e3o dessas priva\u00e7\u00f5es. O IPQV apresenta esses dados de forma concreta\u201d, explica o analista da pesquisa, Leonardo Oliveira.<br \/>\nA renda dispon\u00edvel familiar\u00a0per capita\u00a0(RDFPC)\u00a0no Estado foi a sexta menor do Pa\u00eds (em que a menor foi registrada no Maranh\u00e3o, R$ 195,60), de 1.026,97, fazendo com que o valor do \u00cdndice de\u00a0Desempenho\u00a0Socioecon\u00f4mico (IDS)\u00a0ficasse em R$ 833,23 \u2013 nono menor entre as Ufs.<br \/>\nO Estado que apresentou a menor perda de qualidade de vida foi o de Santa Catarina, com o IPQV de 0,100. Contudo, por ter uma renda inferior ao de outros Estados, sua posi\u00e7\u00e3o avaliada pelo progresso econ\u00f4mico \u00e9 a quarta maior com o valor de R$ 1.765,16.<br \/>\nO\u00a0\u00cdndice de\u00a0Desempenho\u00a0Socioecon\u00f4mico (IDS)\u00a0do Brasil foi 6,201,\u00a0que\u00a0representa a m\u00e9dia dos valores das Unidades da Federa\u00e7\u00e3o, ponderadas pela propor\u00e7\u00e3o de suas respectivas popula\u00e7\u00f5es. Para esta an\u00e1lise\u00a0utilizou-se\u00a0o valor do Brasil como par\u00e2metro para comparar os resultados das Unidades Federativas.<br \/>\nDas 27 Unidades da Federa\u00e7\u00e3o, apenas nove obtiveram resultado superior ao valor registrado para o Brasil. O Distrito Federal e S\u00e3o Paulo foram as que apresentaram os maiores valores do IDS, 6,970 e 6,869, respectivamente. Por conseguinte, 22 Estados registraram um IDS abaixo do valor da m\u00e9dia do Pa\u00eds.<br \/>\nTodos os Estados da Regi\u00e3o Nordeste e Norte est\u00e3o neste grupo, sendo Sergipe o ranqueado mais elevado do Nordeste com IDS de 5,879 (5,2% abaixo do Brasil) e Roraima o com maior IDS da Regi\u00e3o Norte, 5,874,\u00a0O Cear\u00e1 apresentou um IDS de 5,626, o 17\u00ba no ranking nacional.<br \/>\nUma vez calculado o IPQV, \u00e9 poss\u00edvel inferir quais dimens\u00f5es impactam mais o \u00edndice.\u00a0No Cear\u00e1 as maiores contribui\u00e7\u00f5es vieram do Acesso a servi\u00e7os financeiros e padr\u00e3o de vida (21,6%) e da Educa\u00e7\u00e3o (19,9%). J\u00e1 as menores contribui\u00e7\u00f5es vieram de Sa\u00fade e alimenta\u00e7\u00e3o (13,1%) e Transporte e lazer (13,4%).<br \/>\nDos estados do Nordeste, o Cear\u00e1 era com maior contribui\u00e7\u00e3o vinda da Educa\u00e7\u00e3o e do Acesso a servi\u00e7os financeiros e padr\u00e3o de vida,\u00a0mas tamb\u00e9m foram as maiores contribui\u00e7\u00f5es nos demais estados nordestinos.<br \/>\nFonte: Unidade Estadual do IBGE no Cear\u00e1<br \/>\nSupervis\u00e3o de Documenta\u00e7\u00e3o e Dissemina\u00e7\u00e3o de Informa\u00e7\u00f5es<\/p>\n","protected":false},"excerpt":{"rendered":"<p>Norte (0,225) e Nordeste (0,209) apresentaram as maiores perdas de qualidade de vida entre as&#8230;<\/p>\n","protected":false},"author":1,"featured_media":18222,"comment_status":"open","ping_status":"open","sticky":false,"template":"","format":"standard","meta":{"_jetpack_memberships_contains_paid_content":false,"footnotes":"","jetpack_publicize_message":"","jetpack_publicize_feature_enabled":true,"jetpack_social_post_already_shared":true,"jetpack_social_options":{"image_generator_settings":{"template":"highway","default_image_id":0,"font":"","enabled":false},"version":2}},"categories":[1],"tags":[],"class_list":["post-18221","post","type-post","status-publish","format-standard","has-post-thumbnail","hentry","category-atualidade"],"jetpack_publicize_connections":[],"jetpack_featured_media_url":"https:\/\/correiodasemana.com\/site\/wp-content\/uploads\/2021\/12\/Brasil-Mais-810x509-1.jpg","jetpack-related-posts":[{"id":26327,"url":"https:\/\/correiodasemana.com\/site\/melhoria-na-qualidade-de-vida-no-brasil-entre-2008-e-2018-aponta-ibge\/","url_meta":{"origin":18221,"position":0},"title":"Melhoria na qualidade de vida no Brasil entre 2008 e 2018, aponta IBGE","author":"adminredacao","date":"Agosto 27, 2023","format":false,"excerpt":"Aperfei\u00e7oamento no acesso a servi\u00e7os financeiros e educa\u00e7\u00e3o s\u00e3o fatores-chave na melhoria da qualidade de vida dos brasileiros, revela estudo do IBGE Por T\u00e2nia R\u00eago\/Ag\u00eancia Brasil De acordo com uma pesquisa recente do Instituto Brasileiro de Geografia e Estat\u00edstica (IBGE), a qualidade de vida no Brasil viu um crescimento not\u00e1vel\u2026","rel":"","context":"In &quot;Atualidade&quot;","block_context":{"text":"Atualidade","link":"https:\/\/correiodasemana.com\/site\/category\/atualidade\/"},"img":{"alt_text":"","src":"https:\/\/i0.wp.com\/correiodasemana.com\/site\/wp-content\/uploads\/2023\/08\/celular-ibge_1_1114868.webp?resize=350%2C200&ssl=1","width":350,"height":200,"srcset":"https:\/\/i0.wp.com\/correiodasemana.com\/site\/wp-content\/uploads\/2023\/08\/celular-ibge_1_1114868.webp?resize=350%2C200&ssl=1 1x, https:\/\/i0.wp.com\/correiodasemana.com\/site\/wp-content\/uploads\/2023\/08\/celular-ibge_1_1114868.webp?resize=525%2C300&ssl=1 1.5x, https:\/\/i0.wp.com\/correiodasemana.com\/site\/wp-content\/uploads\/2023\/08\/celular-ibge_1_1114868.webp?resize=700%2C400&ssl=1 2x"},"classes":[]},{"id":33605,"url":"https:\/\/correiodasemana.com\/site\/fortaleza-e-a-capital-mais-arborizada-do-nordeste-597-da-populacao-vive-perto-de-arvores\/","url_meta":{"origin":18221,"position":1},"title":"Fortaleza \u00e9 a capital mais arborizada do Nordeste; 59,7% da popula\u00e7\u00e3o vive perto de \u00e1rvores","author":"adminredacao","date":"Maio 5, 2025","format":false,"excerpt":"De acordo com o levantamento, 59,7% da popula\u00e7\u00e3o da capital cearense moram em vias com presen\u00e7a de \u00e1rvores, \u00edndice abaixo da m\u00e9dia nacional (66%) No ranking nacional entre as capitais, Fortaleza aparece na 13\u00aa coloca\u00e7\u00e3o (Foto: Divulga\u00e7\u00e3o\/Governo do Cear\u00e1) Fortaleza \u00e9 a capital mais arborizada da regi\u00e3o Nordeste, segundo dados\u2026","rel":"","context":"In &quot;Atualidade&quot;","block_context":{"text":"Atualidade","link":"https:\/\/correiodasemana.com\/site\/category\/atualidade\/"},"img":{"alt_text":"","src":"https:\/\/i0.wp.com\/correiodasemana.com\/site\/wp-content\/uploads\/2025\/05\/IMG_3701-2048x1365-1-768x512-2.jpeg?resize=350%2C200&ssl=1","width":350,"height":200,"srcset":"https:\/\/i0.wp.com\/correiodasemana.com\/site\/wp-content\/uploads\/2025\/05\/IMG_3701-2048x1365-1-768x512-2.jpeg?resize=350%2C200&ssl=1 1x, https:\/\/i0.wp.com\/correiodasemana.com\/site\/wp-content\/uploads\/2025\/05\/IMG_3701-2048x1365-1-768x512-2.jpeg?resize=525%2C300&ssl=1 1.5x, https:\/\/i0.wp.com\/correiodasemana.com\/site\/wp-content\/uploads\/2025\/05\/IMG_3701-2048x1365-1-768x512-2.jpeg?resize=700%2C400&ssl=1 2x"},"classes":[]},{"id":13133,"url":"https:\/\/correiodasemana.com\/site\/economia-verde-pos-pandemia-pode-somar-r-28-trilhoes-a-economia\/","url_meta":{"origin":18221,"position":2},"title":"Economia verde p\u00f3s-pandemia pode somar R$ 2,8 trilh\u00f5es \u00e0 economia","author":"","date":"Agosto 25, 2020","format":false,"excerpt":"Brasil poderia ser beneficiado com dois milh\u00f5es de empregos at\u00e9 2030 A ado\u00e7\u00e3o de op\u00e7\u00f5es de economia verde espec\u00edficas para determinados setores produtivos no per\u00edodo p\u00f3s-pandemia pode acrescentar \u00e0 economia brasileira R$ 2,8 trilh\u00f5es, com a gera\u00e7\u00e3o de dois milh\u00f5es de empregos at\u00e9 2030. A conclus\u00e3o \u00e9 apresentada no estudo\u2026","rel":"","context":"In &quot;Atualidade&quot;","block_context":{"text":"Atualidade","link":"https:\/\/correiodasemana.com\/site\/category\/atualidade\/"},"img":{"alt_text":"","src":"https:\/\/i0.wp.com\/correiodasemana.com\/site\/wp-content\/uploads\/2020\/08\/cedulas.jpg?resize=350%2C200&ssl=1","width":350,"height":200,"srcset":"https:\/\/i0.wp.com\/correiodasemana.com\/site\/wp-content\/uploads\/2020\/08\/cedulas.jpg?resize=350%2C200&ssl=1 1x, https:\/\/i0.wp.com\/correiodasemana.com\/site\/wp-content\/uploads\/2020\/08\/cedulas.jpg?resize=525%2C300&ssl=1 1.5x, https:\/\/i0.wp.com\/correiodasemana.com\/site\/wp-content\/uploads\/2020\/08\/cedulas.jpg?resize=700%2C400&ssl=1 2x, https:\/\/i0.wp.com\/correiodasemana.com\/site\/wp-content\/uploads\/2020\/08\/cedulas.jpg?resize=1050%2C600&ssl=1 3x"},"classes":[]},{"id":8238,"url":"https:\/\/correiodasemana.com\/site\/medo-do-desemprego-aumenta-e-satisfacao-com-a-vida-diminui-diz-cni\/","url_meta":{"origin":18221,"position":3},"title":"Medo do desemprego aumenta e satisfa\u00e7\u00e3o com a vida diminui, diz CNI","author":"","date":"Julho 8, 2019","format":false,"excerpt":"Por\u00a0Ag\u00eancia Brasil\u00a0\u00a0Bras\u00edlia O medo do desemprego aumentou e a satisfa\u00e7\u00e3o com a vida diminuiu entre os brasileiros. \u00c9 o que revela a pesquisa da Confedera\u00e7\u00e3o Nacional da Industria (CNI), divulgada hoje. O \u00edndice do medo do desemprego cresceu 2,3 pontos em rela\u00e7\u00e3o a abril e alcan\u00e7ou 59,3 pontos em junho.\u2026","rel":"","context":"In &quot;Atualidade&quot;","block_context":{"text":"Atualidade","link":"https:\/\/correiodasemana.com\/site\/category\/atualidade\/"},"img":{"alt_text":"","src":"https:\/\/i0.wp.com\/correiodasemana.com\/site\/wp-content\/uploads\/2019\/07\/desemprego2-2.jpg?resize=350%2C200&ssl=1","width":350,"height":200,"srcset":"https:\/\/i0.wp.com\/correiodasemana.com\/site\/wp-content\/uploads\/2019\/07\/desemprego2-2.jpg?resize=350%2C200&ssl=1 1x, https:\/\/i0.wp.com\/correiodasemana.com\/site\/wp-content\/uploads\/2019\/07\/desemprego2-2.jpg?resize=525%2C300&ssl=1 1.5x, https:\/\/i0.wp.com\/correiodasemana.com\/site\/wp-content\/uploads\/2019\/07\/desemprego2-2.jpg?resize=700%2C400&ssl=1 2x"},"classes":[]},{"id":12811,"url":"https:\/\/correiodasemana.com\/site\/brasil-e-o-7o-pais-que-mais-gasta-com-servidor-valor-e-35-vezes-as-despesas-com-saude-diz-instituto-2\/","url_meta":{"origin":18221,"position":4},"title":"Brasil \u00e9 o 7\u00ba pa\u00eds que mais gasta com servidor; valor \u00e9 3,5 vezes as despesas com sa\u00fade, diz instituto","author":"","date":"Agosto 17, 2020","format":false,"excerpt":"O Instituto Millenium, que tem Paulo Guedes entre fundadores, lan\u00e7ou campanha \u2018Destrava! Por uma Reforma Administrativa do bem\u2019. Governo ainda n\u00e3o enviou proposta ao Congresso. O Instituto Millenium divulgou nesta segunda-feira (10) um estudo segundo o qual o Brasil gastou 13,7% do Produto Interno Bruto (PIB) em 2019, cerca de\u2026","rel":"","context":"In &quot;Atualidade&quot;","block_context":{"text":"Atualidade","link":"https:\/\/correiodasemana.com\/site\/category\/atualidade\/"},"img":{"alt_text":"","src":"https:\/\/i0.wp.com\/correiodasemana.com\/site\/wp-content\/uploads\/2020\/08\/Brasil-e-o-7o-pais-que-mais-gasta-com-servidor.jpg?resize=350%2C200&ssl=1","width":350,"height":200,"srcset":"https:\/\/i0.wp.com\/correiodasemana.com\/site\/wp-content\/uploads\/2020\/08\/Brasil-e-o-7o-pais-que-mais-gasta-com-servidor.jpg?resize=350%2C200&ssl=1 1x, https:\/\/i0.wp.com\/correiodasemana.com\/site\/wp-content\/uploads\/2020\/08\/Brasil-e-o-7o-pais-que-mais-gasta-com-servidor.jpg?resize=525%2C300&ssl=1 1.5x, https:\/\/i0.wp.com\/correiodasemana.com\/site\/wp-content\/uploads\/2020\/08\/Brasil-e-o-7o-pais-que-mais-gasta-com-servidor.jpg?resize=700%2C400&ssl=1 2x"},"classes":[]},{"id":12695,"url":"https:\/\/correiodasemana.com\/site\/brasil-e-o-7o-pais-que-mais-gasta-com-servidor-valor-e-35-vezes-as-despesas-com-saude-diz-instituto\/","url_meta":{"origin":18221,"position":5},"title":"Brasil \u00e9 o 7\u00ba pa\u00eds que mais gasta com servidor; valor \u00e9 3,5 vezes as despesas com sa\u00fade, diz instituto","author":"","date":"Agosto 11, 2020","format":false,"excerpt":"O Instituto Millenium, que tem Paulo Guedes entre fundadores, lan\u00e7ou campanha 'Destrava! Por uma Reforma Administrativa do bem'. Governo ainda n\u00e3o enviou proposta ao Congresso. O Instituto Millenium divulgou nesta segunda-feira (10) um estudo segundo o qual o Brasil gastou 13,7% do Produto Interno Bruto (PIB) em 2019, cerca de\u2026","rel":"","context":"In &quot;Atualidade&quot;","block_context":{"text":"Atualidade","link":"https:\/\/correiodasemana.com\/site\/category\/atualidade\/"},"img":{"alt_text":"","src":"https:\/\/i0.wp.com\/correiodasemana.com\/site\/wp-content\/uploads\/2020\/08\/DINHEIRO.jpg?resize=350%2C200&ssl=1","width":350,"height":200,"srcset":"https:\/\/i0.wp.com\/correiodasemana.com\/site\/wp-content\/uploads\/2020\/08\/DINHEIRO.jpg?resize=350%2C200&ssl=1 1x, https:\/\/i0.wp.com\/correiodasemana.com\/site\/wp-content\/uploads\/2020\/08\/DINHEIRO.jpg?resize=525%2C300&ssl=1 1.5x, https:\/\/i0.wp.com\/correiodasemana.com\/site\/wp-content\/uploads\/2020\/08\/DINHEIRO.jpg?resize=700%2C400&ssl=1 2x"},"classes":[]}],"jetpack_sharing_enabled":true,"_links":{"self":[{"href":"https:\/\/correiodasemana.com\/site\/wp-json\/wp\/v2\/posts\/18221","targetHints":{"allow":["GET"]}}],"collection":[{"href":"https:\/\/correiodasemana.com\/site\/wp-json\/wp\/v2\/posts"}],"about":[{"href":"https:\/\/correiodasemana.com\/site\/wp-json\/wp\/v2\/types\/post"}],"author":[{"embeddable":true,"href":"https:\/\/correiodasemana.com\/site\/wp-json\/wp\/v2\/users\/1"}],"replies":[{"embeddable":true,"href":"https:\/\/correiodasemana.com\/site\/wp-json\/wp\/v2\/comments?post=18221"}],"version-history":[{"count":1,"href":"https:\/\/correiodasemana.com\/site\/wp-json\/wp\/v2\/posts\/18221\/revisions"}],"predecessor-version":[{"id":18223,"href":"https:\/\/correiodasemana.com\/site\/wp-json\/wp\/v2\/posts\/18221\/revisions\/18223"}],"wp:featuredmedia":[{"embeddable":true,"href":"https:\/\/correiodasemana.com\/site\/wp-json\/wp\/v2\/media\/18222"}],"wp:attachment":[{"href":"https:\/\/correiodasemana.com\/site\/wp-json\/wp\/v2\/media?parent=18221"}],"wp:term":[{"taxonomy":"category","embeddable":true,"href":"https:\/\/correiodasemana.com\/site\/wp-json\/wp\/v2\/categories?post=18221"},{"taxonomy":"post_tag","embeddable":true,"href":"https:\/\/correiodasemana.com\/site\/wp-json\/wp\/v2\/tags?post=18221"}],"curies":[{"name":"wp","href":"https:\/\/api.w.org\/{rel}","templated":true}]}}