{"id":18242,"date":"2021-12-06T02:55:14","date_gmt":"2021-12-06T05:55:14","guid":{"rendered":"https:\/\/correiodasemana.com\/site\/?p=18242"},"modified":"2021-12-06T02:55:14","modified_gmt":"2021-12-06T05:55:14","slug":"correio-da-semana-se-reune-com-secult-do-estado-e-outras-representacao-para-viabilizar-exposicao-de-jornais-centenarios","status":"publish","type":"post","link":"https:\/\/correiodasemana.com\/site\/correio-da-semana-se-reune-com-secult-do-estado-e-outras-representacao-para-viabilizar-exposicao-de-jornais-centenarios\/","title":{"rendered":"Correio da Semana se re\u00fane com SECULT do Estado e outras representa\u00e7\u00e3o para viabilizar exposi\u00e7\u00e3o de Jornais Centen\u00e1rios"},"content":{"rendered":"<p>Por Samuel Carvalho<br \/>\nReda\u00e7\u00e3o Correio da Semana<\/p>\n<p>O diretor do Jornal Correio da Semana, Pe. Lucas Moreira, participou na \u00faltima quinta-feira (02) de uma reuni\u00e3o que aconteceu na sede da secretaria de Cultura do estado, que fica no edif\u00edcio que funciona o cine S\u00e3o Luiz, para viabilizar o projeto de exposi\u00e7\u00e3o dos jornais centen\u00e1rios de Brasil e Portugal, em vista, que o Jornal Correio da Semana \u00e9 o \u00fanico jornal do Cear\u00e1 a compor esse projeto. A ocasi\u00e3o teve presen\u00e7a do o Secret\u00e1rio de Cultura do Estado do Cear\u00e1, Professor Fabiano Pi\u00faba e membros da Associa\u00e7\u00e3o Cearense de Imprensa (ACI), tendo \u00e0 frente seu diretor-presidente, Jornalista Salom\u00e3o de Castro.<br \/>\nA exposi\u00e7\u00e3o j\u00e1 ocorreu em Recife e S\u00e3o Luiz\/MA. A proposta \u00e9 que a pr\u00f3xima edi\u00e7\u00e3o da exposi\u00e7\u00e3o ocorra em Fortaleza e Sobral, tendo em vista, que o Jornal Correio da Semana\/Sobral \u00e9 o \u00fanico jornal do Cear\u00e1 a compor esse projeto, que inclui 19 jornais centen\u00e1rios do Brasil e 36 jornais de Portugal. A expectativa \u00e9 que a exposi\u00e7\u00e3o ocorra em Mar\u00e7o ou Abril do pr\u00f3ximo ano.<br \/>\n\u201cA diretoria est\u00e1 empenhada em trazer para o Cear\u00e1, a exposi\u00e7\u00e3o de jornais centen\u00e1rios de Brasil e Portugal. Estamos fazendo contatos com representas do poder p\u00fablico e da iniciativa privada para garantir que esse projeto venha at\u00e9 o Cear\u00e1\u201d comentou o diretor da ACI, Salom\u00e3o de Castro que destacou o prestigio da exposi\u00e7\u00e3o frente a jornalistas, estudantes e historiadores. \u201cSabemos que ela [a exposi\u00e7\u00e3o] foi prestigiada e valorizada pela comunidade de uma maneira geral que reconhece no jornalismo uma express\u00e3o importante de not\u00edcias, cotidiano, da popula\u00e7\u00e3o e das dimens\u00f5es sociais, econ\u00f4micas e culturais que cada sociedade tem\u201d, pontuou.<br \/>\nA Associa\u00e7\u00e3o da Imprensa de Pernambuco e a Associa\u00e7\u00e3o Portuguesa de Imprensa protocolaram conjuntamente, na Unesco, a candidatura de 19 jornais centen\u00e1rios impressos brasileiros, cujo Jornal Correio da Semana faz parte, e 36 portugueses ao t\u00edtulo \u201cMem\u00f3ria do Mundo\u201d. Caso o pedido aprovado, 55 jornais escritos em l\u00edngua portuguesa que seguem impressos (mesmo que com vers\u00f5es digitais tamb\u00e9m) ser\u00e3o os primeiros a quem a Unesco conceder\u00e1 o t\u00edtulo levando em considera\u00e7\u00e3o o tempo em circula\u00e7\u00e3o ativa dos peri\u00f3dicos.<br \/>\n\u201c\u00c9 muito importante que seja tratado como um processo coletivo, a\u00ed a gente faz um reconhecimento do trabalho que a Associa\u00e7\u00e3o da Imprensa de Pernambuco e a Associa\u00e7\u00e3o Portuguesa de Imprensa est\u00e3o fazendo para tornar p\u00fablico e dar uma dimens\u00e3o maior a toda atua\u00e7\u00e3o que cada um dos jornais tiveram em cada pa\u00eds a mais de 100 anos\u201d disse Salom\u00e3o de Castro que destacou a import\u00e2ncia do reconhecimento da UNESCO para os jornais centen\u00e1rios.<br \/>\nSegundo o presidente da Associa\u00e7\u00e3o de Imprensa de Pernambuco (AIP), M\u00facio Aguiar, \u201cOs jornais s\u00e3o um dos principais documentos hist\u00f3ricos que se tem para quem quer estudar a sociedade. Sem d\u00favida quem quiser entender esses temas buscar\u00e1 um arquivo p\u00fablico para compreender a evolu\u00e7\u00e3o hist\u00f3rica, social e pol\u00edtica do munic\u00edpio, estado, pa\u00eds ou do mundo\u201d. O Jornal Correio da Semana est\u00e1 atividade desde 1918 e segue junto a 18 jornais do pa\u00eds que est\u00e3o em busca da titula\u00e7\u00e3o.<\/p>\n<p><img fetchpriority=\"high\" decoding=\"async\" class=\"alignleft size-medium wp-image-18243\" src=\"https:\/\/correiodasemana.com\/site\/wp-content\/uploads\/2021\/12\/padre-lucas-jornal-centenario-2-300x225.png\" alt=\"\" width=\"300\" height=\"225\" srcset=\"https:\/\/correiodasemana.com\/site\/wp-content\/uploads\/2021\/12\/padre-lucas-jornal-centenario-2-300x225.png 300w, https:\/\/correiodasemana.com\/site\/wp-content\/uploads\/2021\/12\/padre-lucas-jornal-centenario-2-1024x768.png 1024w, https:\/\/correiodasemana.com\/site\/wp-content\/uploads\/2021\/12\/padre-lucas-jornal-centenario-2-768x576.png 768w, https:\/\/correiodasemana.com\/site\/wp-content\/uploads\/2021\/12\/padre-lucas-jornal-centenario-2.png 1040w\" sizes=\"(max-width: 300px) 100vw, 300px\" \/> <img decoding=\"async\" class=\"alignleft size-medium wp-image-18244\" src=\"https:\/\/correiodasemana.com\/site\/wp-content\/uploads\/2021\/12\/padre-lucas-jornal-centenario-1-300x169.png\" alt=\"\" width=\"300\" height=\"169\" srcset=\"https:\/\/correiodasemana.com\/site\/wp-content\/uploads\/2021\/12\/padre-lucas-jornal-centenario-1-300x169.png 300w, https:\/\/correiodasemana.com\/site\/wp-content\/uploads\/2021\/12\/padre-lucas-jornal-centenario-1-1024x576.png 1024w, https:\/\/correiodasemana.com\/site\/wp-content\/uploads\/2021\/12\/padre-lucas-jornal-centenario-1-768x432.png 768w, https:\/\/correiodasemana.com\/site\/wp-content\/uploads\/2021\/12\/padre-lucas-jornal-centenario-1.png 1280w\" sizes=\"(max-width: 300px) 100vw, 300px\" \/> <img decoding=\"async\" class=\"alignleft size-medium wp-image-18245\" src=\"https:\/\/correiodasemana.com\/site\/wp-content\/uploads\/2021\/12\/padre-lucas-jornal-centenario-3-300x169.png\" alt=\"\" width=\"300\" height=\"169\" srcset=\"https:\/\/correiodasemana.com\/site\/wp-content\/uploads\/2021\/12\/padre-lucas-jornal-centenario-3-300x169.png 300w, https:\/\/correiodasemana.com\/site\/wp-content\/uploads\/2021\/12\/padre-lucas-jornal-centenario-3-1024x576.png 1024w, https:\/\/correiodasemana.com\/site\/wp-content\/uploads\/2021\/12\/padre-lucas-jornal-centenario-3-768x432.png 768w, https:\/\/correiodasemana.com\/site\/wp-content\/uploads\/2021\/12\/padre-lucas-jornal-centenario-3-1536x864.png 1536w, https:\/\/correiodasemana.com\/site\/wp-content\/uploads\/2021\/12\/padre-lucas-jornal-centenario-3.png 1600w\" sizes=\"(max-width: 300px) 100vw, 300px\" \/><\/p>\n","protected":false},"excerpt":{"rendered":"<p>Por Samuel Carvalho Reda\u00e7\u00e3o Correio da Semana O diretor do Jornal Correio da Semana, Pe&#8230;.<\/p>\n","protected":false},"author":1,"featured_media":18245,"comment_status":"open","ping_status":"open","sticky":false,"template":"","format":"standard","meta":{"_jetpack_memberships_contains_paid_content":false,"footnotes":"","jetpack_publicize_message":"","jetpack_publicize_feature_enabled":true,"jetpack_social_post_already_shared":true,"jetpack_social_options":{"image_generator_settings":{"template":"highway","default_image_id":0,"font":"","enabled":false},"version":2}},"categories":[1],"tags":[],"class_list":["post-18242","post","type-post","status-publish","format-standard","has-post-thumbnail","hentry","category-atualidade"],"jetpack_publicize_connections":[],"jetpack_featured_media_url":"https:\/\/correiodasemana.com\/site\/wp-content\/uploads\/2021\/12\/padre-lucas-jornal-centenario-3.png","jetpack-related-posts":[{"id":18014,"url":"https:\/\/correiodasemana.com\/site\/o-jornal-correio-da-semana-integra-a-segunda-exposicao-jornais-centenarios-do-brasil-e-portugal\/","url_meta":{"origin":18242,"position":0},"title":"O Jornal Correio da Semana integra a segunda exposi\u00e7\u00e3o \u201cJornais Centen\u00e1rios do Brasil e Portugal","author":"","date":"Novembro 14, 2021","format":false,"excerpt":"Por M\u00facio Aguiar Um legado cultural\u201d, que acontece em s\u00e3o luiz do maranh\u00e3o. O evento \u00e9 organizado pela associa\u00e7\u00e3o da imprensa de pernambuco (aip), pela associa\u00e7\u00e3o portuguesa de imprensa e pelo consulado honor\u00e1rio de portugal em s\u00e3o lu\u00edz. A primeira exposi\u00e7\u00e3o ocorreu em recife, ano passado. Tamb\u00e9m conv\u00e9m destacar, que\u2026","rel":"","context":"In &quot;Atualidade&quot;","block_context":{"text":"Atualidade","link":"https:\/\/correiodasemana.com\/site\/category\/atualidade\/"},"img":{"alt_text":"","src":"https:\/\/i0.wp.com\/correiodasemana.com\/site\/wp-content\/uploads\/2021\/11\/exposicao-jornais-centenario-correio-da-semana-2.jpeg?resize=350%2C200&ssl=1","width":350,"height":200,"srcset":"https:\/\/i0.wp.com\/correiodasemana.com\/site\/wp-content\/uploads\/2021\/11\/exposicao-jornais-centenario-correio-da-semana-2.jpeg?resize=350%2C200&ssl=1 1x, https:\/\/i0.wp.com\/correiodasemana.com\/site\/wp-content\/uploads\/2021\/11\/exposicao-jornais-centenario-correio-da-semana-2.jpeg?resize=525%2C300&ssl=1 1.5x, https:\/\/i0.wp.com\/correiodasemana.com\/site\/wp-content\/uploads\/2021\/11\/exposicao-jornais-centenario-correio-da-semana-2.jpeg?resize=700%2C400&ssl=1 2x"},"classes":[]},{"id":9489,"url":"https:\/\/correiodasemana.com\/site\/jornal-correio-da-semana-participa-de-exposicao-internacional-de-jornais-centenarios-em-recife\/","url_meta":{"origin":18242,"position":1},"title":"Jornal Correio da Semana participa de exposi\u00e7\u00e3o internacional de jornais centen\u00e1rios em Recife","author":"","date":"Outubro 22, 2019","format":false,"excerpt":"Os pain\u00e9is contar\u00e3o a hist\u00f3ria de 34 jornais centen\u00e1rios portugueses e 18 brasileiros, entre eles, o Correio da Semana O jornal Correio da Semana est\u00e1 participando de uma Exposi\u00e7\u00e3o que reuniu 52 jornais centen\u00e1rios do Brasil e Portugal, na cidade de Recife. A mostra est\u00e1 sendo exposta em 30 pain\u00e9is\u2026","rel":"","context":"In &quot;Atualidade&quot;","block_context":{"text":"Atualidade","link":"https:\/\/correiodasemana.com\/site\/category\/atualidade\/"},"img":{"alt_text":"","src":"https:\/\/i0.wp.com\/correiodasemana.com\/site\/wp-content\/uploads\/2019\/10\/WhatsApp-Image-2019-10-17-at-20.19.42.jpeg?resize=350%2C200&ssl=1","width":350,"height":200,"srcset":"https:\/\/i0.wp.com\/correiodasemana.com\/site\/wp-content\/uploads\/2019\/10\/WhatsApp-Image-2019-10-17-at-20.19.42.jpeg?resize=350%2C200&ssl=1 1x, https:\/\/i0.wp.com\/correiodasemana.com\/site\/wp-content\/uploads\/2019\/10\/WhatsApp-Image-2019-10-17-at-20.19.42.jpeg?resize=525%2C300&ssl=1 1.5x, https:\/\/i0.wp.com\/correiodasemana.com\/site\/wp-content\/uploads\/2019\/10\/WhatsApp-Image-2019-10-17-at-20.19.42.jpeg?resize=700%2C400&ssl=1 2x, https:\/\/i0.wp.com\/correiodasemana.com\/site\/wp-content\/uploads\/2019\/10\/WhatsApp-Image-2019-10-17-at-20.19.42.jpeg?resize=1050%2C600&ssl=1 3x"},"classes":[]},{"id":18114,"url":"https:\/\/correiodasemana.com\/site\/jornal-correio-da-semana-concorre-ao-titulo-de-memoria-do-mundo-da-unesco\/","url_meta":{"origin":18242,"position":2},"title":"Jornal Correio da Semana concorre ao t\u00edtulo de \u201cMem\u00f3ria do Mundo\u201d da UNESCO","author":"","date":"Novembro 22, 2021","format":false,"excerpt":"Por Samuel Carvalho Reda\u00e7\u00e3o Correio da Semana O Jornal Correio da Semana concorre ao t\u00edtulo \u201cMem\u00f3ria do Mundo\u201d da UNESCO em decorr\u00eancia do seu hist\u00f3rico centen\u00e1rio, noticiando a regi\u00e3o norte e o Estado do Cear\u00e1 desde 1918. O Impresso foi protocolado a candidatura juntamente a 19 jornais centen\u00e1rios impressos brasileiros\u2026","rel":"","context":"In &quot;Atualidade&quot;","block_context":{"text":"Atualidade","link":"https:\/\/correiodasemana.com\/site\/category\/atualidade\/"},"img":{"alt_text":"","src":"https:\/\/i0.wp.com\/correiodasemana.com\/site\/wp-content\/uploads\/2021\/11\/JORNAL-CORREIO-DA-SEMANA-scaled.jpg?resize=350%2C200&ssl=1","width":350,"height":200,"srcset":"https:\/\/i0.wp.com\/correiodasemana.com\/site\/wp-content\/uploads\/2021\/11\/JORNAL-CORREIO-DA-SEMANA-scaled.jpg?resize=350%2C200&ssl=1 1x, https:\/\/i0.wp.com\/correiodasemana.com\/site\/wp-content\/uploads\/2021\/11\/JORNAL-CORREIO-DA-SEMANA-scaled.jpg?resize=525%2C300&ssl=1 1.5x, https:\/\/i0.wp.com\/correiodasemana.com\/site\/wp-content\/uploads\/2021\/11\/JORNAL-CORREIO-DA-SEMANA-scaled.jpg?resize=700%2C400&ssl=1 2x, https:\/\/i0.wp.com\/correiodasemana.com\/site\/wp-content\/uploads\/2021\/11\/JORNAL-CORREIO-DA-SEMANA-scaled.jpg?resize=1050%2C600&ssl=1 3x, https:\/\/i0.wp.com\/correiodasemana.com\/site\/wp-content\/uploads\/2021\/11\/JORNAL-CORREIO-DA-SEMANA-scaled.jpg?resize=1400%2C800&ssl=1 4x"},"classes":[]},{"id":23257,"url":"https:\/\/correiodasemana.com\/site\/padre-lucas-do-nascimento-ficara-por-mais-tres-anos-a-frente-da-radio-educadora-e-jornal-correio-da-semana\/","url_meta":{"origin":18242,"position":3},"title":"Padre Lucas do Nascimento ficar\u00e1 por mais tr\u00eas anos \u00e0 frente da R\u00e1dio Educadora e Jornal Correio da Semana","author":"adminredacao","date":"Janeiro 31, 2023","format":false,"excerpt":"O bispo diocesano de Sobral, dom Jos\u00e9 Luiz Gomes, renovou por mais um tri\u00eanio as provis\u00f5es can\u00f4nicas do Pe. Lucas do Nascimento Moreira, respectivamente diretor do centen\u00e1rio jornal Correio da Semana e da R\u00e1dio Educadora do Nordeste FM 107,5. O jovem sacerdote assumiu a dire\u00e7\u00e3o do Jornal e da R\u00e1dio\u2026","rel":"","context":"In &quot;Atualidade&quot;","block_context":{"text":"Atualidade","link":"https:\/\/correiodasemana.com\/site\/category\/atualidade\/"},"img":{"alt_text":"","src":"https:\/\/i0.wp.com\/correiodasemana.com\/site\/wp-content\/uploads\/2023\/01\/PADRE-LUCAS-MOREIRA.jpg?resize=350%2C200&ssl=1","width":350,"height":200},"classes":[]},{"id":24381,"url":"https:\/\/correiodasemana.com\/site\/alunos-da-escola-sao-francisco-de-assis-visitam-o-jornal-correio-da-semana\/","url_meta":{"origin":18242,"position":4},"title":"Alunos da Escola S\u00e3o Francisco de Assis visitam o Jornal Correio da Semana","author":"adminredacao","date":"Maio 1, 2023","format":false,"excerpt":"Nesta quinta-feira (27), alunos da escola s\u00e3o Francisco de Assis fizeram uma visita ao jornal mais antigo em circula\u00e7\u00e3o do estado do Cear\u00e1. Eles puderam conhecer um pouco da produ\u00e7\u00e3o das mat\u00e9rias, conversaram com o rep\u00f3rter fotogr\u00e1fico Macildo Brito e conheceram um pouco da hist\u00f3ria centen\u00e1ria do jornal. Os estudantes\u2026","rel":"","context":"In &quot;Atualidade&quot;","block_context":{"text":"Atualidade","link":"https:\/\/correiodasemana.com\/site\/category\/atualidade\/"},"img":{"alt_text":"","src":"https:\/\/i0.wp.com\/correiodasemana.com\/site\/wp-content\/uploads\/2023\/05\/colegio-jornal-125x300.jpg?resize=350%2C200&ssl=1","width":350,"height":200},"classes":[]},{"id":20984,"url":"https:\/\/correiodasemana.com\/site\/no-ambito-das-comemoracoes-dos-200-anos-de-independencia-do-brasil\/","url_meta":{"origin":18242,"position":5},"title":"No \u00e2mbito das comemora\u00e7\u00f5es dos 200 anos de Independ\u00eancia do Brasil","author":"","date":"Setembro 11, 2022","format":false,"excerpt":"Integrada no ciclo \u201cDo Deserto de Not\u00edcias \u00e0 Floresta da Mem\u00f3ria\u201d e para assinalar os 200 anos da independ\u00eancia do Brasil, est\u00e1 patente ao p\u00fablico, no Pa\u00e7o dos Henriques, nas Alc\u00e1\u00e7ovas, a exposi\u00e7\u00e3o \u201cJornais Centen\u00e1rios do Brasil e de Portugal: Um legado Cultural\u201d, com curadoria de Jo\u00e3o Palmeiro e M\u00facio\u2026","rel":"","context":"In &quot;Atualidade&quot;","block_context":{"text":"Atualidade","link":"https:\/\/correiodasemana.com\/site\/category\/atualidade\/"},"img":{"alt_text":"","src":"https:\/\/i0.wp.com\/correiodasemana.com\/site\/wp-content\/uploads\/2022\/09\/200-anos-do-brasil.jpg?resize=350%2C200&ssl=1","width":350,"height":200,"srcset":"https:\/\/i0.wp.com\/correiodasemana.com\/site\/wp-content\/uploads\/2022\/09\/200-anos-do-brasil.jpg?resize=350%2C200&ssl=1 1x, https:\/\/i0.wp.com\/correiodasemana.com\/site\/wp-content\/uploads\/2022\/09\/200-anos-do-brasil.jpg?resize=525%2C300&ssl=1 1.5x"},"classes":[]}],"jetpack_sharing_enabled":true,"_links":{"self":[{"href":"https:\/\/correiodasemana.com\/site\/wp-json\/wp\/v2\/posts\/18242","targetHints":{"allow":["GET"]}}],"collection":[{"href":"https:\/\/correiodasemana.com\/site\/wp-json\/wp\/v2\/posts"}],"about":[{"href":"https:\/\/correiodasemana.com\/site\/wp-json\/wp\/v2\/types\/post"}],"author":[{"embeddable":true,"href":"https:\/\/correiodasemana.com\/site\/wp-json\/wp\/v2\/users\/1"}],"replies":[{"embeddable":true,"href":"https:\/\/correiodasemana.com\/site\/wp-json\/wp\/v2\/comments?post=18242"}],"version-history":[{"count":1,"href":"https:\/\/correiodasemana.com\/site\/wp-json\/wp\/v2\/posts\/18242\/revisions"}],"predecessor-version":[{"id":18246,"href":"https:\/\/correiodasemana.com\/site\/wp-json\/wp\/v2\/posts\/18242\/revisions\/18246"}],"wp:featuredmedia":[{"embeddable":true,"href":"https:\/\/correiodasemana.com\/site\/wp-json\/wp\/v2\/media\/18245"}],"wp:attachment":[{"href":"https:\/\/correiodasemana.com\/site\/wp-json\/wp\/v2\/media?parent=18242"}],"wp:term":[{"taxonomy":"category","embeddable":true,"href":"https:\/\/correiodasemana.com\/site\/wp-json\/wp\/v2\/categories?post=18242"},{"taxonomy":"post_tag","embeddable":true,"href":"https:\/\/correiodasemana.com\/site\/wp-json\/wp\/v2\/tags?post=18242"}],"curies":[{"name":"wp","href":"https:\/\/api.w.org\/{rel}","templated":true}]}}