{"id":18386,"date":"2021-12-20T01:01:11","date_gmt":"2021-12-20T04:01:11","guid":{"rendered":"https:\/\/correiodasemana.com\/site\/?p=18386"},"modified":"2021-12-20T01:01:11","modified_gmt":"2021-12-20T04:01:11","slug":"politica-em-evidencia-90","status":"publish","type":"post","link":"https:\/\/correiodasemana.com\/site\/politica-em-evidencia-90\/","title":{"rendered":"Pol\u00edtica em Evid\u00eancia"},"content":{"rendered":"<p>Come\u00e7ou na ter\u00e7a-feira (14) pelo Distrito de Jaibaras, os Concertos Natalinos, promovidos pela prefeitura de Sobral\u00a0atrav\u00e9s da secretaria da Cultura e Turismo, com apresenta\u00e7\u00f5es da Banda de M\u00fasica Maestro Jos\u00e9 Pedro, e do Coral Vozes de Sobral, no Patamar da Igreja do distrito; Dia 16 de dezembro, vai ser a vez do Beco do Cotovelo e o Patamar da Igreja do Ros\u00e1rio, receberem a Banda de M\u00fasica Maestro Jos\u00e9 Pedro, Fanfarra da Banda de M\u00fasica Coral Vozes de Sobral; Poesia \u00e9 o Saco e Banda Alquimia do Balan\u00e7o, a partir das 17h.\u00a0No dia 22 de dezembro, a partir das 17h ser\u00e1 a vez da apresenta\u00e7\u00e3o no Theatro S\u00e3o Jo\u00e3o, da Banda de M\u00fasica Maestro Jos\u00e9 Pedro.\u00a0Durante o m\u00eas de dezembro, as ruas de Sobral ser\u00e3o ocupadas pela magia dos Concertos Natalinos 2021.<br \/>\nPesquisa encomendada pelo Sistema Verdes Mares ao Instituto Opnus, realizada entre os dias 4 e 11 de novembro, aponta que 92% dos cearenses consideram que as grandes festas de R\u00e9veillon devem ser proibidas, bem como as festas de Carnaval, cuja proibi\u00e7\u00e3o \u00e9 defendida por 90% dos entrevistados.<br \/>\nQuem recebeu no dia 13 de dezembro, manifesta\u00e7\u00f5es de carinho por parte de familiares e amigos\u00a0foi o prefeito de Sobral Ivo Gomes pela passagem de seu anivers\u00e1rio completando mais um ano de vida.\u00a0 Nas redes sociais, muitas foram \u00e0s felicita\u00e7\u00f5es desejando muita sa\u00fade ao gestor municipal. A vice-prefeita Christianne Coelho depois da meia noite, j\u00e1 felicitava o prefeito Ivo Gomes, com votos de muita sa\u00fade e felicidades com toda a sua fam\u00edlia.<br \/>\nO deputado estadual, S\u00e9rgio Aguiar (PDT) esteve presidindo na Assembleia Legislativa do Cear\u00e1, na noite da ter\u00e7a-feira (14), Sess\u00e3o Solene em comemora\u00e7\u00e3o aos engenheiros de pesca do Cear\u00e1. Usando as redes sociais o deputado camocinenses, escreveu: \u201cDesde 2008 fa\u00e7o quest\u00e3o de homenagear a estes profissionais da economia do mar na ALECE. E recebi o certificado de \u201cAmigo dos Engenheiros de Pesca do Cear\u00e1\u201d.<br \/>\nO vereador de Meruoca, Thiago Marques (PDT), ao usar a tribuna do legislativo, lamentou profundamente\u00a0que a gest\u00e3o municipal n\u00e3o v\u00e1 pagar o 13\u00b0 sal\u00e1rio\u00a0 dos vigias e garis, que deveria ser mais valorizado pela administra\u00e7\u00e3o. \u00abS\u00f3 temos que lamentar que os nossos vigias e garis, que tanto prestam servi\u00e7os com responsabilidade em nosso munic\u00edpio, n\u00e3o venham receber o que lhe \u00e9 de direito. Quando minha empresa prestava servi\u00e7o para o munic\u00edpio,\u00a0 pag\u00e1vamos a esses profissionais o 13\u00b0 sal\u00e1rio. Apelamos mais uma vez que o prefeito realize o pagamento destes profissionais\u00bb. Finalizou seu discurso, o vereador Thiago Marques.<br \/>\nO presidente Municipal do PDT de Sobral, Le\u00f4nidas Cristino, convocando os filiados para a Conven\u00e7\u00e3o Municipal\u00a0de Sobral\/Ce, que vai acontecer dia 17 de dezembro, a partir das 17h22min, no plen\u00e1rio da C\u00e2mara Municipal de Sobral.\u00a0V\u00e1rias pautas est\u00e3o previstas para serem discutidas durante a Conven\u00e7\u00e3o Municipal, e Le\u00f4nidas aguarda um grande n\u00famero de filiados. O prefeito Ivo Gomes, Cid e Ciro n\u00e3o confirmaram ainda suas presen\u00e7as.<br \/>\nA vereadora de Camocim L\u00facia da Ematerce esteve participando ao lado da prefeita Betinha Magalh\u00e3es, secret\u00e1rios municipais, vereadores e benefici\u00e1rios, da libera\u00e7\u00e3o de recursos do BNB aos agricultores e pescadores.\u00a0De acordo com a vereadora L\u00facia, essa foi mais uma libera\u00e7\u00e3o de LAC, assinaturas de propostas, Agro Amigo e projetos da linha de cr\u00e9dito PRONAF A.\u00a0\u201cEsse \u00e9 o resultado do desenvolvimento sustent\u00e1vel, o Campo conectado com a Cidade\u201d.\u00a0Concluiu L\u00facia.<\/p>\n","protected":false},"excerpt":{"rendered":"<p>Come\u00e7ou na ter\u00e7a-feira (14) pelo Distrito de Jaibaras, os Concertos Natalinos, promovidos pela prefeitura de&#8230;<\/p>\n","protected":false},"author":1,"featured_media":11615,"comment_status":"open","ping_status":"open","sticky":false,"template":"","format":"standard","meta":{"_jetpack_memberships_contains_paid_content":false,"footnotes":"","jetpack_publicize_message":"","jetpack_publicize_feature_enabled":true,"jetpack_social_post_already_shared":true,"jetpack_social_options":{"image_generator_settings":{"template":"highway","default_image_id":0,"font":"","enabled":false},"version":2}},"categories":[11,48],"tags":[],"class_list":["post-18386","post","type-post","status-publish","format-standard","has-post-thumbnail","hentry","category-artigos","category-politica-em-evidencia"],"jetpack_publicize_connections":[],"jetpack_featured_media_url":"https:\/\/correiodasemana.com\/site\/wp-content\/uploads\/2020\/07\/marcelo-marques-politica.jpg","jetpack-related-posts":[{"id":19902,"url":"https:\/\/correiodasemana.com\/site\/em-homenagem-aos-97-anos-da-santa-casa-de-misericordia-de-sobral-banda-de-musica-municipal-realiza-concerto-na-alvorada\/","url_meta":{"origin":18386,"position":0},"title":"Em homenagem aos 97 anos da Santa Casa de Miseric\u00f3rdia de Sobral, Banda de M\u00fasica Municipal realiza concerto na alvorada","author":"","date":"Maio 30, 2022","format":false,"excerpt":"Ascom Complexo SCMS Celebrando seu anivers\u00e1rio de 97 anos, a Santa Casa de Miseric\u00f3rdia de Sobral (SCMS) recebeu na ter\u00e7a-feira (24\/05) a Banda de M\u00fasica Maestro Jos\u00e9 Pedro. O concerto, que aconteceu na alvorada, foi organizado para homenagear a institui\u00e7\u00e3o que desde 1925 vem sendo refer\u00eancia em sa\u00fade para a\u2026","rel":"","context":"In &quot;Atualidade&quot;","block_context":{"text":"Atualidade","link":"https:\/\/correiodasemana.com\/site\/category\/atualidade\/"},"img":{"alt_text":"","src":"https:\/\/i0.wp.com\/correiodasemana.com\/site\/wp-content\/uploads\/2022\/05\/show-musical-sta-casa-1.jpg?resize=350%2C200&ssl=1","width":350,"height":200,"srcset":"https:\/\/i0.wp.com\/correiodasemana.com\/site\/wp-content\/uploads\/2022\/05\/show-musical-sta-casa-1.jpg?resize=350%2C200&ssl=1 1x, https:\/\/i0.wp.com\/correiodasemana.com\/site\/wp-content\/uploads\/2022\/05\/show-musical-sta-casa-1.jpg?resize=525%2C300&ssl=1 1.5x, https:\/\/i0.wp.com\/correiodasemana.com\/site\/wp-content\/uploads\/2022\/05\/show-musical-sta-casa-1.jpg?resize=700%2C400&ssl=1 2x"},"classes":[]},{"id":19229,"url":"https:\/\/correiodasemana.com\/site\/escola-de-musica-de-sobral-maestro-jose-wilson-brasil-abre-inscricoes-de-alunos-novatos-para-o-semestre-2022-1\/","url_meta":{"origin":18386,"position":1},"title":"Escola de M\u00fasica de Sobral Maestro Jos\u00e9 Wilson Brasil abre inscri\u00e7\u00f5es de alunos novatos para o semestre 2022.1","author":"","date":"Mar\u00e7o 20, 2022","format":false,"excerpt":"Por Samuel Carvalho Reda\u00e7\u00e3o Correio da Semana A Escola de M\u00fasica de Sobral Maestro Jos\u00e9 Wilson Brasil divulgou, nesta quarta-feira (16), a abertura de inscri\u00e7\u00f5es de alunos novatos para o semestre 2022.1, que acontece de 16 a 21 de mar\u00e7o. Para se inscrever, basta preencher o formul\u00e1rio dispon\u00edvel em ecoasobral.org\u2026","rel":"","context":"In &quot;Atualidade&quot;","block_context":{"text":"Atualidade","link":"https:\/\/correiodasemana.com\/site\/category\/atualidade\/"},"img":{"alt_text":"","src":"https:\/\/i0.wp.com\/correiodasemana.com\/site\/wp-content\/uploads\/2022\/03\/escola-de-musica-de-sobral-3.jpg?resize=350%2C200&ssl=1","width":350,"height":200,"srcset":"https:\/\/i0.wp.com\/correiodasemana.com\/site\/wp-content\/uploads\/2022\/03\/escola-de-musica-de-sobral-3.jpg?resize=350%2C200&ssl=1 1x, https:\/\/i0.wp.com\/correiodasemana.com\/site\/wp-content\/uploads\/2022\/03\/escola-de-musica-de-sobral-3.jpg?resize=525%2C300&ssl=1 1.5x"},"classes":[]},{"id":34857,"url":"https:\/\/correiodasemana.com\/site\/em-tempo-287\/","url_meta":{"origin":18386,"position":2},"title":"EM TEMPO \u2022","author":"adminredacao","date":"Julho 28, 2025","format":false,"excerpt":"Forma\u00e7\u00e3o em m\u00fasica e cidadania no Cear\u00e1 Entre concerto de anivers\u00e1rio em Fortaleza, dia 20 de julho, no Theatro Jos\u00e9 de Alencar, e as inscri\u00e7\u00f5es abertas ao p\u00fablico at\u00e9 8 de agosto para cursos de inicia\u00e7\u00e3o musical, a Banda do Piamarta segue na forma\u00e7\u00e3o de crian\u00e7as e jovens em m\u00fasica\u2026","rel":"","context":"In &quot;Artigos&quot;","block_context":{"text":"Artigos","link":"https:\/\/correiodasemana.com\/site\/category\/artigos\/"},"img":{"alt_text":"","src":"https:\/\/i0.wp.com\/correiodasemana.com\/site\/wp-content\/uploads\/2025\/07\/PRETA-GIL-150x150.png?resize=350%2C200&ssl=1","width":350,"height":200,"srcset":"https:\/\/i0.wp.com\/correiodasemana.com\/site\/wp-content\/uploads\/2025\/07\/PRETA-GIL-150x150.png?resize=350%2C200&ssl=1 1x, https:\/\/i0.wp.com\/correiodasemana.com\/site\/wp-content\/uploads\/2025\/07\/PRETA-GIL-150x150.png?resize=525%2C300&ssl=1 1.5x, https:\/\/i0.wp.com\/correiodasemana.com\/site\/wp-content\/uploads\/2025\/07\/PRETA-GIL-150x150.png?resize=700%2C400&ssl=1 2x"},"classes":[]},{"id":9466,"url":"https:\/\/correiodasemana.com\/site\/em-tempo-15\/","url_meta":{"origin":18386,"position":3},"title":"Em Tempo","author":"","date":"Outubro 14, 2019","format":false,"excerpt":"Sele\u00e7\u00e3o para o VLT tem 22 vagas Come\u00e7am no dia 14 de outubro as inscri\u00e7\u00f5es para sele\u00e7\u00e3o p\u00fablica do VLT de Sobral, que contratar\u00e1 22 pessoas para vagas de condutores, agentes de esta\u00e7\u00e3o, manobradores de trem e assistentes controladores de movimento para o per\u00edodo de ano, prorrog\u00e1vel por mais um\u2026","rel":"","context":"In &quot;Artigos&quot;","block_context":{"text":"Artigos","link":"https:\/\/correiodasemana.com\/site\/category\/artigos\/"},"img":{"alt_text":"","src":"https:\/\/i0.wp.com\/correiodasemana.com\/site\/wp-content\/uploads\/2019\/10\/0440c8e8-33c6-47c3-afae-edde533b3c6e.jpg?resize=350%2C200&ssl=1","width":350,"height":200,"srcset":"https:\/\/i0.wp.com\/correiodasemana.com\/site\/wp-content\/uploads\/2019\/10\/0440c8e8-33c6-47c3-afae-edde533b3c6e.jpg?resize=350%2C200&ssl=1 1x, https:\/\/i0.wp.com\/correiodasemana.com\/site\/wp-content\/uploads\/2019\/10\/0440c8e8-33c6-47c3-afae-edde533b3c6e.jpg?resize=525%2C300&ssl=1 1.5x, https:\/\/i0.wp.com\/correiodasemana.com\/site\/wp-content\/uploads\/2019\/10\/0440c8e8-33c6-47c3-afae-edde533b3c6e.jpg?resize=700%2C400&ssl=1 2x"},"classes":[]},{"id":25398,"url":"https:\/\/correiodasemana.com\/site\/em-tempo-181\/","url_meta":{"origin":18386,"position":4},"title":"EM TEMPO \u2022","author":"adminredacao","date":"Junho 26, 2023","format":false,"excerpt":"Audiovisual de Sobral em C\u00f3rdoba \u201cUm patrim\u00f4nio chamado Sobral\u201d. Este \u00e9 o document\u00e1rio da docente Telma Bessa Sales, da Universidade Estadual Vale do Acara\u00fa, aceito para a III Jornada Iberoamericana de Jovens Pesquisadores em Patrim\u00f4nio Industrial, em C\u00f3rdoba, Espanha, de 13 a 17 de novembro de 2023. A produ\u00e7\u00e3o audiovisual\u2026","rel":"","context":"In &quot;Artigos&quot;","block_context":{"text":"Artigos","link":"https:\/\/correiodasemana.com\/site\/category\/artigos\/"},"img":{"alt_text":"","src":"https:\/\/i0.wp.com\/correiodasemana.com\/site\/wp-content\/uploads\/2023\/06\/ft_230622_eurochestriessobraldois_gr-300x200.png?resize=350%2C200&ssl=1","width":350,"height":200},"classes":[]},{"id":35165,"url":"https:\/\/correiodasemana.com\/site\/jordao-abre-festa-de-nossa-senhora-da-saude-2025-com-fe-musica-e-missao\/","url_meta":{"origin":18386,"position":5},"title":"Jord\u00e3o abre Festa de Nossa Senhora da Sa\u00fade 2025 com f\u00e9, m\u00fasica e miss\u00e3o","author":"adminredacao","date":"Agosto 17, 2025","format":false,"excerpt":"Na manh\u00e3 desta quinta-feira, 14 de agosto, a comunidade de Jord\u00e3o deu in\u00edcio \u00e0 tradicional Festa de Nossa Senhora da Sa\u00fade 2025, reunindo f\u00e9, cultura e devo\u00e7\u00e3o. O dia come\u00e7ou \u00e0s 6h com o repicar festivo do sino da Igreja Matriz e de todas as capelas, anunciando o in\u00edcio dos\u2026","rel":"","context":"In &quot;Atualidade&quot;","block_context":{"text":"Atualidade","link":"https:\/\/correiodasemana.com\/site\/category\/atualidade\/"},"img":{"alt_text":"","src":"https:\/\/i0.wp.com\/correiodasemana.com\/site\/wp-content\/uploads\/2025\/08\/pag-6-jornal-8-scaled.jpeg?resize=350%2C200&ssl=1","width":350,"height":200,"srcset":"https:\/\/i0.wp.com\/correiodasemana.com\/site\/wp-content\/uploads\/2025\/08\/pag-6-jornal-8-scaled.jpeg?resize=350%2C200&ssl=1 1x, https:\/\/i0.wp.com\/correiodasemana.com\/site\/wp-content\/uploads\/2025\/08\/pag-6-jornal-8-scaled.jpeg?resize=525%2C300&ssl=1 1.5x, https:\/\/i0.wp.com\/correiodasemana.com\/site\/wp-content\/uploads\/2025\/08\/pag-6-jornal-8-scaled.jpeg?resize=700%2C400&ssl=1 2x, https:\/\/i0.wp.com\/correiodasemana.com\/site\/wp-content\/uploads\/2025\/08\/pag-6-jornal-8-scaled.jpeg?resize=1050%2C600&ssl=1 3x, https:\/\/i0.wp.com\/correiodasemana.com\/site\/wp-content\/uploads\/2025\/08\/pag-6-jornal-8-scaled.jpeg?resize=1400%2C800&ssl=1 4x"},"classes":[]}],"jetpack_sharing_enabled":true,"_links":{"self":[{"href":"https:\/\/correiodasemana.com\/site\/wp-json\/wp\/v2\/posts\/18386","targetHints":{"allow":["GET"]}}],"collection":[{"href":"https:\/\/correiodasemana.com\/site\/wp-json\/wp\/v2\/posts"}],"about":[{"href":"https:\/\/correiodasemana.com\/site\/wp-json\/wp\/v2\/types\/post"}],"author":[{"embeddable":true,"href":"https:\/\/correiodasemana.com\/site\/wp-json\/wp\/v2\/users\/1"}],"replies":[{"embeddable":true,"href":"https:\/\/correiodasemana.com\/site\/wp-json\/wp\/v2\/comments?post=18386"}],"version-history":[{"count":1,"href":"https:\/\/correiodasemana.com\/site\/wp-json\/wp\/v2\/posts\/18386\/revisions"}],"predecessor-version":[{"id":18387,"href":"https:\/\/correiodasemana.com\/site\/wp-json\/wp\/v2\/posts\/18386\/revisions\/18387"}],"wp:featuredmedia":[{"embeddable":true,"href":"https:\/\/correiodasemana.com\/site\/wp-json\/wp\/v2\/media\/11615"}],"wp:attachment":[{"href":"https:\/\/correiodasemana.com\/site\/wp-json\/wp\/v2\/media?parent=18386"}],"wp:term":[{"taxonomy":"category","embeddable":true,"href":"https:\/\/correiodasemana.com\/site\/wp-json\/wp\/v2\/categories?post=18386"},{"taxonomy":"post_tag","embeddable":true,"href":"https:\/\/correiodasemana.com\/site\/wp-json\/wp\/v2\/tags?post=18386"}],"curies":[{"name":"wp","href":"https:\/\/api.w.org\/{rel}","templated":true}]}}