{"id":18398,"date":"2021-12-20T01:05:28","date_gmt":"2021-12-20T04:05:28","guid":{"rendered":"https:\/\/correiodasemana.com\/site\/?p=18398"},"modified":"2021-12-20T01:05:28","modified_gmt":"2021-12-20T04:05:28","slug":"um-comeco","status":"publish","type":"post","link":"https:\/\/correiodasemana.com\/site\/um-comeco\/","title":{"rendered":"UM COME\u00c7O&#8230;\u00a0"},"content":{"rendered":"<p>Pr\u00f3ximo s\u00e1bado \u00e9 Natal. Amanh\u00e3 \u00e9 o quarto domingo do advento, do tempo de esperas \u00e0 vinda de Nosso Senhor, Jesus Cristo. E o Evangelho, de Lucas, nos remete ao \u201cMagnificat\u201d. E como a express\u00e3o de Isabel, \u201cComo posso merecer que a m\u00e3e do meu Senhor me venha visitar?\u201d, me serve hoje.<br \/>\nH\u00e1 um dia, 17 de dezembro, chegou aos 90 anos, nosso querid\u00edssimo Mons. Francisco Sadoc de Ara\u00fajo, sobralense, que de t\u00e3o grande e de tantos feitos ultrapassa os limites de nosso pensar para defini-lo. Todos sabemos que h\u00e1 tempos o Mons. Sadoc deixou suas atividades. Primeiro foi o problema de vista e depois outros foram se acentuando. \u00c9 ele o maior historiador de Sobral e sua regi\u00e3o. Sua Cronologia Sobralense \u00e9 leitura obrigat\u00f3ria se quisermos entender no que se tornou a antiga Fazenda Cai\u00e7ara. Que grande homenagem poder\u00edamos prestar-lhe? No momento n\u00e3o \u00e9 f\u00e1cil, em face de sua condi\u00e7\u00e3o de sa\u00fade. A ora\u00e7\u00e3o \u00e9 sempre um alento que n\u00e3o dispensamos, mas, decidimos fundar o Instituto Hist\u00f3rico e Geogr\u00e1fico de Sobral (IHGS), neste dia de seus 90 anos. E, mais ainda, a exemplo do que fora feito a Dom Pedro II no Instituto Hist\u00f3rico e Geogr\u00e1fico Brasileiro, tornamos o Mons. Sadoc de Ara\u00fajo patrono do Instituto Hist\u00f3rico e Geogr\u00e1fico de Sobral!<br \/>\nO Instituto Hist\u00f3rico e Geogr\u00e1fico de Sobral \u2013 IHGS \u2013, fundado nos 90 anos do Mons. Francisco Sadoc de Ara\u00fajo, \u00e9 uma sociedade cultural de dura\u00e7\u00e3o ilimitada, sem fins econ\u00f4micos, com a finalidade de promover o estudo e a divulga\u00e7\u00e3o da Hist\u00f3ria e da Geografia e \u00e1reas afins de Sobral, do Cear\u00e1 e do Brasil. O IHGS faz homenagem ao sobralense Mons. Sadoc de Ara\u00fajo, pelo desempenho de seu papel como sacerdote cat\u00f3lico, not\u00e1vel estudioso da Hist\u00f3ria de Sobral e de sua regi\u00e3o metropolitana, autor da Cronologia Sobralense, fundador e primeiro Reitor da Universidade Estadual Vale do Acara\u00fa (UVA), igualmente fundador da Igreja do Cristo Ressuscitado, que deu origem \u00e0 Par\u00f3quia do Cristo Ressuscitado, da qual foi o primeiro P\u00e1roco, membro do Instituto do Cear\u00e1 \u2013 Hist\u00f3rico, Geogr\u00e1fico e Antropol\u00f3gico, imortal da Academia Cearense de Letras, da Academia Sobralense de Estudos e Letras e da Academia Brasileira de Hagiologia. Por essa raz\u00e3o, Mons. Francisco Sadoc de Ara\u00fajo, sendo considerado\u00a0hors-concours, ou seja, fora da competi\u00e7\u00e3o, quando se trata de Sobral, sua religiosidade, sua educa\u00e7\u00e3o e sua Hist\u00f3ria, patronear\u00e1 o IHGS, reconhecido, doravante como a Casa do Mons. Sadoc de Ara\u00fajo. S\u00e3o letras estatut\u00e1rias e a instala\u00e7\u00e3o do IHGS ser\u00e1 em 1\u00b0 de julho de 2022, dando in\u00edcio \u00e0s celebra\u00e7\u00f5es dos 249 anos de Sobral, 200 anos da Independ\u00eancia do Brasil, 100 anos da Academia Sobralense de Letras e 140 anos de nascimento de Dom Jos\u00e9 Tupinamb\u00e1 da Frota.<br \/>\nNeste dia dos 90 anos do Mons. Sadoc, 85 anos do nosso Santo Padre, Papa Francisco e, se vivo estivesse, 100 anos de Dom Walfrido Teixeira Vieira, terceiro Bispo de Sobral, tamb\u00e9m eu aniversario. N\u00e3o fa\u00e7o data fechada, nem tenho as merc\u00eas dos santos homens que citei, mas, tamb\u00e9m celebro a vida que \u00e9 de Deus e a Ele entrego-a diariamente, pedindo-lhe que na minha hora, lembre-se de mim, perdoando as in\u00fameras falhas que tenho.<br \/>\nAproveito para agradecer as felicita\u00e7\u00f5es pela cria\u00e7\u00e3o do IHGS e por ter sido aclamado primeiro Presidente e pelo meu anivers\u00e1rio!<br \/>\nDeus Lo Vult!<\/p>\n","protected":false},"excerpt":{"rendered":"<p>Pr\u00f3ximo s\u00e1bado \u00e9 Natal. Amanh\u00e3 \u00e9 o quarto domingo do advento, do tempo de esperas&#8230;<\/p>\n","protected":false},"author":1,"featured_media":18095,"comment_status":"open","ping_status":"open","sticky":false,"template":"","format":"standard","meta":{"_jetpack_memberships_contains_paid_content":false,"footnotes":"","jetpack_publicize_message":"","jetpack_publicize_feature_enabled":true,"jetpack_social_post_already_shared":true,"jetpack_social_options":{"image_generator_settings":{"template":"highway","default_image_id":0,"font":"","enabled":false},"version":2}},"categories":[11,41],"tags":[],"class_list":["post-18398","post","type-post","status-publish","format-standard","has-post-thumbnail","hentry","category-artigos","category-jose-luis-lira"],"jetpack_publicize_connections":[],"jetpack_featured_media_url":"https:\/\/correiodasemana.com\/site\/wp-content\/uploads\/2021\/11\/Prof.-Luis-Lira.jpg","jetpack-related-posts":[{"id":11058,"url":"https:\/\/correiodasemana.com\/site\/mons-sadoc-de-araujo-sacerdos-in-aeternum\/","url_meta":{"origin":18398,"position":0},"title":"MONS. SADOC DE ARA\u00daJO \u2013\u00a0SACERDOS IN AETERNUM","author":"","date":"Mar\u00e7o 2, 2020","format":false,"excerpt":"Escrevo esta coluna na ter\u00e7a-feira de carnaval. Para a Igreja Cat\u00f3lica, festa m\u00f3vel da Sagrada Face de Jesus. Que todos tenhamos a gra\u00e7a de um dia contemplar a face de Nosso Senhor Jesus Cristo. A data, 25\/02, remete \u00e0s comemora\u00e7\u00f5es da ordena\u00e7\u00e3o sacerdotal do Pe. Sadoc \u2013 Francisco Sadoc de\u2026","rel":"","context":"In &quot;Artigos&quot;","block_context":{"text":"Artigos","link":"https:\/\/correiodasemana.com\/site\/category\/artigos\/"},"img":{"alt_text":"","src":"https:\/\/i0.wp.com\/correiodasemana.com\/site\/wp-content\/uploads\/2019\/07\/Jose%CC%81-1.jpg?resize=350%2C200&ssl=1","width":350,"height":200,"srcset":"https:\/\/i0.wp.com\/correiodasemana.com\/site\/wp-content\/uploads\/2019\/07\/Jose%CC%81-1.jpg?resize=350%2C200&ssl=1 1x, https:\/\/i0.wp.com\/correiodasemana.com\/site\/wp-content\/uploads\/2019\/07\/Jose%CC%81-1.jpg?resize=525%2C300&ssl=1 1.5x, https:\/\/i0.wp.com\/correiodasemana.com\/site\/wp-content\/uploads\/2019\/07\/Jose%CC%81-1.jpg?resize=700%2C400&ssl=1 2x"},"classes":[]},{"id":10304,"url":"https:\/\/correiodasemana.com\/site\/ganhamos-um-sacerdote-e-nascimento-do-salvador\/","url_meta":{"origin":18398,"position":1},"title":"Ganhamos um Sacerdote e nascimento do Salvador!","author":"","date":"Dezembro 23, 2019","format":false,"excerpt":"No \u00faltimo dia 17 de dezembro,\u00a0data natal\u00edcia do Papa Francisco, do Mons. Sadoc de Ara\u00fajo e minha,na Catedral Metropolitana de Olinda e Recife, em celebra\u00e7\u00e3o presidida por Dom Fernando Saburido, que j\u00e1 foi nosso Bispo, foi ordenado sacerdote o sobralense Jo\u00e3o Batista Arag\u00e3o de Oliveira Filho, o Jo\u00e3ozinho do Padre\u2026","rel":"","context":"In &quot;Artigos&quot;","block_context":{"text":"Artigos","link":"https:\/\/correiodasemana.com\/site\/category\/artigos\/"},"img":{"alt_text":"","src":"https:\/\/i0.wp.com\/correiodasemana.com\/site\/wp-content\/uploads\/2019\/07\/Jose%CC%81-1.jpg?resize=350%2C200&ssl=1","width":350,"height":200,"srcset":"https:\/\/i0.wp.com\/correiodasemana.com\/site\/wp-content\/uploads\/2019\/07\/Jose%CC%81-1.jpg?resize=350%2C200&ssl=1 1x, https:\/\/i0.wp.com\/correiodasemana.com\/site\/wp-content\/uploads\/2019\/07\/Jose%CC%81-1.jpg?resize=525%2C300&ssl=1 1.5x, https:\/\/i0.wp.com\/correiodasemana.com\/site\/wp-content\/uploads\/2019\/07\/Jose%CC%81-1.jpg?resize=700%2C400&ssl=1 2x"},"classes":[]},{"id":31842,"url":"https:\/\/correiodasemana.com\/site\/padre-sadoc-93-anos-a-servico-de-deus-e-do-ser-humano\/","url_meta":{"origin":18398,"position":2},"title":"Padre Sadoc: 93 anos a servi\u00e7o de Deus e do ser humano","author":"adminredacao","date":"Dezembro 24, 2024","format":false,"excerpt":"Apesar de Mons. Francisco Sadoc de Ara\u00fajo no momento estar enfrentando s\u00e9rios problemas de sa\u00fade, presume-se que na ter\u00e7a-feira (17) ele receber\u00e1 visitas e manifesta\u00e7\u00f5es de familiares, integrantes do clero, personalidades da cultura, da pol\u00edtica e de outros segmentos, al\u00e9m de fi\u00e9is cat\u00f3licos e admiradores do trabalho deste ilustre sobralense.\u2026","rel":"","context":"In &quot;Artigos&quot;","block_context":{"text":"Artigos","link":"https:\/\/correiodasemana.com\/site\/category\/artigos\/"},"img":{"alt_text":"","src":"https:\/\/i0.wp.com\/correiodasemana.com\/site\/wp-content\/uploads\/2022\/02\/Padre-Sadoc-2.jpg?resize=350%2C200&ssl=1","width":350,"height":200},"classes":[]},{"id":23805,"url":"https:\/\/correiodasemana.com\/site\/105-anos-correio-da-semana\/","url_meta":{"origin":18398,"position":3},"title":"105 anos correio da semana \u2022","author":"adminredacao","date":"Abril 5, 2023","format":false,"excerpt":"H\u00e1 Cento e cinco anos...\u00a0Era domingo de P\u00e1scoa, 31 de mar\u00e7o de 1918. Pontificado de Bento XV, genov\u00eas, que, em 1915, criou a Diocese de Sobral. Gra\u00e7as \u00e0 genialidade de Dom Jos\u00e9 Tupinamb\u00e1 da Frota, sobralense, nosso primeiro bispo, surgia um jornal semanal da Diocese de Sobral, ent\u00e3o, com menos\u2026","rel":"","context":"In &quot;Artigos&quot;","block_context":{"text":"Artigos","link":"https:\/\/correiodasemana.com\/site\/category\/artigos\/"},"img":{"alt_text":"","src":"https:\/\/i0.wp.com\/correiodasemana.com\/site\/wp-content\/uploads\/2021\/11\/Prof.-Luis-Lira.jpg?resize=350%2C200&ssl=1","width":350,"height":200,"srcset":"https:\/\/i0.wp.com\/correiodasemana.com\/site\/wp-content\/uploads\/2021\/11\/Prof.-Luis-Lira.jpg?resize=350%2C200&ssl=1 1x, https:\/\/i0.wp.com\/correiodasemana.com\/site\/wp-content\/uploads\/2021\/11\/Prof.-Luis-Lira.jpg?resize=525%2C300&ssl=1 1.5x"},"classes":[]},{"id":18353,"url":"https:\/\/correiodasemana.com\/site\/monsenhor-sadoc-de-araujo-90-anos-a-servico-de-deus-e-do-ser-humano\/","url_meta":{"origin":18398,"position":4},"title":"Monsenhor Sadoc de Ara\u00fajo: 90 anos  a servi\u00e7o de Deus e do ser humano!","author":"","date":"Dezembro 20, 2021","format":false,"excerpt":"\u00c9 mais que esperado que nesta sexta-feira (17), Sobral e regi\u00e3o n\u00e3o esque\u00e7am o transcurso do 90\u00ba anivers\u00e1rio de nascimento do Monsenhor Francisco Sadoc de Ara\u00fajo. N\u00e3o apenas lembrar o natal\u00edcio, mas fazer algo que homenageie o ilustre aniversariante. Isso nada mais \u00e9 que um gesto de justi\u00e7a e gratid\u00e3o.\u2026","rel":"","context":"In &quot;Atualidade&quot;","block_context":{"text":"Atualidade","link":"https:\/\/correiodasemana.com\/site\/category\/atualidade\/"},"img":{"alt_text":"","src":"https:\/\/i0.wp.com\/correiodasemana.com\/site\/wp-content\/uploads\/2020\/08\/Padre-Sadoc-de-Araujo-300x300.jpeg?resize=350%2C200&ssl=1","width":350,"height":200},"classes":[]},{"id":18047,"url":"https:\/\/correiodasemana.com\/site\/instituto-historico-e-geografico-de-sobral\/","url_meta":{"origin":18398,"position":5},"title":"INSTITUTO HIST\u00d3RICO E GEOGR\u00c1FICO DE SOBRAL\u00a0","author":"","date":"Novembro 14, 2021","format":false,"excerpt":"Semana passada estive no Rio de Janeiro. Nessa viagem tive a alegria de reencontrar o casal Sheila e Daniel de Queiroz Salek (neto da escritora Rachel de Queiroz), o querido Cardeal Dom Orani Tempesta, al\u00e9m de Carla e Sim\u00e3o Aznar, passando, tamb\u00e9m, na sede da Ordem do Santo Sepulcro. Aproveitando\u2026","rel":"","context":"In &quot;Artigos&quot;","block_context":{"text":"Artigos","link":"https:\/\/correiodasemana.com\/site\/category\/artigos\/"},"img":{"alt_text":"","src":"https:\/\/i0.wp.com\/correiodasemana.com\/site\/wp-content\/uploads\/2018\/02\/Jose%CC%81-1.jpg?resize=350%2C200&ssl=1","width":350,"height":200,"srcset":"https:\/\/i0.wp.com\/correiodasemana.com\/site\/wp-content\/uploads\/2018\/02\/Jose%CC%81-1.jpg?resize=350%2C200&ssl=1 1x, https:\/\/i0.wp.com\/correiodasemana.com\/site\/wp-content\/uploads\/2018\/02\/Jose%CC%81-1.jpg?resize=525%2C300&ssl=1 1.5x, https:\/\/i0.wp.com\/correiodasemana.com\/site\/wp-content\/uploads\/2018\/02\/Jose%CC%81-1.jpg?resize=700%2C400&ssl=1 2x"},"classes":[]}],"jetpack_sharing_enabled":true,"_links":{"self":[{"href":"https:\/\/correiodasemana.com\/site\/wp-json\/wp\/v2\/posts\/18398","targetHints":{"allow":["GET"]}}],"collection":[{"href":"https:\/\/correiodasemana.com\/site\/wp-json\/wp\/v2\/posts"}],"about":[{"href":"https:\/\/correiodasemana.com\/site\/wp-json\/wp\/v2\/types\/post"}],"author":[{"embeddable":true,"href":"https:\/\/correiodasemana.com\/site\/wp-json\/wp\/v2\/users\/1"}],"replies":[{"embeddable":true,"href":"https:\/\/correiodasemana.com\/site\/wp-json\/wp\/v2\/comments?post=18398"}],"version-history":[{"count":1,"href":"https:\/\/correiodasemana.com\/site\/wp-json\/wp\/v2\/posts\/18398\/revisions"}],"predecessor-version":[{"id":18399,"href":"https:\/\/correiodasemana.com\/site\/wp-json\/wp\/v2\/posts\/18398\/revisions\/18399"}],"wp:featuredmedia":[{"embeddable":true,"href":"https:\/\/correiodasemana.com\/site\/wp-json\/wp\/v2\/media\/18095"}],"wp:attachment":[{"href":"https:\/\/correiodasemana.com\/site\/wp-json\/wp\/v2\/media?parent=18398"}],"wp:term":[{"taxonomy":"category","embeddable":true,"href":"https:\/\/correiodasemana.com\/site\/wp-json\/wp\/v2\/categories?post=18398"},{"taxonomy":"post_tag","embeddable":true,"href":"https:\/\/correiodasemana.com\/site\/wp-json\/wp\/v2\/tags?post=18398"}],"curies":[{"name":"wp","href":"https:\/\/api.w.org\/{rel}","templated":true}]}}