{"id":18400,"date":"2021-12-20T01:07:12","date_gmt":"2021-12-20T04:07:12","guid":{"rendered":"https:\/\/correiodasemana.com\/site\/?p=18400"},"modified":"2021-12-20T01:07:12","modified_gmt":"2021-12-20T04:07:12","slug":"em-celebracao-solene-pe-nonato-timbo-de-paiva-recebe-titulo-de-monsenhor","status":"publish","type":"post","link":"https:\/\/correiodasemana.com\/site\/em-celebracao-solene-pe-nonato-timbo-de-paiva-recebe-titulo-de-monsenhor\/","title":{"rendered":"Em celebra\u00e7\u00e3o solene, Pe. Nonato Timb\u00f3 de Paiva recebe t\u00edtulo de Monsenhor"},"content":{"rendered":"<p>Por Thais Helena (Reda\u00e7\u00e3o Jornal Correio da Semana)<br \/>\nNa \u00faltima segunda-feira, 13, dia da virgem e m\u00e1rtir Santa Luzia, toda a comunidade paroquial da cidade de Marco\/CE esteve reunida no adro da Igreja Matriz de S\u00e3o Manuel para celebrar a solene liturgia, onde Dom Vasconcelos entregou o t\u00edtulo de Monsenhor dado pelo Papa Francisco ao Pe. Raimundo Nonato Timb\u00f3 de Paiva, P\u00e1roco da Par\u00f3quia S\u00e3o Manuel.<br \/>\nA solene Liturgia foi presidida por Dom Vasconcelos, Bispo Diocesano de Sobral e Concelebrada por Pe. Agnaldo Tem\u00f3teo, Vig\u00e1rio Geral da Diocese de Sobral; Pe. Gerson Luiz, P\u00e1roco da Par\u00f3quia S\u00e3o Francisco de Assis &#8211; Forquilha\/CE; Pe. Raimundo Nonato, P\u00e1roco da Par\u00f3quia Senhora Sant\u2019Ana &#8211; Santana do Acara\u00fa\/CE; Pe. Espedito, Vig\u00e1rio Paroquial da Par\u00f3quia S\u00e3o Manuel; Monsenhor R\u00f4mulo, P\u00e1roco da Par\u00f3quia Sagrado Cora\u00e7\u00e3o de Maria &#8211; Morrinhos\/CE e Monsenhor Gon\u00e7alo de Pinho, Capel\u00e3o da Capela do Cristo Rei.<br \/>\nDom Vasconcelos deu \u00eanfase a hist\u00f3ria de vida de Santa Luzia que a levou a santidade, onde renunciou aos prazeres por amor a Jesus, por isto \u00e9 virgem e m\u00e1rtir.<br \/>\nAo finalizar a Santa Missa, houveram diversas homenagens ao Monsenhor Timb\u00f3, e uma delas foi um bras\u00e3o que a Par\u00f3quia S\u00e3o Manuel confeccionou. O prefeito de Marco, Roger Aguiar juntamente com o vice-prefeito entregaram um quadro contendo toda a sua biografia.<br \/>\nPara prestigiar este momento estiveram presentes os Seminaristas de nossa Diocese, religiosas, autoridades da cidade, membros das pastorais e movimentos e todo o povo de Deus.<\/p>\n<p><img fetchpriority=\"high\" decoding=\"async\" class=\"alignleft size-medium wp-image-18403\" src=\"https:\/\/correiodasemana.com\/site\/wp-content\/uploads\/2021\/12\/monsenhor-timbo-diocese-de-sobral-3-300x200.jpeg\" alt=\"\" width=\"300\" height=\"200\" srcset=\"https:\/\/correiodasemana.com\/site\/wp-content\/uploads\/2021\/12\/monsenhor-timbo-diocese-de-sobral-3-300x200.jpeg 300w, https:\/\/correiodasemana.com\/site\/wp-content\/uploads\/2021\/12\/monsenhor-timbo-diocese-de-sobral-3.jpeg 720w\" sizes=\"(max-width: 300px) 100vw, 300px\" \/> <img decoding=\"async\" class=\"alignleft size-medium wp-image-18402\" src=\"https:\/\/correiodasemana.com\/site\/wp-content\/uploads\/2021\/12\/monsenhor-timbo-diocese-de-sobral-2-300x200.jpeg\" alt=\"\" width=\"300\" height=\"200\" srcset=\"https:\/\/correiodasemana.com\/site\/wp-content\/uploads\/2021\/12\/monsenhor-timbo-diocese-de-sobral-2-300x200.jpeg 300w, https:\/\/correiodasemana.com\/site\/wp-content\/uploads\/2021\/12\/monsenhor-timbo-diocese-de-sobral-2.jpeg 720w\" sizes=\"(max-width: 300px) 100vw, 300px\" \/> <img decoding=\"async\" class=\"alignleft size-medium wp-image-18401\" src=\"https:\/\/correiodasemana.com\/site\/wp-content\/uploads\/2021\/12\/monsenhor-timbo-diocese-de-sobral-1-300x200.jpeg\" alt=\"\" width=\"300\" height=\"200\" srcset=\"https:\/\/correiodasemana.com\/site\/wp-content\/uploads\/2021\/12\/monsenhor-timbo-diocese-de-sobral-1-300x200.jpeg 300w, https:\/\/correiodasemana.com\/site\/wp-content\/uploads\/2021\/12\/monsenhor-timbo-diocese-de-sobral-1.jpeg 720w\" sizes=\"(max-width: 300px) 100vw, 300px\" \/><\/p>\n","protected":false},"excerpt":{"rendered":"<p>Por Thais Helena (Reda\u00e7\u00e3o Jornal Correio da Semana) Na \u00faltima segunda-feira, 13, dia da virgem&#8230;<\/p>\n","protected":false},"author":1,"featured_media":18403,"comment_status":"open","ping_status":"open","sticky":false,"template":"","format":"standard","meta":{"_jetpack_memberships_contains_paid_content":false,"footnotes":"","jetpack_publicize_message":"","jetpack_publicize_feature_enabled":true,"jetpack_social_post_already_shared":true,"jetpack_social_options":{"image_generator_settings":{"template":"highway","default_image_id":0,"font":"","enabled":false},"version":2}},"categories":[1],"tags":[],"class_list":["post-18400","post","type-post","status-publish","format-standard","has-post-thumbnail","hentry","category-atualidade"],"jetpack_publicize_connections":[],"jetpack_featured_media_url":"https:\/\/correiodasemana.com\/site\/wp-content\/uploads\/2021\/12\/monsenhor-timbo-diocese-de-sobral-3.jpeg","jetpack-related-posts":[{"id":18532,"url":"https:\/\/correiodasemana.com\/site\/diocese-de-sobral-alegra-se-com-os-aniversarios-de-ordenacao-de-tres-sacerdotes\/","url_meta":{"origin":18400,"position":0},"title":"Diocese de Sobral alegra-se com os anivers\u00e1rios de ordena\u00e7\u00e3o de tr\u00eas sacerdotes","author":"","date":"Janeiro 10, 2022","format":false,"excerpt":"Por Thais Helena (Reda\u00e7\u00e3o Jornal Correio da Semana) Monsenhor Gon\u00e7alo de Pinho Gomes O segundo bispo da Diocese de Sobral, Dom Jo\u00e3o Jos\u00e9 da Mota, na festa da Epifania, em 06 de janeiro de 1963, conferiu a ordena\u00e7\u00e3o sacerdotal ao esperan\u00e7oso Revmo. Monsenhor Gon\u00e7alo de Pinho Gomes, em Poranga, sua\u2026","rel":"","context":"In &quot;Atualidade&quot;","block_context":{"text":"Atualidade","link":"https:\/\/correiodasemana.com\/site\/category\/atualidade\/"},"img":{"alt_text":"","src":"https:\/\/i0.wp.com\/correiodasemana.com\/site\/wp-content\/uploads\/2022\/01\/capa.jpg?resize=350%2C200&ssl=1","width":350,"height":200,"srcset":"https:\/\/i0.wp.com\/correiodasemana.com\/site\/wp-content\/uploads\/2022\/01\/capa.jpg?resize=350%2C200&ssl=1 1x, https:\/\/i0.wp.com\/correiodasemana.com\/site\/wp-content\/uploads\/2022\/01\/capa.jpg?resize=525%2C300&ssl=1 1.5x, https:\/\/i0.wp.com\/correiodasemana.com\/site\/wp-content\/uploads\/2022\/01\/capa.jpg?resize=700%2C400&ssl=1 2x, https:\/\/i0.wp.com\/correiodasemana.com\/site\/wp-content\/uploads\/2022\/01\/capa.jpg?resize=1050%2C600&ssl=1 3x, https:\/\/i0.wp.com\/correiodasemana.com\/site\/wp-content\/uploads\/2022\/01\/capa.jpg?resize=1400%2C800&ssl=1 4x"},"classes":[]},{"id":18330,"url":"https:\/\/correiodasemana.com\/site\/padre-raimundo-nonato-timbo-e-agraciado-pelo-santo-padre-com-o-titulo-de-monsenhor\/","url_meta":{"origin":18400,"position":1},"title":"Padre Raimundo Nonato Timb\u00f3 \u00e9 agraciado pelo Santo Padre com o T\u00edtulo de Monsenhor","author":"","date":"Dezembro 12, 2021","format":false,"excerpt":"Por Thais Helena (Reda\u00e7\u00e3o Jornal Correio da Semana) Neste dia 09 de dezembro, dia em que a Diocese de Sobral celebrou com j\u00fabilo 32 anos de Ordena\u00e7\u00e3o Sacerdotal do Bispo Diocesano, Dom Jos\u00e9 Luiz Gomes de Vasconcelos, o Pe. Raimundo Nonato Timb\u00f3 foi surpreendido com uma homenagem feita pelo Sr.\u2026","rel":"","context":"In &quot;Atualidade&quot;","block_context":{"text":"Atualidade","link":"https:\/\/correiodasemana.com\/site\/category\/atualidade\/"},"img":{"alt_text":"","src":"https:\/\/i0.wp.com\/correiodasemana.com\/site\/wp-content\/uploads\/2021\/12\/dom-vasconcelos-anucnia-pe.-timbo-monsenhor-scaled.jpg?resize=350%2C200&ssl=1","width":350,"height":200,"srcset":"https:\/\/i0.wp.com\/correiodasemana.com\/site\/wp-content\/uploads\/2021\/12\/dom-vasconcelos-anucnia-pe.-timbo-monsenhor-scaled.jpg?resize=350%2C200&ssl=1 1x, https:\/\/i0.wp.com\/correiodasemana.com\/site\/wp-content\/uploads\/2021\/12\/dom-vasconcelos-anucnia-pe.-timbo-monsenhor-scaled.jpg?resize=525%2C300&ssl=1 1.5x, https:\/\/i0.wp.com\/correiodasemana.com\/site\/wp-content\/uploads\/2021\/12\/dom-vasconcelos-anucnia-pe.-timbo-monsenhor-scaled.jpg?resize=700%2C400&ssl=1 2x, https:\/\/i0.wp.com\/correiodasemana.com\/site\/wp-content\/uploads\/2021\/12\/dom-vasconcelos-anucnia-pe.-timbo-monsenhor-scaled.jpg?resize=1050%2C600&ssl=1 3x, https:\/\/i0.wp.com\/correiodasemana.com\/site\/wp-content\/uploads\/2021\/12\/dom-vasconcelos-anucnia-pe.-timbo-monsenhor-scaled.jpg?resize=1400%2C800&ssl=1 4x"},"classes":[]},{"id":18287,"url":"https:\/\/correiodasemana.com\/site\/dom-jose-luiz-gomes-de-vasconcelos-celebra-32-anos-de-ordenacao-sacerdotal\/","url_meta":{"origin":18400,"position":2},"title":"Dom Jos\u00e9 Luiz Gomes de Vasconcelos celebra 32 anos de Ordena\u00e7\u00e3o Sacerdotal","author":"","date":"Dezembro 12, 2021","format":false,"excerpt":"Por Thais Helena (Reda\u00e7\u00e3o Jornal Correio da Semana) H\u00e1 32 anos o atual Bispo Diocesano de Sobral, Dom Vasconcelos era ordenado sacerdote na Igreja Matriz de Nossa Senhora do Perp\u00e9tuo Socorro em Garanhuns pela imposi\u00e7\u00e3o das m\u00e3os de Dom Tiago Postma. Tr\u00eas meses ap\u00f3s sua Ordena\u00e7\u00e3o Presbiteral recebeu provis\u00e3o de\u2026","rel":"","context":"In &quot;Atualidade&quot;","block_context":{"text":"Atualidade","link":"https:\/\/correiodasemana.com\/site\/category\/atualidade\/"},"img":{"alt_text":"","src":"https:\/\/i0.wp.com\/correiodasemana.com\/site\/wp-content\/uploads\/2021\/12\/niver-de-dom-vasconcelos-3.jpg?resize=350%2C200&ssl=1","width":350,"height":200,"srcset":"https:\/\/i0.wp.com\/correiodasemana.com\/site\/wp-content\/uploads\/2021\/12\/niver-de-dom-vasconcelos-3.jpg?resize=350%2C200&ssl=1 1x, https:\/\/i0.wp.com\/correiodasemana.com\/site\/wp-content\/uploads\/2021\/12\/niver-de-dom-vasconcelos-3.jpg?resize=525%2C300&ssl=1 1.5x, https:\/\/i0.wp.com\/correiodasemana.com\/site\/wp-content\/uploads\/2021\/12\/niver-de-dom-vasconcelos-3.jpg?resize=700%2C400&ssl=1 2x"},"classes":[]},{"id":15116,"url":"https:\/\/correiodasemana.com\/site\/causa-de-beatificacao-e-de-canonizacao-do-servo-de-deus-waldir-lopes-de-castro-e-aberta-no-ceara\/","url_meta":{"origin":18400,"position":3},"title":"Causa de Beatifica\u00e7\u00e3o e de Canoniza\u00e7\u00e3o do Servo  de Deus, Waldir Lopes de Castro \u00e9 aberta no Cear\u00e1","author":"","date":"Dezembro 21, 2020","format":false,"excerpt":"Waldir Lopes de Castro realizou servi\u00e7os pastorais no Cear\u00e1 e passou a ter fama de santidade ap\u00f3s a morte, em 2001 Por Joc\u00e9lio Tavares. Aconteceu, na noite do \u00faltimo dia 15\/12 (ter\u00e7a-feira), no Santu\u00e1rio Sagrado Cora\u00e7\u00e3o de Jesus, na cidade de Marco, interior do Cear\u00e1, a abertura da causa de\u2026","rel":"","context":"In &quot;Diocese&quot;","block_context":{"text":"Diocese","link":"https:\/\/correiodasemana.com\/site\/category\/diocese\/"},"img":{"alt_text":"","src":"https:\/\/i0.wp.com\/correiodasemana.com\/site\/wp-content\/uploads\/2020\/12\/DSC6273.jpg?resize=350%2C200&ssl=1","width":350,"height":200,"srcset":"https:\/\/i0.wp.com\/correiodasemana.com\/site\/wp-content\/uploads\/2020\/12\/DSC6273.jpg?resize=350%2C200&ssl=1 1x, https:\/\/i0.wp.com\/correiodasemana.com\/site\/wp-content\/uploads\/2020\/12\/DSC6273.jpg?resize=525%2C300&ssl=1 1.5x, https:\/\/i0.wp.com\/correiodasemana.com\/site\/wp-content\/uploads\/2020\/12\/DSC6273.jpg?resize=700%2C400&ssl=1 2x"},"classes":[]},{"id":28177,"url":"https:\/\/correiodasemana.com\/site\/paroquia-de-sao-manuel-celebra-o-envio-da-reliquia-e-imagem-do-beato-tiago-alberione-para-peregrinacao\/","url_meta":{"origin":18400,"position":4},"title":"Par\u00f3quia de S\u00e3o Manuel celebra o envio da rel\u00edquia e imagem do Beato Tiago Alberione para peregrina\u00e7\u00e3o","author":"adminredacao","date":"Janeiro 29, 2024","format":false,"excerpt":"\u00a0 No findar da tarde desta sexta-feira, 26 de janeiro, foi celebrado no Santu\u00e1rio do Sagrado Cora\u00e7\u00e3o de Jesus no munic\u00edpio de Marco, a Missa de Envio da rel\u00edquia e imagem do Beato Tiago Alberione, ap\u00f3stolo da comunica\u00e7\u00e3o, que ir\u00e1 peregrinar pelas quatro regi\u00f5es da diocese de Sobral. A missa\u2026","rel":"","context":"In &quot;Atualidade&quot;","block_context":{"text":"Atualidade","link":"https:\/\/correiodasemana.com\/site\/category\/atualidade\/"},"img":{"alt_text":"","src":"https:\/\/i0.wp.com\/correiodasemana.com\/site\/wp-content\/uploads\/2024\/01\/IMG_1833-scaled.jpg?resize=350%2C200&ssl=1","width":350,"height":200,"srcset":"https:\/\/i0.wp.com\/correiodasemana.com\/site\/wp-content\/uploads\/2024\/01\/IMG_1833-scaled.jpg?resize=350%2C200&ssl=1 1x, https:\/\/i0.wp.com\/correiodasemana.com\/site\/wp-content\/uploads\/2024\/01\/IMG_1833-scaled.jpg?resize=525%2C300&ssl=1 1.5x, https:\/\/i0.wp.com\/correiodasemana.com\/site\/wp-content\/uploads\/2024\/01\/IMG_1833-scaled.jpg?resize=700%2C400&ssl=1 2x, https:\/\/i0.wp.com\/correiodasemana.com\/site\/wp-content\/uploads\/2024\/01\/IMG_1833-scaled.jpg?resize=1050%2C600&ssl=1 3x, https:\/\/i0.wp.com\/correiodasemana.com\/site\/wp-content\/uploads\/2024\/01\/IMG_1833-scaled.jpg?resize=1400%2C800&ssl=1 4x"},"classes":[]},{"id":26823,"url":"https:\/\/correiodasemana.com\/site\/posse-do-novo-economo-da-diocese-de-sobral\/","url_meta":{"origin":18400,"position":5},"title":"Posse do Novo Ec\u00f4nomo da Diocese de Sobral","author":"","date":"Outubro 10, 2023","format":false,"excerpt":"O Bispo Diocesano de Sobral, Dom Jos\u00e9 Luiz Gomes de Vasconcelos empossou na manh\u00e3 desta ter\u00e7a-feira, 10 de outubro de 2023 para a fun\u00e7\u00e3o de Ec\u00f4nomo Diocesano, o Pe. Raimundo \u00cdtalo Arcanjo de Sousa. O Presb\u00edtero foi ordenado no dia 14 de setembro de 2008, e atualmente \u00e9 Vig\u00e1rio Paroquial\u2026","rel":"","context":"In &quot;Atualidade&quot;","block_context":{"text":"Atualidade","link":"https:\/\/correiodasemana.com\/site\/category\/atualidade\/"},"img":{"alt_text":"","src":"https:\/\/i0.wp.com\/correiodasemana.com\/site\/wp-content\/uploads\/2023\/10\/diocesesobral_1696944623020.jpeg?resize=350%2C200&ssl=1","width":350,"height":200,"srcset":"https:\/\/i0.wp.com\/correiodasemana.com\/site\/wp-content\/uploads\/2023\/10\/diocesesobral_1696944623020.jpeg?resize=350%2C200&ssl=1 1x, https:\/\/i0.wp.com\/correiodasemana.com\/site\/wp-content\/uploads\/2023\/10\/diocesesobral_1696944623020.jpeg?resize=525%2C300&ssl=1 1.5x, https:\/\/i0.wp.com\/correiodasemana.com\/site\/wp-content\/uploads\/2023\/10\/diocesesobral_1696944623020.jpeg?resize=700%2C400&ssl=1 2x"},"classes":[]}],"jetpack_sharing_enabled":true,"_links":{"self":[{"href":"https:\/\/correiodasemana.com\/site\/wp-json\/wp\/v2\/posts\/18400","targetHints":{"allow":["GET"]}}],"collection":[{"href":"https:\/\/correiodasemana.com\/site\/wp-json\/wp\/v2\/posts"}],"about":[{"href":"https:\/\/correiodasemana.com\/site\/wp-json\/wp\/v2\/types\/post"}],"author":[{"embeddable":true,"href":"https:\/\/correiodasemana.com\/site\/wp-json\/wp\/v2\/users\/1"}],"replies":[{"embeddable":true,"href":"https:\/\/correiodasemana.com\/site\/wp-json\/wp\/v2\/comments?post=18400"}],"version-history":[{"count":1,"href":"https:\/\/correiodasemana.com\/site\/wp-json\/wp\/v2\/posts\/18400\/revisions"}],"predecessor-version":[{"id":18404,"href":"https:\/\/correiodasemana.com\/site\/wp-json\/wp\/v2\/posts\/18400\/revisions\/18404"}],"wp:featuredmedia":[{"embeddable":true,"href":"https:\/\/correiodasemana.com\/site\/wp-json\/wp\/v2\/media\/18403"}],"wp:attachment":[{"href":"https:\/\/correiodasemana.com\/site\/wp-json\/wp\/v2\/media?parent=18400"}],"wp:term":[{"taxonomy":"category","embeddable":true,"href":"https:\/\/correiodasemana.com\/site\/wp-json\/wp\/v2\/categories?post=18400"},{"taxonomy":"post_tag","embeddable":true,"href":"https:\/\/correiodasemana.com\/site\/wp-json\/wp\/v2\/tags?post=18400"}],"curies":[{"name":"wp","href":"https:\/\/api.w.org\/{rel}","templated":true}]}}