{"id":18444,"date":"2021-12-27T21:33:22","date_gmt":"2021-12-28T00:33:22","guid":{"rendered":"https:\/\/correiodasemana.com\/site\/?p=18444"},"modified":"2021-12-27T21:33:22","modified_gmt":"2021-12-28T00:33:22","slug":"diocese-de-sobral-realiza-39a-assembleia-diocesana-de-evangelizacao","status":"publish","type":"post","link":"https:\/\/correiodasemana.com\/site\/diocese-de-sobral-realiza-39a-assembleia-diocesana-de-evangelizacao\/","title":{"rendered":"DIOCESE DE SOBRAL REALIZA 39\u00aa ASSEMBLEIA DIOCESANA DE EVANGELIZA\u00c7\u00c3O"},"content":{"rendered":"<p>Por Thais Helena (Reda\u00e7\u00e3o Jornal Correio da Semana) \u2013 Nos dias 17 e 18 de dezembro de dois mil e vinte um, aconteceu no Murm\u00fario da Natureza, na Serra da Meruoca a 39\u00aa Assembleia Diocesana de Evangeliza\u00e7\u00e3o, tendo como tema: \u201cComo povo de Deus somos convidados a caminhar juntos!\u201d<br \/>\nMarcaram presen\u00e7a, V. Exa. Revma. Dom Jos\u00e9 Luiz Gomes de Vasconcelos, o clero diocesano, membros de conselhos de pastoral, e representantes dos pilares. A assembleia iniciou \u00e0s 08h00 com a abertura e acolhida do Revmo. Pe. Francisco Edinardo Gomes Oliveira, Coordenador Diocesano de Pastoral, em seguida V. Exa. Revma Dom Jos\u00e9 Luiz Gomes de Vasconcelos fez o uso da palavra e falou um pouco sobre a assembleia, que no pr\u00f3ximo ano completar\u00e1 quarenta anos. O Vig\u00e1rio Geral da Diocese de Sobral, Revmo. Pe. Agnaldo Tem\u00f3teo da Silveira explanou sobre a sinodalidade e a import\u00e2ncia de caminharmos juntos.<br \/>\nDurante toda a programa\u00e7\u00e3o da sexta-feira, 17, foi abordada a import\u00e2ncia do \u201cS\u00ednodo dos Bispos\u201d, houve momentos de espiritualidade e Santa Missa presidida por Dom Vasconcelos e concelebrada por todo o clero diocesano. Ap\u00f3s a homilia, os Seminaristas estagi\u00e1rios Bruno Ara\u00fajo e Francisco Eduardo receberam as admiss\u00f5es as ordens sacras. No turno da tarde, os grupos reuniram-se para trabalhos em equipe, onde mais tarde todos foram escutados e houve o momento da partilha. Em um momento descontra\u00eddo houve sorteio de brindes para todos que estavam presentes. Alguns momentos foram transmitidos pelo canal do youtube da Diocese de Sobral, e R\u00e1dio Educadora do Nordeste 950AM que em breve migrar\u00e1 para FM.<br \/>\nNo \u00faltimo dia de assembleia, 18, os pilares apresentaram seus trabalhos realizados no \u00faltimo ano e novas propostas de evangeliza\u00e7\u00e3o. Dom Vasconcelos comunicou algumas transfer\u00eancias do clero diocesano para o ano de 2022, a chegada de novos incardinados n\u00e3o-residentes e a data da ordena\u00e7\u00e3o presbiteral de Bruno de Ara\u00fajo Albino Furtado e Francisco Eduardo Neto Filho que ser\u00e1 no dia vinte e um de abril de 2022, na Catedral da S\u00e9 de Sobral. Por fim houve a ora\u00e7\u00e3o do \u00c2ngelus ministrada pelo Revmo. Pe. Jos\u00e9 Lucione Queiroz, e renovados pela gra\u00e7a do encontro e da partilha depois de quase dois anos de certa forma distantes, o Bispo Diocesano, Dom Vasconcelos deu a ben\u00e7\u00e3o final assim encerrando mais um ano de Assembleia Diocesana de Evangeliza\u00e7\u00e3o.<\/p>\n<p><img fetchpriority=\"high\" decoding=\"async\" class=\"alignleft size-medium wp-image-18445\" src=\"https:\/\/correiodasemana.com\/site\/wp-content\/uploads\/2021\/12\/diocese-de-sobral-1-300x200.jpg\" alt=\"\" width=\"300\" height=\"200\" srcset=\"https:\/\/correiodasemana.com\/site\/wp-content\/uploads\/2021\/12\/diocese-de-sobral-1-300x200.jpg 300w, https:\/\/correiodasemana.com\/site\/wp-content\/uploads\/2021\/12\/diocese-de-sobral-1-1024x683.jpg 1024w, https:\/\/correiodasemana.com\/site\/wp-content\/uploads\/2021\/12\/diocese-de-sobral-1-768x512.jpg 768w, https:\/\/correiodasemana.com\/site\/wp-content\/uploads\/2021\/12\/diocese-de-sobral-1-1536x1024.jpg 1536w, https:\/\/correiodasemana.com\/site\/wp-content\/uploads\/2021\/12\/diocese-de-sobral-1-2048x1365.jpg 2048w\" sizes=\"(max-width: 300px) 100vw, 300px\" \/> <img decoding=\"async\" class=\"alignleft size-medium wp-image-18446\" src=\"https:\/\/correiodasemana.com\/site\/wp-content\/uploads\/2021\/12\/diocese-de-sobral-2-300x200.jpg\" alt=\"\" width=\"300\" height=\"200\" srcset=\"https:\/\/correiodasemana.com\/site\/wp-content\/uploads\/2021\/12\/diocese-de-sobral-2-300x200.jpg 300w, https:\/\/correiodasemana.com\/site\/wp-content\/uploads\/2021\/12\/diocese-de-sobral-2-1024x683.jpg 1024w, https:\/\/correiodasemana.com\/site\/wp-content\/uploads\/2021\/12\/diocese-de-sobral-2-768x512.jpg 768w, https:\/\/correiodasemana.com\/site\/wp-content\/uploads\/2021\/12\/diocese-de-sobral-2-1536x1024.jpg 1536w, https:\/\/correiodasemana.com\/site\/wp-content\/uploads\/2021\/12\/diocese-de-sobral-2-2048x1365.jpg 2048w\" sizes=\"(max-width: 300px) 100vw, 300px\" \/> <img decoding=\"async\" class=\"alignleft size-medium wp-image-18447\" src=\"https:\/\/correiodasemana.com\/site\/wp-content\/uploads\/2021\/12\/diocese-de-sobral-3-300x200.jpg\" alt=\"\" width=\"300\" height=\"200\" srcset=\"https:\/\/correiodasemana.com\/site\/wp-content\/uploads\/2021\/12\/diocese-de-sobral-3-300x200.jpg 300w, https:\/\/correiodasemana.com\/site\/wp-content\/uploads\/2021\/12\/diocese-de-sobral-3-1024x683.jpg 1024w, https:\/\/correiodasemana.com\/site\/wp-content\/uploads\/2021\/12\/diocese-de-sobral-3-768x512.jpg 768w, https:\/\/correiodasemana.com\/site\/wp-content\/uploads\/2021\/12\/diocese-de-sobral-3-1536x1024.jpg 1536w, https:\/\/correiodasemana.com\/site\/wp-content\/uploads\/2021\/12\/diocese-de-sobral-3-2048x1365.jpg 2048w\" sizes=\"(max-width: 300px) 100vw, 300px\" \/> <img loading=\"lazy\" decoding=\"async\" class=\"alignleft size-medium wp-image-18448\" src=\"https:\/\/correiodasemana.com\/site\/wp-content\/uploads\/2021\/12\/diocese-de-sobral-4-300x200.jpg\" alt=\"\" width=\"300\" height=\"200\" srcset=\"https:\/\/correiodasemana.com\/site\/wp-content\/uploads\/2021\/12\/diocese-de-sobral-4-300x200.jpg 300w, https:\/\/correiodasemana.com\/site\/wp-content\/uploads\/2021\/12\/diocese-de-sobral-4-1024x683.jpg 1024w, https:\/\/correiodasemana.com\/site\/wp-content\/uploads\/2021\/12\/diocese-de-sobral-4-768x512.jpg 768w, https:\/\/correiodasemana.com\/site\/wp-content\/uploads\/2021\/12\/diocese-de-sobral-4-1536x1024.jpg 1536w, https:\/\/correiodasemana.com\/site\/wp-content\/uploads\/2021\/12\/diocese-de-sobral-4-2048x1365.jpg 2048w\" sizes=\"(max-width: 300px) 100vw, 300px\" \/> <img loading=\"lazy\" decoding=\"async\" class=\"alignleft size-medium wp-image-18449\" src=\"https:\/\/correiodasemana.com\/site\/wp-content\/uploads\/2021\/12\/diocese-de-sobral-5-300x200.jpg\" alt=\"\" width=\"300\" height=\"200\" srcset=\"https:\/\/correiodasemana.com\/site\/wp-content\/uploads\/2021\/12\/diocese-de-sobral-5-300x200.jpg 300w, https:\/\/correiodasemana.com\/site\/wp-content\/uploads\/2021\/12\/diocese-de-sobral-5-1024x683.jpg 1024w, https:\/\/correiodasemana.com\/site\/wp-content\/uploads\/2021\/12\/diocese-de-sobral-5-768x512.jpg 768w, https:\/\/correiodasemana.com\/site\/wp-content\/uploads\/2021\/12\/diocese-de-sobral-5-1536x1024.jpg 1536w, https:\/\/correiodasemana.com\/site\/wp-content\/uploads\/2021\/12\/diocese-de-sobral-5-2048x1365.jpg 2048w\" sizes=\"(max-width: 300px) 100vw, 300px\" \/><\/p>\n","protected":false},"excerpt":{"rendered":"<p>Por Thais Helena (Reda\u00e7\u00e3o Jornal Correio da Semana) \u2013 Nos dias 17 e 18 de&#8230;<\/p>\n","protected":false},"author":1,"featured_media":18449,"comment_status":"open","ping_status":"open","sticky":false,"template":"","format":"standard","meta":{"_jetpack_memberships_contains_paid_content":false,"footnotes":"","jetpack_publicize_message":"","jetpack_publicize_feature_enabled":true,"jetpack_social_post_already_shared":true,"jetpack_social_options":{"image_generator_settings":{"template":"highway","default_image_id":0,"font":"","enabled":false},"version":2}},"categories":[1],"tags":[],"class_list":["post-18444","post","type-post","status-publish","format-standard","has-post-thumbnail","hentry","category-atualidade"],"jetpack_publicize_connections":[],"jetpack_featured_media_url":"https:\/\/correiodasemana.com\/site\/wp-content\/uploads\/2021\/12\/diocese-de-sobral-5-scaled.jpg","jetpack-related-posts":[{"id":21433,"url":"https:\/\/correiodasemana.com\/site\/diocese-de-sobral-realiza-40a-assembleia-diocesana-de-evangelizacao\/","url_meta":{"origin":18444,"position":0},"title":"DIOCESE DE SOBRAL REALIZA 40\u00aa ASSEMBLEIA DIOCESANA DE EVANGELIZA\u00c7\u00c3O","author":"","date":"Novembro 4, 2022","format":false,"excerpt":"Nos dias 04 e 05 de novembro de dois mil e vinte e dois, acontecer\u00e1 no CETRESO (Centro de Treinamento de Sobral Dom Aldo di Cillo Pagotto) ao lado da Universidade Estadual - UVA, em Sobral a 40\u00aa Assembleia Diocesana de Evangeliza\u00e7\u00e3o, tendo como tema: \u201cA miss\u00e3o e os desafios\u2026","rel":"","context":"In &quot;Atualidade&quot;","block_context":{"text":"Atualidade","link":"https:\/\/correiodasemana.com\/site\/category\/atualidade\/"},"img":{"alt_text":"","src":"https:\/\/i0.wp.com\/correiodasemana.com\/site\/wp-content\/uploads\/2022\/11\/0101.jpeg?resize=350%2C200&ssl=1","width":350,"height":200,"srcset":"https:\/\/i0.wp.com\/correiodasemana.com\/site\/wp-content\/uploads\/2022\/11\/0101.jpeg?resize=350%2C200&ssl=1 1x, https:\/\/i0.wp.com\/correiodasemana.com\/site\/wp-content\/uploads\/2022\/11\/0101.jpeg?resize=525%2C300&ssl=1 1.5x, https:\/\/i0.wp.com\/correiodasemana.com\/site\/wp-content\/uploads\/2022\/11\/0101.jpeg?resize=700%2C400&ssl=1 2x, https:\/\/i0.wp.com\/correiodasemana.com\/site\/wp-content\/uploads\/2022\/11\/0101.jpeg?resize=1050%2C600&ssl=1 3x"},"classes":[]},{"id":15192,"url":"https:\/\/correiodasemana.com\/site\/diocese-de-sobral-divulga-transferencias-e-nomeacoes-de-alguns-padres\/","url_meta":{"origin":18444,"position":1},"title":"Diocese de Sobral divulga transfer\u00eancias e nomea\u00e7\u00f5es de alguns padres","author":"","date":"Dezembro 27, 2020","format":false,"excerpt":"DOM JOS\u00c9 LUIZ GOMES DE VASCONCELOS Pasce oves meas Por merc\u00ea de Deus e da Santa S\u00e9 Apost\u00f3lica - Bispo Diocesano de Sobral Sauda\u00e7\u00e3o, paz e b\u00ean\u00e7\u00e3os em nosso Senhor Jesus Cristo! Car\u00edssimos Diocesanos, Tendo em vista as necessidades pastorais de nossa Igreja Particular; no sincero desejo de melhor assistir\u2026","rel":"","context":"In &quot;Diocese&quot;","block_context":{"text":"Diocese","link":"https:\/\/correiodasemana.com\/site\/category\/diocese\/"},"img":{"alt_text":"","src":"https:\/\/i0.wp.com\/correiodasemana.com\/site\/wp-content\/uploads\/2020\/12\/WhatsApp-Image-2020-12-19-at-18.12.46-1.jpeg?resize=350%2C200&ssl=1","width":350,"height":200,"srcset":"https:\/\/i0.wp.com\/correiodasemana.com\/site\/wp-content\/uploads\/2020\/12\/WhatsApp-Image-2020-12-19-at-18.12.46-1.jpeg?resize=350%2C200&ssl=1 1x, https:\/\/i0.wp.com\/correiodasemana.com\/site\/wp-content\/uploads\/2020\/12\/WhatsApp-Image-2020-12-19-at-18.12.46-1.jpeg?resize=525%2C300&ssl=1 1.5x, https:\/\/i0.wp.com\/correiodasemana.com\/site\/wp-content\/uploads\/2020\/12\/WhatsApp-Image-2020-12-19-at-18.12.46-1.jpeg?resize=700%2C400&ssl=1 2x, https:\/\/i0.wp.com\/correiodasemana.com\/site\/wp-content\/uploads\/2020\/12\/WhatsApp-Image-2020-12-19-at-18.12.46-1.jpeg?resize=1050%2C600&ssl=1 3x"},"classes":[]},{"id":18532,"url":"https:\/\/correiodasemana.com\/site\/diocese-de-sobral-alegra-se-com-os-aniversarios-de-ordenacao-de-tres-sacerdotes\/","url_meta":{"origin":18444,"position":2},"title":"Diocese de Sobral alegra-se com os anivers\u00e1rios de ordena\u00e7\u00e3o de tr\u00eas sacerdotes","author":"","date":"Janeiro 10, 2022","format":false,"excerpt":"Por Thais Helena (Reda\u00e7\u00e3o Jornal Correio da Semana) Monsenhor Gon\u00e7alo de Pinho Gomes O segundo bispo da Diocese de Sobral, Dom Jo\u00e3o Jos\u00e9 da Mota, na festa da Epifania, em 06 de janeiro de 1963, conferiu a ordena\u00e7\u00e3o sacerdotal ao esperan\u00e7oso Revmo. Monsenhor Gon\u00e7alo de Pinho Gomes, em Poranga, sua\u2026","rel":"","context":"In &quot;Atualidade&quot;","block_context":{"text":"Atualidade","link":"https:\/\/correiodasemana.com\/site\/category\/atualidade\/"},"img":{"alt_text":"","src":"https:\/\/i0.wp.com\/correiodasemana.com\/site\/wp-content\/uploads\/2022\/01\/capa.jpg?resize=350%2C200&ssl=1","width":350,"height":200,"srcset":"https:\/\/i0.wp.com\/correiodasemana.com\/site\/wp-content\/uploads\/2022\/01\/capa.jpg?resize=350%2C200&ssl=1 1x, https:\/\/i0.wp.com\/correiodasemana.com\/site\/wp-content\/uploads\/2022\/01\/capa.jpg?resize=525%2C300&ssl=1 1.5x, https:\/\/i0.wp.com\/correiodasemana.com\/site\/wp-content\/uploads\/2022\/01\/capa.jpg?resize=700%2C400&ssl=1 2x, https:\/\/i0.wp.com\/correiodasemana.com\/site\/wp-content\/uploads\/2022\/01\/capa.jpg?resize=1050%2C600&ssl=1 3x, https:\/\/i0.wp.com\/correiodasemana.com\/site\/wp-content\/uploads\/2022\/01\/capa.jpg?resize=1400%2C800&ssl=1 4x"},"classes":[]},{"id":18702,"url":"https:\/\/correiodasemana.com\/site\/padres-que-serao-transferidos-fazem-profissao-de-fe-e-juramento-de-fidelidade\/","url_meta":{"origin":18444,"position":3},"title":"Padres que ser\u00e3o transferidos fazem Profiss\u00e3o de F\u00e9 e Juramento de Fidelidade","author":"","date":"Janeiro 30, 2022","format":false,"excerpt":"(Por Thais Helena \u2013 Reda\u00e7\u00e3o Correio da Semana) Na manh\u00e3 agrad\u00e1vel desta quinta-feira, 27, os padres que ser\u00e3o transferidos fizeram a Profiss\u00e3o de F\u00e9 e Juramento de Fidelidade perante o Bispo Diocesano de Sobral, Dom Jos\u00e9 Luiz Gomes de Vasconcelos. Sendo eles, os Revmos. Pe. Francisco Edinardo, que ir\u00e1 assumir\u2026","rel":"","context":"In &quot;Atualidade&quot;","block_context":{"text":"Atualidade","link":"https:\/\/correiodasemana.com\/site\/category\/atualidade\/"},"img":{"alt_text":"","src":"https:\/\/i0.wp.com\/correiodasemana.com\/site\/wp-content\/uploads\/2022\/01\/diocese-de-sobral-2.jpg?resize=350%2C200&ssl=1","width":350,"height":200,"srcset":"https:\/\/i0.wp.com\/correiodasemana.com\/site\/wp-content\/uploads\/2022\/01\/diocese-de-sobral-2.jpg?resize=350%2C200&ssl=1 1x, https:\/\/i0.wp.com\/correiodasemana.com\/site\/wp-content\/uploads\/2022\/01\/diocese-de-sobral-2.jpg?resize=525%2C300&ssl=1 1.5x, https:\/\/i0.wp.com\/correiodasemana.com\/site\/wp-content\/uploads\/2022\/01\/diocese-de-sobral-2.jpg?resize=700%2C400&ssl=1 2x"},"classes":[]},{"id":18711,"url":"https:\/\/correiodasemana.com\/site\/seminarista-bruno-araujo-e-ordenado-diacono-em-acarau-ce\/","url_meta":{"origin":18444,"position":4},"title":"Seminarista Bruno Ara\u00fajo, \u00e9 ordenado Di\u00e1cono em Acara\u00fa\/CE","author":"","date":"Janeiro 31, 2022","format":false,"excerpt":"Por Thais Helena (Reda\u00e7\u00e3o Correio da Semana) \u2013 O dia 22 de janeiro, ficou marcado na mem\u00f3ria e no cora\u00e7\u00e3o da Diocese de Sobral por mais uma Ordena\u00e7\u00e3o Diaconal. Desta vez, o seminarista Bruno de Ara\u00fajo Albino Furtado, foi ordenado di\u00e1cono na Matriz de Acara\u00fa\/CE. O bispo diocesano de Sobral,\u2026","rel":"","context":"In &quot;Atualidade&quot;","block_context":{"text":"Atualidade","link":"https:\/\/correiodasemana.com\/site\/category\/atualidade\/"},"img":{"alt_text":"","src":"https:\/\/i0.wp.com\/correiodasemana.com\/site\/wp-content\/uploads\/2022\/01\/novos-diaconos-diocese-de-sobral-6.jpg?resize=350%2C200&ssl=1","width":350,"height":200,"srcset":"https:\/\/i0.wp.com\/correiodasemana.com\/site\/wp-content\/uploads\/2022\/01\/novos-diaconos-diocese-de-sobral-6.jpg?resize=350%2C200&ssl=1 1x, https:\/\/i0.wp.com\/correiodasemana.com\/site\/wp-content\/uploads\/2022\/01\/novos-diaconos-diocese-de-sobral-6.jpg?resize=525%2C300&ssl=1 1.5x, https:\/\/i0.wp.com\/correiodasemana.com\/site\/wp-content\/uploads\/2022\/01\/novos-diaconos-diocese-de-sobral-6.jpg?resize=700%2C400&ssl=1 2x"},"classes":[]},{"id":9748,"url":"https:\/\/correiodasemana.com\/site\/governador-camilo-santana-se-compromete-a-revogar-a-desapropriacao-da-uva\/","url_meta":{"origin":18444,"position":5},"title":"Governador Camilo Santana se compromete a revogar a desapropria\u00e7\u00e3o da UVA","author":"","date":"Novembro 11, 2019","format":false,"excerpt":"Nesta quinta-feira, dia 07 de novembro de 2019 os representantes da Diocese de Sobral estiveram no Pal\u00e1cio da Aboli\u00e7\u00e3o para reuni\u00e3o com o governador do Estado do Cear\u00e1, Camilo Sobreira de Santana. A reuni\u00e3o teve como pauta o pedido da revoga\u00e7\u00e3o do Decreto n\u00ba 33.281, de 23 de setembro de\u2026","rel":"","context":"In &quot;Atualidade&quot;","block_context":{"text":"Atualidade","link":"https:\/\/correiodasemana.com\/site\/category\/atualidade\/"},"img":{"alt_text":"","src":"https:\/\/i0.wp.com\/correiodasemana.com\/site\/wp-content\/uploads\/2019\/11\/foto-capa-principal.jpeg?resize=350%2C200&ssl=1","width":350,"height":200,"srcset":"https:\/\/i0.wp.com\/correiodasemana.com\/site\/wp-content\/uploads\/2019\/11\/foto-capa-principal.jpeg?resize=350%2C200&ssl=1 1x, https:\/\/i0.wp.com\/correiodasemana.com\/site\/wp-content\/uploads\/2019\/11\/foto-capa-principal.jpeg?resize=525%2C300&ssl=1 1.5x, https:\/\/i0.wp.com\/correiodasemana.com\/site\/wp-content\/uploads\/2019\/11\/foto-capa-principal.jpeg?resize=700%2C400&ssl=1 2x, https:\/\/i0.wp.com\/correiodasemana.com\/site\/wp-content\/uploads\/2019\/11\/foto-capa-principal.jpeg?resize=1050%2C600&ssl=1 3x"},"classes":[]}],"jetpack_sharing_enabled":true,"_links":{"self":[{"href":"https:\/\/correiodasemana.com\/site\/wp-json\/wp\/v2\/posts\/18444","targetHints":{"allow":["GET"]}}],"collection":[{"href":"https:\/\/correiodasemana.com\/site\/wp-json\/wp\/v2\/posts"}],"about":[{"href":"https:\/\/correiodasemana.com\/site\/wp-json\/wp\/v2\/types\/post"}],"author":[{"embeddable":true,"href":"https:\/\/correiodasemana.com\/site\/wp-json\/wp\/v2\/users\/1"}],"replies":[{"embeddable":true,"href":"https:\/\/correiodasemana.com\/site\/wp-json\/wp\/v2\/comments?post=18444"}],"version-history":[{"count":1,"href":"https:\/\/correiodasemana.com\/site\/wp-json\/wp\/v2\/posts\/18444\/revisions"}],"predecessor-version":[{"id":18450,"href":"https:\/\/correiodasemana.com\/site\/wp-json\/wp\/v2\/posts\/18444\/revisions\/18450"}],"wp:featuredmedia":[{"embeddable":true,"href":"https:\/\/correiodasemana.com\/site\/wp-json\/wp\/v2\/media\/18449"}],"wp:attachment":[{"href":"https:\/\/correiodasemana.com\/site\/wp-json\/wp\/v2\/media?parent=18444"}],"wp:term":[{"taxonomy":"category","embeddable":true,"href":"https:\/\/correiodasemana.com\/site\/wp-json\/wp\/v2\/categories?post=18444"},{"taxonomy":"post_tag","embeddable":true,"href":"https:\/\/correiodasemana.com\/site\/wp-json\/wp\/v2\/tags?post=18444"}],"curies":[{"name":"wp","href":"https:\/\/api.w.org\/{rel}","templated":true}]}}