{"id":18544,"date":"2022-01-12T17:13:09","date_gmt":"2022-01-12T20:13:09","guid":{"rendered":"https:\/\/correiodasemana.com\/site\/?p=18544"},"modified":"2022-01-12T17:13:09","modified_gmt":"2022-01-12T20:13:09","slug":"insossa-ou-salgada","status":"publish","type":"post","link":"https:\/\/correiodasemana.com\/site\/insossa-ou-salgada\/","title":{"rendered":"Insossa ou salgada"},"content":{"rendered":"<p>O que se escutava dos antepassados e que se traz como experi\u00eancia para a exist\u00eancia \u00e9 que &#8216;em panela que muitos mexem a comida sai insossa ou salgada&#8217;. Muito embora j\u00e1 tenha virado chav\u00e3o, a frase define o modelo torpe como o Brasil vem sendo administrado. Para quem j\u00e1 foi monarquia e rep\u00fablica passar \u00e0 &#8216;casa de m\u00e3e Joana&#8217; causa espanto, estranheza e at\u00e9 inseguran\u00e7a. Acrescente-se ao novo modelo o prov\u00e9rbio portugu\u00eas que diz que &#8216;onde muitos mandam ningu\u00e9m obedece&#8217; e procure tirar conclus\u00f5es.<\/p>\n<p>Ainda \u00e9 incompreens\u00edvel a alquimia que fez com que o STF sa\u00edsse de sua &#8220;caixinha&#8221; e assumisse \u00e0s r\u00e9deas da Na\u00e7\u00e3o, ignorando os poderes constitu\u00eddos e legitimados pela Constitui\u00e7\u00e3o. \u00c9 rid\u00edcula a posi\u00e7\u00e3o do chefe do Executivo e do Legislativo diante de tal fa\u00e7anha. Chega a ser humilhante a submiss\u00e3o a que ambos se submetem. Os ministros do STF travestidos de &#8220;Cavaleiros do Apocalipse&#8221;, ditam regras, burlam princ\u00edpios, ignoram leis e pisam na Constitui\u00e7\u00e3o.<\/p>\n<p>Chefiados pelo ministro Alexandre, a turma do supremo virou o suprassumo da mediocridade, da insensatez e do descalabro, chegando a adotar a seu bel prazer uma r\u00e9plica da famigerada inquisi\u00e7\u00e3o. O descaramento ultrapassa todos os moldes e limites da legalidade. O comportamento do STF, desde quando Bolsonaro assumiu o governo, \u00e9 indecifr\u00e1vel. O poder arbitrado j\u00e1 chega a intimidar a voz das ruas. O pa\u00eds est\u00e1 calado, intimidado e seus filhos sendo presos sem direito a julgamento pr\u00e9vio ou senten\u00e7a determinada.<\/p>\n<p>A panela que cozinhava na trempe Executivo, Legislativo e Judici\u00e1rio, ganhou um novo cozinheiro que, de pronto, se ordenou chefe de cozinha e se fez respons\u00e1vel pelo pir\u00e3o e o cintur\u00e3o. Enquanto isso tudo acontece, as &#8220;for\u00e7as&#8221;, que se diziam reguladoras da harmonia entre os poderes, descansa em ber\u00e7o espl\u00eandido, indiferente ao ponto insosso ou salgado da comida.<\/p>\n<p><strong>Iceberg do Cear\u00e1<\/strong><\/p>\n<p>A Galv\u00e3o Engenharia, alvo de investiga\u00e7\u00e3o por pagamento de propina nas obras do Castel\u00e3o, tamb\u00e9m foi favorecida na constru\u00e7\u00e3o do Centro de Forma\u00e7\u00e3o Ol\u00edmpica. Descobriram, no Cear\u00e1, a ponta do Iceberg que afundou o Titanic.<\/p>\n<p><strong>Sobral \u00e9 doce<\/strong><\/p>\n<p>O crescente n\u00famero de casos que tem sido atribu\u00eddo \u00e0 nova variante \u00d4micron, de alta transmissibilidade, embora de pouca letalidade, tem preocupado aos sobralenses. O temor precoce faz sentido, uma vez que Sobral tem sido o bico doce dos v\u00edrus.<\/p>\n<p><strong>De volta ao aconchego<\/strong><\/p>\n<p>Diante do aumento de casos de Covid-19 no Distrito Federal, o Supremo Tribunal Federal (STF), que tudo pode e em todos manda, permitiu a ado\u00e7\u00e3o do regime de tele trabalho para servidores at\u00e9 o dia 31 de janeiro.<\/p>\n<p><strong>Fundeb para todos<\/strong><\/p>\n<p>Diferente como acontecia em outros governos, o rateio do Fundeb, alcan\u00e7a agora a todos os servidores da Educa\u00e7\u00e3o. O novo modelo trouxe descontentamento para muitos professores, acostumados a repartir o bolo somente na doc\u00eancia. \u00c9 jeito de ser Bolsonaro.<\/p>\n<p><strong>\u00a0<\/strong><strong>Desorientado <\/strong><\/p>\n<p>O vice-prefeito de Fortaleza \u00c9lcio Batista deu uma aula da babaquice ao afirmar que a viol\u00eancia urbana de Fortaleza parte das desaven\u00e7as de vizinhos. Ele precisa ser apresentado \u00e0s fac\u00e7\u00f5es e andar pela periferia para conhecer o outro lado da moeda. Vice \u00e9 vice.<\/p>\n<p><strong>O sil\u00eancio dos Gomes<\/strong><\/p>\n<p>Ainda sob investiga\u00e7\u00e3o e suspei\u00e7\u00e3o, os cabe\u00e7as do cl\u00e3 Ferreira Gomes se mant\u00eam retra\u00eddos, tal qual um peixe quando v\u00ea o anzol e foge para a loca. Pode tudo n\u00e3o dar em nada, mas que eles calaram, calaram.<\/p>\n<p><strong>A briga pela terceira via<\/strong><\/p>\n<p>Mesmo sob a pecha de frouxo, S\u00e9rgio Moro n\u00e3o se mostra disposto a encarar Ciro Gomes num debate. Sem saber o que se passa no mundo das gest\u00f5es, o ex-juiz \u00e9 um c\u00e1gado e Ciro uma piaba.<\/p>\n<p>&nbsp;<\/p>\n<p>&nbsp;<\/p>\n<p>&nbsp;<\/p>\n","protected":false},"excerpt":{"rendered":"<p>O que se escutava dos antepassados e que se traz como experi\u00eancia para a exist\u00eancia&#8230;<\/p>\n","protected":false},"author":1,"featured_media":18545,"comment_status":"open","ping_status":"open","sticky":false,"template":"","format":"standard","meta":{"_jetpack_memberships_contains_paid_content":false,"footnotes":"","jetpack_publicize_message":"","jetpack_publicize_feature_enabled":true,"jetpack_social_post_already_shared":true,"jetpack_social_options":{"image_generator_settings":{"template":"highway","default_image_id":0,"font":"","enabled":false},"version":2}},"categories":[11,32],"tags":[],"class_list":["post-18544","post","type-post","status-publish","format-standard","has-post-thumbnail","hentry","category-artigos","category-destaques"],"jetpack_publicize_connections":[],"jetpack_featured_media_url":"https:\/\/correiodasemana.com\/site\/wp-content\/uploads\/2022\/01\/SILVEIRA-1.jpg","jetpack-related-posts":[{"id":23571,"url":"https:\/\/correiodasemana.com\/site\/brilhe-a-vossa-luz\/","url_meta":{"origin":18544,"position":0},"title":"Brilhe a vossa luz","author":"adminredacao","date":"Fevereiro 14, 2023","format":false,"excerpt":"O padre da par\u00f3quia de minha inf\u00e2ncia falava com frequ\u00eancia que os pais devem dar bom exemplo aos filhos; e o mesmo devem fazer os adultos em rela\u00e7\u00e3o a crian\u00e7as e jovens. Quem ainda est\u00e1 preocupado com isso? \u00c9 corrente o ditado popular: \u201cas palavras comovem; os exemplos movem\u201d. S\u00e3o\u2026","rel":"","context":"In &quot;A voz do Pastor&quot;","block_context":{"text":"A voz do Pastor","link":"https:\/\/correiodasemana.com\/site\/category\/a-voz-do-pastor\/"},"img":{"alt_text":"","src":"https:\/\/i0.wp.com\/correiodasemana.com\/site\/wp-content\/uploads\/2023\/02\/paroquia-de-groairas-2.jpg?resize=350%2C200&ssl=1","width":350,"height":200,"srcset":"https:\/\/i0.wp.com\/correiodasemana.com\/site\/wp-content\/uploads\/2023\/02\/paroquia-de-groairas-2.jpg?resize=350%2C200&ssl=1 1x, https:\/\/i0.wp.com\/correiodasemana.com\/site\/wp-content\/uploads\/2023\/02\/paroquia-de-groairas-2.jpg?resize=525%2C300&ssl=1 1.5x, https:\/\/i0.wp.com\/correiodasemana.com\/site\/wp-content\/uploads\/2023\/02\/paroquia-de-groairas-2.jpg?resize=700%2C400&ssl=1 2x"},"classes":[]},{"id":34211,"url":"https:\/\/correiodasemana.com\/site\/maioria-do-stf-vota-a-favor-da-responsabilizacao-das-redes-sociais\/","url_meta":{"origin":18544,"position":1},"title":"Maioria do STF vota a favor da responsabiliza\u00e7\u00e3o das redes sociais\u00a0","author":"adminredacao","date":"Junho 16, 2025","format":false,"excerpt":"Placar da vota\u00e7\u00e3o \u00e9 de 6 votos a 1 at\u00e9 o momento POR Andr\u00e9 Richter - Rep\u00f3rter da Ag\u00eancia Brasil A maioria dos ministros do Supremo Tribunal Federal (STF) votou nesta quarta-feira (11) a favor da\u00a0responsabiliza\u00e7\u00e3o das plataformas\u00a0que operam as redes sociais pelas postagens ilegais feitas por seus usu\u00e1rios. At\u00e9\u2026","rel":"","context":"In &quot;Atualidade&quot;","block_context":{"text":"Atualidade","link":"https:\/\/correiodasemana.com\/site\/category\/atualidade\/"},"img":{"alt_text":"","src":"https:\/\/i0.wp.com\/correiodasemana.com\/site\/wp-content\/uploads\/2025\/06\/mg_5844_0.webp?resize=350%2C200&ssl=1","width":350,"height":200,"srcset":"https:\/\/i0.wp.com\/correiodasemana.com\/site\/wp-content\/uploads\/2025\/06\/mg_5844_0.webp?resize=350%2C200&ssl=1 1x, https:\/\/i0.wp.com\/correiodasemana.com\/site\/wp-content\/uploads\/2025\/06\/mg_5844_0.webp?resize=525%2C300&ssl=1 1.5x, https:\/\/i0.wp.com\/correiodasemana.com\/site\/wp-content\/uploads\/2025\/06\/mg_5844_0.webp?resize=700%2C400&ssl=1 2x, https:\/\/i0.wp.com\/correiodasemana.com\/site\/wp-content\/uploads\/2025\/06\/mg_5844_0.webp?resize=1050%2C600&ssl=1 3x"},"classes":[]},{"id":10805,"url":"https:\/\/correiodasemana.com\/site\/sal-e-luz\/","url_meta":{"origin":18544,"position":2},"title":"Sal e Luz","author":"","date":"Fevereiro 10, 2020","format":false,"excerpt":"Uma vez conclu\u00edda a etapa do ciclo do Natal, os nossos olhos se voltam para o ciclo pascal que se inicia com a Quaresma. Enquanto isso o tempo comum continua nos alimentar com a liturgia de cada dia e j\u00e1 chegamos ao 5\u00ba domingo desse tempo. A Liturgia tem nos\u2026","rel":"","context":"In &quot;A voz do Pastor&quot;","block_context":{"text":"A voz do Pastor","link":"https:\/\/correiodasemana.com\/site\/category\/a-voz-do-pastor\/"},"img":{"alt_text":"","src":"https:\/\/i0.wp.com\/correiodasemana.com\/site\/wp-content\/uploads\/2019\/12\/homilia-dom-vasconcelos.jpg?resize=350%2C200&ssl=1","width":350,"height":200,"srcset":"https:\/\/i0.wp.com\/correiodasemana.com\/site\/wp-content\/uploads\/2019\/12\/homilia-dom-vasconcelos.jpg?resize=350%2C200&ssl=1 1x, https:\/\/i0.wp.com\/correiodasemana.com\/site\/wp-content\/uploads\/2019\/12\/homilia-dom-vasconcelos.jpg?resize=525%2C300&ssl=1 1.5x, https:\/\/i0.wp.com\/correiodasemana.com\/site\/wp-content\/uploads\/2019\/12\/homilia-dom-vasconcelos.jpg?resize=700%2C400&ssl=1 2x"},"classes":[]},{"id":16724,"url":"https:\/\/correiodasemana.com\/site\/panegiricos-a-santo-antonio-i\/","url_meta":{"origin":18544,"position":3},"title":"PANEG\u00cdRICOS A SANTO ANTONIO I","author":"","date":"Junho 14, 2021","format":false,"excerpt":"Por Matheus Ribeiro, seminarista Se a beleza franciscana fosse pelos modernos escritos considerada em sua ess\u00eancia, haveria de decepcionar-se profundamente os que fazem da hist\u00f3ria do Pai Ser\u00e1fico o sustento de ideias que desfiguram o legado da ordem mendicante. N\u00e3o seria eu faltoso se, no pr\u00f3ximo artigo, valer-me da ocasi\u00e3o\u2026","rel":"","context":"In &quot;Artigos&quot;","block_context":{"text":"Artigos","link":"https:\/\/correiodasemana.com\/site\/category\/artigos\/"},"img":{"alt_text":"","src":"https:\/\/i0.wp.com\/correiodasemana.com\/site\/wp-content\/uploads\/2021\/04\/Matheus-Ribeiro.jpeg?resize=350%2C200&ssl=1","width":350,"height":200,"srcset":"https:\/\/i0.wp.com\/correiodasemana.com\/site\/wp-content\/uploads\/2021\/04\/Matheus-Ribeiro.jpeg?resize=350%2C200&ssl=1 1x, https:\/\/i0.wp.com\/correiodasemana.com\/site\/wp-content\/uploads\/2021\/04\/Matheus-Ribeiro.jpeg?resize=525%2C300&ssl=1 1.5x"},"classes":[]},{"id":16785,"url":"https:\/\/correiodasemana.com\/site\/panegiricos-a-santo-antonio-i-2\/","url_meta":{"origin":18544,"position":4},"title":"PANEG\u00cdRICOS A SANTO ANTONIO I","author":"","date":"Junho 20, 2021","format":false,"excerpt":"Por Matheus Ribeiro, seminarista Se a beleza franciscana fosse pelos modernos escritos considerada em sua ess\u00eancia, haveria de decepcionar-se profundamente os que fazem da hist\u00f3ria do Pai Ser\u00e1fico o sustento de ideias que desfiguram o legado da ordem mendicante. N\u00e3o seria eu faltoso se, no pr\u00f3ximo artigo, valer-me da ocasi\u00e3o\u2026","rel":"","context":"In &quot;Artigos&quot;","block_context":{"text":"Artigos","link":"https:\/\/correiodasemana.com\/site\/category\/artigos\/"},"img":{"alt_text":"","src":"https:\/\/i0.wp.com\/correiodasemana.com\/site\/wp-content\/uploads\/2021\/04\/Matheus-Ribeiro.jpeg?resize=350%2C200&ssl=1","width":350,"height":200,"srcset":"https:\/\/i0.wp.com\/correiodasemana.com\/site\/wp-content\/uploads\/2021\/04\/Matheus-Ribeiro.jpeg?resize=350%2C200&ssl=1 1x, https:\/\/i0.wp.com\/correiodasemana.com\/site\/wp-content\/uploads\/2021\/04\/Matheus-Ribeiro.jpeg?resize=525%2C300&ssl=1 1.5x"},"classes":[]},{"id":19015,"url":"https:\/\/correiodasemana.com\/site\/o-sal-que-nao-salga-a-politica-brasileira\/","url_meta":{"origin":18544,"position":5},"title":"O SAL QUE N\u00c3O SALGA A POL\u00cdTICA BRASILEIRA","author":"","date":"Fevereiro 27, 2022","format":false,"excerpt":"Eudes de Sousa N\u00e3o conhe\u00e7o, mais exemplo que o Serm\u00e3o de Santo Ant\u00f4nio aos Peixes, de Padre Ant\u00f4nio Vieira, se referindo aos moralistas que, por vezes, povoam o nosso pa\u00eds e se al\u00e7am, implac\u00e1veis com o erro, sobre o campo das nossas faltas de verdades em nossa democracia. A advert\u00eancia\u2026","rel":"","context":"In &quot;Artigos&quot;","block_context":{"text":"Artigos","link":"https:\/\/correiodasemana.com\/site\/category\/artigos\/"},"img":{"alt_text":"","src":"https:\/\/i0.wp.com\/correiodasemana.com\/site\/wp-content\/uploads\/2021\/06\/Eudes-Sousa-presidente-da-Academia-Massapeense-de-Letras-e-Artes2.png?resize=350%2C200&ssl=1","width":350,"height":200,"srcset":"https:\/\/i0.wp.com\/correiodasemana.com\/site\/wp-content\/uploads\/2021\/06\/Eudes-Sousa-presidente-da-Academia-Massapeense-de-Letras-e-Artes2.png?resize=350%2C200&ssl=1 1x, https:\/\/i0.wp.com\/correiodasemana.com\/site\/wp-content\/uploads\/2021\/06\/Eudes-Sousa-presidente-da-Academia-Massapeense-de-Letras-e-Artes2.png?resize=525%2C300&ssl=1 1.5x"},"classes":[]}],"jetpack_sharing_enabled":true,"_links":{"self":[{"href":"https:\/\/correiodasemana.com\/site\/wp-json\/wp\/v2\/posts\/18544","targetHints":{"allow":["GET"]}}],"collection":[{"href":"https:\/\/correiodasemana.com\/site\/wp-json\/wp\/v2\/posts"}],"about":[{"href":"https:\/\/correiodasemana.com\/site\/wp-json\/wp\/v2\/types\/post"}],"author":[{"embeddable":true,"href":"https:\/\/correiodasemana.com\/site\/wp-json\/wp\/v2\/users\/1"}],"replies":[{"embeddable":true,"href":"https:\/\/correiodasemana.com\/site\/wp-json\/wp\/v2\/comments?post=18544"}],"version-history":[{"count":1,"href":"https:\/\/correiodasemana.com\/site\/wp-json\/wp\/v2\/posts\/18544\/revisions"}],"predecessor-version":[{"id":18546,"href":"https:\/\/correiodasemana.com\/site\/wp-json\/wp\/v2\/posts\/18544\/revisions\/18546"}],"wp:featuredmedia":[{"embeddable":true,"href":"https:\/\/correiodasemana.com\/site\/wp-json\/wp\/v2\/media\/18545"}],"wp:attachment":[{"href":"https:\/\/correiodasemana.com\/site\/wp-json\/wp\/v2\/media?parent=18544"}],"wp:term":[{"taxonomy":"category","embeddable":true,"href":"https:\/\/correiodasemana.com\/site\/wp-json\/wp\/v2\/categories?post=18544"},{"taxonomy":"post_tag","embeddable":true,"href":"https:\/\/correiodasemana.com\/site\/wp-json\/wp\/v2\/tags?post=18544"}],"curies":[{"name":"wp","href":"https:\/\/api.w.org\/{rel}","templated":true}]}}