{"id":18547,"date":"2022-01-16T23:16:13","date_gmt":"2022-01-17T02:16:13","guid":{"rendered":"https:\/\/correiodasemana.com\/site\/?p=18547"},"modified":"2022-01-16T23:16:13","modified_gmt":"2022-01-17T02:16:13","slug":"sociedade","status":"publish","type":"post","link":"https:\/\/correiodasemana.com\/site\/sociedade\/","title":{"rendered":"Sociedade"},"content":{"rendered":"<p><strong><img decoding=\"async\" class=\"wp-image-18550 alignright\" src=\"https:\/\/correiodasemana.com\/site\/wp-content\/uploads\/2022\/01\/Pe.-Magalhaes-4-2021_12_21-15_19_14-UTC-249x300.jpg\" alt=\"\" width=\"90\" height=\"108\" srcset=\"https:\/\/correiodasemana.com\/site\/wp-content\/uploads\/2022\/01\/Pe.-Magalhaes-4-2021_12_21-15_19_14-UTC-249x300.jpg 249w, https:\/\/correiodasemana.com\/site\/wp-content\/uploads\/2022\/01\/Pe.-Magalhaes-4-2021_12_21-15_19_14-UTC-848x1024.jpg 848w, https:\/\/correiodasemana.com\/site\/wp-content\/uploads\/2022\/01\/Pe.-Magalhaes-4-2021_12_21-15_19_14-UTC-768x927.jpg 768w, https:\/\/correiodasemana.com\/site\/wp-content\/uploads\/2022\/01\/Pe.-Magalhaes-4-2021_12_21-15_19_14-UTC-1273x1536.jpg 1273w, https:\/\/correiodasemana.com\/site\/wp-content\/uploads\/2022\/01\/Pe.-Magalhaes-4-2021_12_21-15_19_14-UTC-1024x1236.jpg 1024w, https:\/\/correiodasemana.com\/site\/wp-content\/uploads\/2022\/01\/Pe.-Magalhaes-4-2021_12_21-15_19_14-UTC.jpg 1560w\" sizes=\"(max-width: 90px) 100vw, 90px\" \/>Pe. Francisco Alves Magalh\u00e3es<\/strong><br \/>\n<strong>Assessor do Regional NE1 &#8211; CNBB<\/strong><br \/>\nFeliz Anivers\u00e1rio para o nosso querido Pe. Magalh\u00e3es que celebrou seu anivers\u00e1rio natal\u00edcio na ter\u00e7a-feira, dia 12 de janeiro. Muitas pessoas o felicitaram e demonstraram carinho por este grande homem de Deus e sacerdote. Alegria e paz, e que o Senhor o aben\u00e7oe. Parab\u00e9ns!<\/p>\n<p><strong><img decoding=\"async\" class=\"alignleft  wp-image-18553\" src=\"https:\/\/correiodasemana.com\/site\/wp-content\/uploads\/2022\/01\/Padre-Lucione-Queiroz-300x202.png\" alt=\"\" width=\"132\" height=\"89\" srcset=\"https:\/\/correiodasemana.com\/site\/wp-content\/uploads\/2022\/01\/Padre-Lucione-Queiroz-300x202.png 300w, https:\/\/correiodasemana.com\/site\/wp-content\/uploads\/2022\/01\/Padre-Lucione-Queiroz-768x516.png 768w, https:\/\/correiodasemana.com\/site\/wp-content\/uploads\/2022\/01\/Padre-Lucione-Queiroz.png 780w\" sizes=\"(max-width: 132px) 100vw, 132px\" \/>Pe. Jos\u00e9 Lucione Queiroz Holanda\u2063<\/strong><br \/>\n<strong>Administrador Paroquial &#8211; Nossa Senhora do Perp\u00e9tuo Socorro em Alc\u00e2ntaras\/CE<\/strong><br \/>\nNo dia 10 tamb\u00e9m celebramos o dom da vida do Revmo. Pe. Lucione Queiroz. Que o Senhor o conceda sa\u00fade, e muitas ben\u00e7\u00e3os. Agrade\u00e7o a Deus pelo dom de sua vida e sacerd\u00f3cio! Feliz Anivers\u00e1rio! Feliz Anivers\u00e1rio!<\/p>\n<p><strong><img decoding=\"async\" class=\"wp-image-18552 alignright\" src=\"https:\/\/correiodasemana.com\/site\/wp-content\/uploads\/2022\/01\/Padre-Joao-Paulo-241x300.png\" alt=\"\" width=\"107\" height=\"133\" srcset=\"https:\/\/correiodasemana.com\/site\/wp-content\/uploads\/2022\/01\/Padre-Joao-Paulo-241x300.png 241w, https:\/\/correiodasemana.com\/site\/wp-content\/uploads\/2022\/01\/Padre-Joao-Paulo.png 448w\" sizes=\"(max-width: 107px) 100vw, 107px\" \/>Pe. Jo\u00e3o Paulo Aguiar Bezerra<\/strong><br \/>\n<strong>Par\u00f3quia N. Sra. Da Concei\u00e7\u00e3o &#8211; S\u00c9 Catedral de Sobral<\/strong><br \/>\nCom muito carinho louvo e agrade\u00e7o a Deus pelo dom da vida do Revmo. Pe. Jo\u00e3o Paulo, meu querido P\u00e1roco que comemorou mais um anivers\u00e1rio nesta segunda, dia 10. Apesar de sua aus\u00eancia devido as f\u00e9rias, todos os seus paroquianos e amigos comemoraram e rezaram por sua inten\u00e7\u00e3o neste dia festivo. Os nossos votos s\u00e3o de sa\u00fade, felicidade e paz! P\u00e1roco<\/p>\n<p><strong><img loading=\"lazy\" decoding=\"async\" class=\"alignleft  wp-image-18548\" src=\"https:\/\/correiodasemana.com\/site\/wp-content\/uploads\/2022\/01\/Padre-Expedito-300x200.jpeg\" alt=\"\" width=\"149\" height=\"99\" srcset=\"https:\/\/correiodasemana.com\/site\/wp-content\/uploads\/2022\/01\/Padre-Expedito-300x200.jpeg 300w, https:\/\/correiodasemana.com\/site\/wp-content\/uploads\/2022\/01\/Padre-Expedito-1024x682.jpeg 1024w, https:\/\/correiodasemana.com\/site\/wp-content\/uploads\/2022\/01\/Padre-Expedito-768x512.jpeg 768w, https:\/\/correiodasemana.com\/site\/wp-content\/uploads\/2022\/01\/Padre-Expedito.jpeg 1280w\" sizes=\"(max-width: 149px) 100vw, 149px\" \/>Pe. Espedito Odilon<\/strong><br \/>\n<strong>Vig\u00e1rio Paroquial &#8211; Par\u00f3quia S\u00e3o Manuel em Marco\/CE<\/strong><br \/>\nO Revmo. Pe. Espedito Odilon, celebrou seu anivers\u00e1rio natal\u00edcio no \u00faltimo s\u00e1bado dia 08 de janeiro. A Celebra\u00e7\u00e3o que marcou a data do seu anivers\u00e1rio foi em sua Par\u00f3quia, no Marco com a presen\u00e7a dos paroquianos e amigos. Nos alegramos pelo dom da sua vida e sacerd\u00f3cio em nosso meio, e desejamos os nossos sinceros votos de sa\u00fade e felicidade. Que Deus o aben\u00e7oe hoje e sempre!<\/p>\n<p><strong><img loading=\"lazy\" decoding=\"async\" class=\"wp-image-18551 alignright\" src=\"https:\/\/correiodasemana.com\/site\/wp-content\/uploads\/2022\/01\/Pe.-Severino-4-2021_12_21-15_19_14-UTC-283x300.jpg\" alt=\"\" width=\"98\" height=\"104\" srcset=\"https:\/\/correiodasemana.com\/site\/wp-content\/uploads\/2022\/01\/Pe.-Severino-4-2021_12_21-15_19_14-UTC-283x300.jpg 283w, https:\/\/correiodasemana.com\/site\/wp-content\/uploads\/2022\/01\/Pe.-Severino-4-2021_12_21-15_19_14-UTC.jpg 437w\" sizes=\"(max-width: 98px) 100vw, 98px\" \/>Pe. Severino Dias<\/strong><br \/>\n<strong>P\u00e1roco da Par\u00f3quia S\u00e3o Jo\u00e3o &#8211; Arana\u00fa\/CE<\/strong><br \/>\nTamb\u00e9m celebrou seu anivers\u00e1rio natal\u00edcio o Revmo. Pe. Severino, neste dia 8 de janeiro. O parabenizamos por todos esses anos bem vividos e celebrados com alegria.<br \/>\nQue todo dia seja um dia prop\u00edcio a comemorar&#8230; Felicidades!<\/p>\n<p><strong><img loading=\"lazy\" decoding=\"async\" class=\"alignleft  wp-image-18549\" src=\"https:\/\/correiodasemana.com\/site\/wp-content\/uploads\/2022\/01\/Candido-Parente-300x300.jpg\" alt=\"\" width=\"143\" height=\"143\" srcset=\"https:\/\/correiodasemana.com\/site\/wp-content\/uploads\/2022\/01\/Candido-Parente-300x300.jpg 300w, https:\/\/correiodasemana.com\/site\/wp-content\/uploads\/2022\/01\/Candido-Parente-150x150.jpg 150w, https:\/\/correiodasemana.com\/site\/wp-content\/uploads\/2022\/01\/Candido-Parente.jpg 640w\" sizes=\"(max-width: 143px) 100vw, 143px\" \/>Candido Parente Aguiar<\/strong><br \/>\n<strong>Consagrado da Comunidade Cat\u00f3lica Rainha da Paz e Corretor de Im\u00f3veis<\/strong><br \/>\nQuem comemorou mais um anivers\u00e1rio com as gra\u00e7as de Deus, no dia 08 de janeiro, foi o querido Candido Parente Aguiar. Com muita estima e apre\u00e7o agradecemos por todo carinho e dedica\u00e7\u00e3o a Diocese de Sobral e a nossa igreja particular. Desejamos que as ben\u00e7\u00e3os de Deus recaiam sobre voc\u00ea e que a Virgem Maria interceda por suas maiores necessidades. S\u00e3o os votos do Jornal Correio da Semana.<\/p>\n","protected":false},"excerpt":{"rendered":"<p>Pe. Francisco Alves Magalh\u00e3es Assessor do Regional NE1 &#8211; CNBB Feliz Anivers\u00e1rio para o nosso&#8230;<\/p>\n","protected":false},"author":1,"featured_media":18554,"comment_status":"open","ping_status":"open","sticky":false,"template":"","format":"standard","meta":{"_jetpack_memberships_contains_paid_content":false,"footnotes":"","jetpack_publicize_message":"","jetpack_publicize_feature_enabled":true,"jetpack_social_post_already_shared":true,"jetpack_social_options":{"image_generator_settings":{"template":"highway","default_image_id":0,"font":"","enabled":false},"version":2}},"categories":[84],"tags":[],"class_list":["post-18547","post","type-post","status-publish","format-standard","has-post-thumbnail","hentry","category-sociedade"],"jetpack_publicize_connections":[],"jetpack_featured_media_url":"https:\/\/correiodasemana.com\/site\/wp-content\/uploads\/2022\/01\/correio-da-semana-sociedade_Prancheta-1.png","jetpack-related-posts":[{"id":27156,"url":"https:\/\/correiodasemana.com\/site\/27156-2\/","url_meta":{"origin":18547,"position":0},"title":"O mun\u00edcipio de Alc\u00e2ntaras ficou\u2026","author":"adminredacao","date":"Novembro 6, 2023","format":false,"excerpt":"O mun\u00edcipio de Alc\u00e2ntaras ficou pequeno para acolher os mais de dois mil jovens que vieram das quatro regi\u00f5es episcopais do territ\u00f3rio diocesano para o Dia Nacional da Juventude 2023 no dia 28 de outubro. A par\u00f3quia de Nossa Senhora do Perp\u00e9tuo Socorro foi a anfitri\u00e3, e contou com a\u2026","rel":"","context":"In &quot;Atualidade&quot;","block_context":{"text":"Atualidade","link":"https:\/\/correiodasemana.com\/site\/category\/atualidade\/"},"img":{"alt_text":"","src":"https:\/\/i0.wp.com\/correiodasemana.com\/site\/wp-content\/uploads\/2023\/11\/DSC7455-scaled.jpg?resize=350%2C200&ssl=1","width":350,"height":200,"srcset":"https:\/\/i0.wp.com\/correiodasemana.com\/site\/wp-content\/uploads\/2023\/11\/DSC7455-scaled.jpg?resize=350%2C200&ssl=1 1x, https:\/\/i0.wp.com\/correiodasemana.com\/site\/wp-content\/uploads\/2023\/11\/DSC7455-scaled.jpg?resize=525%2C300&ssl=1 1.5x, https:\/\/i0.wp.com\/correiodasemana.com\/site\/wp-content\/uploads\/2023\/11\/DSC7455-scaled.jpg?resize=700%2C400&ssl=1 2x, https:\/\/i0.wp.com\/correiodasemana.com\/site\/wp-content\/uploads\/2023\/11\/DSC7455-scaled.jpg?resize=1050%2C600&ssl=1 3x, https:\/\/i0.wp.com\/correiodasemana.com\/site\/wp-content\/uploads\/2023\/11\/DSC7455-scaled.jpg?resize=1400%2C800&ssl=1 4x"},"classes":[]},{"id":19598,"url":"https:\/\/correiodasemana.com\/site\/sociedade-9\/","url_meta":{"origin":18547,"position":1},"title":"Sociedade","author":"","date":"Abril 24, 2022","format":false,"excerpt":"18\/04 \u2013 Dom Odelir Magri: Que grande alegria celebrar o anivers\u00e1rio natal\u00edcio de nosso 6\u00ba Bispo, Dom Odelir. O desejamos uma vida repleta de b\u00ean\u00e7\u00e3os, muita paz e amor. Feliz Anivers\u00e1rio! 19\/04 \u2013 Pe. Ronaldo Marques (Par\u00f3quia de IPU): Somos gratos a Deus por fazermos parte de sua vida e\u2026","rel":"","context":"In &quot;Artigos&quot;","block_context":{"text":"Artigos","link":"https:\/\/correiodasemana.com\/site\/category\/artigos\/"},"img":{"alt_text":"","src":"https:\/\/i0.wp.com\/correiodasemana.com\/site\/wp-content\/uploads\/2022\/01\/correio-da-semana-sociedade_Prancheta-1.png?resize=350%2C200&ssl=1","width":350,"height":200},"classes":[]},{"id":19033,"url":"https:\/\/correiodasemana.com\/site\/sociedade-4\/","url_meta":{"origin":18547,"position":2},"title":"Sociedade","author":"","date":"Fevereiro 27, 2022","format":false,"excerpt":"20 de Fevereiro - Pe. Zen\u00f3bio Gomes \u2013 Anivers\u00e1rio Natal\u00edcio Agradecemos a Deus pelo dom da vida do estimado Pe. Zen\u00f3bio, assim como pela sua voca\u00e7\u00e3o. Que Deus nosso Senhor o aben\u00e7oe abundantemente pelas m\u00e3os de Maria Sant\u00edssima. Feliz Anivers\u00e1rio! \u00a0 \u00a0 23 de Fevereiro - Jo\u00e3o Vitor \u2013 Semin\u00e1rio\u2026","rel":"","context":"In &quot;Artigos&quot;","block_context":{"text":"Artigos","link":"https:\/\/correiodasemana.com\/site\/category\/artigos\/"},"img":{"alt_text":"","src":"https:\/\/i0.wp.com\/correiodasemana.com\/site\/wp-content\/uploads\/2022\/01\/correio-da-semana-sociedade_Prancheta-1.png?resize=350%2C200&ssl=1","width":350,"height":200},"classes":[]},{"id":20191,"url":"https:\/\/correiodasemana.com\/site\/sociedade-14\/","url_meta":{"origin":18547,"position":3},"title":"Sociedade","author":"","date":"Junho 19, 2022","format":false,"excerpt":"14.06 \u2013 Pe. Jos\u00e9 Maur\u00edlio (Anivers\u00e1rio Natal\u00edcio) Neste dia especial damos gra\u00e7as a Deus por sua vida e pedimos a ele que com intercess\u00e3o da Virgem Maria derrame muitas b\u00ean\u00e7\u00e3os sobre sua miss\u00e3o. Feliz Anivers\u00e1rio! \u00a0 15.06 \u2013 Marcos de Lima Que a sabedoria conquistada nos \u00faltimos anos seja apenas\u2026","rel":"","context":"In &quot;Artigos&quot;","block_context":{"text":"Artigos","link":"https:\/\/correiodasemana.com\/site\/category\/artigos\/"},"img":{"alt_text":"","src":"https:\/\/i0.wp.com\/correiodasemana.com\/site\/wp-content\/uploads\/2022\/01\/correio-da-semana-sociedade_Prancheta-1.png?resize=350%2C200&ssl=1","width":350,"height":200},"classes":[]},{"id":18616,"url":"https:\/\/correiodasemana.com\/site\/sociedade-2\/","url_meta":{"origin":18547,"position":4},"title":"Sociedade","author":"","date":"Janeiro 24, 2022","format":false,"excerpt":"14 de janeiro: Ao Revmo. Pe. \u00cdtalo Arcanjo, desejamos que todos os dias de sua vida sejam preenchidos com muito amor, paz, e infinitas b\u00ean\u00e7\u00e3os. Que a luz de Cristo continue a iluminar os seus caminhos! Feliz Anivers\u00e1rio! Pe. Raimundo \u00cdtalo Arcanjo de Sousa \u00a0 18 de janeiro: Neste dia\u2026","rel":"","context":"In &quot;Artigos&quot;","block_context":{"text":"Artigos","link":"https:\/\/correiodasemana.com\/site\/category\/artigos\/"},"img":{"alt_text":"","src":"https:\/\/i0.wp.com\/correiodasemana.com\/site\/wp-content\/uploads\/2022\/01\/correio-da-semana-sociedade_Prancheta-1.png?resize=350%2C200&ssl=1","width":350,"height":200},"classes":[]},{"id":10187,"url":"https:\/\/correiodasemana.com\/site\/missa-e-novena-em-honra-a-nossa-senhora-da-conceicao-padroeira-de-sobral\/","url_meta":{"origin":18547,"position":5},"title":"Missa e Novena em honra \u00e0 Nossa Senhora da Concei\u00e7\u00e3o, Padroeira de Sobral","author":"","date":"Dezembro 16, 2019","format":false,"excerpt":"Aconteceu no domingo (8), a novena e santa missa para encerrar os festejos em honra \u00e0 Nossa Senhora da Concei\u00e7\u00e3o. As missas aconteceram \u00e0s 9h e 16h, presididas pelo bispo diocesano Dom Jos\u00e9 Luiz Gomes de Vasconcelos e concelebradas pelo P\u00e1roco da Catedral, Padre Lucione Queiroz, Vig\u00e1rio Paroquial, Herlandino Sampaio,\u2026","rel":"","context":"In &quot;Diocese&quot;","block_context":{"text":"Diocese","link":"https:\/\/correiodasemana.com\/site\/category\/diocese\/"},"img":{"alt_text":"","src":"https:\/\/i0.wp.com\/correiodasemana.com\/site\/wp-content\/uploads\/2019\/12\/homilia-dom-vasconcelos.jpg?resize=350%2C200&ssl=1","width":350,"height":200,"srcset":"https:\/\/i0.wp.com\/correiodasemana.com\/site\/wp-content\/uploads\/2019\/12\/homilia-dom-vasconcelos.jpg?resize=350%2C200&ssl=1 1x, https:\/\/i0.wp.com\/correiodasemana.com\/site\/wp-content\/uploads\/2019\/12\/homilia-dom-vasconcelos.jpg?resize=525%2C300&ssl=1 1.5x, https:\/\/i0.wp.com\/correiodasemana.com\/site\/wp-content\/uploads\/2019\/12\/homilia-dom-vasconcelos.jpg?resize=700%2C400&ssl=1 2x"},"classes":[]}],"jetpack_sharing_enabled":true,"_links":{"self":[{"href":"https:\/\/correiodasemana.com\/site\/wp-json\/wp\/v2\/posts\/18547","targetHints":{"allow":["GET"]}}],"collection":[{"href":"https:\/\/correiodasemana.com\/site\/wp-json\/wp\/v2\/posts"}],"about":[{"href":"https:\/\/correiodasemana.com\/site\/wp-json\/wp\/v2\/types\/post"}],"author":[{"embeddable":true,"href":"https:\/\/correiodasemana.com\/site\/wp-json\/wp\/v2\/users\/1"}],"replies":[{"embeddable":true,"href":"https:\/\/correiodasemana.com\/site\/wp-json\/wp\/v2\/comments?post=18547"}],"version-history":[{"count":1,"href":"https:\/\/correiodasemana.com\/site\/wp-json\/wp\/v2\/posts\/18547\/revisions"}],"predecessor-version":[{"id":18555,"href":"https:\/\/correiodasemana.com\/site\/wp-json\/wp\/v2\/posts\/18547\/revisions\/18555"}],"wp:featuredmedia":[{"embeddable":true,"href":"https:\/\/correiodasemana.com\/site\/wp-json\/wp\/v2\/media\/18554"}],"wp:attachment":[{"href":"https:\/\/correiodasemana.com\/site\/wp-json\/wp\/v2\/media?parent=18547"}],"wp:term":[{"taxonomy":"category","embeddable":true,"href":"https:\/\/correiodasemana.com\/site\/wp-json\/wp\/v2\/categories?post=18547"},{"taxonomy":"post_tag","embeddable":true,"href":"https:\/\/correiodasemana.com\/site\/wp-json\/wp\/v2\/tags?post=18547"}],"curies":[{"name":"wp","href":"https:\/\/api.w.org\/{rel}","templated":true}]}}