{"id":18676,"date":"2022-01-24T02:17:40","date_gmt":"2022-01-24T05:17:40","guid":{"rendered":"https:\/\/correiodasemana.com\/site\/?p=18676"},"modified":"2022-01-24T02:17:40","modified_gmt":"2022-01-24T05:17:40","slug":"sobral-conta-com-uma-unidade-de-testes-gratuitas-para-covid-19","status":"publish","type":"post","link":"https:\/\/correiodasemana.com\/site\/sobral-conta-com-uma-unidade-de-testes-gratuitas-para-covid-19\/","title":{"rendered":"Sobral conta com uma unidade de testes gratuitas para Covid-19"},"content":{"rendered":"<p>Por Samuel Carvalho<br \/>\nReda\u00e7\u00e3o Correio da Semana<\/p>\n<p>Desde a \u00faltima quarta-feira (19), a Secretaria da Sa\u00fade (Sesa), em parceria com o Servi\u00e7o Social do Com\u00e9rcio (Sesc), ampliou para 20 o n\u00famero de Centros de Testagem gratuita para Covid-19, distribu\u00eddos em 11 cidades, incluindo Sobral. A quantidade de equipamentos j\u00e1 havia sido dobrada no in\u00edcio deste m\u00eas que anunciou mais 8 unidades essa semana.<br \/>\nOs novos Centros de Testagem v\u00e3o funcionar em unidades do Sesc nos munic\u00edpios de Crato e Ibiapina (a partir desta quarta); Fortaleza, Crate\u00fas e Iguatu (a partir desta quinta-feira); Quixeramobim (a partir desta sexta-feira); Aracati e S\u00e3o Gon\u00e7alo do Amarante (a partir de segunda-feira, 24). O servi\u00e7o funciona por agendamento na plataforma Sa\u00fade Digital. Em Sobral \u00e9 poss\u00edvel fazer a testagem no Sesi Sobral, localizado na Av. Dr. Jos\u00e9 Arimath\u00e9a Monte e Silva, 1003, Centro.<br \/>\nA amplia\u00e7\u00e3o da testagem \u00e9 uma das medidas necess\u00e1rias para frear o avan\u00e7o da Covid-19 no Cear\u00e1. Neste in\u00edcio de 2022, a positividade de casos vem crescendo em decorr\u00eancia da transmiss\u00e3o da variante \u00d4micron e, simultaneamente, de epidemia de influenza A H3N2, s\u00edndrome com sintomas que se confundem com os da Covid-19, informou a Sesa.<br \/>\nPara agendar o teste gratuito de Covid-19, \u00e9 necess\u00e1rio se cadastrar na plataforma Sa\u00fade Digital, na op\u00e7\u00e3o Testagem CT Rede Sesi\/Sesc. O agendamento estar\u00e1 liberado \u00e0s segundas e quintas-feiras para os dias subsequentes. Ap\u00f3s o registro completo e validado por e-mail, o paciente escolhe o endere\u00e7o e marca o dia e hor\u00e1rio do teste.<br \/>\nAl\u00e9m dos novos Centros de Testagens, os novos equipamentos de testagem no estado do Cear\u00e1 contam unidades em Fortaleza e Juazeiro do Norte, nos locais j\u00e1 divulgados para a popula\u00e7\u00e3o. Em Juazeiro, no CT para Viajantes no Aeroporto de Juazeiro do Norte com exclusividade para passageiros em desembarque. Em Fortaleza, CT para Viajantes na Rodovi\u00e1ria de Fortaleza (Terminal Rodovi\u00e1rio Engenheiro Jo\u00e3o Thom\u00e9) e no Aeroporto Internacional de Fortaleza com exclusividade para passageiros em desembarque. Na capital tamb\u00e9m \u00e9 possivel encontrar CTs no Drive-thru do RioMar Kennedy, Drive-thru do HGF e no Hotel Excelsior lozalizado na Pra\u00e7a do Ferreira.<\/p>\n","protected":false},"excerpt":{"rendered":"<p>Por Samuel Carvalho Reda\u00e7\u00e3o Correio da Semana Desde a \u00faltima quarta-feira (19), a Secretaria da&#8230;<\/p>\n","protected":false},"author":1,"featured_media":18677,"comment_status":"open","ping_status":"open","sticky":false,"template":"","format":"standard","meta":{"_jetpack_memberships_contains_paid_content":false,"footnotes":"","jetpack_publicize_message":"","jetpack_publicize_feature_enabled":true,"jetpack_social_post_already_shared":true,"jetpack_social_options":{"image_generator_settings":{"template":"highway","default_image_id":0,"font":"","enabled":false},"version":2}},"categories":[1],"tags":[],"class_list":["post-18676","post","type-post","status-publish","format-standard","has-post-thumbnail","hentry","category-atualidade"],"jetpack_publicize_connections":[],"jetpack_featured_media_url":"https:\/\/correiodasemana.com\/site\/wp-content\/uploads\/2022\/01\/teste.coronavirus-1.jpg","jetpack-related-posts":[{"id":20356,"url":"https:\/\/correiodasemana.com\/site\/unidade-movel-de-testagem-da-covid-19-inicia-atendimento\/","url_meta":{"origin":18676,"position":0},"title":"Unidade M\u00f3vel de Testagem  da Covid-19 inicia atendimento","author":"","date":"Julho 11, 2022","format":false,"excerpt":"Os testes devem ser agendados online Desde quarta-feira (06\/07), uma Unidade M\u00f3vel de Testagem para realiza\u00e7\u00e3o de exames de detec\u00e7\u00e3o da Covid-19 est\u00e1 na Prefeitura de Sobral realizando testes em pessoas sintom\u00e1ticas que tenham realizado o agendamento. A unidade funcionar\u00e1 das 8h \u00e0s 12h e das 14h \u00e0s 17h. O\u2026","rel":"","context":"In &quot;Atualidade&quot;","block_context":{"text":"Atualidade","link":"https:\/\/correiodasemana.com\/site\/category\/atualidade\/"},"img":{"alt_text":"","src":"https:\/\/i0.wp.com\/correiodasemana.com\/site\/wp-content\/uploads\/2022\/07\/26937b72-e430-41e9-bae2-ca6c9b6f8672.jpg?resize=350%2C200&ssl=1","width":350,"height":200,"srcset":"https:\/\/i0.wp.com\/correiodasemana.com\/site\/wp-content\/uploads\/2022\/07\/26937b72-e430-41e9-bae2-ca6c9b6f8672.jpg?resize=350%2C200&ssl=1 1x, https:\/\/i0.wp.com\/correiodasemana.com\/site\/wp-content\/uploads\/2022\/07\/26937b72-e430-41e9-bae2-ca6c9b6f8672.jpg?resize=525%2C300&ssl=1 1.5x, https:\/\/i0.wp.com\/correiodasemana.com\/site\/wp-content\/uploads\/2022\/07\/26937b72-e430-41e9-bae2-ca6c9b6f8672.jpg?resize=700%2C400&ssl=1 2x, https:\/\/i0.wp.com\/correiodasemana.com\/site\/wp-content\/uploads\/2022\/07\/26937b72-e430-41e9-bae2-ca6c9b6f8672.jpg?resize=1050%2C600&ssl=1 3x"},"classes":[]},{"id":14533,"url":"https:\/\/correiodasemana.com\/site\/ceara-realiza-mais-de-um-milhao-de-testes-para-covid-19-em-oito-meses-de-pandemia\/","url_meta":{"origin":18676,"position":1},"title":"Cear\u00e1 realiza mais de um milh\u00e3o de testes para Covid-19 em oito meses de pandemia","author":"","date":"Novembro 16, 2020","format":false,"excerpt":"\u2022 Estado do Cear\u00e1 j\u00e1 testou mais de um milh\u00e3o de pessoas para o novo coronav\u00edrus. Foto: Reprodu\u00e7\u00e3o. O Cear\u00e1 atingiu a marca de mais de um milh\u00e3o de testes realizados para Covid-19 em oito meses de pandemia. As unidades administradas pela Secretaria da Sa\u00fade do Estado (Sesa) lideram a\u2026","rel":"","context":"In &quot;Atualidade&quot;","block_context":{"text":"Atualidade","link":"https:\/\/correiodasemana.com\/site\/category\/atualidade\/"},"img":{"alt_text":"","src":"https:\/\/i0.wp.com\/correiodasemana.com\/site\/wp-content\/uploads\/2020\/11\/teste.coronavirus-1.jpg?resize=350%2C200&ssl=1","width":350,"height":200,"srcset":"https:\/\/i0.wp.com\/correiodasemana.com\/site\/wp-content\/uploads\/2020\/11\/teste.coronavirus-1.jpg?resize=350%2C200&ssl=1 1x, https:\/\/i0.wp.com\/correiodasemana.com\/site\/wp-content\/uploads\/2020\/11\/teste.coronavirus-1.jpg?resize=525%2C300&ssl=1 1.5x, https:\/\/i0.wp.com\/correiodasemana.com\/site\/wp-content\/uploads\/2020\/11\/teste.coronavirus-1.jpg?resize=700%2C400&ssl=1 2x"},"classes":[]},{"id":17433,"url":"https:\/\/correiodasemana.com\/site\/ceara-registra-primeira-morte-por-variante-delta-do-coronavirus-vitima-nao-estava-vacinada\/","url_meta":{"origin":18676,"position":2},"title":"Cear\u00e1 registra primeira morte por variante delta do coronav\u00edrus; v\u00edtima n\u00e3o estava vacinada","author":"","date":"Setembro 6, 2021","format":false,"excerpt":"Por Samuel Carvalho Reda\u00e7\u00e3o Correio da Semana A secretaria de sa\u00fade do Estado do Cear\u00e1 (Sesa) informou na \u00faltima ter\u00e7a-feira (31) o \u00f3bito de um paciente em Fortaleza por complica\u00e7\u00f5es da variante delta da covid-19 o \u00faltimo domingo (29). O homem tinha 45 anos, com quadro de obesidade e de\u2026","rel":"","context":"In &quot;Atualidade&quot;","block_context":{"text":"Atualidade","link":"https:\/\/correiodasemana.com\/site\/category\/atualidade\/"},"img":{"alt_text":"","src":"https:\/\/i0.wp.com\/correiodasemana.com\/site\/wp-content\/uploads\/2021\/09\/000_9e38rz-9364463.jpg?resize=350%2C200&ssl=1","width":350,"height":200,"srcset":"https:\/\/i0.wp.com\/correiodasemana.com\/site\/wp-content\/uploads\/2021\/09\/000_9e38rz-9364463.jpg?resize=350%2C200&ssl=1 1x, https:\/\/i0.wp.com\/correiodasemana.com\/site\/wp-content\/uploads\/2021\/09\/000_9e38rz-9364463.jpg?resize=525%2C300&ssl=1 1.5x, https:\/\/i0.wp.com\/correiodasemana.com\/site\/wp-content\/uploads\/2021\/09\/000_9e38rz-9364463.jpg?resize=700%2C400&ssl=1 2x"},"classes":[]},{"id":17312,"url":"https:\/\/correiodasemana.com\/site\/ceara-registra-primeiro-caso-de-cepa-da-variante-alfa-da-covid-19-estado-ja-possui-43-casos-da-variante-delta-com-relatos-em-sobral\/","url_meta":{"origin":18676,"position":3},"title":"Cear\u00e1 registra primeiro caso de cepa da variante alfa da COVID-19; Estado j\u00e1 possui 43 casos da variante delta, com relatos em Sobral","author":"","date":"Agosto 23, 2021","format":false,"excerpt":"Por Samuel Carvalho Reda\u00e7\u00e3o Correio da Semana A Secretaria Estadual da Sa\u00fade (Sesa) informou na \u00faltima quarta-feira (18), que o estado do Cear\u00e1 j\u00e1 tem 43 casos da variante Delta do coronav\u00edrus confirmados, al\u00e9m do primeiro caso de cepa oriunda do Reino Unido. O paciente com a cepa alfa foi\u2026","rel":"","context":"In &quot;Atualidade&quot;","block_context":{"text":"Atualidade","link":"https:\/\/correiodasemana.com\/site\/category\/atualidade\/"},"img":{"alt_text":"","src":"https:\/\/i0.wp.com\/correiodasemana.com\/site\/wp-content\/uploads\/2021\/08\/image_processing20210226-1558-toor5v.jpeg?resize=350%2C200&ssl=1","width":350,"height":200},"classes":[]},{"id":22356,"url":"https:\/\/correiodasemana.com\/site\/sobral-e-a-unica-cidade-do-nordeste-certificada-por-eliminacao-da-transmissao-vertical-do-hiv\/","url_meta":{"origin":18676,"position":4},"title":"Sobral \u00e9 a \u00fanica cidade do Nordeste certificada por elimina\u00e7\u00e3o da transmiss\u00e3o vertical do HIV","author":"","date":"Dezembro 19, 2022","format":false,"excerpt":"Infec\u00e7\u00e3o ocorre durante a gesta\u00e7\u00e3o, o parto ou a amamenta\u00e7\u00e3o Evelyn Barreto - Ascom Sesa\u00a0Texto - Thiago Freitas e Divulga\u00e7\u00e3o\u00a0Fotos Sobral foi o \u00fanico munic\u00edpio do Nordeste a atingir a meta de elimina\u00e7\u00e3o da transmiss\u00e3o vertical de HIV \u2013 ocorrida durante a gesta\u00e7\u00e3o, o parto ou a amamenta\u00e7\u00e3o. A cidade\u2026","rel":"","context":"In &quot;Atualidade&quot;","block_context":{"text":"Atualidade","link":"https:\/\/correiodasemana.com\/site\/category\/atualidade\/"},"img":{"alt_text":"","src":"https:\/\/i0.wp.com\/correiodasemana.com\/site\/wp-content\/uploads\/2022\/12\/certificacao.jpg?resize=350%2C200&ssl=1","width":350,"height":200,"srcset":"https:\/\/i0.wp.com\/correiodasemana.com\/site\/wp-content\/uploads\/2022\/12\/certificacao.jpg?resize=350%2C200&ssl=1 1x, https:\/\/i0.wp.com\/correiodasemana.com\/site\/wp-content\/uploads\/2022\/12\/certificacao.jpg?resize=525%2C300&ssl=1 1.5x"},"classes":[]},{"id":12537,"url":"https:\/\/correiodasemana.com\/site\/casos-de-covid-19-no-sistema-prisional-crescem-82-em-um-mes\/","url_meta":{"origin":18676,"position":5},"title":"Casos de Covid-19 no sistema prisional crescem 82% em um m\u00eas","author":"","date":"Agosto 6, 2020","format":false,"excerpt":"O n\u00famero de infectados por coronav\u00edrus em unidades do sistema prisional brasileiro registrou um aumento de 82,3% nos \u00faltimos 30 dias, chegando a 19.683 casos, al\u00e9m de 150 \u00f3bitos. O acompanhamento \u00e9 uma iniciativa do Departamento de Monitoramento e Fiscaliza\u00e7\u00e3o do Sistema Carcer\u00e1rio e do Sistema de Execu\u00e7\u00e3o de Medidas\u2026","rel":"","context":"In &quot;Atualidade&quot;","block_context":{"text":"Atualidade","link":"https:\/\/correiodasemana.com\/site\/category\/atualidade\/"},"img":{"alt_text":"","src":"https:\/\/i0.wp.com\/correiodasemana.com\/site\/wp-content\/uploads\/2020\/08\/presos.jpg?resize=350%2C200&ssl=1","width":350,"height":200,"srcset":"https:\/\/i0.wp.com\/correiodasemana.com\/site\/wp-content\/uploads\/2020\/08\/presos.jpg?resize=350%2C200&ssl=1 1x, https:\/\/i0.wp.com\/correiodasemana.com\/site\/wp-content\/uploads\/2020\/08\/presos.jpg?resize=525%2C300&ssl=1 1.5x, https:\/\/i0.wp.com\/correiodasemana.com\/site\/wp-content\/uploads\/2020\/08\/presos.jpg?resize=700%2C400&ssl=1 2x"},"classes":[]}],"jetpack_sharing_enabled":true,"_links":{"self":[{"href":"https:\/\/correiodasemana.com\/site\/wp-json\/wp\/v2\/posts\/18676","targetHints":{"allow":["GET"]}}],"collection":[{"href":"https:\/\/correiodasemana.com\/site\/wp-json\/wp\/v2\/posts"}],"about":[{"href":"https:\/\/correiodasemana.com\/site\/wp-json\/wp\/v2\/types\/post"}],"author":[{"embeddable":true,"href":"https:\/\/correiodasemana.com\/site\/wp-json\/wp\/v2\/users\/1"}],"replies":[{"embeddable":true,"href":"https:\/\/correiodasemana.com\/site\/wp-json\/wp\/v2\/comments?post=18676"}],"version-history":[{"count":1,"href":"https:\/\/correiodasemana.com\/site\/wp-json\/wp\/v2\/posts\/18676\/revisions"}],"predecessor-version":[{"id":18678,"href":"https:\/\/correiodasemana.com\/site\/wp-json\/wp\/v2\/posts\/18676\/revisions\/18678"}],"wp:featuredmedia":[{"embeddable":true,"href":"https:\/\/correiodasemana.com\/site\/wp-json\/wp\/v2\/media\/18677"}],"wp:attachment":[{"href":"https:\/\/correiodasemana.com\/site\/wp-json\/wp\/v2\/media?parent=18676"}],"wp:term":[{"taxonomy":"category","embeddable":true,"href":"https:\/\/correiodasemana.com\/site\/wp-json\/wp\/v2\/categories?post=18676"},{"taxonomy":"post_tag","embeddable":true,"href":"https:\/\/correiodasemana.com\/site\/wp-json\/wp\/v2\/tags?post=18676"}],"curies":[{"name":"wp","href":"https:\/\/api.w.org\/{rel}","templated":true}]}}