{"id":18682,"date":"2022-01-24T02:19:52","date_gmt":"2022-01-24T05:19:52","guid":{"rendered":"https:\/\/correiodasemana.com\/site\/?p=18682"},"modified":"2022-01-24T02:19:52","modified_gmt":"2022-01-24T05:19:52","slug":"a-expectativa","status":"publish","type":"post","link":"https:\/\/correiodasemana.com\/site\/a-expectativa\/","title":{"rendered":"A expectativa!"},"content":{"rendered":"<p>Estamos vindo de tempos dif\u00edceis sem exatamente saber para onde vamos. Por certo o mundo j\u00e1 viveu o que por agora se vive, n\u00e3o s\u00f3 quanto a sa\u00fade p\u00fablica mundial, mas tamb\u00e9m quanto a crise pol\u00edtica e econ\u00f4mica.<br \/>\nN\u00e3o s\u00f3 no Brasil se est\u00e1 enfrentando dificuldades com o controle da sa\u00fade, com a equaliza\u00e7\u00e3o da pol\u00edtica e da econ\u00f4mica. Alguns pa\u00edses ao longo dos anos v\u00eam de fato exercendo a democracia, alternando entre as margens pol\u00edticas de direita, esquerda, centr\u00e3o, no af\u00e3 de encontrar um melhor caminho, uma melhor gest\u00e3o.<br \/>\nO Brasil n\u00e3o destoa de tal realidade, pois por um bom tempo fora gerido pelos pol\u00edticos de esquerda, por um per\u00edodo curto gerido por um pol\u00edtico de centro, atualmente se encontra gerido por um pol\u00edtico de direita.<br \/>\nSe espera com boas expectativas o ano de 2022, contudo com muito medo, ante n\u00e3o conseguir, mesmo pela vis\u00e3o dos mais experientes, ver o que de fato pode acontecer.<br \/>\nTem-se a expectativa de uma retomada da economia, do retorno das atividades c\u00edvicas de forma mais livre e at\u00e9 dum rumo pol\u00edtico mais s\u00f3lido e concreto em prol da popula\u00e7\u00e3o.<br \/>\nO grande segredo, a nosso sentir, parte da conscientiza\u00e7\u00e3o dum melhor exerc\u00edcio da cidadania, fazendo algo em prol do coletivo e n\u00e3o apenas do individualismo. Tal individualismo pode ser compreendido de modo que se trabalha apenas para o seu, seu parente, seu amigo, seu eleitor. Temos que diante de todos os \u00faltimos acontecimentos vividos n\u00e3o s\u00f3 pelo mundo, mas principalmente pelo Brasil, pois \u00e9 neste em que vivemos, ter mais empatia, amor ao pr\u00f3ximo e entender que como fa\u00e7o parte dum coletivo, este estando forte, naturalmente forte estarei.<br \/>\nQue neste ano, n\u00f3s enquanto cidad\u00e3os brasileiros, possamos cumprir fielmente nosso papel na comunidade, tomando cuidado com a sa\u00fade pessoal e coletiva, busquemos investir mais e tamb\u00e9m economizar, pois n\u00e3o importa quanto se ganha, mas quanto se guarda, e por \u00faltimo n\u00e3o menos importante, no momento eleitoral que 2022 j\u00e1 representa, possamos votar n\u00e3o pelo individualismo, na forma dita acima, mas possamos escolher o melhor (que se possa apresentar) para Presidir nosso pa\u00eds, para n\u00f3s representar na C\u00e2mara Federal, para governar nosso estado, nos representar na assembleia, de modo que aquele (a) representante n\u00e3o ali esteja apenas pelo dinheiro que pagou.<br \/>\nA expectativa \u00e9 que 2022 nos traga renovo na sa\u00fade p\u00fablica, na economia e principalmente na pol\u00edtica, est\u00e1 que de fato tra\u00e7a as diretrizes da comunidade que vivemos. Desejamos que 2022 seja de fato um ano cheio de boas expectativas.<\/p>\n","protected":false},"excerpt":{"rendered":"<p>Estamos vindo de tempos dif\u00edceis sem exatamente saber para onde vamos. Por certo o mundo&#8230;<\/p>\n","protected":false},"author":1,"featured_media":18266,"comment_status":"open","ping_status":"open","sticky":false,"template":"","format":"standard","meta":{"_jetpack_memberships_contains_paid_content":false,"footnotes":"","jetpack_publicize_message":"","jetpack_publicize_feature_enabled":true,"jetpack_social_post_already_shared":true,"jetpack_social_options":{"image_generator_settings":{"template":"highway","default_image_id":0,"font":"","enabled":false},"version":2}},"categories":[11,83],"tags":[],"class_list":["post-18682","post","type-post","status-publish","format-standard","has-post-thumbnail","hentry","category-artigos","category-elioenai-ponte-frota"],"jetpack_publicize_connections":[],"jetpack_featured_media_url":"https:\/\/correiodasemana.com\/site\/wp-content\/uploads\/2021\/12\/001-assessoria-juridica.jpg","jetpack-related-posts":[{"id":14842,"url":"https:\/\/correiodasemana.com\/site\/resultados-de-pt-e-psdb-nas-eleicoes-mostram-fortalecimento-de-centro-direita\/","url_meta":{"origin":18682,"position":0},"title":"Resultados de PT e PSDB nas elei\u00e7\u00f5es mostram fortalecimento de centro-direita","author":"","date":"Dezembro 1, 2020","format":false,"excerpt":"Como j\u00e1 apontado ap\u00f3s a parcial do primeiro turno, o\u00a0resultado das urnas este ano indica o fortalecimento dos\u00a0partidos do chamado Centr\u00e3o, al\u00e9m de uma derrota expressiva da extrema-direita, liderada pelo PSL, e uma esquerda ainda dividida.\u00a0Como consequ\u00eancia, vislumbra-se terreno f\u00e9rtil para a centro-direita nas elei\u00e7\u00f5es gerais de 2022, na avalia\u00e7\u00e3o\u2026","rel":"","context":"In &quot;Atualidade&quot;","block_context":{"text":"Atualidade","link":"https:\/\/correiodasemana.com\/site\/category\/atualidade\/"},"img":{"alt_text":"","src":"https:\/\/i0.wp.com\/correiodasemana.com\/site\/wp-content\/uploads\/2020\/12\/plenario-camara-2-868x644-750x430-1.jpg?resize=350%2C200&ssl=1","width":350,"height":200,"srcset":"https:\/\/i0.wp.com\/correiodasemana.com\/site\/wp-content\/uploads\/2020\/12\/plenario-camara-2-868x644-750x430-1.jpg?resize=350%2C200&ssl=1 1x, https:\/\/i0.wp.com\/correiodasemana.com\/site\/wp-content\/uploads\/2020\/12\/plenario-camara-2-868x644-750x430-1.jpg?resize=525%2C300&ssl=1 1.5x, https:\/\/i0.wp.com\/correiodasemana.com\/site\/wp-content\/uploads\/2020\/12\/plenario-camara-2-868x644-750x430-1.jpg?resize=700%2C400&ssl=1 2x"},"classes":[]},{"id":12584,"url":"https:\/\/correiodasemana.com\/site\/a-controversia-ideologica-na-politica\/","url_meta":{"origin":18682,"position":1},"title":"A CONTROV\u00c9RSIA IDEOL\u00d3GICA NA POL\u00cdTICA","author":"","date":"Agosto 10, 2020","format":false,"excerpt":"A hist\u00f3ria imp\u00f5e-se como uma mem\u00f3ria fundamental para quantos pretendam mapear a pol\u00edtica brasileira, nas \u00faltimas seis d\u00e9cadas da Hist\u00f3ria do Brasil, principalmente nos anos de repress\u00e3o que acometeram a sociedade brasileira, como o AI5, que estabeleceu, em 1968, o regime de exce\u00e7\u00e3o, exclus\u00e3o e arbitrariedade, que se desdobrou at\u00e9\u2026","rel":"","context":"In &quot;Artigos&quot;","block_context":{"text":"Artigos","link":"https:\/\/correiodasemana.com\/site\/category\/artigos\/"},"img":{"alt_text":"","src":"https:\/\/i0.wp.com\/correiodasemana.com\/site\/wp-content\/uploads\/2020\/02\/Eudes-de-Sousa-escritor-4.jpg?resize=350%2C200&ssl=1","width":350,"height":200,"srcset":"https:\/\/i0.wp.com\/correiodasemana.com\/site\/wp-content\/uploads\/2020\/02\/Eudes-de-Sousa-escritor-4.jpg?resize=350%2C200&ssl=1 1x, https:\/\/i0.wp.com\/correiodasemana.com\/site\/wp-content\/uploads\/2020\/02\/Eudes-de-Sousa-escritor-4.jpg?resize=525%2C300&ssl=1 1.5x, https:\/\/i0.wp.com\/correiodasemana.com\/site\/wp-content\/uploads\/2020\/02\/Eudes-de-Sousa-escritor-4.jpg?resize=700%2C400&ssl=1 2x, https:\/\/i0.wp.com\/correiodasemana.com\/site\/wp-content\/uploads\/2020\/02\/Eudes-de-Sousa-escritor-4.jpg?resize=1050%2C600&ssl=1 3x, https:\/\/i0.wp.com\/correiodasemana.com\/site\/wp-content\/uploads\/2020\/02\/Eudes-de-Sousa-escritor-4.jpg?resize=1400%2C800&ssl=1 4x"},"classes":[]},{"id":8477,"url":"https:\/\/correiodasemana.com\/site\/a-antietica-nas-politicas-populistas\/","url_meta":{"origin":18682,"position":2},"title":"A ANTI\u00c9TICA NAS POL\u00cdTICAS POPULISTAS","author":"","date":"Julho 30, 2019","format":false,"excerpt":"Poder\u00edamos conceituar \u00e9tica, palavra de origem grega, como a parte da filosofia pr\u00e1tica que tem por objetivo elaborar uma reflex\u00e3o sobre os problemas fundamentais da moral. Ou seja, os fundamentos da obriga\u00e7\u00e3o, e do dever de natureza do bem e do mal. Dir\u00edamos que a \u00e9tica funciona como uma esp\u00e9cie\u2026","rel":"","context":"In &quot;Artigos&quot;","block_context":{"text":"Artigos","link":"https:\/\/correiodasemana.com\/site\/category\/artigos\/"},"img":{"alt_text":"","src":"https:\/\/i0.wp.com\/correiodasemana.com\/site\/wp-content\/uploads\/2019\/07\/23600_2_EL.jpg?resize=350%2C200&ssl=1","width":350,"height":200,"srcset":"https:\/\/i0.wp.com\/correiodasemana.com\/site\/wp-content\/uploads\/2019\/07\/23600_2_EL.jpg?resize=350%2C200&ssl=1 1x, https:\/\/i0.wp.com\/correiodasemana.com\/site\/wp-content\/uploads\/2019\/07\/23600_2_EL.jpg?resize=525%2C300&ssl=1 1.5x, https:\/\/i0.wp.com\/correiodasemana.com\/site\/wp-content\/uploads\/2019\/07\/23600_2_EL.jpg?resize=700%2C400&ssl=1 2x"},"classes":[]},{"id":17611,"url":"https:\/\/correiodasemana.com\/site\/parlamentar-catolico\/","url_meta":{"origin":18682,"position":3},"title":"PARLAMENTAR CAT\u00d3LICO","author":"","date":"Setembro 26, 2021","format":false,"excerpt":"A Confer\u00eancia Nacional dos Bispos do Brasil (CNBB) promoveu nesta semana, no ambiente digital, o Encontro de Parlamentares Cat\u00f3licos, importante investimento nos parlamentares que professam a f\u00e9 crist\u00e3. No horizonte est\u00e1 o desafio de iluminar o exerc\u00edcio da pol\u00edtica com os valores do Evangelho de Jesus Cristo, pois a f\u00e9\u2026","rel":"","context":"In &quot;A voz do Pastor&quot;","block_context":{"text":"A voz do Pastor","link":"https:\/\/correiodasemana.com\/site\/category\/a-voz-do-pastor\/"},"img":{"alt_text":"","src":"https:\/\/i0.wp.com\/correiodasemana.com\/site\/wp-content\/uploads\/2019\/07\/Dom-Vasconcelos-Em-entrevista-concedida-%C3%A0-Pascom-Diocesana-Foto-Jo%C3%A3o-Pauloo.jpg?resize=350%2C200&ssl=1","width":350,"height":200,"srcset":"https:\/\/i0.wp.com\/correiodasemana.com\/site\/wp-content\/uploads\/2019\/07\/Dom-Vasconcelos-Em-entrevista-concedida-%C3%A0-Pascom-Diocesana-Foto-Jo%C3%A3o-Pauloo.jpg?resize=350%2C200&ssl=1 1x, https:\/\/i0.wp.com\/correiodasemana.com\/site\/wp-content\/uploads\/2019\/07\/Dom-Vasconcelos-Em-entrevista-concedida-%C3%A0-Pascom-Diocesana-Foto-Jo%C3%A3o-Pauloo.jpg?resize=525%2C300&ssl=1 1.5x, https:\/\/i0.wp.com\/correiodasemana.com\/site\/wp-content\/uploads\/2019\/07\/Dom-Vasconcelos-Em-entrevista-concedida-%C3%A0-Pascom-Diocesana-Foto-Jo%C3%A3o-Pauloo.jpg?resize=700%2C400&ssl=1 2x, https:\/\/i0.wp.com\/correiodasemana.com\/site\/wp-content\/uploads\/2019\/07\/Dom-Vasconcelos-Em-entrevista-concedida-%C3%A0-Pascom-Diocesana-Foto-Jo%C3%A3o-Pauloo.jpg?resize=1050%2C600&ssl=1 3x, https:\/\/i0.wp.com\/correiodasemana.com\/site\/wp-content\/uploads\/2019\/07\/Dom-Vasconcelos-Em-entrevista-concedida-%C3%A0-Pascom-Diocesana-Foto-Jo%C3%A3o-Pauloo.jpg?resize=1400%2C800&ssl=1 4x"},"classes":[]},{"id":12782,"url":"https:\/\/correiodasemana.com\/site\/o-atual-momento-economico-brasileiro\/","url_meta":{"origin":18682,"position":4},"title":"O atual momento econ\u00f4mico brasileiro","author":"","date":"Agosto 17, 2020","format":false,"excerpt":"Por Ricardo Balistiero As expectativas de acelera\u00e7\u00e3o do crescimento econ\u00f4mico eram elevadas no in\u00edcio de janeiro de 2020. A capacidade ociosa acumulada nos anos de recess\u00e3o, articulada com a aprova\u00e7\u00e3o da reforma da previd\u00eancia e a acelera\u00e7\u00e3o da agenda de reformas, com destaque para a administrativa e a tribut\u00e1ria, geravam\u2026","rel":"","context":"In &quot;Atualidade&quot;","block_context":{"text":"Atualidade","link":"https:\/\/correiodasemana.com\/site\/category\/atualidade\/"},"img":{"alt_text":"","src":"https:\/\/i0.wp.com\/correiodasemana.com\/site\/wp-content\/uploads\/2020\/08\/Brasil-deve-ser-a-9a-maior-economia-do-mundo-no-fim-da-decada.jpg?resize=350%2C200&ssl=1","width":350,"height":200,"srcset":"https:\/\/i0.wp.com\/correiodasemana.com\/site\/wp-content\/uploads\/2020\/08\/Brasil-deve-ser-a-9a-maior-economia-do-mundo-no-fim-da-decada.jpg?resize=350%2C200&ssl=1 1x, https:\/\/i0.wp.com\/correiodasemana.com\/site\/wp-content\/uploads\/2020\/08\/Brasil-deve-ser-a-9a-maior-economia-do-mundo-no-fim-da-decada.jpg?resize=525%2C300&ssl=1 1.5x, https:\/\/i0.wp.com\/correiodasemana.com\/site\/wp-content\/uploads\/2020\/08\/Brasil-deve-ser-a-9a-maior-economia-do-mundo-no-fim-da-decada.jpg?resize=700%2C400&ssl=1 2x, https:\/\/i0.wp.com\/correiodasemana.com\/site\/wp-content\/uploads\/2020\/08\/Brasil-deve-ser-a-9a-maior-economia-do-mundo-no-fim-da-decada.jpg?resize=1050%2C600&ssl=1 3x"},"classes":[]},{"id":14577,"url":"https:\/\/correiodasemana.com\/site\/eleicoes-municipais-a-importancia-da-politica-e-criterios-para-votar\/","url_meta":{"origin":18682,"position":5},"title":"ELEI\u00c7\u00d5ES MUNICIPAIS: A IMPORT\u00c2NCIA  DA POL\u00cdTICA E CRIT\u00c9RIOS PARA VOTAR","author":"","date":"Novembro 16, 2020","format":false,"excerpt":"Daqui a poucos dias compareceremos \u00e0s urnas para elegermos uma nova leva de cidad\u00e3os que dever\u00e3o assumir os cargos de vereadores e prefeitos. Eles constituem a base daqueles servidores que dever\u00e3o liderar os nossos munic\u00edpios. Como voc\u00ea se sente diante do atual quadro pol\u00edtico brasileiro? Est\u00e1 contente, triste, indignado, revoltado,\u2026","rel":"","context":"In &quot;A voz do Pastor&quot;","block_context":{"text":"A voz do Pastor","link":"https:\/\/correiodasemana.com\/site\/category\/a-voz-do-pastor\/"},"img":{"alt_text":"","src":"https:\/\/i0.wp.com\/correiodasemana.com\/site\/wp-content\/uploads\/2018\/02\/Dom-Vasconcelos-posses.jpg?resize=350%2C200&ssl=1","width":350,"height":200,"srcset":"https:\/\/i0.wp.com\/correiodasemana.com\/site\/wp-content\/uploads\/2018\/02\/Dom-Vasconcelos-posses.jpg?resize=350%2C200&ssl=1 1x, https:\/\/i0.wp.com\/correiodasemana.com\/site\/wp-content\/uploads\/2018\/02\/Dom-Vasconcelos-posses.jpg?resize=525%2C300&ssl=1 1.5x, https:\/\/i0.wp.com\/correiodasemana.com\/site\/wp-content\/uploads\/2018\/02\/Dom-Vasconcelos-posses.jpg?resize=700%2C400&ssl=1 2x"},"classes":[]}],"jetpack_sharing_enabled":true,"_links":{"self":[{"href":"https:\/\/correiodasemana.com\/site\/wp-json\/wp\/v2\/posts\/18682","targetHints":{"allow":["GET"]}}],"collection":[{"href":"https:\/\/correiodasemana.com\/site\/wp-json\/wp\/v2\/posts"}],"about":[{"href":"https:\/\/correiodasemana.com\/site\/wp-json\/wp\/v2\/types\/post"}],"author":[{"embeddable":true,"href":"https:\/\/correiodasemana.com\/site\/wp-json\/wp\/v2\/users\/1"}],"replies":[{"embeddable":true,"href":"https:\/\/correiodasemana.com\/site\/wp-json\/wp\/v2\/comments?post=18682"}],"version-history":[{"count":1,"href":"https:\/\/correiodasemana.com\/site\/wp-json\/wp\/v2\/posts\/18682\/revisions"}],"predecessor-version":[{"id":18683,"href":"https:\/\/correiodasemana.com\/site\/wp-json\/wp\/v2\/posts\/18682\/revisions\/18683"}],"wp:featuredmedia":[{"embeddable":true,"href":"https:\/\/correiodasemana.com\/site\/wp-json\/wp\/v2\/media\/18266"}],"wp:attachment":[{"href":"https:\/\/correiodasemana.com\/site\/wp-json\/wp\/v2\/media?parent=18682"}],"wp:term":[{"taxonomy":"category","embeddable":true,"href":"https:\/\/correiodasemana.com\/site\/wp-json\/wp\/v2\/categories?post=18682"},{"taxonomy":"post_tag","embeddable":true,"href":"https:\/\/correiodasemana.com\/site\/wp-json\/wp\/v2\/tags?post=18682"}],"curies":[{"name":"wp","href":"https:\/\/api.w.org\/{rel}","templated":true}]}}