{"id":18685,"date":"2022-01-30T19:11:39","date_gmt":"2022-01-30T22:11:39","guid":{"rendered":"https:\/\/correiodasemana.com\/site\/?p=18685"},"modified":"2022-01-30T19:11:39","modified_gmt":"2022-01-30T22:11:39","slug":"o-universo-de-um-homem-so","status":"publish","type":"post","link":"https:\/\/correiodasemana.com\/site\/o-universo-de-um-homem-so\/","title":{"rendered":"O universo de um homem s\u00f3"},"content":{"rendered":"<p>O cidad\u00e3o Jair Messias Bolsonaro, parafraseando Euclides da Cunha em &#8220;Os Sert\u00f5es&#8221;, \u00e9 antes de tudo um forte. Acredito at\u00e9, que se a Ci\u00eancia fizesse um estudo mais aprofundado acerca de sua estrutura humana, viesse a concluir que sua mat\u00e9ria org\u00e2nica n\u00e3o \u00e9 como a massa comum dos mortais, e sim uma liga de chumbo com tit\u00e2nio e policarbonato; concluiria, quem sabe, que seu sangue n\u00e3o se comp\u00f5e de plasma, mas de \u00e1cidos e energ\u00e9ticos; que seu cora\u00e7\u00e3o n\u00e3o \u00e9 um m\u00fasculo, mas sim um peda\u00e7o de meteorito&#8230; Enfim, saber\u00edamos que o prot\u00f3tipo que foi eleito em 2018, com mais de 50 milh\u00f5es de votos dos brasileiros, \u00e9 um homem de pl\u00e1stico, um ser inabal\u00e1vel, imbat\u00edvel, capaz de superar Batman, Superman, Thor. Homem de Ferro, Homem Aranha e outros superstar das est\u00f3rias em quadrinhos.<br \/>\n\u00c9 preciso que assim se imagine o presidente Jair Bolsonaro, para s\u00f3 depois procurar respostas para tantas persegui\u00e7\u00f5es e desfechos maquiav\u00e9licos de quase todos os segmentos da Na\u00e7\u00e3o contaminados pelo comunismo. Por mais que eles tenham estudado o fen\u00f4meno que atacam, a \u00fanica conclus\u00e3o que tiram \u00e9 a de que ele \u00e9, at\u00e9 ent\u00e3o, indestrut\u00edvel. Ningu\u00e9m na na est\u00f3ria deste pa\u00eds foi t\u00e3o achincalhado, apedrejado, cuspido e at\u00e9 escarrado como ele. Tinha mesmo que ser um Messias, desta feita, pecador, rude, meio desorientado, mas um Messias com a miss\u00e3o de governar um povo, cuidar de uma Na\u00e7\u00e3o e fazer com que a verdade prevale\u00e7a e se sobreponha \u00e0 mentira.<br \/>\nSomente os que meditam s\u00e3o capazes de reconhecer o quanto esse Bolsonaro \u00e9 forte. Muitos assim o julgavam por ele ser militar, por contar com o apoio dos militares e por gostar das coisas corretas, mas que nada, quando passaram a notar que ele \u00e9 extremamente correto, muitos mudaram de posi\u00e7\u00e3o e de defensores passaram a atiradores de farpas.<br \/>\n2022 chegou e com ele Bolsonaro, quase inteiro, ainda vivo, ainda sem casos de corrup\u00e7\u00e3o no governo, ainda com a pretens\u00e3o de continuar defendendo \u00e0 P\u00e1tria, ainda com a cren\u00e7a de que as pessoas precisam de liberdade, ainda com o sentimento de que o Brasil est\u00e1 acima de tudo e Deus acima de todos.<\/p>\n<p><strong>Corrida de jegues<\/strong><\/p>\n<p>Ao contr\u00e1rio do que vinha sendo cantado, o jegue do Moro n\u00e3o \u00e9 bom de ladeira acima, pois j\u00e1 sente as orelhas do jegue do Ciro ro\u00e7ando em sua traseira. O terceiro lugar passou a ter uma disputa aCirada. Como sempre, Ciro n\u00e3o abre m\u00e3o do seu lugar de origem.<\/p>\n<p><strong>Arrepia Moraes<\/strong><\/p>\n<p>Alexandre de Moraes arrepiou com a desobedi\u00eancia de Bolsonaro, que se negou a depor na sede da PF. Pela primeira vez o presidente saiu das quatro linhas da Constitui\u00e7\u00e3o que os ministros apagaram, h\u00e1 tempos, e a transformaram em circo. Resta agora saber o que o &#8220;grande&#8221; ir\u00e1 fazer para tentar desmoralizar o presidente por conta do mico que pagou com o negacionismo de Bozo.<\/p>\n<p><strong>Renault em alta<\/strong><\/p>\n<p>A cidade parou no meio da semana para ver, n\u00e3o a banda do Chico tocando coisas de amor, mas os carros novos que a Guarda Municipal ganhou para&#8230; uns dizem que \u00e9 para melhorar o monitoramento da cidade e trazer a t\u00e3o sonhada seguran\u00e7a para a popula\u00e7\u00e3o, contudo, outros dizem que as viaturas servir\u00e3o para acossar ainda mais o cidad\u00e3o com persegui\u00e7\u00f5es e o lavramento de multas. Vamos esperar o resultado.<\/p>\n<p><strong>Camilo para o Senado<\/strong><\/p>\n<p>A tribo do PT j\u00e1 rodou o cachimbo, balan\u00e7ou o marac\u00e1 e deu por acertada a candidatura de Camilo ao Senado. Assim sendo, a partir de abril, o governo do Estado estar\u00e1 de volta aos Gomes, e a\u00ed, certamente, haver\u00e1 pequenas reformas na casa, apagando o velho cen\u00e1rio, enquanto Izolda faz o caf\u00e9.<\/p>\n<p><strong>N\u00e3o SAAE da M\u00eddia<\/strong><\/p>\n<p>O SAAE de Sobral, por incr\u00edvel que se pare\u00e7a, consegue superar \u00e0 ENEL em m\u00e1 qualidade de servi\u00e7os. A falta de \u00e1gua atinge a quase todos os recantos da cidade e as respostas da autarquia s\u00e3o cada dia mais lentas e ineficazes. Na verdade, isso \u00e9 s\u00f3 um dos sintomas da m\u00e1 digest\u00e3o administrativa de Sobral.<\/p>\n<p><strong>Coisas que n\u00e3o fazem falta em Sobral<\/strong><\/p>\n<p>Juizado de Menores, Minist\u00e9rio P\u00fablico, C\u00e2mara de Vereadores, Conselho Tutelar, CDL, Associa\u00e7\u00e3o Comercial, Sindicatos, AMA, OAB. Quem lembrar de mais pode dizer. E tamb\u00e9m, quem quiser fazer defesa, que fique \u00e0 vontade. Os manifestos contr\u00e1rios ao meu pensamento podem me ajudar a conhecer alguma import\u00e2ncia onde eu at\u00e9 ent\u00e3o n\u00e3o consigo enxergar.<\/p>\n","protected":false},"excerpt":{"rendered":"<p>O cidad\u00e3o Jair Messias Bolsonaro, parafraseando Euclides da Cunha em &#8220;Os Sert\u00f5es&#8221;, \u00e9 antes de&#8230;<\/p>\n","protected":false},"author":1,"featured_media":18688,"comment_status":"open","ping_status":"open","sticky":false,"template":"","format":"standard","meta":{"_jetpack_memberships_contains_paid_content":false,"footnotes":"","jetpack_publicize_message":"","jetpack_publicize_feature_enabled":true,"jetpack_social_post_already_shared":true,"jetpack_social_options":{"image_generator_settings":{"template":"highway","default_image_id":0,"font":"","enabled":false},"version":2}},"categories":[11,32],"tags":[],"class_list":["post-18685","post","type-post","status-publish","format-standard","has-post-thumbnail","hentry","category-artigos","category-destaques"],"jetpack_publicize_connections":[],"jetpack_featured_media_url":"https:\/\/correiodasemana.com\/site\/wp-content\/uploads\/2022\/01\/SILVEIRA-2.jpg","jetpack-related-posts":[{"id":11330,"url":"https:\/\/correiodasemana.com\/site\/sergio-moro-pede-demissao-do-governo-bolsonaro\/","url_meta":{"origin":18685,"position":0},"title":"Sergio Moro pede demiss\u00e3o do governo Bolsonaro","author":"","date":"Maio 7, 2020","format":false,"excerpt":"Correio da Semana O Ministro da Justi\u00e7a e Seguran\u00e7a P\u00fablica, Sergio Moro, confirmou sua demiss\u00e3o do cargo na sexta-feira (24) logo ap\u00f3s a exonera\u00e7\u00e3o do diretor-geral da Pol\u00edcia Federal (PF) Maur\u00edcio Valeixo, indicado por Moro, ter sido publicada no Di\u00e1rio Oficial da Uni\u00e3o (DOU), assinado eletronicamente por Bolsonaro e, o\u2026","rel":"","context":"In &quot;Atualidade&quot;","block_context":{"text":"Atualidade","link":"https:\/\/correiodasemana.com\/site\/category\/atualidade\/"},"img":{"alt_text":"","src":"https:\/\/i0.wp.com\/correiodasemana.com\/site\/wp-content\/uploads\/2020\/05\/WhatsApp-Image-2020-04-30-at-10.23.27.jpeg?resize=350%2C200&ssl=1","width":350,"height":200,"srcset":"https:\/\/i0.wp.com\/correiodasemana.com\/site\/wp-content\/uploads\/2020\/05\/WhatsApp-Image-2020-04-30-at-10.23.27.jpeg?resize=350%2C200&ssl=1 1x, https:\/\/i0.wp.com\/correiodasemana.com\/site\/wp-content\/uploads\/2020\/05\/WhatsApp-Image-2020-04-30-at-10.23.27.jpeg?resize=525%2C300&ssl=1 1.5x"},"classes":[]},{"id":8763,"url":"https:\/\/correiodasemana.com\/site\/bolsonaro-manda-suspender-uso-de-radares-nas-rodovias-federais\/","url_meta":{"origin":18685,"position":1},"title":"Bolsonaro manda suspender uso de radares nas rodovias federais","author":"","date":"Agosto 17, 2019","format":false,"excerpt":"Objetivo \u00e9 evitar o desvirtuamento do car\u00e1ter pedag\u00f3gico e a utiliza\u00e7\u00e3o meramente arrecadat\u00f3ria dos instrumentos e equipamentos medidores de velocidade Por\u00a0Ag\u00eancia Brasil O Presidente da Rep\u00fablica, Jair Bolsonaro, determina ao Minist\u00e9rio da Justi\u00e7a e Seguran\u00e7a P\u00fablica, por meio de despachos publicados na quinta-feira (15) no\u00a0Di\u00e1rio Oficial da Uni\u00e3o, que suspenda\u2026","rel":"","context":"In &quot;Atualidade&quot;","block_context":{"text":"Atualidade","link":"https:\/\/correiodasemana.com\/site\/category\/atualidade\/"},"img":{"alt_text":"","src":"https:\/\/i0.wp.com\/correiodasemana.com\/site\/wp-content\/uploads\/2019\/08\/radar-transito_abr.jpg?resize=350%2C200&ssl=1","width":350,"height":200,"srcset":"https:\/\/i0.wp.com\/correiodasemana.com\/site\/wp-content\/uploads\/2019\/08\/radar-transito_abr.jpg?resize=350%2C200&ssl=1 1x, https:\/\/i0.wp.com\/correiodasemana.com\/site\/wp-content\/uploads\/2019\/08\/radar-transito_abr.jpg?resize=525%2C300&ssl=1 1.5x, https:\/\/i0.wp.com\/correiodasemana.com\/site\/wp-content\/uploads\/2019\/08\/radar-transito_abr.jpg?resize=700%2C400&ssl=1 2x, https:\/\/i0.wp.com\/correiodasemana.com\/site\/wp-content\/uploads\/2019\/08\/radar-transito_abr.jpg?resize=1050%2C600&ssl=1 3x"},"classes":[]},{"id":14817,"url":"https:\/\/correiodasemana.com\/site\/apos-fala-de-bolsonaro-barroso-rechaca-possibilidade-de-retorno-do-voto-impresso-no-brasil\/","url_meta":{"origin":18685,"position":2},"title":"Ap\u00f3s fala de Bolsonaro, Barroso recha\u00e7a possibilidade de retorno do voto impresso no Brasil","author":"","date":"Novembro 30, 2020","format":false,"excerpt":"BRAS\u00cdLIA (Reuters) - O presidente do Tribunal Superior Eleitoral (TSE), Lu\u00eds Roberto Barroso, afirmou neste domingo que o Supremo Tribunal Federal (STF) j\u00e1 decidiu que \u00e9 inconstitucional a ado\u00e7\u00e3o novamente do voto impresso no pa\u00eds e destacou que a iniciativa, se adotada, \"representaria um risco real\" para o sigilo do\u2026","rel":"","context":"In &quot;Atualidade&quot;","block_context":{"text":"Atualidade","link":"https:\/\/correiodasemana.com\/site\/category\/atualidade\/"},"img":{"alt_text":"","src":"https:\/\/i0.wp.com\/correiodasemana.com\/site\/wp-content\/uploads\/2020\/11\/tse_barroso_eleicoes_2020_mcajr_2911203392.jpg?resize=350%2C200&ssl=1","width":350,"height":200,"srcset":"https:\/\/i0.wp.com\/correiodasemana.com\/site\/wp-content\/uploads\/2020\/11\/tse_barroso_eleicoes_2020_mcajr_2911203392.jpg?resize=350%2C200&ssl=1 1x, https:\/\/i0.wp.com\/correiodasemana.com\/site\/wp-content\/uploads\/2020\/11\/tse_barroso_eleicoes_2020_mcajr_2911203392.jpg?resize=525%2C300&ssl=1 1.5x, https:\/\/i0.wp.com\/correiodasemana.com\/site\/wp-content\/uploads\/2020\/11\/tse_barroso_eleicoes_2020_mcajr_2911203392.jpg?resize=700%2C400&ssl=1 2x"},"classes":[]},{"id":28366,"url":"https:\/\/correiodasemana.com\/site\/bolsonaro-e-militares-sao-alvo-de-investigacao-da-policia-federal\/","url_meta":{"origin":18685,"position":3},"title":"Bolsonaro e militares s\u00e3o alvo de investiga\u00e7\u00e3o da Pol\u00edcia Federal","author":"adminredacao","date":"Fevereiro 15, 2024","format":false,"excerpt":"Medidas foram expedidas pelo ministro do STF Alexandre de Moraes Por Pedro Peduzzi - Rep\u00f3rter da Ag\u00eancia Brasil* - Bras\u00edlia A Opera\u00e7\u00e3o Tempus Veritatis\u00a0tem, como alvo, diversos militares que integraram o governo do ex-presidente Jair Bolsonaro.\u00a0Deflagrada nesta quinta-feira (8) pela Pol\u00edcia Federal (PF), a\u00a0opera\u00e7\u00e3o\u00a0investiga\u00a0a exist\u00eancia de suposta\u00a0organiza\u00e7\u00e3o criminosa\u00a0que teria atuado\u2026","rel":"","context":"In &quot;Atualidade&quot;","block_context":{"text":"Atualidade","link":"https:\/\/correiodasemana.com\/site\/category\/atualidade\/"},"img":{"alt_text":"","src":"https:\/\/i0.wp.com\/correiodasemana.com\/site\/wp-content\/uploads\/2024\/02\/9dc0edf7-bec0-486f-9bff-7db4a161f9b9.webp?resize=350%2C200&ssl=1","width":350,"height":200,"srcset":"https:\/\/i0.wp.com\/correiodasemana.com\/site\/wp-content\/uploads\/2024\/02\/9dc0edf7-bec0-486f-9bff-7db4a161f9b9.webp?resize=350%2C200&ssl=1 1x, https:\/\/i0.wp.com\/correiodasemana.com\/site\/wp-content\/uploads\/2024\/02\/9dc0edf7-bec0-486f-9bff-7db4a161f9b9.webp?resize=525%2C300&ssl=1 1.5x, https:\/\/i0.wp.com\/correiodasemana.com\/site\/wp-content\/uploads\/2024\/02\/9dc0edf7-bec0-486f-9bff-7db4a161f9b9.webp?resize=700%2C400&ssl=1 2x, https:\/\/i0.wp.com\/correiodasemana.com\/site\/wp-content\/uploads\/2024\/02\/9dc0edf7-bec0-486f-9bff-7db4a161f9b9.webp?resize=1050%2C600&ssl=1 3x"},"classes":[]},{"id":11827,"url":"https:\/\/correiodasemana.com\/site\/psl-nao-esta-na-base-do-governo-e-nem-fara-parte-disse-o-presidente-luciano-bivar\/","url_meta":{"origin":18685,"position":4},"title":"&#8220;PSL n\u00e3o est\u00e1 na base do governo e nem far\u00e1 parte&#8221;, disse o presidente Luciano Bivar","author":"","date":"Julho 14, 2020","format":false,"excerpt":"POL\u00cdTICA O presidente nacional do PSL, deputado federal Luciano Bivar (PE), disse em entrevista ao\u00a0Congresso em Foco\u00a0que o\u00a0partido n\u00e3o se reaproximar\u00e1 do presidente Jair Bolsonaro.\u201cO PSL n\u00e3o est\u00e1 na base do governo e nem far\u00e1, continuaremos preservando nossa independ\u00eancia como sempre\u201d, declarou. As principais informa\u00e7\u00f5es deste texto foram enviadas antes\u2026","rel":"","context":"In &quot;Atualidade&quot;","block_context":{"text":"Atualidade","link":"https:\/\/correiodasemana.com\/site\/category\/atualidade\/"},"img":{"alt_text":"","src":"https:\/\/i0.wp.com\/correiodasemana.com\/site\/wp-content\/uploads\/2020\/07\/Luciano-Bivar-e1571601710910.jpg?resize=350%2C200&ssl=1","width":350,"height":200},"classes":[]},{"id":11319,"url":"https:\/\/correiodasemana.com\/site\/luiz-henrique-mandetta-e-demitido-do-ministerio-da-saude\/","url_meta":{"origin":18685,"position":5},"title":"Luiz Henrique Mandetta \u00e9 demitido do Minist\u00e9rio da Sa\u00fade","author":"","date":"Maio 7, 2020","format":false,"excerpt":"Por meio de uma rede social, o agora ex-ministro da Sa\u00fade, Luiz Henrique Mandetta, anunciou na quinta-feira (16) ter sido demitido pelo presidente Jair Bolsonaro Correio da Semana Por meio de uma rede social, o agora ex-ministro da Sa\u00fade, Luiz Henrique Mandetta, anunciou na quinta-feira (16) ter sido demitido pelo\u2026","rel":"","context":"In &quot;Atualidade&quot;","block_context":{"text":"Atualidade","link":"https:\/\/correiodasemana.com\/site\/category\/atualidade\/"},"img":{"alt_text":"","src":"https:\/\/i0.wp.com\/correiodasemana.com\/site\/wp-content\/uploads\/2020\/05\/WhatsApp-Image-2020-04-30-at-19.02.52.jpeg?resize=350%2C200&ssl=1","width":350,"height":200,"srcset":"https:\/\/i0.wp.com\/correiodasemana.com\/site\/wp-content\/uploads\/2020\/05\/WhatsApp-Image-2020-04-30-at-19.02.52.jpeg?resize=350%2C200&ssl=1 1x, https:\/\/i0.wp.com\/correiodasemana.com\/site\/wp-content\/uploads\/2020\/05\/WhatsApp-Image-2020-04-30-at-19.02.52.jpeg?resize=525%2C300&ssl=1 1.5x, https:\/\/i0.wp.com\/correiodasemana.com\/site\/wp-content\/uploads\/2020\/05\/WhatsApp-Image-2020-04-30-at-19.02.52.jpeg?resize=700%2C400&ssl=1 2x"},"classes":[]}],"jetpack_sharing_enabled":true,"_links":{"self":[{"href":"https:\/\/correiodasemana.com\/site\/wp-json\/wp\/v2\/posts\/18685","targetHints":{"allow":["GET"]}}],"collection":[{"href":"https:\/\/correiodasemana.com\/site\/wp-json\/wp\/v2\/posts"}],"about":[{"href":"https:\/\/correiodasemana.com\/site\/wp-json\/wp\/v2\/types\/post"}],"author":[{"embeddable":true,"href":"https:\/\/correiodasemana.com\/site\/wp-json\/wp\/v2\/users\/1"}],"replies":[{"embeddable":true,"href":"https:\/\/correiodasemana.com\/site\/wp-json\/wp\/v2\/comments?post=18685"}],"version-history":[{"count":1,"href":"https:\/\/correiodasemana.com\/site\/wp-json\/wp\/v2\/posts\/18685\/revisions"}],"predecessor-version":[{"id":18689,"href":"https:\/\/correiodasemana.com\/site\/wp-json\/wp\/v2\/posts\/18685\/revisions\/18689"}],"wp:featuredmedia":[{"embeddable":true,"href":"https:\/\/correiodasemana.com\/site\/wp-json\/wp\/v2\/media\/18688"}],"wp:attachment":[{"href":"https:\/\/correiodasemana.com\/site\/wp-json\/wp\/v2\/media?parent=18685"}],"wp:term":[{"taxonomy":"category","embeddable":true,"href":"https:\/\/correiodasemana.com\/site\/wp-json\/wp\/v2\/categories?post=18685"},{"taxonomy":"post_tag","embeddable":true,"href":"https:\/\/correiodasemana.com\/site\/wp-json\/wp\/v2\/tags?post=18685"}],"curies":[{"name":"wp","href":"https:\/\/api.w.org\/{rel}","templated":true}]}}