{"id":18690,"date":"2022-01-30T22:45:15","date_gmt":"2022-01-31T01:45:15","guid":{"rendered":"https:\/\/correiodasemana.com\/site\/?p=18690"},"modified":"2022-01-30T22:45:15","modified_gmt":"2022-01-31T01:45:15","slug":"em-sessao-solene-santa-casa-de-sobral-empossa-novo-diretor-clinico-da-instituicao","status":"publish","type":"post","link":"https:\/\/correiodasemana.com\/site\/em-sessao-solene-santa-casa-de-sobral-empossa-novo-diretor-clinico-da-instituicao\/","title":{"rendered":"Em sess\u00e3o solene, Santa Casa de Sobral empossa novo diretor cl\u00ednico da institui\u00e7\u00e3o"},"content":{"rendered":"<p>Dr. Elson Arruda Linhares assume o cargo pelos pr\u00f3ximos dois anos junto \u00e0 diretoria administrativa da institui\u00e7\u00e3o.<\/p>\n<p>Ascom Complexo SCMS<br \/>\nA Santa Casa de Miseric\u00f3rdia de Sobral (SCMS) realizou nesta quarta-feira (26\/01) a posse do novo diretor cl\u00ednico da institui\u00e7\u00e3o, Dr. Elson Arruda Linhares. O m\u00e9dico foi eleito pelos demais profissionais do corpo cl\u00ednico no m\u00eas de setembro de 2021, e assume o cargo pelos pr\u00f3ximos dois anos junto \u00e0 diretoria administrativa da institui\u00e7\u00e3o. A posse aconteceu em sess\u00e3o solene organizada pelo Setor Jur\u00eddico do hospital no audit\u00f3rio do Departamento de Ensino, Pesquisa e Extens\u00e3o (DEPE), e contou com a presen\u00e7a de m\u00e9dicos, da advogada da institui\u00e7\u00e3o, Dra. Aline Angelim, do diretor t\u00e9cnico da Santa Casa, Dr. S\u00e1vio Arcanjo, e do diretor-geral do Complexo SCMS, Klebson Carvalho Soares.<br \/>\n\u201cPrometo solenemente respeitar, cumprir e defender o cumprimento do c\u00f3digo de \u00c9tica M\u00e9dica, bem como as resolu\u00e7\u00f5es, normas e pareceres do Conselho Federal de Medicina, e do Conselho Regional de Medicina do Estado do Cear\u00e1 \u2013 CREMEC \u2013 observando as normas do Pa\u00eds, do Estado e do Munic\u00edpio\u201d, enfatizou Dr. Elson Arruda Linhares durante a sess\u00e3o solene.<br \/>\nO diretor-geral do Complexo SCMS, Klebson Carvalho Soares, ressaltou a import\u00e2ncia da diretoria cl\u00ednica para o bom andamento dos trabalhos da institui\u00e7\u00e3o.\u00a0\u201cO diretor cl\u00ednico tem o seu papel, que \u00e9 insubstitu\u00edvel dentro da institui\u00e7\u00e3o, promover a liga\u00e7\u00e3o entre o corpo m\u00e9dico e a diretoria administrativa\u201d, explica.<img fetchpriority=\"high\" decoding=\"async\" class=\"alignleft size-medium wp-image-18691\" src=\"https:\/\/correiodasemana.com\/site\/wp-content\/uploads\/2022\/01\/foto-sta-casa-1-300x200.jpg\" alt=\"\" width=\"300\" height=\"200\" srcset=\"https:\/\/correiodasemana.com\/site\/wp-content\/uploads\/2022\/01\/foto-sta-casa-1-300x200.jpg 300w, https:\/\/correiodasemana.com\/site\/wp-content\/uploads\/2022\/01\/foto-sta-casa-1-768x512.jpg 768w, https:\/\/correiodasemana.com\/site\/wp-content\/uploads\/2022\/01\/foto-sta-casa-1.jpg 999w\" sizes=\"(max-width: 300px) 100vw, 300px\" \/> <img decoding=\"async\" class=\"alignleft size-medium wp-image-18692\" src=\"https:\/\/correiodasemana.com\/site\/wp-content\/uploads\/2022\/01\/foto-sta-casa-2-300x200.jpg\" alt=\"\" width=\"300\" height=\"200\" srcset=\"https:\/\/correiodasemana.com\/site\/wp-content\/uploads\/2022\/01\/foto-sta-casa-2-300x200.jpg 300w, https:\/\/correiodasemana.com\/site\/wp-content\/uploads\/2022\/01\/foto-sta-casa-2-768x512.jpg 768w, https:\/\/correiodasemana.com\/site\/wp-content\/uploads\/2022\/01\/foto-sta-casa-2.jpg 999w\" sizes=\"(max-width: 300px) 100vw, 300px\" \/><\/p>\n","protected":false},"excerpt":{"rendered":"<p>Dr. Elson Arruda Linhares assume o cargo pelos pr\u00f3ximos dois anos junto \u00e0 diretoria administrativa&#8230;<\/p>\n","protected":false},"author":1,"featured_media":18692,"comment_status":"open","ping_status":"open","sticky":false,"template":"","format":"standard","meta":{"_jetpack_memberships_contains_paid_content":false,"footnotes":"","jetpack_publicize_message":"","jetpack_publicize_feature_enabled":true,"jetpack_social_post_already_shared":true,"jetpack_social_options":{"image_generator_settings":{"template":"highway","default_image_id":0,"font":"","enabled":false},"version":2}},"categories":[1],"tags":[],"class_list":["post-18690","post","type-post","status-publish","format-standard","has-post-thumbnail","hentry","category-atualidade"],"jetpack_publicize_connections":[],"jetpack_featured_media_url":"https:\/\/correiodasemana.com\/site\/wp-content\/uploads\/2022\/01\/foto-sta-casa-2.jpg","jetpack-related-posts":[{"id":20395,"url":"https:\/\/correiodasemana.com\/site\/santa-casa-de-sobral-recebe-visita-da-secretaria-interina-da-saude-do-ceara\/","url_meta":{"origin":18690,"position":0},"title":"Santa Casa de Sobral recebe visita da Secret\u00e1ria interina da Sa\u00fade do Cear\u00e1","author":"","date":"Julho 11, 2022","format":false,"excerpt":"A Santa Casa de Miseric\u00f3rdia de Sobral (SCMS) recebeu na sexta-feira (01\/07) a visita da secret\u00e1ria interina da Sa\u00fade do Estado do Cear\u00e1, Dra. T\u00e2nia Mara Silva Coelho. A visita foi acompanhada pelo diretor-geral da Institui\u00e7\u00e3o, Klebson Carvalho, pelo diretor cl\u00ednico, Dr. Elson Arruda e pela diretora de enfermagem, Dra.\u2026","rel":"","context":"In &quot;Atualidade&quot;","block_context":{"text":"Atualidade","link":"https:\/\/correiodasemana.com\/site\/category\/atualidade\/"},"img":{"alt_text":"","src":"https:\/\/i0.wp.com\/correiodasemana.com\/site\/wp-content\/uploads\/2022\/07\/VisitaSCMS2.jpeg?resize=350%2C200&ssl=1","width":350,"height":200,"srcset":"https:\/\/i0.wp.com\/correiodasemana.com\/site\/wp-content\/uploads\/2022\/07\/VisitaSCMS2.jpeg?resize=350%2C200&ssl=1 1x, https:\/\/i0.wp.com\/correiodasemana.com\/site\/wp-content\/uploads\/2022\/07\/VisitaSCMS2.jpeg?resize=525%2C300&ssl=1 1.5x, https:\/\/i0.wp.com\/correiodasemana.com\/site\/wp-content\/uploads\/2022\/07\/VisitaSCMS2.jpeg?resize=700%2C400&ssl=1 2x, https:\/\/i0.wp.com\/correiodasemana.com\/site\/wp-content\/uploads\/2022\/07\/VisitaSCMS2.jpeg?resize=1050%2C600&ssl=1 3x"},"classes":[]},{"id":8453,"url":"https:\/\/correiodasemana.com\/site\/santa-casa-capacita-corpo-clinico-para-padronizacao-de-exames-pre-operatorios\/","url_meta":{"origin":18690,"position":1},"title":"Santa Casa capacita corpo cl\u00ednico para padroniza\u00e7\u00e3o de exames pr\u00e9-operat\u00f3rios","author":"","date":"Julho 30, 2019","format":false,"excerpt":"Treinamento reuniu\u00a0m\u00e9dicos integrantes do corpo cl\u00ednico do hospital, m\u00e9dicos residentes em forma\u00e7\u00e3o na Santa Casa e internos das institui\u00e7\u00f5es conveniadas A Dire\u00e7\u00e3o da Santa Casa de Miseric\u00f3rdia de Sobral (SCMS), atrav\u00e9s do Departamento de Ensino Pesquisa e Extens\u00e3o (DEPE), realizou na tarde desta quarta-feira (24) Treinamento sobre o tema \u201cPr\u00e9-Operat\u00f3rio\u2026","rel":"","context":"In &quot;Santa Casa&quot;","block_context":{"text":"Santa Casa","link":"https:\/\/correiodasemana.com\/site\/category\/santa-casa\/"},"img":{"alt_text":"","src":"https:\/\/i0.wp.com\/correiodasemana.com\/site\/wp-content\/uploads\/2019\/07\/treinamento3.jpeg?resize=350%2C200&ssl=1","width":350,"height":200,"srcset":"https:\/\/i0.wp.com\/correiodasemana.com\/site\/wp-content\/uploads\/2019\/07\/treinamento3.jpeg?resize=350%2C200&ssl=1 1x, https:\/\/i0.wp.com\/correiodasemana.com\/site\/wp-content\/uploads\/2019\/07\/treinamento3.jpeg?resize=525%2C300&ssl=1 1.5x"},"classes":[]},{"id":20020,"url":"https:\/\/correiodasemana.com\/site\/hospital-do-coracao-de-sobral-promove-solenidade-para-comemorar-acreditacao-nivel-2-da-ona\/","url_meta":{"origin":18690,"position":2},"title":"Hospital do Cora\u00e7\u00e3o de Sobral promove solenidade para comemorar Acredita\u00e7\u00e3o N\u00edvel 2 da ONA","author":"","date":"Junho 12, 2022","format":false,"excerpt":"A institui\u00e7\u00e3o, que recebeu n\u00edvel 2 de acredita\u00e7\u00e3o, atende aos padr\u00f5es e requisitos de seguran\u00e7a do paciente e gest\u00e3o integrada em todas as \u00e1reas. Ascom Complexo SCMS Com foco na seguran\u00e7a do paciente e melhoria cont\u00ednua dos processos, o Hospital do Cora\u00e7\u00e3o de Sobral - Padre Jos\u00e9 Linhares passou por\u2026","rel":"","context":"In &quot;Atualidade&quot;","block_context":{"text":"Atualidade","link":"https:\/\/correiodasemana.com\/site\/category\/atualidade\/"},"img":{"alt_text":"","src":"https:\/\/i0.wp.com\/correiodasemana.com\/site\/wp-content\/uploads\/2022\/06\/comemoracoes-sta-casa-35.jpg?resize=350%2C200&ssl=1","width":350,"height":200,"srcset":"https:\/\/i0.wp.com\/correiodasemana.com\/site\/wp-content\/uploads\/2022\/06\/comemoracoes-sta-casa-35.jpg?resize=350%2C200&ssl=1 1x, https:\/\/i0.wp.com\/correiodasemana.com\/site\/wp-content\/uploads\/2022\/06\/comemoracoes-sta-casa-35.jpg?resize=525%2C300&ssl=1 1.5x, https:\/\/i0.wp.com\/correiodasemana.com\/site\/wp-content\/uploads\/2022\/06\/comemoracoes-sta-casa-35.jpg?resize=700%2C400&ssl=1 2x"},"classes":[]},{"id":18378,"url":"https:\/\/correiodasemana.com\/site\/hospital-do-coracao-de-sobral-celebra-25-anos-com-missa-especial\/","url_meta":{"origin":18690,"position":3},"title":"Hospital do Cora\u00e7\u00e3o de Sobral celebra 25 anos com missa especial","author":"","date":"Dezembro 20, 2021","format":false,"excerpt":"Presidida pelo bispo e provedor do Complexo SCMS, Dom Jos\u00e9 Luiz Gomes de Vasconcelos, a celebra\u00e7\u00e3o em a\u00e7\u00e3o de gra\u00e7as pelos 25 anos da institui\u00e7\u00e3o, tamb\u00e9m contou com a presen\u00e7a do fundador do Hospital do Cora\u00e7\u00e3o de Sobral, Pe. Jos\u00e9 Linhares Pontes. Na ocasi\u00e3o, funcion\u00e1rios foram homenageados, e uma placa\u2026","rel":"","context":"In &quot;Atualidade&quot;","block_context":{"text":"Atualidade","link":"https:\/\/correiodasemana.com\/site\/category\/atualidade\/"},"img":{"alt_text":"","src":"https:\/\/i0.wp.com\/correiodasemana.com\/site\/wp-content\/uploads\/2021\/12\/Foto-3.jpg?resize=350%2C200&ssl=1","width":350,"height":200,"srcset":"https:\/\/i0.wp.com\/correiodasemana.com\/site\/wp-content\/uploads\/2021\/12\/Foto-3.jpg?resize=350%2C200&ssl=1 1x, https:\/\/i0.wp.com\/correiodasemana.com\/site\/wp-content\/uploads\/2021\/12\/Foto-3.jpg?resize=525%2C300&ssl=1 1.5x, https:\/\/i0.wp.com\/correiodasemana.com\/site\/wp-content\/uploads\/2021\/12\/Foto-3.jpg?resize=700%2C400&ssl=1 2x"},"classes":[]},{"id":16668,"url":"https:\/\/correiodasemana.com\/site\/em-assembleia-ordinaria-virtual-novo-conselho-fiscal-do-complexo-santa-casa-de-misericordia-de-sobral-e-eleito\/","url_meta":{"origin":18690,"position":4},"title":"Em Assembleia Ordin\u00e1ria virtual, novo conselho fiscal do Complexo Santa Casa de Miseric\u00f3rdia de Sobral \u00e9 eleito","author":"","date":"Junho 7, 2021","format":false,"excerpt":"Encontro virtual contou com a participa\u00e7\u00e3o do bispo da diocese de Sobral e provedor do Complexo SCMS, Dom Jos\u00e9 Luiz Gomes de Vasconcelos, al\u00e9m de toda dire\u00e7\u00e3o-geral da institui\u00e7\u00e3o, associados e convidados. Ascom Complexo SCMS Com o objetivo de continuar o desenvolvimento dos processos administrativos do Complexo Santa Casa de\u2026","rel":"","context":"In &quot;Atualidade&quot;","block_context":{"text":"Atualidade","link":"https:\/\/correiodasemana.com\/site\/category\/atualidade\/"},"img":{"alt_text":"","src":"https:\/\/i0.wp.com\/correiodasemana.com\/site\/wp-content\/uploads\/2021\/06\/Assembleia-Virtual.png?resize=350%2C200&ssl=1","width":350,"height":200,"srcset":"https:\/\/i0.wp.com\/correiodasemana.com\/site\/wp-content\/uploads\/2021\/06\/Assembleia-Virtual.png?resize=350%2C200&ssl=1 1x, https:\/\/i0.wp.com\/correiodasemana.com\/site\/wp-content\/uploads\/2021\/06\/Assembleia-Virtual.png?resize=525%2C300&ssl=1 1.5x, https:\/\/i0.wp.com\/correiodasemana.com\/site\/wp-content\/uploads\/2021\/06\/Assembleia-Virtual.png?resize=700%2C400&ssl=1 2x, https:\/\/i0.wp.com\/correiodasemana.com\/site\/wp-content\/uploads\/2021\/06\/Assembleia-Virtual.png?resize=1050%2C600&ssl=1 3x, https:\/\/i0.wp.com\/correiodasemana.com\/site\/wp-content\/uploads\/2021\/06\/Assembleia-Virtual.png?resize=1400%2C800&ssl=1 4x"},"classes":[]},{"id":16671,"url":"https:\/\/correiodasemana.com\/site\/santa-casa-de-sobral-recebe-doacao-de-capacetes-elmo-da-fabrica-coelho\/","url_meta":{"origin":18690,"position":5},"title":"Santa Casa de Sobral recebe doa\u00e7\u00e3o de Capacetes Elmo da F\u00e1brica Coelho","author":"","date":"Junho 7, 2021","format":false,"excerpt":"Os 10 equipamentos doados pela empresa contribuir\u00e3o com a redu\u00e7\u00e3o da necessidade de interna\u00e7\u00e3o de pacientes em Unidades de Terapia Intensiva (UTI). Ascom Complexo SCMS A Santa Casa de Miseric\u00f3rdia de Sobral (SCMS) recebeu na segunda-feira (31\/05) a doa\u00e7\u00e3o de 10 capacetes Elmo da F\u00e1brica Coelho. O uso do equipamento\u2026","rel":"","context":"In &quot;Atualidade&quot;","block_context":{"text":"Atualidade","link":"https:\/\/correiodasemana.com\/site\/category\/atualidade\/"},"img":{"alt_text":"","src":"https:\/\/i0.wp.com\/correiodasemana.com\/site\/wp-content\/uploads\/2021\/06\/Doacao-Fabrica-Coelho-scaled.jpg?resize=350%2C200&ssl=1","width":350,"height":200,"srcset":"https:\/\/i0.wp.com\/correiodasemana.com\/site\/wp-content\/uploads\/2021\/06\/Doacao-Fabrica-Coelho-scaled.jpg?resize=350%2C200&ssl=1 1x, https:\/\/i0.wp.com\/correiodasemana.com\/site\/wp-content\/uploads\/2021\/06\/Doacao-Fabrica-Coelho-scaled.jpg?resize=525%2C300&ssl=1 1.5x, https:\/\/i0.wp.com\/correiodasemana.com\/site\/wp-content\/uploads\/2021\/06\/Doacao-Fabrica-Coelho-scaled.jpg?resize=700%2C400&ssl=1 2x, https:\/\/i0.wp.com\/correiodasemana.com\/site\/wp-content\/uploads\/2021\/06\/Doacao-Fabrica-Coelho-scaled.jpg?resize=1050%2C600&ssl=1 3x, https:\/\/i0.wp.com\/correiodasemana.com\/site\/wp-content\/uploads\/2021\/06\/Doacao-Fabrica-Coelho-scaled.jpg?resize=1400%2C800&ssl=1 4x"},"classes":[]}],"jetpack_sharing_enabled":true,"_links":{"self":[{"href":"https:\/\/correiodasemana.com\/site\/wp-json\/wp\/v2\/posts\/18690","targetHints":{"allow":["GET"]}}],"collection":[{"href":"https:\/\/correiodasemana.com\/site\/wp-json\/wp\/v2\/posts"}],"about":[{"href":"https:\/\/correiodasemana.com\/site\/wp-json\/wp\/v2\/types\/post"}],"author":[{"embeddable":true,"href":"https:\/\/correiodasemana.com\/site\/wp-json\/wp\/v2\/users\/1"}],"replies":[{"embeddable":true,"href":"https:\/\/correiodasemana.com\/site\/wp-json\/wp\/v2\/comments?post=18690"}],"version-history":[{"count":1,"href":"https:\/\/correiodasemana.com\/site\/wp-json\/wp\/v2\/posts\/18690\/revisions"}],"predecessor-version":[{"id":18693,"href":"https:\/\/correiodasemana.com\/site\/wp-json\/wp\/v2\/posts\/18690\/revisions\/18693"}],"wp:featuredmedia":[{"embeddable":true,"href":"https:\/\/correiodasemana.com\/site\/wp-json\/wp\/v2\/media\/18692"}],"wp:attachment":[{"href":"https:\/\/correiodasemana.com\/site\/wp-json\/wp\/v2\/media?parent=18690"}],"wp:term":[{"taxonomy":"category","embeddable":true,"href":"https:\/\/correiodasemana.com\/site\/wp-json\/wp\/v2\/categories?post=18690"},{"taxonomy":"post_tag","embeddable":true,"href":"https:\/\/correiodasemana.com\/site\/wp-json\/wp\/v2\/tags?post=18690"}],"curies":[{"name":"wp","href":"https:\/\/api.w.org\/{rel}","templated":true}]}}