{"id":18995,"date":"2022-02-21T21:57:53","date_gmt":"2022-02-22T00:57:53","guid":{"rendered":"https:\/\/correiodasemana.com\/site\/?p=18995"},"modified":"2022-02-21T21:57:53","modified_gmt":"2022-02-22T00:57:53","slug":"tributo-a-evangelina-saboya","status":"publish","type":"post","link":"https:\/\/correiodasemana.com\/site\/tributo-a-evangelina-saboya\/","title":{"rendered":"Tributo \u00e0 Evangelina Saboya\u00a0"},"content":{"rendered":"<p><img fetchpriority=\"high\" decoding=\"async\" class=\"alignleft size-medium wp-image-18996\" src=\"https:\/\/correiodasemana.com\/site\/wp-content\/uploads\/2022\/02\/tributo-1-187x300.jpg\" alt=\"\" width=\"187\" height=\"300\" srcset=\"https:\/\/correiodasemana.com\/site\/wp-content\/uploads\/2022\/02\/tributo-1-187x300.jpg 187w, https:\/\/correiodasemana.com\/site\/wp-content\/uploads\/2022\/02\/tributo-1.jpg 260w\" sizes=\"(max-width: 187px) 100vw, 187px\" \/> <img decoding=\"async\" class=\"alignleft size-medium wp-image-18997\" src=\"https:\/\/correiodasemana.com\/site\/wp-content\/uploads\/2022\/02\/tributo-2-300x200.jpg\" alt=\"\" width=\"300\" height=\"200\" srcset=\"https:\/\/correiodasemana.com\/site\/wp-content\/uploads\/2022\/02\/tributo-2-300x200.jpg 300w, https:\/\/correiodasemana.com\/site\/wp-content\/uploads\/2022\/02\/tributo-2.jpg 398w\" sizes=\"(max-width: 300px) 100vw, 300px\" \/>Com a alma em festa e embalada por forte sentimento de gratid\u00e3o \u00e0 Prefeitura Municipal de Sobral, na pessoa do Prefeito Ivo Ferreira Gomes, estamos aqui para prestar justa homenagem \u00e0 sobralense Evangelina Saboya, escolhida para nominar o Parque que hoje \u00e9 inaugurado, equipamento urbano que proporcionar\u00e1 melhor qualidade de vida \u00e0 comunidade do Bairro Sinh\u00e1 Saboia.<br \/>\nDados Biogr\u00e1ficos\u00a0&#8211;\u00a0Nascida em Sobral, a 24 de novembro de 1898, Evangelina era filha de Jos\u00e9 Saboya de Albuquerque e Maria da Soledade Saboya de Albuquerque (Sinh\u00e1 Saboia).<br \/>\nJos\u00e9 Saboya de Albuquerque &#8211;\u00a0Nasceu em Sobral a 06\/08\/1871, filho de Ernesto Deocleciano de Albuquerque e Francisca Carolina de Saboya. A trajet\u00f3ria de vida de Jos\u00e9 Saboya foi marcante por sua atua\u00e7\u00e3o como Magistrado em Sobral, com exemplos de honradez, rigor no cumprimento da Lei, inteireza moral e s\u00f3lida cultura jur\u00eddica. Como cidad\u00e3o, teve extremado amor \u00e0 Sobral, aqui permanecendo por toda a sua exist\u00eancia. Exerceu o cargo de Juiz de Direito de Sobral de 1899 a 1935. Aposentado, assumiu a Dire\u00e7\u00e3o da F\u00e1brica de Tecidos, fundada por seu pai, promovendo grande expans\u00e3o na ind\u00fastria e regulamenta\u00e7\u00e3o das Leis Trabalhistas para os oper\u00e1rios. O F\u00f3rum da Comarca de Sobral e a Pra\u00e7a, antes denominada Coluna da Hora, levam o seu nome. Faleceu a 26\/04\/1950, e est\u00e1 sepultado em Sobral.<br \/>\nSinh\u00e1 Saboya\u00a0\u2013 Sobralense (1875- 1963). Destacou-se por sua refinada educa\u00e7\u00e3o, dedica\u00e7\u00e3o \u00e0 fam\u00edlia e obras de assist\u00eancia social ao povo de sua terra. Filhos do casal: Evangelina Saboya casada com Theodor Ziesmer; Francisca Saboia \u2013 casada com Sergio Saboya; Maria da Soledade (Mariinha) &#8211; casada com Plinio Pompeu de Saboya Magalh\u00e3es; Ernesto Saboya \u2013 casado com Fernandina Saboya; Pudenciana (Nasinha) \u2013 casada com Jos\u00e9 Maria Mont\u2019Alverne.<br \/>\nA fam\u00edlia Saboya \u00e9 origin\u00e1ria da It\u00e1lia, regi\u00e3o de Piemonte, sendo uma das mais tradicionais da Europa. No s\u00e9c. XVIII, Gabriel Alghery de Saboia, transferiu-se para o Cear\u00e1, fixando-se em Aracati. No s\u00e9c. XIX, seu filho Jos\u00e9 Baltazar Alghery de Saboia, depois conhecido por Cel. Jos\u00e9 Saboia (1800 \u2013 1870), chegou em Sobral, casando-se com Joaquina Figueira de Melo, em 1824, deixando numerosa descend\u00eancia. Foi o primeiro Saboia a chegar em nossa cidade.<br \/>\nO protagonismo e atua\u00e7\u00e3o da fam\u00edlia Saboya em Sobral remonta h\u00e1 mais de dois s\u00e9culos passados, deixando um legado de trabalho, empreendedorismo, honestidade e integridade moral, com exemplos edificantes nas mais variadas \u00e1reas de atividades.<\/p>\n<p>Perfil &#8211; Evangelina Saboya de Albuquerque<br \/>\n\u201cPessoas existem que, exercendo o papel de cidad\u00e3s, tra\u00e7am caminhos para os que vir\u00e3o. Exemplos a serem seguidos\u201d (Dom Helder C\u00e2mara).<br \/>\nEvangelina foi uma dessas pessoas. Guardava a simplicidade em suas a\u00e7\u00f5es, o desprendimento de bens materiais, a pr\u00e1tica de doa\u00e7\u00f5es e partilha com os mais necessitados.<br \/>\nCultivava as artes: literatura, pintura e m\u00fasica.\u00a0De cultura erudita, dedicava-se \u00e0 leitura dos grandes pensadores europeus, falava fluentemente franc\u00eas e gostava de viajar, tendo ido \u00e0 Europa, Uni\u00e3o Sovi\u00e9tica e pa\u00edses da Am\u00e9rica do Sul.<br \/>\nDefiniu o seu caminho liter\u00e1rio para a poesia, tendo deixado algumas como \u201cAmanhecer\u201d, \u201cAssim \u00e9 a vida\u201d, \u201cAldeia de Pisak\u201d, dentre outras, publicadas em op\u00fasculo em 2010, onde, o Pe. Osvaldo Chaves, grande amigo, a ela se referia na apresenta\u00e7\u00e3o, com as palavras:<br \/>\n\u201cEsquecer o favor \u00e9 sonegar a d\u00edvida. Evangelina criou o maior bairro de Sobral.\u00a0\u00a0Criou e lhe deu nome &#8211; Sinh\u00e1 Saboia- Renovou o \u2018\u2019Outro Lado do Rio\u2019\u2019, doando espa\u00e7o para a constru\u00e7\u00e3o de escolas p\u00fablicas, como Escola Sinh\u00e1 Saboya e Escola Profissional S\u00e3o Jos\u00e9, onde o jovem poderia cursar o ensino secund\u00e1rio ou o profissionalizante. Evangelina n\u00e3o era s\u00f3 um cora\u00e7\u00e3o generoso a evidenciar-se em grandes doa\u00e7\u00f5es, era uma sensibilidade a vibrar diante das belezas do mundo interior\u201d.<br \/>\nQuando Pe. Osvaldo cita que ela criou o maior bairro de Sobral, faz-se necess\u00e1rio esclarecer. Com a morte de seus pais, tornou-se por heran\u00e7a, propriet\u00e1ria de grande parte dos terrenos onde hoje se localiza o Bairro Sinh\u00e1 Saboia, conhecido como V\u00e1rzea Grande. Na d\u00e9cada de 1960, recebeu uma decis\u00e3o governamental de desapropria\u00e7\u00e3o dos referidos terrenos, para a constru\u00e7\u00e3o das cem primeiras casas populares de Sobral. Evangelina preferiu do\u00e1-los, em benef\u00edcio da popula\u00e7\u00e3o carente.<br \/>\nO Bairro Sinh\u00e1 Saboia foi criado pela Lei Municipal n\u00ba 134\/1966, de 30 de maio de 1966, assinada pelo ent\u00e3o Prefeito Ces\u00e1rio Barreto Lima.<br \/>\nOutras doa\u00e7\u00f5es de Evangelina merecem ser citadas, como os terrenos para a constru\u00e7\u00e3o da Igreja de S\u00e3o Pedro, do Cemit\u00e9rio Santa Marta, a pedido do Pe. Osvaldo Chaves; para a Escola Profissional S\u00e3o Jos\u00e9, constru\u00edda por Mons. Alo\u00edsio Pinto, em 1968 e para a Escola Estadual Sinh\u00e1 Saboya.\u00a0\u00a0Registre-se ainda, o terreno para o pr\u00e9dio do INSS, localizado no Centro de Sobral, at\u00e9 hoje em funcionamento.<br \/>\nRaras pessoas teriam gesto de tamanha grandeza. Quiseram colocar o seu nome no bairro, Evangelina agradeceu, mas recusou. Foi ent\u00e3o, sugerido o nome de sua m\u00e3e, Sinh\u00e1 Saboia, que falecera h\u00e1 pouco tempo.<br \/>\nResidia com seus pais Jos\u00e9 Saboya e Sinh\u00e1, a quem deu assist\u00eancia e afeto at\u00e9 o fim de seus dias, no casar\u00e3o da Pra\u00e7a do\u00a0Figueira. N\u00e3o teve filhos, vivia\u00a0cercada de sobrinhos, era amada por todos como uma segunda m\u00e3e.<br \/>\nNa d\u00e9cada de 1920, foi escolhida em uma enquete realizada por um jornal local, como a mais bela sobralense. Era uma mulher \u00e0 frente de seu tempo, que rompia paradigmas dos padr\u00f5es sociais de sua \u00e9poca.<br \/>\nTive o privil\u00e9gio de conviver por muitos anos com ela, com quem aprendi s\u00e1bias li\u00e7\u00f5es de vida. Tinha especial predile\u00e7\u00e3o por crian\u00e7as, flores e animais, cuidando daqueles feridos e abandonados na rua, seguindo os ensinamentos de S\u00e3o Francisco, a quem tinha grande devo\u00e7\u00e3o.<br \/>\nEvangelina faleceu a 06 de maio de 1988 e est\u00e1 sepultada em Sobral.<br \/>\nO legado maior deixado pela homenageada, al\u00e9m de sua pr\u00f3pria hist\u00f3ria, corajosa e humana, foi o exemplo de partilha de bens materiais, a integridade moral, o respeito \u00e0 natureza e os princ\u00edpios crist\u00e3os que nortearam a sua exist\u00eancia.<br \/>\nPor tudo o que ela representa para a nossa fam\u00edlia e para a comunidade sobralense, manifestamos aqui a mais profunda gratid\u00e3o e respeito \u00e0 sua mem\u00f3ria.<br \/>\nSinh\u00e1 Saboia, para quem desconhece a sua hist\u00f3ria, tamb\u00e9m \u00e9 merecedora de homenagem.<br \/>\nFoi uma pessoa extremamente caridosa, tendo ajudado aos flagelados das secas 1915 e 1932, que se alojavam em v\u00e1rios locais de Sobral, \u00e0 espera de alimentos, rem\u00e9dios e recursos dos governantes. Na \u00e9poca das enchentes do Rio Acara\u00fa, foi grande a sua participa\u00e7\u00e3o junto aos desabrigados, com a colabora\u00e7\u00e3o das\u00a0Senhoras de Caridade,\u00a0tendo em Anahid Andrade e Sinh\u00e1 Sab\u00f3ia, grandes lideran\u00e7as.<br \/>\n\u201cAquele que dedicar sua vida e fazer o bem, n\u00e3o morrer\u00e1 completamente. Suas obras ressurgir\u00e3o, n\u00e3o importa o tempo, ir\u00e3o iluminar caminhos e seu nome ser\u00e1 lembrado com respeito e gratid\u00e3o pelas gera\u00e7\u00f5es futuras\u201d, nas palavras de C\u00edcero, orador romano, encontro a vida de Evangelina.<br \/>\nConcluindo, sa\u00fado e parabenizo o Exmo. Sr. Prefeito Ivo Ferreira Gomes, pela entrega deste equipamento urbano, que beneficiar\u00e1 a uma popula\u00e7\u00e3o de, aproximadamente, 35 mil habitantes, residente no Complexo Sinh\u00e1 Saboia, que abrange cinco Conjuntos Habitacionais (Cohab I \u2013 Cohab II, Jatob\u00e1 I e II e Santo Ant\u00f4nio). A doa\u00e7\u00e3o inicial de Evangelina, com o fermento da generosidade, transformou-se no maior bairro desta cidade.<br \/>\nDestacamos e agradecemos o apoio do Exmo. Governador Camilo Santana e a participa\u00e7\u00e3o do Deputado Federal Le\u00f4nidas Cristino, pela contribui\u00e7\u00e3o a t\u00e3o relevante projeto social para os sobralenses.<br \/>\nRegistro, o meu reconhecimento ao Prefeito de Sobral, pela gest\u00e3o respons\u00e1vel e progressista, em meio a tantas adversidades sanit\u00e1rias, econ\u00f4micas e sociais. Tarefa para os ind\u00f4mitos e talentosos, que confiam em Deus e acreditam na for\u00e7a e na reserva de valores humanos, ainda existentes em Sobral, no Cear\u00e1 e no Brasil.<br \/>\nGiovana Saboya Mont\u2019Alverne\u00a0 &#8211; Profa. Em\u00e9rita da UVA. Historiadora. Membro da Academia Sobralense de Estudos e Letras, do Instituto Hist\u00f3rico e Geogr\u00e1fico de Sobral\u00a0e da Academia Brasileira de Hagiologia.<br \/>\nSobral, 12 \/02\/2022<\/p>\n","protected":false},"excerpt":{"rendered":"<p>Com a alma em festa e embalada por forte sentimento de gratid\u00e3o \u00e0 Prefeitura Municipal&#8230;<\/p>\n","protected":false},"author":1,"featured_media":18997,"comment_status":"open","ping_status":"open","sticky":false,"template":"","format":"standard","meta":{"_jetpack_memberships_contains_paid_content":false,"footnotes":"","jetpack_publicize_message":"","jetpack_publicize_feature_enabled":true,"jetpack_social_post_already_shared":true,"jetpack_social_options":{"image_generator_settings":{"template":"highway","default_image_id":0,"font":"","enabled":false},"version":2}},"categories":[1],"tags":[],"class_list":["post-18995","post","type-post","status-publish","format-standard","has-post-thumbnail","hentry","category-atualidade"],"jetpack_publicize_connections":[],"jetpack_featured_media_url":"https:\/\/correiodasemana.com\/site\/wp-content\/uploads\/2022\/02\/tributo-2.jpg","jetpack-related-posts":[{"id":18981,"url":"https:\/\/correiodasemana.com\/site\/parque-evangelina-saboya-e-inaugurado-no-bairro-sinha-saboia-em-sobral\/","url_meta":{"origin":18995,"position":0},"title":"Parque Evangelina Saboya \u00e9 inaugurado no bairro Sinh\u00e1 Saboia em Sobral","author":"","date":"Fevereiro 21, 2022","format":false,"excerpt":"Por Samuel Carvalho Reda\u00e7\u00e3o Correio da Semana No \u00faltimo s\u00e1bado (12), foi inaugurado o Parque Evangelina Saboya no Bairro Sinh\u00e1 Saboya em Sobral. A obra \u00e9 uma a\u00e7\u00e3o conjunta ntre Governo do Estado e Prefeitura de Sobral. Para el\u00e9m do complexo de lazer, tamb\u00e9m foi inaugurada uma nova unidade de\u2026","rel":"","context":"In &quot;Atualidade&quot;","block_context":{"text":"Atualidade","link":"https:\/\/correiodasemana.com\/site\/category\/atualidade\/"},"img":{"alt_text":"","src":"https:\/\/i0.wp.com\/correiodasemana.com\/site\/wp-content\/uploads\/2022\/02\/praca-inaugural-sobral-4.jpg?resize=350%2C200&ssl=1","width":350,"height":200,"srcset":"https:\/\/i0.wp.com\/correiodasemana.com\/site\/wp-content\/uploads\/2022\/02\/praca-inaugural-sobral-4.jpg?resize=350%2C200&ssl=1 1x, https:\/\/i0.wp.com\/correiodasemana.com\/site\/wp-content\/uploads\/2022\/02\/praca-inaugural-sobral-4.jpg?resize=525%2C300&ssl=1 1.5x, https:\/\/i0.wp.com\/correiodasemana.com\/site\/wp-content\/uploads\/2022\/02\/praca-inaugural-sobral-4.jpg?resize=700%2C400&ssl=1 2x"},"classes":[]},{"id":17201,"url":"https:\/\/correiodasemana.com\/site\/sesquicentenario-do-dr-jose-saboya\/","url_meta":{"origin":18995,"position":1},"title":"SESQUICENTEN\u00c1RIO DO DR. JOS\u00c9 SABOYA\u00a0","author":"","date":"Agosto 9, 2021","format":false,"excerpt":"A coluna de hoje \u00e9 biogr\u00e1fica. Em 6 de agosto de 1871, h\u00e1 150 anos, nascia em Sobral, Jos\u00e9 Saboya de Albuquerque, filho do Cel. Ernesto Deocleciano de Albuquerque e de dona Francisca Saboya de Albuquerque. Seu pai, Ernesto Deocleciano, foi pioneiro na industrializa\u00e7\u00e3o sobralense, bem como relevante empreendedor para\u2026","rel":"","context":"In &quot;Artigos&quot;","block_context":{"text":"Artigos","link":"https:\/\/correiodasemana.com\/site\/category\/artigos\/"},"img":{"alt_text":"","src":"https:\/\/i0.wp.com\/correiodasemana.com\/site\/wp-content\/uploads\/2019\/07\/Jose%CC%81-1.jpg?resize=350%2C200&ssl=1","width":350,"height":200,"srcset":"https:\/\/i0.wp.com\/correiodasemana.com\/site\/wp-content\/uploads\/2019\/07\/Jose%CC%81-1.jpg?resize=350%2C200&ssl=1 1x, https:\/\/i0.wp.com\/correiodasemana.com\/site\/wp-content\/uploads\/2019\/07\/Jose%CC%81-1.jpg?resize=525%2C300&ssl=1 1.5x, https:\/\/i0.wp.com\/correiodasemana.com\/site\/wp-content\/uploads\/2019\/07\/Jose%CC%81-1.jpg?resize=700%2C400&ssl=1 2x"},"classes":[]},{"id":18345,"url":"https:\/\/correiodasemana.com\/site\/criado-o-instituto-historico-e-geografico-de-sobral\/","url_meta":{"origin":18995,"position":2},"title":"Criado o Instituto Hist\u00f3rico e Geogr\u00e1fico de Sobral\u00a0","author":"","date":"Dezembro 20, 2021","format":false,"excerpt":"A funda\u00e7\u00e3o oficial do Instituto Hist\u00f3rico e Geogr\u00e1fico de Sobral \u2013 IHGS, se deu no Audit\u00f3rio Pe. Ibiapina, da Par\u00f3quia de Cristo Ressuscitado. A iniciativa foi do Prof. Jos\u00e9 Lu\u00eds Lira, amplamente aceita por intelectuais, historiadores e ge\u00f3grafos sobralenses. O local escolhido fez parte das homenagens ao Mons. Francisco Sadoc\u2026","rel":"","context":"In &quot;Atualidade&quot;","block_context":{"text":"Atualidade","link":"https:\/\/correiodasemana.com\/site\/category\/atualidade\/"},"img":{"alt_text":"","src":"https:\/\/i0.wp.com\/correiodasemana.com\/site\/wp-content\/uploads\/2021\/12\/instituto-historico-de-sobral-2.jpg?resize=350%2C200&ssl=1","width":350,"height":200,"srcset":"https:\/\/i0.wp.com\/correiodasemana.com\/site\/wp-content\/uploads\/2021\/12\/instituto-historico-de-sobral-2.jpg?resize=350%2C200&ssl=1 1x, https:\/\/i0.wp.com\/correiodasemana.com\/site\/wp-content\/uploads\/2021\/12\/instituto-historico-de-sobral-2.jpg?resize=525%2C300&ssl=1 1.5x, https:\/\/i0.wp.com\/correiodasemana.com\/site\/wp-content\/uploads\/2021\/12\/instituto-historico-de-sobral-2.jpg?resize=700%2C400&ssl=1 2x"},"classes":[]},{"id":23531,"url":"https:\/\/correiodasemana.com\/site\/prefeitura-realiza-obras-de-drenagens-em-diferentes-bairros-investimento-das-obras-e-superior-a-r-55-milhoes\/","url_meta":{"origin":18995,"position":3},"title":"Prefeitura realiza obras de drenagens em diferentes bairros; investimento das obras \u00e9 superior a R$ 5,5 milh\u00f5es","author":"adminredacao","date":"Fevereiro 14, 2023","format":false,"excerpt":"A Prefeitura de Sobral, por meio da Secretaria da Infraestrutura, est\u00e1 realizando a constru\u00e7\u00e3o de tr\u00eas novas redes de drenagem em Sobral. As obras, que contemplam os bairros Renato Parente, Sinh\u00e1 Saboia e Vila Uni\u00e3o, s\u00e3o necess\u00e1rias para garantir o escoamento adequado das \u00e1guas das chuvas. No bairro Renato Parente,\u2026","rel":"","context":"In &quot;Atualidade&quot;","block_context":{"text":"Atualidade","link":"https:\/\/correiodasemana.com\/site\/category\/atualidade\/"},"img":{"alt_text":"","src":"https:\/\/i0.wp.com\/correiodasemana.com\/site\/wp-content\/uploads\/2023\/02\/saneamento.jpg?resize=350%2C200&ssl=1","width":350,"height":200,"srcset":"https:\/\/i0.wp.com\/correiodasemana.com\/site\/wp-content\/uploads\/2023\/02\/saneamento.jpg?resize=350%2C200&ssl=1 1x, https:\/\/i0.wp.com\/correiodasemana.com\/site\/wp-content\/uploads\/2023\/02\/saneamento.jpg?resize=525%2C300&ssl=1 1.5x"},"classes":[]},{"id":25888,"url":"https:\/\/correiodasemana.com\/site\/livro-250-anos-de-sobral-e-patronos-do-ihgs-e-lancado\/","url_meta":{"origin":18995,"position":4},"title":"Livro \u201c250 Anos de Sobral e Patronos do IHGS\u201d \u00e9 lan\u00e7ado","author":"adminredacao","date":"Julho 31, 2023","format":false,"excerpt":"Na noite de quinta-feira (27), aconteceu o lan\u00e7amento do livro \u201c250 Anos de Sobral e Patronos do IHGS\u201d, de responsabilidade do Instituto Hist\u00f3rico e Geogr\u00e1fico de Sobral, realizado no Audit\u00f3rio Oscar Spindola Rodrigues, do Centro Universit\u00e1rio UNINTA. A mesa foi composta pelo presidente do Instituto Hist\u00f3rico e Geogr\u00e1fico de Sobral,\u2026","rel":"","context":"In &quot;Atualidade&quot;","block_context":{"text":"Atualidade","link":"https:\/\/correiodasemana.com\/site\/category\/atualidade\/"},"img":{"alt_text":"","src":"https:\/\/i0.wp.com\/correiodasemana.com\/site\/wp-content\/uploads\/2023\/07\/Representantes-da-Comissao-Organizadora-do-livro.jpeg?resize=350%2C200&ssl=1","width":350,"height":200,"srcset":"https:\/\/i0.wp.com\/correiodasemana.com\/site\/wp-content\/uploads\/2023\/07\/Representantes-da-Comissao-Organizadora-do-livro.jpeg?resize=350%2C200&ssl=1 1x, https:\/\/i0.wp.com\/correiodasemana.com\/site\/wp-content\/uploads\/2023\/07\/Representantes-da-Comissao-Organizadora-do-livro.jpeg?resize=525%2C300&ssl=1 1.5x, https:\/\/i0.wp.com\/correiodasemana.com\/site\/wp-content\/uploads\/2023\/07\/Representantes-da-Comissao-Organizadora-do-livro.jpeg?resize=700%2C400&ssl=1 2x, https:\/\/i0.wp.com\/correiodasemana.com\/site\/wp-content\/uploads\/2023\/07\/Representantes-da-Comissao-Organizadora-do-livro.jpeg?resize=1050%2C600&ssl=1 3x, https:\/\/i0.wp.com\/correiodasemana.com\/site\/wp-content\/uploads\/2023\/07\/Representantes-da-Comissao-Organizadora-do-livro.jpeg?resize=1400%2C800&ssl=1 4x"},"classes":[]},{"id":20987,"url":"https:\/\/correiodasemana.com\/site\/parque-da-integracao-e-entregue-a-populacao-dos-bairros-dom-jose-padre-palhano-e-sumare\/","url_meta":{"origin":18995,"position":5},"title":"Parque da Integra\u00e7\u00e3o \u00e9 entregue \u00e0 popula\u00e7\u00e3o dos bairros Dom Jos\u00e9, Padre Palhano e Sumar\u00e9","author":"","date":"Setembro 11, 2022","format":false,"excerpt":"O prefeito Ivo Gomes, ao lado do senador Cid Gomes, de secret\u00e1rios municipais e de vereadores, inaugurou, na noite desta quarta-feira (07\/09), no bairro Dom Jos\u00e9, o Parque da Integra\u00e7\u00e3o, que contempla ciclovia, anfiteatro, academia ao ar livre, piso intertravado, bancos de madeira, ilumina\u00e7\u00e3o em LED e passarela, ligando as\u2026","rel":"","context":"In &quot;Atualidade&quot;","block_context":{"text":"Atualidade","link":"https:\/\/correiodasemana.com\/site\/category\/atualidade\/"},"img":{"alt_text":"","src":"https:\/\/i0.wp.com\/correiodasemana.com\/site\/wp-content\/uploads\/2022\/09\/esporte-padre-palhano-sobral.jpg?resize=350%2C200&ssl=1","width":350,"height":200,"srcset":"https:\/\/i0.wp.com\/correiodasemana.com\/site\/wp-content\/uploads\/2022\/09\/esporte-padre-palhano-sobral.jpg?resize=350%2C200&ssl=1 1x, https:\/\/i0.wp.com\/correiodasemana.com\/site\/wp-content\/uploads\/2022\/09\/esporte-padre-palhano-sobral.jpg?resize=525%2C300&ssl=1 1.5x, https:\/\/i0.wp.com\/correiodasemana.com\/site\/wp-content\/uploads\/2022\/09\/esporte-padre-palhano-sobral.jpg?resize=700%2C400&ssl=1 2x"},"classes":[]}],"jetpack_sharing_enabled":true,"_links":{"self":[{"href":"https:\/\/correiodasemana.com\/site\/wp-json\/wp\/v2\/posts\/18995","targetHints":{"allow":["GET"]}}],"collection":[{"href":"https:\/\/correiodasemana.com\/site\/wp-json\/wp\/v2\/posts"}],"about":[{"href":"https:\/\/correiodasemana.com\/site\/wp-json\/wp\/v2\/types\/post"}],"author":[{"embeddable":true,"href":"https:\/\/correiodasemana.com\/site\/wp-json\/wp\/v2\/users\/1"}],"replies":[{"embeddable":true,"href":"https:\/\/correiodasemana.com\/site\/wp-json\/wp\/v2\/comments?post=18995"}],"version-history":[{"count":1,"href":"https:\/\/correiodasemana.com\/site\/wp-json\/wp\/v2\/posts\/18995\/revisions"}],"predecessor-version":[{"id":18998,"href":"https:\/\/correiodasemana.com\/site\/wp-json\/wp\/v2\/posts\/18995\/revisions\/18998"}],"wp:featuredmedia":[{"embeddable":true,"href":"https:\/\/correiodasemana.com\/site\/wp-json\/wp\/v2\/media\/18997"}],"wp:attachment":[{"href":"https:\/\/correiodasemana.com\/site\/wp-json\/wp\/v2\/media?parent=18995"}],"wp:term":[{"taxonomy":"category","embeddable":true,"href":"https:\/\/correiodasemana.com\/site\/wp-json\/wp\/v2\/categories?post=18995"},{"taxonomy":"post_tag","embeddable":true,"href":"https:\/\/correiodasemana.com\/site\/wp-json\/wp\/v2\/tags?post=18995"}],"curies":[{"name":"wp","href":"https:\/\/api.w.org\/{rel}","templated":true}]}}