{"id":19005,"date":"2022-02-25T22:30:57","date_gmt":"2022-02-26T01:30:57","guid":{"rendered":"https:\/\/correiodasemana.com\/site\/?p=19005"},"modified":"2022-02-25T23:33:41","modified_gmt":"2022-02-26T02:33:41","slug":"os-guardioes-de-urnas","status":"publish","type":"post","link":"https:\/\/correiodasemana.com\/site\/os-guardioes-de-urnas\/","title":{"rendered":"Os guardi\u00e3es de Urnas"},"content":{"rendered":"<p style=\"text-align: left;\"><img fetchpriority=\"high\" decoding=\"async\" class=\"size-medium wp-image-19006 alignleft\" src=\"https:\/\/correiodasemana.com\/site\/wp-content\/uploads\/2022\/02\/Urna-Eletronica-Ratos2-1280x720-1-300x169.jpg\" alt=\"\" width=\"300\" height=\"169\" srcset=\"https:\/\/correiodasemana.com\/site\/wp-content\/uploads\/2022\/02\/Urna-Eletronica-Ratos2-1280x720-1-300x169.jpg 300w, https:\/\/correiodasemana.com\/site\/wp-content\/uploads\/2022\/02\/Urna-Eletronica-Ratos2-1280x720-1-1024x576.jpg 1024w, https:\/\/correiodasemana.com\/site\/wp-content\/uploads\/2022\/02\/Urna-Eletronica-Ratos2-1280x720-1-768x432.jpg 768w, https:\/\/correiodasemana.com\/site\/wp-content\/uploads\/2022\/02\/Urna-Eletronica-Ratos2-1280x720-1.jpg 1280w\" sizes=\"(max-width: 300px) 100vw, 300px\" \/>Se pelo lado dos russos e ucranianos a guerra j\u00e1 \u00e9 uma relidade de m\u00edsseis, do lado do TSE\u00a0 com as For\u00e7as Armadas o que se v\u00ea e se escuta s\u00e3o farpas e proselitismos disfar\u00e7ando tons de amea\u00e7a. Para um bom entendedor a a\u00e7\u00e3o ofensiva dos ministros Barroso e Fachin em defesa das urnas eletr\u00f4nicas \u00e9 o que eleva o grau de desconfian\u00e7a pela parte dos militares. \u00c9 sabido que quando a propaganda exagera o produto n\u00e3o prospera. A insist\u00eancia dos ministros em afirmar que as urnas s\u00e3o seguras e at\u00e9 criar artif\u00edcios de rebate e\/ou combate aos que pensam diferente chega a ser intrigante, verdadeiramente.<br \/>\nPor mais que se pare\u00e7am inteligentes, esses ministros guardi\u00e3es de urnas est\u00e3o \u00e0 ca\u00e7a de argumentos, tentando garantir um sistema de seguran\u00e7a dentro do qual um hacker, com suas malas e cuias, hospedou-se por oito meses. Se para os ministros as urnas s\u00e3o inviol\u00e1veis, para alguns pol\u00edticos que conseguem antecipar e at\u00e9 fazer apostas sobre o resultado de elei\u00e7\u00f5es, elas n\u00e3o passam de agentes de fraude eleitoral.<br \/>\nQuem n\u00e3o se lembra que nas elei\u00e7\u00f5es anteriores os seguidores do candidato eleito para prefeito estavam pelo Beco do Cotovelo desafiando apostadores e cantando o resultado da elei\u00e7\u00e3o? Num sistema s\u00e9rio isso seria poss\u00edvel? Desconfiar das urnas, das elei\u00e7\u00f5es num todo, desconfiar da justi\u00e7a eleitoral \u00e9 direito sim do cidad\u00e3o e se o eleitor n\u00e3o for desconfiado como as For\u00e7as Armadas &#8211; que j\u00e1 sentem o cheiro de fraude programado para outubro &#8211; vai fazer papel de besta.<br \/>\nSenhores ju\u00edzes do TSE e do STF, um jarg\u00e3o &#8211; acredita-se que anterior a Cristo &#8211; diz que quem n\u00e3o deve n\u00e3o teme. Assim sendo, por que n\u00e3o concordar que elei\u00e7\u00e3o \u00e9 um processo que s\u00f3 funciona bem quando \u00e9 feito com transpar\u00eancia. Voto impresso sim.<\/p>\n<p><strong>Empres\u00e1rio sem medo<\/strong><\/p>\n<p>O empes\u00e1rio Beto Studart ao se assumir torcedor, partid\u00e1rio e eleitor de Bolsonaro e com tend\u00eancia abolicionista para a sucess\u00e3o cearense, d\u00e1 uma forte demonstra\u00e7\u00e3o de coragem e desejo de mudan\u00e7a. Ressaltar o entusiasmo desse not\u00e1vel empres\u00e1rio, assim como do chanceler do Uninta, Dr. Oscar Sp\u00edndola Rodrigues, que \u00e9 uma das raridades encorajadas de nossa regi\u00e3o, \u00e9 nada mais do que conclamar outros empres\u00e1rios a investirem no novo modelo que o Cear\u00e1 precisa para ser diferente.<\/p>\n<p><strong>Fachin irrita caserna<\/strong><\/p>\n<p>O novo presidente do TSE, ministro Fachin, afilhado de Dilma Roussef, assume o lugar de Barroso, tanto na presid\u00eancia do TSE como na defesa da &#8220;seguran\u00e7a&#8221; das urnas eletr\u00f4nicas. H\u00e1 que se notar que Fachin se excede na qualidade de guardi\u00e3o, ao ponto de bater boca com os comandantes das For\u00e7as Armadas, ignorando o fato de que uma caneta nunca \u00e9 superior a uma baioneta.<\/p>\n<p><strong>C\u00e2mara engessada<\/strong><\/p>\n<p>\u00c9 intrigante o comportamento da maioria dos vereadores da C\u00e2mara de Sobral. Calado, intimidado e improdutivo, o grupo da situa\u00e7\u00e3o \u00e9 um exemplo de parlamento inanimado, ap\u00e1tico e sem serventia social, j\u00e1 que se posiciona contr\u00e1rio aos anseios do povo quando defende arbitrariedades do Executivo. O epis\u00f3dio de abuso de poder da Guarda Municipal contra um cidad\u00e3o, passa despercebido pelos inertes e acovardados s\u00faditos.<\/p>\n<p><strong>Progresso diluido<\/strong><\/p>\n<p>Sobral vive um de seus piores momentos de estagna\u00e7\u00e3o no que diz reseito ao crescimento econ\u00f4mico. Por aqui n\u00e3o se tem not\u00edcia sequer da abertura de uma bodega. Longe de n\u00f3s o estigma de cidade ignorada por investidores externos. Custa crer que vamos continuar na rabada dos munic\u00edpios geradores de empregos. At\u00e9 agora nenhuma das profecias do Veveu se cumpriram.<\/p>\n<p><strong>Patrim\u00f4nio em decomposi\u00e7\u00e3o<\/strong><\/p>\n<p>E ai, at\u00e9 quando o secular quartel da PM vai servir de abrigo para usu\u00e1rios de drogas? Abandonado e com aspecto cavernoso, o local ainda remonta \u00e0s cenas do ataque do senador Cid Gomes contra policiais. Por mais que a gest\u00e3o municipal ignore o local, ele n\u00e3o deixar\u00e1 de ser imponente por sua est\u00f3ria, mesmo depois do epis\u00f3dio da retroescavadeira.<\/p>\n<p><strong>Cidade encantada<\/strong><\/p>\n<p>O megaempres\u00e1rio do ramo da educa\u00e7\u00e3o superior e chanceler do Uninta, Dr. Oscar Spindola Rodrigues J\u00fanior, est\u00e1 \u00e0 frente do mais audacioso projeto de constru\u00e7\u00e3o de um complexo tur\u00edstico, hist\u00f3rico e educacional denominado de Cidade Encantada. O projeto resgata caracteres do s\u00e9culo XIX e at\u00e9 da idade m\u00e9dia, a partir do desenvolvimento de artes construtivas idealizadas pelo empreendedor e o restaurador, de conceito nacional, J\u00falio Barros, responsa\u00e3vel pela restaura\u00e7\u00e3o da cidade mineira de Tiradentes e obras em Ouro Preto, terra natal do restaurador.<\/p>\n<p>&nbsp;<\/p>\n<p>&nbsp;<\/p>\n<p>&nbsp;<\/p>\n<p>&nbsp;<\/p>\n","protected":false},"excerpt":{"rendered":"<p>Se pelo lado dos russos e ucranianos a guerra j\u00e1 \u00e9 uma relidade de m\u00edsseis,&#8230;<\/p>\n","protected":false},"author":1,"featured_media":19007,"comment_status":"open","ping_status":"open","sticky":false,"template":"","format":"standard","meta":{"_jetpack_memberships_contains_paid_content":false,"footnotes":"","jetpack_publicize_message":"","jetpack_publicize_feature_enabled":true,"jetpack_social_post_already_shared":true,"jetpack_social_options":{"image_generator_settings":{"template":"highway","default_image_id":0,"font":"","enabled":false},"version":2}},"categories":[11,32],"tags":[],"class_list":["post-19005","post","type-post","status-publish","format-standard","has-post-thumbnail","hentry","category-artigos","category-destaques"],"jetpack_publicize_connections":[],"jetpack_featured_media_url":"https:\/\/correiodasemana.com\/site\/wp-content\/uploads\/2022\/02\/E7kzp6wWEAAXzDN.jpg","jetpack-related-posts":[{"id":19459,"url":"https:\/\/correiodasemana.com\/site\/tse-pede-uniao-da-justica-eleitoral-para-garantir-sucesso-das-eleicoes\/","url_meta":{"origin":19005,"position":0},"title":"TSE pede uni\u00e3o da Justi\u00e7a Eleitoral para garantir sucesso das elei\u00e7\u00f5es","author":"","date":"Abril 10, 2022","format":false,"excerpt":"Por Ag\u00eancia Brasil * - Bras\u00edlia O presidente do Tribunal Superior Eleitoral (TSE), ministro Edson Fachin, pediu hoje (8) que a Justi\u00e7a Eleitoral em todo o pa\u00eds trabalhe de forma coordenada para garantir o sucesso das elei\u00e7\u00f5es de outubro. Durante reuni\u00e3o com os presidentes dos tribunais regionais eleitorais da Regi\u00e3o\u2026","rel":"","context":"In &quot;Atualidade&quot;","block_context":{"text":"Atualidade","link":"https:\/\/correiodasemana.com\/site\/category\/atualidade\/"},"img":{"alt_text":"","src":"https:\/\/i0.wp.com\/correiodasemana.com\/site\/wp-content\/uploads\/2022\/04\/tse.jpg?resize=350%2C200&ssl=1","width":350,"height":200},"classes":[]},{"id":19098,"url":"https:\/\/correiodasemana.com\/site\/tse-aprova-ajuste-de-calendario-eleitoral-e-fiscalizacao-nas-eleicoes\/","url_meta":{"origin":19005,"position":1},"title":"TSE aprova ajuste de calend\u00e1rio eleitoral e fiscaliza\u00e7\u00e3o nas elei\u00e7\u00f5es","author":"","date":"Mar\u00e7o 7, 2022","format":false,"excerpt":"Federa\u00e7\u00f5es devem cumprir condi\u00e7\u00f5es para registro at\u00e9\u00a031 de maio Por Luciano Nascimento - Rep\u00f3rter da Ag\u00eancia Brasil - Bras\u00edlia O Tribunal Superior Eleitoral (TSE) aprovou\u00a0hoje\u00a0(3) ajuste no calend\u00e1rio eleitoral e nos procedimentos de fiscaliza\u00e7\u00e3o das elei\u00e7\u00f5es de 2022. Entre os ajustes aprovados est\u00e1 o que regulamenta o prazo de at\u00e9\u00a031\u2026","rel":"","context":"In &quot;Atualidade&quot;","block_context":{"text":"Atualidade","link":"https:\/\/correiodasemana.com\/site\/category\/atualidade\/"},"img":{"alt_text":"","src":"https:\/\/i0.wp.com\/correiodasemana.com\/site\/wp-content\/uploads\/2020\/11\/tse_1908200982.jpg?resize=350%2C200&ssl=1","width":350,"height":200,"srcset":"https:\/\/i0.wp.com\/correiodasemana.com\/site\/wp-content\/uploads\/2020\/11\/tse_1908200982.jpg?resize=350%2C200&ssl=1 1x, https:\/\/i0.wp.com\/correiodasemana.com\/site\/wp-content\/uploads\/2020\/11\/tse_1908200982.jpg?resize=525%2C300&ssl=1 1.5x, https:\/\/i0.wp.com\/correiodasemana.com\/site\/wp-content\/uploads\/2020\/11\/tse_1908200982.jpg?resize=700%2C400&ssl=1 2x, https:\/\/i0.wp.com\/correiodasemana.com\/site\/wp-content\/uploads\/2020\/11\/tse_1908200982.jpg?resize=1050%2C600&ssl=1 3x"},"classes":[]},{"id":13290,"url":"https:\/\/correiodasemana.com\/site\/eleicoes-2020-tse-amplia-horario-de-votacao-em-uma-hora-e-eleitores-irao-as-urnas-das-7h-as-17h\/","url_meta":{"origin":19005,"position":2},"title":"Elei\u00e7\u00f5es 2020: TSE amplia hor\u00e1rio de vota\u00e7\u00e3o em uma hora, e eleitores ir\u00e3o \u00e0s urnas das 7h \u00e0s 17h","author":"","date":"Agosto 31, 2020","format":false,"excerpt":"Tribunal tamb\u00e9m decidiu reservar hor\u00e1rio preferencial das 7h \u00e0s 10h para pessoas acima de 60 anos, que integram grupo de risco O presidente do Tribunal Superior Eleitoral, ministro Lu\u00eds Roberto Barroso, decidiu na noite desta quinta-feira (27) ampliar o hor\u00e1rio de vota\u00e7\u00e3o nas Elei\u00e7\u00f5es Municipais de 2020 em uma hora\u2026","rel":"","context":"In &quot;Atualidade&quot;","block_context":{"text":"Atualidade","link":"https:\/\/correiodasemana.com\/site\/category\/atualidade\/"},"img":{"alt_text":"","src":"https:\/\/i0.wp.com\/correiodasemana.com\/site\/wp-content\/uploads\/2020\/08\/seu-voto.jpg?resize=350%2C200&ssl=1","width":350,"height":200,"srcset":"https:\/\/i0.wp.com\/correiodasemana.com\/site\/wp-content\/uploads\/2020\/08\/seu-voto.jpg?resize=350%2C200&ssl=1 1x, https:\/\/i0.wp.com\/correiodasemana.com\/site\/wp-content\/uploads\/2020\/08\/seu-voto.jpg?resize=525%2C300&ssl=1 1.5x"},"classes":[]},{"id":14854,"url":"https:\/\/correiodasemana.com\/site\/lideres-emergentes-quem-sao-os-politicos-novos-que-sairam-mais-fortes-das-urnas\/","url_meta":{"origin":19005,"position":3},"title":"L\u00edderes emergentes: quem s\u00e3o os pol\u00edticos novos que sa\u00edram mais fortes das urnas","author":"","date":"Dezembro 1, 2020","format":false,"excerpt":"As elei\u00e7\u00f5es consagraram n\u00e3o apenas quem foi eleito, mas tamb\u00e9m aqueles que fortaleceram suas plataformas pol\u00edticas. Alguns l\u00edderes fortificaram as bases eleitorais municipais dos seus partidos mesmo n\u00e3o conquistando o cargo pleiteado. Pol\u00edticos inexperientes venceram alguns caciques nas urnas. Exemplo disso, \u00e9 o caso do primeiro prefeito do partido Novo\u2026","rel":"","context":"In &quot;Atualidade&quot;","block_context":{"text":"Atualidade","link":"https:\/\/correiodasemana.com\/site\/category\/atualidade\/"},"img":{"alt_text":"","src":"https:\/\/i0.wp.com\/correiodasemana.com\/site\/wp-content\/uploads\/2020\/12\/joao-campos.jpg?resize=350%2C200&ssl=1","width":350,"height":200,"srcset":"https:\/\/i0.wp.com\/correiodasemana.com\/site\/wp-content\/uploads\/2020\/12\/joao-campos.jpg?resize=350%2C200&ssl=1 1x, https:\/\/i0.wp.com\/correiodasemana.com\/site\/wp-content\/uploads\/2020\/12\/joao-campos.jpg?resize=525%2C300&ssl=1 1.5x, https:\/\/i0.wp.com\/correiodasemana.com\/site\/wp-content\/uploads\/2020\/12\/joao-campos.jpg?resize=700%2C400&ssl=1 2x"},"classes":[]},{"id":12473,"url":"https:\/\/correiodasemana.com\/site\/sistema-eletronico-de-votacao-garante-seguranca-do-voto-e-liberdade-democratica\/","url_meta":{"origin":19005,"position":4},"title":"Sistema eletr\u00f4nico de vota\u00e7\u00e3o garante seguran\u00e7a do voto e liberdade democr\u00e1tica","author":"","date":"Agosto 4, 2020","format":false,"excerpt":"Urna eletr\u00f4nica j\u00e1 contabiliza 12 elei\u00e7\u00f5es bem-sucedidas, sem qualquer vest\u00edgio ou comprova\u00e7\u00e3o de fraude O sistema eletr\u00f4nico de vota\u00e7\u00e3o brasileiro \u00e9 refer\u00eancia mundial, por conter mecanismos que garantem a normalidade dos pleitos, a seguran\u00e7a do voto e a liberdade democr\u00e1tica. Desde que foi adotada no processo eleitoral, em 1996, a\u2026","rel":"","context":"In &quot;Atualidade&quot;","block_context":{"text":"Atualidade","link":"https:\/\/correiodasemana.com\/site\/category\/atualidade\/"},"img":{"alt_text":"","src":"https:\/\/i0.wp.com\/correiodasemana.com\/site\/wp-content\/uploads\/2020\/08\/urna-eletronica.jpeg?resize=350%2C200&ssl=1","width":350,"height":200,"srcset":"https:\/\/i0.wp.com\/correiodasemana.com\/site\/wp-content\/uploads\/2020\/08\/urna-eletronica.jpeg?resize=350%2C200&ssl=1 1x, https:\/\/i0.wp.com\/correiodasemana.com\/site\/wp-content\/uploads\/2020\/08\/urna-eletronica.jpeg?resize=525%2C300&ssl=1 1.5x"},"classes":[]},{"id":13035,"url":"https:\/\/correiodasemana.com\/site\/eleicoes-municipais-a-midia-e-as-redes-sociais-podem-causar-impacto-nas-urnas\/","url_meta":{"origin":19005,"position":5},"title":"Elei\u00e7\u00f5es MUNICIPAIS: A m\u00eddia e as redes sociais podem causar impacto nas urnas","author":"","date":"Agosto 24, 2020","format":false,"excerpt":"Com as altera\u00e7\u00f5es do calend\u00e1rio para as elei\u00e7\u00f5es deste ano, quando ser\u00e3o escolhidos prefeitos e vereadores, a partir desta ter\u00e7a-feira (18), o juiz eleitoral come\u00e7a a nomear os membros das mesas receptoras e o pessoal de apoio log\u00edstico dos locais de vota\u00e7\u00e3o para o primeiro e eventual segundo turnos de\u2026","rel":"","context":"In &quot;Atualidade&quot;","block_context":{"text":"Atualidade","link":"https:\/\/correiodasemana.com\/site\/category\/atualidade\/"},"img":{"alt_text":"","src":"https:\/\/i0.wp.com\/correiodasemana.com\/site\/wp-content\/uploads\/2019\/08\/urna_lecr-e1447217261594.jpg?resize=350%2C200&ssl=1","width":350,"height":200,"srcset":"https:\/\/i0.wp.com\/correiodasemana.com\/site\/wp-content\/uploads\/2019\/08\/urna_lecr-e1447217261594.jpg?resize=350%2C200&ssl=1 1x, https:\/\/i0.wp.com\/correiodasemana.com\/site\/wp-content\/uploads\/2019\/08\/urna_lecr-e1447217261594.jpg?resize=525%2C300&ssl=1 1.5x, https:\/\/i0.wp.com\/correiodasemana.com\/site\/wp-content\/uploads\/2019\/08\/urna_lecr-e1447217261594.jpg?resize=700%2C400&ssl=1 2x, https:\/\/i0.wp.com\/correiodasemana.com\/site\/wp-content\/uploads\/2019\/08\/urna_lecr-e1447217261594.jpg?resize=1050%2C600&ssl=1 3x, https:\/\/i0.wp.com\/correiodasemana.com\/site\/wp-content\/uploads\/2019\/08\/urna_lecr-e1447217261594.jpg?resize=1400%2C800&ssl=1 4x"},"classes":[]}],"jetpack_sharing_enabled":true,"_links":{"self":[{"href":"https:\/\/correiodasemana.com\/site\/wp-json\/wp\/v2\/posts\/19005","targetHints":{"allow":["GET"]}}],"collection":[{"href":"https:\/\/correiodasemana.com\/site\/wp-json\/wp\/v2\/posts"}],"about":[{"href":"https:\/\/correiodasemana.com\/site\/wp-json\/wp\/v2\/types\/post"}],"author":[{"embeddable":true,"href":"https:\/\/correiodasemana.com\/site\/wp-json\/wp\/v2\/users\/1"}],"replies":[{"embeddable":true,"href":"https:\/\/correiodasemana.com\/site\/wp-json\/wp\/v2\/comments?post=19005"}],"version-history":[{"count":4,"href":"https:\/\/correiodasemana.com\/site\/wp-json\/wp\/v2\/posts\/19005\/revisions"}],"predecessor-version":[{"id":19011,"href":"https:\/\/correiodasemana.com\/site\/wp-json\/wp\/v2\/posts\/19005\/revisions\/19011"}],"wp:featuredmedia":[{"embeddable":true,"href":"https:\/\/correiodasemana.com\/site\/wp-json\/wp\/v2\/media\/19007"}],"wp:attachment":[{"href":"https:\/\/correiodasemana.com\/site\/wp-json\/wp\/v2\/media?parent=19005"}],"wp:term":[{"taxonomy":"category","embeddable":true,"href":"https:\/\/correiodasemana.com\/site\/wp-json\/wp\/v2\/categories?post=19005"},{"taxonomy":"post_tag","embeddable":true,"href":"https:\/\/correiodasemana.com\/site\/wp-json\/wp\/v2\/tags?post=19005"}],"curies":[{"name":"wp","href":"https:\/\/api.w.org\/{rel}","templated":true}]}}