{"id":19012,"date":"2022-02-27T22:41:26","date_gmt":"2022-02-28T01:41:26","guid":{"rendered":"https:\/\/correiodasemana.com\/site\/?p=19012"},"modified":"2022-02-27T22:41:26","modified_gmt":"2022-02-28T01:41:26","slug":"crefito-6-inaugura-nova-subsede-em-sobral","status":"publish","type":"post","link":"https:\/\/correiodasemana.com\/site\/crefito-6-inaugura-nova-subsede-em-sobral\/","title":{"rendered":"Crefito 6 inaugura nova subsede em Sobral"},"content":{"rendered":"<p>Por Nyara Cavalcante \u2013 Jornalista<br \/>\nO espa\u00e7o vai oferecer todos os servi\u00e7os dispon\u00edveis em Fortaleza, agora com mais comodidade para os fisioterapeutas e terapeutas ocupacionais da Regi\u00e3o Norte e Serra da Ibiapaba<br \/>\nNeste s\u00e1bado (05), o Conselho Regional de Fisioterapia e Terapia Ocupacional da 6\u00aa regi\u00e3o &#8211; Crefito 6, inaugura uma nova subsede em Sobral. O evento contar\u00e1 com a presen\u00e7a do presidente do conselho, Dr. Ricardo Lotif, do prefeito da cidade, Ivo Gomes, e de outras autoridades locais. Todos os profissionais das categorias assistidas pelo Crefito 6 moradores da cidade e adjac\u00eancias est\u00e3o convidados a participar da inaugura\u00e7\u00e3o.<br \/>\nNa subsede ser\u00e3o ofertados servi\u00e7os como registro e emiss\u00e3o de c\u00e9dula profissional e certid\u00f5es, valida\u00e7\u00e3o de certificados, pagamento de boletos, regulariza\u00e7\u00e3o profissional e demais procedimentos oficiais. O local possui recep\u00e7\u00e3o, sala de espera e sala para reuni\u00f5es para tornar a experi\u00eancia dos profissionais da \u00e1rea mais simples e acess\u00edvel.<br \/>\nO novo ambiente vai funcionar ainda como base de apoio para eventos do Crefito 6, como solenidade de entrega de documentos, cursos e palestras, otimizando a log\u00edstica das a\u00e7\u00f5es para proporcionar mais conforto aos participantes.<br \/>\nO espa\u00e7o conta tamb\u00e9m com infraestrutura completa para fiscaliza\u00e7\u00e3o, inclusive com carro dispon\u00edvel para facilitar a apura\u00e7\u00e3o de den\u00fancias e o deslocamento dos fiscais por toda a Regi\u00e3o Norte do Cear\u00e1, abrangendo a Serra da Ibiapaba garantindo assim uma melhor assist\u00eancia \u00e0 sociedade, com fisioterapeutas e terapeutas qualificados.<br \/>\nAinda este ano, o Crefito 6 deve inaugurar mais uma subsede, na Regi\u00e3o do Cariri, atendendo assim os principais p\u00f3los do estado.<\/p>\n<p>SERVI\u00c7O<br \/>\nInaugura\u00e7\u00e3o Crefito 6 &#8211; Subsede Sobral<br \/>\nData: s\u00e1bado, 05 de mar\u00e7o<br \/>\nLocal: Rua Paulo Arag\u00e3o, 789, Centro &#8211; Sobral<br \/>\nHor\u00e1rio: 19h<\/p>\n","protected":false},"excerpt":{"rendered":"<p>Por Nyara Cavalcante \u2013 Jornalista O espa\u00e7o vai oferecer todos os servi\u00e7os dispon\u00edveis em Fortaleza,&#8230;<\/p>\n","protected":false},"author":1,"featured_media":19013,"comment_status":"open","ping_status":"open","sticky":false,"template":"","format":"standard","meta":{"_jetpack_memberships_contains_paid_content":false,"footnotes":"","jetpack_publicize_message":"","jetpack_publicize_feature_enabled":true,"jetpack_social_post_already_shared":true,"jetpack_social_options":{"image_generator_settings":{"template":"highway","default_image_id":0,"font":"","enabled":false},"version":2}},"categories":[1],"tags":[],"class_list":["post-19012","post","type-post","status-publish","format-standard","has-post-thumbnail","hentry","category-atualidade"],"jetpack_publicize_connections":[],"jetpack_featured_media_url":"https:\/\/correiodasemana.com\/site\/wp-content\/uploads\/2022\/02\/crefito-6-sobral.png","jetpack-related-posts":[{"id":18981,"url":"https:\/\/correiodasemana.com\/site\/parque-evangelina-saboya-e-inaugurado-no-bairro-sinha-saboia-em-sobral\/","url_meta":{"origin":19012,"position":0},"title":"Parque Evangelina Saboya \u00e9 inaugurado no bairro Sinh\u00e1 Saboia em Sobral","author":"","date":"Fevereiro 21, 2022","format":false,"excerpt":"Por Samuel Carvalho Reda\u00e7\u00e3o Correio da Semana No \u00faltimo s\u00e1bado (12), foi inaugurado o Parque Evangelina Saboya no Bairro Sinh\u00e1 Saboya em Sobral. A obra \u00e9 uma a\u00e7\u00e3o conjunta ntre Governo do Estado e Prefeitura de Sobral. Para el\u00e9m do complexo de lazer, tamb\u00e9m foi inaugurada uma nova unidade de\u2026","rel":"","context":"In &quot;Atualidade&quot;","block_context":{"text":"Atualidade","link":"https:\/\/correiodasemana.com\/site\/category\/atualidade\/"},"img":{"alt_text":"","src":"https:\/\/i0.wp.com\/correiodasemana.com\/site\/wp-content\/uploads\/2022\/02\/praca-inaugural-sobral-4.jpg?resize=350%2C200&ssl=1","width":350,"height":200,"srcset":"https:\/\/i0.wp.com\/correiodasemana.com\/site\/wp-content\/uploads\/2022\/02\/praca-inaugural-sobral-4.jpg?resize=350%2C200&ssl=1 1x, https:\/\/i0.wp.com\/correiodasemana.com\/site\/wp-content\/uploads\/2022\/02\/praca-inaugural-sobral-4.jpg?resize=525%2C300&ssl=1 1.5x, https:\/\/i0.wp.com\/correiodasemana.com\/site\/wp-content\/uploads\/2022\/02\/praca-inaugural-sobral-4.jpg?resize=700%2C400&ssl=1 2x"},"classes":[]},{"id":14018,"url":"https:\/\/correiodasemana.com\/site\/santa-casa-de-misericordia-de-sobral-inaugura-novo-servico-de-processamento-de-roupas\/","url_meta":{"origin":19012,"position":1},"title":"Santa Casa de Miseric\u00f3rdia de Sobral inaugura novo Servi\u00e7o de Processamento de Roupas","author":"","date":"Outubro 13, 2020","format":false,"excerpt":"Cerim\u00f4nia de inaugura\u00e7\u00e3o contou com a presen\u00e7a do bispo da Diocese de Sobral e provedor da institui\u00e7\u00e3o, Dom Jos\u00e9 Luiz Gomes de Vasconcelos, que realizou b\u00ean\u00e7\u00e3o nos novos espa\u00e7os, equipamentos e funcion\u00e1rios. Ascom Complexo SCMS Para garantir qualidade e efici\u00eancia da assist\u00eancia \u00e0 sa\u00fade prestada a pacientes de 55 munic\u00edpios\u2026","rel":"","context":"In &quot;Atualidade&quot;","block_context":{"text":"Atualidade","link":"https:\/\/correiodasemana.com\/site\/category\/atualidade\/"},"img":{"alt_text":"","src":"https:\/\/i0.wp.com\/correiodasemana.com\/site\/wp-content\/uploads\/2020\/10\/Lavanderia-2-.jpg?resize=350%2C200&ssl=1","width":350,"height":200,"srcset":"https:\/\/i0.wp.com\/correiodasemana.com\/site\/wp-content\/uploads\/2020\/10\/Lavanderia-2-.jpg?resize=350%2C200&ssl=1 1x, https:\/\/i0.wp.com\/correiodasemana.com\/site\/wp-content\/uploads\/2020\/10\/Lavanderia-2-.jpg?resize=525%2C300&ssl=1 1.5x"},"classes":[]},{"id":12760,"url":"https:\/\/correiodasemana.com\/site\/complexo-santa-casa-de-misericordia-de-sobral-lanca-relatorio-social-do-ano-de-2019\/","url_meta":{"origin":19012,"position":2},"title":"Complexo Santa Casa de Miseric\u00f3rdia de Sobral lan\u00e7a Relat\u00f3rio Social do ano de 2019","author":"","date":"Agosto 13, 2020","format":false,"excerpt":"Com o objetivo de refor\u00e7ar a import\u00e2ncia da transpar\u00eancia em suas a\u00e7\u00f5es, o Complexo Santa Casa de Miseric\u00f3rdia de Sobral lan\u00e7ou neste m\u00eas o Relat\u00f3rio Social do ano de 2019. Nesta edi\u00e7\u00e3o foram abordadas tem\u00e1ticas, tais como: a humaniza\u00e7\u00e3o no atendimento, a nova gest\u00e3o do Complexo, o ensino e pesquisa,\u2026","rel":"","context":"In &quot;Atualidade&quot;","block_context":{"text":"Atualidade","link":"https:\/\/correiodasemana.com\/site\/category\/atualidade\/"},"img":{"alt_text":"","src":"https:\/\/i0.wp.com\/correiodasemana.com\/site\/wp-content\/uploads\/2020\/08\/Revista-4.jpeg?resize=350%2C200&ssl=1","width":350,"height":200,"srcset":"https:\/\/i0.wp.com\/correiodasemana.com\/site\/wp-content\/uploads\/2020\/08\/Revista-4.jpeg?resize=350%2C200&ssl=1 1x, https:\/\/i0.wp.com\/correiodasemana.com\/site\/wp-content\/uploads\/2020\/08\/Revista-4.jpeg?resize=525%2C300&ssl=1 1.5x, https:\/\/i0.wp.com\/correiodasemana.com\/site\/wp-content\/uploads\/2020\/08\/Revista-4.jpeg?resize=700%2C400&ssl=1 2x, https:\/\/i0.wp.com\/correiodasemana.com\/site\/wp-content\/uploads\/2020\/08\/Revista-4.jpeg?resize=1050%2C600&ssl=1 3x"},"classes":[]},{"id":12823,"url":"https:\/\/correiodasemana.com\/site\/complexo-santa-casa-de-misericordia-de-sobral-lanca-relatorio-social-do-ano-de-2019-2\/","url_meta":{"origin":19012,"position":3},"title":"Complexo Santa Casa de Miseric\u00f3rdia de Sobral lan\u00e7a Relat\u00f3rio Social do ano de 2019","author":"","date":"Agosto 17, 2020","format":false,"excerpt":"Gest\u00e3o busca divulgar para os colaboradores e sociedade os servi\u00e7os oferecidos pela institui\u00e7\u00e3o, al\u00e9m de prestar esclarecimentos sobre atividades desenvolvidas em suas unidades. Assessoria de Comunica\u00e7\u00e3o Complexo SCMS Com o objetivo de refor\u00e7ar a import\u00e2ncia da transpar\u00eancia em suas a\u00e7\u00f5es, o Complexo Santa Casa de Miseric\u00f3rdia de Sobral lan\u00e7ou neste\u2026","rel":"","context":"In &quot;Atualidade&quot;","block_context":{"text":"Atualidade","link":"https:\/\/correiodasemana.com\/site\/category\/atualidade\/"},"img":{"alt_text":"","src":"https:\/\/i0.wp.com\/correiodasemana.com\/site\/wp-content\/uploads\/2020\/08\/Revista-4-1.jpeg?resize=350%2C200&ssl=1","width":350,"height":200,"srcset":"https:\/\/i0.wp.com\/correiodasemana.com\/site\/wp-content\/uploads\/2020\/08\/Revista-4-1.jpeg?resize=350%2C200&ssl=1 1x, https:\/\/i0.wp.com\/correiodasemana.com\/site\/wp-content\/uploads\/2020\/08\/Revista-4-1.jpeg?resize=525%2C300&ssl=1 1.5x, https:\/\/i0.wp.com\/correiodasemana.com\/site\/wp-content\/uploads\/2020\/08\/Revista-4-1.jpeg?resize=700%2C400&ssl=1 2x, https:\/\/i0.wp.com\/correiodasemana.com\/site\/wp-content\/uploads\/2020\/08\/Revista-4-1.jpeg?resize=1050%2C600&ssl=1 3x"},"classes":[]},{"id":18004,"url":"https:\/\/correiodasemana.com\/site\/paroquia-nossa-senhora-de-fatima-inaugura-busto-em-homenagem-a-monsenhor-aloysio-pinto\/","url_meta":{"origin":19012,"position":4},"title":"Par\u00f3quia Nossa Senhora de F\u00e1tima inaugura busto em homenagem a Monsenhor Aloysio Pinto","author":"","date":"Novembro 14, 2021","format":false,"excerpt":"Com uma celebra\u00e7\u00e3o solene realizada na Par\u00f3quia Nossa Senhora de F\u00e1tima em Sobral, no dia 09, \u00e0s 19 horas, neste dia dedicado a Dedica\u00e7\u00e3o da Bas\u00edlica de Latr\u00e3o, primeira Catedral da Igreja Cat\u00f3lica em Roma, Dom Jos\u00e9 Luiz Gomes de Vasconcelos, Bispo da Diocese de Sobral, celebrou a Missa em\u2026","rel":"","context":"In &quot;Atualidade&quot;","block_context":{"text":"Atualidade","link":"https:\/\/correiodasemana.com\/site\/category\/atualidade\/"},"img":{"alt_text":"","src":"https:\/\/i0.wp.com\/correiodasemana.com\/site\/wp-content\/uploads\/2021\/11\/6-Pe.-Goncalo-e-Dom-Vasconcelos-descerraram-o-busto-em-homenagem-ao-Monsenhor-Jose-Aloysio-Pinrto-scaled.jpg?resize=350%2C200&ssl=1","width":350,"height":200,"srcset":"https:\/\/i0.wp.com\/correiodasemana.com\/site\/wp-content\/uploads\/2021\/11\/6-Pe.-Goncalo-e-Dom-Vasconcelos-descerraram-o-busto-em-homenagem-ao-Monsenhor-Jose-Aloysio-Pinrto-scaled.jpg?resize=350%2C200&ssl=1 1x, https:\/\/i0.wp.com\/correiodasemana.com\/site\/wp-content\/uploads\/2021\/11\/6-Pe.-Goncalo-e-Dom-Vasconcelos-descerraram-o-busto-em-homenagem-ao-Monsenhor-Jose-Aloysio-Pinrto-scaled.jpg?resize=525%2C300&ssl=1 1.5x, https:\/\/i0.wp.com\/correiodasemana.com\/site\/wp-content\/uploads\/2021\/11\/6-Pe.-Goncalo-e-Dom-Vasconcelos-descerraram-o-busto-em-homenagem-ao-Monsenhor-Jose-Aloysio-Pinrto-scaled.jpg?resize=700%2C400&ssl=1 2x, https:\/\/i0.wp.com\/correiodasemana.com\/site\/wp-content\/uploads\/2021\/11\/6-Pe.-Goncalo-e-Dom-Vasconcelos-descerraram-o-busto-em-homenagem-ao-Monsenhor-Jose-Aloysio-Pinrto-scaled.jpg?resize=1050%2C600&ssl=1 3x, https:\/\/i0.wp.com\/correiodasemana.com\/site\/wp-content\/uploads\/2021\/11\/6-Pe.-Goncalo-e-Dom-Vasconcelos-descerraram-o-busto-em-homenagem-ao-Monsenhor-Jose-Aloysio-Pinrto-scaled.jpg?resize=1400%2C800&ssl=1 4x"},"classes":[]},{"id":8587,"url":"https:\/\/correiodasemana.com\/site\/panorama-politico-5\/","url_meta":{"origin":19012,"position":5},"title":"Panorama Pol\u00edtico","author":"","date":"Agosto 6, 2019","format":false,"excerpt":"Prefeito Gerl\u00e1sio Loiola exemplo de administra\u00e7\u00e3o O prefeito de Forquilha Gerl\u00e1sio Loiola \u00e9 sem d\u00favida com todo respeito que temos aos seus antecessores, \u00e9 sem d\u00favida o melhor prefeito que deu em sua terra. Os seus advers\u00e1rios faziam campanha chamando de menino chor\u00e3o, mesmo assim, sua vit\u00f3ria foi inevit\u00e1vel na\u2026","rel":"","context":"In &quot;Artigos&quot;","block_context":{"text":"Artigos","link":"https:\/\/correiodasemana.com\/site\/category\/artigos\/"},"img":{"alt_text":"","src":"https:\/\/i0.wp.com\/correiodasemana.com\/site\/wp-content\/uploads\/2019\/07\/dscf8825.jpg?resize=350%2C200&ssl=1","width":350,"height":200,"srcset":"https:\/\/i0.wp.com\/correiodasemana.com\/site\/wp-content\/uploads\/2019\/07\/dscf8825.jpg?resize=350%2C200&ssl=1 1x, https:\/\/i0.wp.com\/correiodasemana.com\/site\/wp-content\/uploads\/2019\/07\/dscf8825.jpg?resize=525%2C300&ssl=1 1.5x, https:\/\/i0.wp.com\/correiodasemana.com\/site\/wp-content\/uploads\/2019\/07\/dscf8825.jpg?resize=700%2C400&ssl=1 2x, https:\/\/i0.wp.com\/correiodasemana.com\/site\/wp-content\/uploads\/2019\/07\/dscf8825.jpg?resize=1050%2C600&ssl=1 3x, https:\/\/i0.wp.com\/correiodasemana.com\/site\/wp-content\/uploads\/2019\/07\/dscf8825.jpg?resize=1400%2C800&ssl=1 4x"},"classes":[]}],"jetpack_sharing_enabled":true,"_links":{"self":[{"href":"https:\/\/correiodasemana.com\/site\/wp-json\/wp\/v2\/posts\/19012","targetHints":{"allow":["GET"]}}],"collection":[{"href":"https:\/\/correiodasemana.com\/site\/wp-json\/wp\/v2\/posts"}],"about":[{"href":"https:\/\/correiodasemana.com\/site\/wp-json\/wp\/v2\/types\/post"}],"author":[{"embeddable":true,"href":"https:\/\/correiodasemana.com\/site\/wp-json\/wp\/v2\/users\/1"}],"replies":[{"embeddable":true,"href":"https:\/\/correiodasemana.com\/site\/wp-json\/wp\/v2\/comments?post=19012"}],"version-history":[{"count":1,"href":"https:\/\/correiodasemana.com\/site\/wp-json\/wp\/v2\/posts\/19012\/revisions"}],"predecessor-version":[{"id":19014,"href":"https:\/\/correiodasemana.com\/site\/wp-json\/wp\/v2\/posts\/19012\/revisions\/19014"}],"wp:featuredmedia":[{"embeddable":true,"href":"https:\/\/correiodasemana.com\/site\/wp-json\/wp\/v2\/media\/19013"}],"wp:attachment":[{"href":"https:\/\/correiodasemana.com\/site\/wp-json\/wp\/v2\/media?parent=19012"}],"wp:term":[{"taxonomy":"category","embeddable":true,"href":"https:\/\/correiodasemana.com\/site\/wp-json\/wp\/v2\/categories?post=19012"},{"taxonomy":"post_tag","embeddable":true,"href":"https:\/\/correiodasemana.com\/site\/wp-json\/wp\/v2\/tags?post=19012"}],"curies":[{"name":"wp","href":"https:\/\/api.w.org\/{rel}","templated":true}]}}