{"id":19015,"date":"2022-02-27T22:42:43","date_gmt":"2022-02-28T01:42:43","guid":{"rendered":"https:\/\/correiodasemana.com\/site\/?p=19015"},"modified":"2022-02-27T22:42:43","modified_gmt":"2022-02-28T01:42:43","slug":"o-sal-que-nao-salga-a-politica-brasileira","status":"publish","type":"post","link":"https:\/\/correiodasemana.com\/site\/o-sal-que-nao-salga-a-politica-brasileira\/","title":{"rendered":"O SAL QUE N\u00c3O SALGA A POL\u00cdTICA BRASILEIRA"},"content":{"rendered":"<p>Eudes de Sousa<br \/>\nN\u00e3o conhe\u00e7o, mais exemplo que o Serm\u00e3o de Santo Ant\u00f4nio aos Peixes, de Padre Ant\u00f4nio Vieira, se referindo aos moralistas que, por vezes, povoam o nosso pa\u00eds e se al\u00e7am, implac\u00e1veis com o erro, sobre o campo das nossas faltas de verdades em nossa democracia. A advert\u00eancia que nos deixou no famoso Serm\u00e3o aos Peixes, com a antiguidade de quatro s\u00e9culos, j\u00e1 nos mostrava que essa estranha fama de reformadores, em nome de uma reforma pol\u00edtica que o povo deseja expressamente nas urnas em \u00e9poca de elei\u00e7\u00f5es, tem quase a idade deste pa\u00eds e das institui\u00e7\u00f5es.<br \/>\nContinuo lendo o padre Vieira, para fixar, nas origens remotas da hist\u00f3ria pol\u00edtica, social e cultural brasileira. Quando vemos o grande pregador reportar-se a mentira. Se o imp\u00e9rio da mentira n\u00e3o fora t\u00e3o universal no mundo, pudera-se suspeitar que neste nosso pa\u00eds tem a sua corte a Mentira pol\u00edtica<br \/>\nMas o padre n\u00e3o s\u00f3 falou apenas sobre a mentira, fez uma acusa\u00e7\u00e3o que, com certeza, tomaria como um reflexo de setores pol\u00edticos, sociais e culturais e administrativos, t\u00e3o impregnados na trapa\u00e7a, da falsidade. Sob esse aspecto, tinha raz\u00e3o e t\u00e3o poderosa era sua acusa\u00e7\u00e3o, que vararia quatro s\u00e9culos, para chegar aos nossos dias, com a atualidade daqueles primeiros instantes da vida do nosso pa\u00eds.<br \/>\nAbro os jornais impressos e os telejornais em todos os canais e vejo, quase todos, revestidos de uma austeridade impec\u00e1vel de um sadio e contagiante de que se ressalve a justi\u00e7a, para que um sistema t\u00e3o decente como o nosso, que tem produzidos monumentos de sabedoria pol\u00edtica e de corre\u00e7\u00e3o democr\u00e1tica, como de poucos pol\u00edticos, n\u00e3o viesse a ser \u201ccontaminadas\u201d pelas mentiras, que t\u00eam o azinhavre das mat\u00e9rias pagas a cent\u00edmetros na imprensa e o mau cheiro da aus\u00eancia de car\u00e1ter em que apodrece uma cultura de abajula\u00e7\u00e3o \u00e0 custa do sacrif\u00edcio do povo, em nosso pa\u00eds.<br \/>\nMais uma vez, a presen\u00e7a do padre Vieira nos parece quase prof\u00e9tica. Naquele outro admir\u00e1vel Serm\u00e3o aos Peixes, quando lhe parecia, j\u00e1, in\u00fatil, pregar aos homens, vamos encontrar essa admir\u00e1vel e oportun\u00edssima refer\u00eancia: \u201cV\u00f3s, diz Cristo Senhor nosso, falando com os pregadores, sois o sal da terra: e chama-lhes sal da terra porque quer que fa\u00e7am na terra o que faz o sal\u201d. O efeito do sal \u00e9 impedir corrup\u00e7\u00e3o, mas quando a terra se v\u00ea t\u00e3o corrupta como est\u00e1 a nossa havendo tantos nela, que t\u00eam of\u00edcio de sal, qual ser\u00e1 ou qual poder\u00e1 ser a causa desta corrup\u00e7\u00e3o? Ou \u00e9 porque o sal que n\u00e3o salga ou porque a pol\u00edtica n\u00e3o se deixa salgar.<br \/>\nNa verdade, quando vemos os pont\u00edfices da mentira, os mesmos homens que aperfei\u00e7oaram todos os m\u00e9todos de mentiras pol\u00edticas e falsifica\u00e7\u00e3o da verdade na pol\u00edtica, chamando, com suspeita conformidade at\u00e9 de palavras, contra um pronunciamento leg\u00edtimo de uma democracia em nosso pa\u00eds. Quando vemos tudo isso, \u00e9 o sal que n\u00e3o salga a pol\u00edtica porque j\u00e1 traz nele pr\u00f3prio, os corrosivos e os germes do apodrecimento do v\u00edcio do poder.<br \/>\nEste \u00e9 o problema que entregamos ao exame das chamadas elites pol\u00edticas. As elites pol\u00edticas que dirigem a economia do Estado Brasileiro. Podemos dizer sem falsear a verdade, que o Serm\u00e3o de Santo Ant\u00f4nio aos Peixes, de padre Ant\u00f4nio Vieira, ainda vela pela perpetuidade de valores morais que a situa\u00e7\u00e3o atual os aniquilam.<br \/>\nCom efeito, passando \u00e0s representa\u00e7\u00f5es dos peixes grandes que comem os pequenos, Por exemplo, Vieira alerta os peixes que Deus os pode castigar, tal como castiga os homens, pois poder\u00e3o encontrar sempre outros peixes maiores que os comer\u00e3o a eles. Vieira aconselha os peixes a n\u00e3o se destruirem uns aos outros, pois j\u00e1 basta a persegui\u00e7\u00e3o que lhes movem os homens. Temos que aceitar a primeira das hip\u00f3teses de Vieira como ao seu tempo, comparando os peixes com os v\u00edcios humanos. Os Voadores que \u00e9 ambi\u00e7\u00e3o e a presun\u00e7\u00e3o. Por \u00faltimo, o Polvo, \u00e9 a representa\u00e7\u00e3o da trai\u00e7\u00e3o.<br \/>\nEnfim, a verdade, deve assentar em premissas claras sobre constata\u00e7\u00f5es t\u00e3o materiais, desmascarar as mentiras, que h\u00e1 mais detest\u00e1vel neste pa\u00eds. O que se deseja \u00e9 que os postos administrativos n\u00e3o sejam meros instrumentos do sal que n\u00e3o salga a pol\u00edtica brasileira.<br \/>\nPresidente da Academia Massapeense de Letras e Artes, jornalista e cr\u00edtico liter\u00e1rio.<\/p>\n","protected":false},"excerpt":{"rendered":"<p>Eudes de Sousa N\u00e3o conhe\u00e7o, mais exemplo que o Serm\u00e3o de Santo Ant\u00f4nio aos Peixes,&#8230;<\/p>\n","protected":false},"author":1,"featured_media":16811,"comment_status":"open","ping_status":"open","sticky":false,"template":"","format":"standard","meta":{"_jetpack_memberships_contains_paid_content":false,"footnotes":"","jetpack_publicize_message":"","jetpack_publicize_feature_enabled":true,"jetpack_social_post_already_shared":true,"jetpack_social_options":{"image_generator_settings":{"template":"highway","default_image_id":0,"font":"","enabled":false},"version":2}},"categories":[11,16],"tags":[],"class_list":["post-19015","post","type-post","status-publish","format-standard","has-post-thumbnail","hentry","category-artigos","category-eudes-de-sousa"],"jetpack_publicize_connections":[],"jetpack_featured_media_url":"https:\/\/correiodasemana.com\/site\/wp-content\/uploads\/2021\/06\/Eudes-Sousa-presidente-da-Academia-Massapeense-de-Letras-e-Artes2.png","jetpack-related-posts":[{"id":10833,"url":"https:\/\/correiodasemana.com\/site\/eudes-de-sousa-por-eudes-de-sousa\/","url_meta":{"origin":19015,"position":0},"title":"EUDES DE SOUSA POR EUDES DE SOUSA","author":"","date":"Fevereiro 17, 2020","format":false,"excerpt":"Sem receio de assumir as minhas opini\u00f5es, hoje, nesta coluna, quero mostrar quem me d\u00e1 a explica\u00e7\u00e3o para o que n\u00e3o se explica: a palavra escrita, \u00e9 o meu p\u00e3o de cada dia, embasada em duas causas: O PAPEL DA CR\u00cdTICA LITER\u00c1RIA A primeira \u00e9 d\u00e1 voz a cr\u00edtica liter\u00e1ria\u2026","rel":"","context":"In &quot;Artigos&quot;","block_context":{"text":"Artigos","link":"https:\/\/correiodasemana.com\/site\/category\/artigos\/"},"img":{"alt_text":"","src":"https:\/\/i0.wp.com\/correiodasemana.com\/site\/wp-content\/uploads\/2020\/02\/Eudes-de-Sousa-escritor-4.jpg?resize=350%2C200&ssl=1","width":350,"height":200,"srcset":"https:\/\/i0.wp.com\/correiodasemana.com\/site\/wp-content\/uploads\/2020\/02\/Eudes-de-Sousa-escritor-4.jpg?resize=350%2C200&ssl=1 1x, https:\/\/i0.wp.com\/correiodasemana.com\/site\/wp-content\/uploads\/2020\/02\/Eudes-de-Sousa-escritor-4.jpg?resize=525%2C300&ssl=1 1.5x, https:\/\/i0.wp.com\/correiodasemana.com\/site\/wp-content\/uploads\/2020\/02\/Eudes-de-Sousa-escritor-4.jpg?resize=700%2C400&ssl=1 2x, https:\/\/i0.wp.com\/correiodasemana.com\/site\/wp-content\/uploads\/2020\/02\/Eudes-de-Sousa-escritor-4.jpg?resize=1050%2C600&ssl=1 3x, https:\/\/i0.wp.com\/correiodasemana.com\/site\/wp-content\/uploads\/2020\/02\/Eudes-de-Sousa-escritor-4.jpg?resize=1400%2C800&ssl=1 4x"},"classes":[]},{"id":12584,"url":"https:\/\/correiodasemana.com\/site\/a-controversia-ideologica-na-politica\/","url_meta":{"origin":19015,"position":1},"title":"A CONTROV\u00c9RSIA IDEOL\u00d3GICA NA POL\u00cdTICA","author":"","date":"Agosto 10, 2020","format":false,"excerpt":"A hist\u00f3ria imp\u00f5e-se como uma mem\u00f3ria fundamental para quantos pretendam mapear a pol\u00edtica brasileira, nas \u00faltimas seis d\u00e9cadas da Hist\u00f3ria do Brasil, principalmente nos anos de repress\u00e3o que acometeram a sociedade brasileira, como o AI5, que estabeleceu, em 1968, o regime de exce\u00e7\u00e3o, exclus\u00e3o e arbitrariedade, que se desdobrou at\u00e9\u2026","rel":"","context":"In &quot;Artigos&quot;","block_context":{"text":"Artigos","link":"https:\/\/correiodasemana.com\/site\/category\/artigos\/"},"img":{"alt_text":"","src":"https:\/\/i0.wp.com\/correiodasemana.com\/site\/wp-content\/uploads\/2020\/02\/Eudes-de-Sousa-escritor-4.jpg?resize=350%2C200&ssl=1","width":350,"height":200,"srcset":"https:\/\/i0.wp.com\/correiodasemana.com\/site\/wp-content\/uploads\/2020\/02\/Eudes-de-Sousa-escritor-4.jpg?resize=350%2C200&ssl=1 1x, https:\/\/i0.wp.com\/correiodasemana.com\/site\/wp-content\/uploads\/2020\/02\/Eudes-de-Sousa-escritor-4.jpg?resize=525%2C300&ssl=1 1.5x, https:\/\/i0.wp.com\/correiodasemana.com\/site\/wp-content\/uploads\/2020\/02\/Eudes-de-Sousa-escritor-4.jpg?resize=700%2C400&ssl=1 2x, https:\/\/i0.wp.com\/correiodasemana.com\/site\/wp-content\/uploads\/2020\/02\/Eudes-de-Sousa-escritor-4.jpg?resize=1050%2C600&ssl=1 3x, https:\/\/i0.wp.com\/correiodasemana.com\/site\/wp-content\/uploads\/2020\/02\/Eudes-de-Sousa-escritor-4.jpg?resize=1400%2C800&ssl=1 4x"},"classes":[]},{"id":17790,"url":"https:\/\/correiodasemana.com\/site\/patria-amada-nao-pode-ser-patria-armada-exorta-arcebispo-de-aparecida-durante-feriado-nacional-da-padroeira-do-brasil\/","url_meta":{"origin":19015,"position":2},"title":"\u201cP\u00e1tria Amada n\u00e3o pode ser P\u00e1tria armada\u201d, exorta arcebispo de Aparecida durante feriado nacional da Padroeira do Brasil","author":"","date":"Outubro 18, 2021","format":false,"excerpt":"Por Samuel Carvalho Reda\u00e7\u00e3o Correio da Semana Dom Orlando Brandes, arcebispo de Aparecida, em S\u00e3o Paulo, durante o feriado de 12 de outubro, Dia de Nossa Senhora Aparecida, padroeira do Brasil, fez um apelo ao n\u00e3o armamento da popula\u00e7\u00e3o no Pa\u00eds. \u201cP\u00e1tria amada n\u00e3o pode ser p\u00e1tria armada\u201d, disse o\u2026","rel":"","context":"In &quot;Atualidade&quot;","block_context":{"text":"Atualidade","link":"https:\/\/correiodasemana.com\/site\/category\/atualidade\/"},"img":{"alt_text":"","src":"https:\/\/i0.wp.com\/correiodasemana.com\/site\/wp-content\/uploads\/2021\/10\/Dom-Orlando-Brandes-1024x654-1.jpg?resize=350%2C200&ssl=1","width":350,"height":200,"srcset":"https:\/\/i0.wp.com\/correiodasemana.com\/site\/wp-content\/uploads\/2021\/10\/Dom-Orlando-Brandes-1024x654-1.jpg?resize=350%2C200&ssl=1 1x, https:\/\/i0.wp.com\/correiodasemana.com\/site\/wp-content\/uploads\/2021\/10\/Dom-Orlando-Brandes-1024x654-1.jpg?resize=525%2C300&ssl=1 1.5x, https:\/\/i0.wp.com\/correiodasemana.com\/site\/wp-content\/uploads\/2021\/10\/Dom-Orlando-Brandes-1024x654-1.jpg?resize=700%2C400&ssl=1 2x"},"classes":[]},{"id":20929,"url":"https:\/\/correiodasemana.com\/site\/a-elite-da-mediocridade-de-um-governo\/","url_meta":{"origin":19015,"position":3},"title":"A ELITE DA MEDIOCRIDADE DE UM GOVERNO","author":"","date":"Setembro 5, 2022","format":false,"excerpt":"EUDES DE SOUSA Em todos os pa\u00edses, em todas as cidades, h\u00e1 uma camada social a que poder\u00edamos chamar as elites dirigentes, que exercem, muitas vezes, sem o perceber; uma influ\u00eancia decisiva nos acontecimentos. Essas elites displicentes e omissas, \u00e0s vezes, atuantes e eficazes, outras nuncas se eximem das responsabilidades\u2026","rel":"","context":"In &quot;Artigos&quot;","block_context":{"text":"Artigos","link":"https:\/\/correiodasemana.com\/site\/category\/artigos\/"},"img":{"alt_text":"","src":"https:\/\/i0.wp.com\/correiodasemana.com\/site\/wp-content\/uploads\/2021\/06\/Eudes-Sousa-presidente-da-Academia-Massapeense-de-Letras-e-Artes2.png?resize=350%2C200&ssl=1","width":350,"height":200,"srcset":"https:\/\/i0.wp.com\/correiodasemana.com\/site\/wp-content\/uploads\/2021\/06\/Eudes-Sousa-presidente-da-Academia-Massapeense-de-Letras-e-Artes2.png?resize=350%2C200&ssl=1 1x, https:\/\/i0.wp.com\/correiodasemana.com\/site\/wp-content\/uploads\/2021\/06\/Eudes-Sousa-presidente-da-Academia-Massapeense-de-Letras-e-Artes2.png?resize=525%2C300&ssl=1 1.5x"},"classes":[]},{"id":9945,"url":"https:\/\/correiodasemana.com\/site\/a-politica-populista-brasileira\/","url_meta":{"origin":19015,"position":4},"title":"A POL\u00cdTICA POPULISTA BRASILEIRA","author":"","date":"Novembro 27, 2019","format":false,"excerpt":"No Brasil, a pol\u00edtica populista, sempre foi uma esp\u00e9cie de democracia colorida, pintada de v\u00e1rias cores. Sabemos perfeitamente o que \u00e9 uma estrutura de poder no pa\u00eds de l\u00edderes demagogos e populistas, um presidente da Rep\u00fablica n\u00e3o faz o que prometeu. Faz o que pode. Sabe por qu\u00ea? Como se\u2026","rel":"","context":"In &quot;Artigos&quot;","block_context":{"text":"Artigos","link":"https:\/\/correiodasemana.com\/site\/category\/artigos\/"},"img":{"alt_text":"","src":"https:\/\/i0.wp.com\/correiodasemana.com\/site\/wp-content\/uploads\/2019\/08\/urna_lecr-e1447217261594.jpg?resize=350%2C200&ssl=1","width":350,"height":200,"srcset":"https:\/\/i0.wp.com\/correiodasemana.com\/site\/wp-content\/uploads\/2019\/08\/urna_lecr-e1447217261594.jpg?resize=350%2C200&ssl=1 1x, https:\/\/i0.wp.com\/correiodasemana.com\/site\/wp-content\/uploads\/2019\/08\/urna_lecr-e1447217261594.jpg?resize=525%2C300&ssl=1 1.5x, https:\/\/i0.wp.com\/correiodasemana.com\/site\/wp-content\/uploads\/2019\/08\/urna_lecr-e1447217261594.jpg?resize=700%2C400&ssl=1 2x, https:\/\/i0.wp.com\/correiodasemana.com\/site\/wp-content\/uploads\/2019\/08\/urna_lecr-e1447217261594.jpg?resize=1050%2C600&ssl=1 3x, https:\/\/i0.wp.com\/correiodasemana.com\/site\/wp-content\/uploads\/2019\/08\/urna_lecr-e1447217261594.jpg?resize=1400%2C800&ssl=1 4x"},"classes":[]},{"id":20954,"url":"https:\/\/correiodasemana.com\/site\/a-educacao-da-juventude-e-a-esperanca-do-brasil\/","url_meta":{"origin":19015,"position":5},"title":"A EDUCA\u00c7\u00c3O DA JUVENTUDE \u00c9  A ESPERAN\u00c7A DO BRASIL","author":"","date":"Setembro 11, 2022","format":false,"excerpt":"EUDES DE SOUSA No dia comemorativo da Independ\u00eancia do Brasil. O Pa\u00eds reuniu milhares de jovens, em desfiles enquadrados pelos seus respectivos col\u00e9gios. Foi um espet\u00e1culo brilhante e, sobretudo, animador, no quadro de desola\u00e7\u00e3o moral e de confus\u00e3o pol\u00edtica em que se debate ao nosso Pa\u00eds. Os desfiles assim aproxima-nos\u2026","rel":"","context":"In &quot;Artigos&quot;","block_context":{"text":"Artigos","link":"https:\/\/correiodasemana.com\/site\/category\/artigos\/"},"img":{"alt_text":"","src":"https:\/\/i0.wp.com\/correiodasemana.com\/site\/wp-content\/uploads\/2021\/06\/Eudes-Sousa-presidente-da-Academia-Massapeense-de-Letras-e-Artes2.png?resize=350%2C200&ssl=1","width":350,"height":200,"srcset":"https:\/\/i0.wp.com\/correiodasemana.com\/site\/wp-content\/uploads\/2021\/06\/Eudes-Sousa-presidente-da-Academia-Massapeense-de-Letras-e-Artes2.png?resize=350%2C200&ssl=1 1x, https:\/\/i0.wp.com\/correiodasemana.com\/site\/wp-content\/uploads\/2021\/06\/Eudes-Sousa-presidente-da-Academia-Massapeense-de-Letras-e-Artes2.png?resize=525%2C300&ssl=1 1.5x"},"classes":[]}],"jetpack_sharing_enabled":true,"_links":{"self":[{"href":"https:\/\/correiodasemana.com\/site\/wp-json\/wp\/v2\/posts\/19015","targetHints":{"allow":["GET"]}}],"collection":[{"href":"https:\/\/correiodasemana.com\/site\/wp-json\/wp\/v2\/posts"}],"about":[{"href":"https:\/\/correiodasemana.com\/site\/wp-json\/wp\/v2\/types\/post"}],"author":[{"embeddable":true,"href":"https:\/\/correiodasemana.com\/site\/wp-json\/wp\/v2\/users\/1"}],"replies":[{"embeddable":true,"href":"https:\/\/correiodasemana.com\/site\/wp-json\/wp\/v2\/comments?post=19015"}],"version-history":[{"count":1,"href":"https:\/\/correiodasemana.com\/site\/wp-json\/wp\/v2\/posts\/19015\/revisions"}],"predecessor-version":[{"id":19016,"href":"https:\/\/correiodasemana.com\/site\/wp-json\/wp\/v2\/posts\/19015\/revisions\/19016"}],"wp:featuredmedia":[{"embeddable":true,"href":"https:\/\/correiodasemana.com\/site\/wp-json\/wp\/v2\/media\/16811"}],"wp:attachment":[{"href":"https:\/\/correiodasemana.com\/site\/wp-json\/wp\/v2\/media?parent=19015"}],"wp:term":[{"taxonomy":"category","embeddable":true,"href":"https:\/\/correiodasemana.com\/site\/wp-json\/wp\/v2\/categories?post=19015"},{"taxonomy":"post_tag","embeddable":true,"href":"https:\/\/correiodasemana.com\/site\/wp-json\/wp\/v2\/tags?post=19015"}],"curies":[{"name":"wp","href":"https:\/\/api.w.org\/{rel}","templated":true}]}}