{"id":19017,"date":"2022-02-27T22:44:31","date_gmt":"2022-02-28T01:44:31","guid":{"rendered":"https:\/\/correiodasemana.com\/site\/?p=19017"},"modified":"2022-02-27T22:44:31","modified_gmt":"2022-02-28T01:44:31","slug":"semana-de-arte-moderna-1922","status":"publish","type":"post","link":"https:\/\/correiodasemana.com\/site\/semana-de-arte-moderna-1922\/","title":{"rendered":"Semana de Arte Moderna 1922"},"content":{"rendered":"<p>A arte sempre foi algo muito especial para mim. Aos 11 anos, comecei a escrever poesias. A princ\u00edpio todas rom\u00e2nticas, mas com o tempo enveredei para o lado pol\u00edtico, nos anos da ditadura militar. Na m\u00fasica, acabei por aprender a tocar viol\u00e3o. Neste m\u00eas de fevereiro a Semana de Arte Moderna faz 100 anos. N\u00e3o poderia deixar de comentar sobre esse tema.<br \/>\nVeja coment\u00e1rio do Prof. Rodrigo Gurgel, autor de \u201cCr\u00edtica, Literatura e Narratofobia\u201d, \u201cEsquecidos &amp; Superestimados\u201d e \u201cMuita Ret\u00f3rica \u2013 Pouca Literatura (de Alencar a Gra\u00e7a Aranha):<br \/>\n\u201cA Semana de Arte Moderna foi um evento art\u00edstico e cultural que ocorreu no Teatro Municipal de S\u00e3o Paulo, entre os dias 13 a 18 de fevereiro de 1922. A proposta dos artistas desde o in\u00edcio se mostrou clara: a afronta, o esc\u00e2ndalo e o rompimento com os padr\u00f5es est\u00e9ticos vigentes. O evento contou com apresenta\u00e7\u00f5es de dan\u00e7a, m\u00fasica, recital de poesias, exposi\u00e7\u00e3o de obras de arte, como pinturas e esculturas, e palestras\u201d. As pessoas se baseavam nas vanguardas art\u00edsticas europ\u00e9ias.<br \/>\nUm dos artistas que exp\u00f4s sua obra na Semana de Arte Moderna foi o pintor Di Cavalcante que afirmou: \u201cSeria uma semana de esc\u00e2ndalos liter\u00e1rios e art\u00edsticos, de meter os esol\u00eamicatribos na barriga da burguesiazinha paulista\u201d. O italiano Ricciotto Canudo definiu assim as sete artes cl\u00e1ssicas: arquitetura, escultura, pintura, m\u00fasica, dan\u00e7a, literatura e cinema.<br \/>\nRodrigo Gurgel afirma: \u201ca lista ainda \u00e9 discutida, j\u00e1 que deixou de fora outras artes famosas e importantes. Alguns exemplos s\u00e3o: o teatro, a fotografia e o ilusionismo. Canudo defendeu o cinema como uma das artes mais importantes e adicionou-a na lista das artes antigas feita pelo fil\u00f3sofo Hegel. O argumento em defesa da concep\u00e7\u00e3o de Ricciotto e da linha classicista alega que, as artes n\u00e3o inscritas na lista, s\u00e3o na verdade jun\u00e7\u00f5es das sete artes cl\u00e1ssicas. O teatro, por exemplo, seria a combina\u00e7\u00e3o entre literatura, gravura, dan\u00e7a, m\u00fasica e pintura.<br \/>\nAtualmente, a ordem que possui maior consenso entre os estudiosos \u00e9 diferente. O document\u00e1rio \u201cA Primeira Arte\u201d, da Brasil Paralelo, explica uma das raz\u00f5es. Devido \u00e0 descoberta de que o ser humano, desde antes do nascimento, possui conex\u00e3o com sons, melodias, e at\u00e9 mesmo m\u00fasicas, a m\u00fasica foi posta em primeiro lugar. A audi\u00e7\u00e3o \u00e9 o primeiro dos sentidos a se desenvolver por completo. Dessa maneira, a ordem mais utilizada para listar as sete artes nos dias de hoje \u00e9 a seguinte: m\u00fasica, dan\u00e7a, pintura, escultura, arquitetura, literatura e cinema\u201d.<br \/>\nSegundo o escritor, romancista, autor da obra Os Miser\u00e1veis, Victor Hugo, \u201ca m\u00fasica expressa o que n\u00e3o pode ser dito em palavras, mas n\u00e3o pode permanecer em sil\u00eancio. J\u00e1 o psic\u00f3logo Jordan Peterson estabelece que \u201cna m\u00fasica, os sons, que sozinhos s\u00e3o aleat\u00f3rios em conjunto, por\u00e9m, forma harmonia, gerando sentido a partir da mat\u00e9ria bruta\u201d.<br \/>\nPor Salmito Campos \u2013 (salmitocamposs@gmail.com).<\/p>\n","protected":false},"excerpt":{"rendered":"<p>A arte sempre foi algo muito especial para mim. Aos 11 anos, comecei a escrever&#8230;<\/p>\n","protected":false},"author":1,"featured_media":17116,"comment_status":"open","ping_status":"open","sticky":false,"template":"","format":"standard","meta":{"_jetpack_memberships_contains_paid_content":false,"footnotes":"","jetpack_publicize_message":"","jetpack_publicize_feature_enabled":true,"jetpack_social_post_already_shared":true,"jetpack_social_options":{"image_generator_settings":{"template":"highway","default_image_id":0,"font":"","enabled":false},"version":2}},"categories":[11,81],"tags":[],"class_list":["post-19017","post","type-post","status-publish","format-standard","has-post-thumbnail","hentry","category-artigos","category-salmito-campos"],"jetpack_publicize_connections":[],"jetpack_featured_media_url":"https:\/\/correiodasemana.com\/site\/wp-content\/uploads\/2021\/08\/Salmito-Campos.jpg","jetpack-related-posts":[{"id":19952,"url":"https:\/\/correiodasemana.com\/site\/uma-historia-de-100-anos\/","url_meta":{"origin":19017,"position":0},"title":"UMA HIST\u00d3RIA DE 100 ANOS","author":"","date":"Junho 6, 2022","format":false,"excerpt":"EUDES DE SOUSA S\u00e3o muitas obras que o leitor tem em m\u00e3os, sobre a hist\u00f3ria da Academia Sobralense de Estudos e Letras: uma hist\u00f3ria de 100 anos, que virou mito, e, constitui um marco especial em nosso cen\u00e1rio cultural. Mas o que significa para classe liter\u00e1ria e outros estudos, uma\u2026","rel":"","context":"In &quot;Artigos&quot;","block_context":{"text":"Artigos","link":"https:\/\/correiodasemana.com\/site\/category\/artigos\/"},"img":{"alt_text":"","src":"https:\/\/i0.wp.com\/correiodasemana.com\/site\/wp-content\/uploads\/2021\/06\/Eudes-Sousa-presidente-da-Academia-Massapeense-de-Letras-e-Artes2.png?resize=350%2C200&ssl=1","width":350,"height":200,"srcset":"https:\/\/i0.wp.com\/correiodasemana.com\/site\/wp-content\/uploads\/2021\/06\/Eudes-Sousa-presidente-da-Academia-Massapeense-de-Letras-e-Artes2.png?resize=350%2C200&ssl=1 1x, https:\/\/i0.wp.com\/correiodasemana.com\/site\/wp-content\/uploads\/2021\/06\/Eudes-Sousa-presidente-da-Academia-Massapeense-de-Letras-e-Artes2.png?resize=525%2C300&ssl=1 1.5x"},"classes":[]},{"id":18991,"url":"https:\/\/correiodasemana.com\/site\/em-tempo-121\/","url_meta":{"origin":19017,"position":1},"title":"Em Tempo","author":"","date":"Fevereiro 21, 2022","format":false,"excerpt":"Legado de Arnaldo Jabor no cinema Falecido no dia 15 de fevereiro aos 81 anos,\u00a0Arnaldo Jabor colecionou triunfos no cinema. Duas vezes indicado \u00e0 Palma de Ouro do Festival de Cannes e vencedor do Urso de Prata no Festival de Berlim, o tamb\u00e9m jornalista atuou como roteirista e diretor. Dos\u2026","rel":"","context":"In &quot;Artigos&quot;","block_context":{"text":"Artigos","link":"https:\/\/correiodasemana.com\/site\/category\/artigos\/"},"img":{"alt_text":"","src":"https:\/\/i0.wp.com\/correiodasemana.com\/site\/wp-content\/uploads\/2022\/02\/col-edilson-silva.jpg?resize=350%2C200&ssl=1","width":350,"height":200},"classes":[]},{"id":21052,"url":"https:\/\/correiodasemana.com\/site\/em-tempo-151\/","url_meta":{"origin":19017,"position":2},"title":"Em Tempo","author":"","date":"Setembro 18, 2022","format":false,"excerpt":"IFCE oferta oito cursos t\u00e9cnicos O campus de Sobral do Instituto Federal de Educa\u00e7\u00e3o, Ci\u00eancia e Tecnologia do Cear\u00e1 (IFCE) lan\u00e7ou o edital do processo seletivo para ingresso em oito\u00a0cursos t\u00e9cnicos, todos gratuitos, com oferta de 280 vagas. As inscri\u00e7\u00f5es ser\u00e3o realizadas at\u00e9 2 de outubro, pela internet. A data\u2026","rel":"","context":"In &quot;Artigos&quot;","block_context":{"text":"Artigos","link":"https:\/\/correiodasemana.com\/site\/category\/artigos\/"},"img":{"alt_text":"","src":"https:\/\/i0.wp.com\/correiodasemana.com\/site\/wp-content\/uploads\/2022\/09\/1_modernismonoceara-19700325-300x168.jpg?resize=350%2C200&ssl=1","width":350,"height":200},"classes":[]},{"id":11032,"url":"https:\/\/correiodasemana.com\/site\/arte-educacao-sensibilidade-e-compromisso\/","url_meta":{"origin":19017,"position":3},"title":"Arte-educa\u00e7\u00e3o: sensibilidade e compromisso","author":"","date":"Mar\u00e7o 2, 2020","format":false,"excerpt":"por F\u00e1tima Moura H\u00e1 exatos 98 anos aconteceu o movimento art\u00edstico-cultural de maior express\u00e3o nacional: A Semana da Arte Moderna. De 11 a 18 de fevereiro 1992, um elenco de artistas brasileiros atuantes nas artes pl\u00e1sticas, literatura e na m\u00fasica organizaram uma manifesta\u00e7\u00e3o, no Teatro Municipal de S\u00e3o Paulo, para\u2026","rel":"","context":"In &quot;Artigos&quot;","block_context":{"text":"Artigos","link":"https:\/\/correiodasemana.com\/site\/category\/artigos\/"},"img":{"alt_text":"","src":"https:\/\/i0.wp.com\/correiodasemana.com\/site\/wp-content\/uploads\/2020\/02\/fatimamoura9.jpg?resize=350%2C200&ssl=1","width":350,"height":200},"classes":[]},{"id":18116,"url":"https:\/\/correiodasemana.com\/site\/em-tempo-109\/","url_meta":{"origin":19017,"position":4},"title":"Em Tempo","author":"","date":"Novembro 22, 2021","format":false,"excerpt":"Semana Cultural Rachel de Queiroz Aconteceu na cidade de Quixad\u00e1, de 16 a 19 de novembro, a Semana Cultural Rachel de Queiroz, com sess\u00e3o especial da Academia Cearense de Letras na Fazenda N\u00e3o Me Deixes, visitas guiadas para turistas e estudantes, palestras, saraus po\u00e9ticos e apresenta\u00e7\u00f5es art\u00edsticas. Secret\u00e1rio de Cultura\u2026","rel":"","context":"In &quot;Artigos&quot;","block_context":{"text":"Artigos","link":"https:\/\/correiodasemana.com\/site\/category\/artigos\/"},"img":{"alt_text":"","src":"https:\/\/i0.wp.com\/correiodasemana.com\/site\/wp-content\/uploads\/2021\/11\/img1-1-300x169.jpg?resize=350%2C200&ssl=1","width":350,"height":200},"classes":[]},{"id":32374,"url":"https:\/\/correiodasemana.com\/site\/em-tempo-262\/","url_meta":{"origin":19017,"position":5},"title":"EM TEMPO \u2022","author":"adminredacao","date":"Fevereiro 4, 2025","format":false,"excerpt":"Secult-CE prorroga inscri\u00e7\u00f5es de editais O Governo do Estado, por meio da Secretaria da Cultura (Secult-CE), prorrogou as inscri\u00e7\u00f5es de tr\u00eas editais da Pol\u00edtica Nacional Aldir Blanc, institu\u00edda pela Lei 14.399, de 8 de julho de 2022, considerada a maior e mais estruturante pol\u00edtica cultural da hist\u00f3ria do Brasil. Inscri\u00e7\u00f5es\u2026","rel":"","context":"In &quot;Artigos&quot;","block_context":{"text":"Artigos","link":"https:\/\/correiodasemana.com\/site\/category\/artigos\/"},"img":{"alt_text":"","src":"https:\/\/i0.wp.com\/correiodasemana.com\/site\/wp-content\/uploads\/2025\/02\/jarid-livro-150x150.jpeg?resize=350%2C200&ssl=1","width":350,"height":200,"srcset":"https:\/\/i0.wp.com\/correiodasemana.com\/site\/wp-content\/uploads\/2025\/02\/jarid-livro-150x150.jpeg?resize=350%2C200&ssl=1 1x, https:\/\/i0.wp.com\/correiodasemana.com\/site\/wp-content\/uploads\/2025\/02\/jarid-livro-150x150.jpeg?resize=525%2C300&ssl=1 1.5x, https:\/\/i0.wp.com\/correiodasemana.com\/site\/wp-content\/uploads\/2025\/02\/jarid-livro-150x150.jpeg?resize=700%2C400&ssl=1 2x"},"classes":[]}],"jetpack_sharing_enabled":true,"_links":{"self":[{"href":"https:\/\/correiodasemana.com\/site\/wp-json\/wp\/v2\/posts\/19017","targetHints":{"allow":["GET"]}}],"collection":[{"href":"https:\/\/correiodasemana.com\/site\/wp-json\/wp\/v2\/posts"}],"about":[{"href":"https:\/\/correiodasemana.com\/site\/wp-json\/wp\/v2\/types\/post"}],"author":[{"embeddable":true,"href":"https:\/\/correiodasemana.com\/site\/wp-json\/wp\/v2\/users\/1"}],"replies":[{"embeddable":true,"href":"https:\/\/correiodasemana.com\/site\/wp-json\/wp\/v2\/comments?post=19017"}],"version-history":[{"count":1,"href":"https:\/\/correiodasemana.com\/site\/wp-json\/wp\/v2\/posts\/19017\/revisions"}],"predecessor-version":[{"id":19018,"href":"https:\/\/correiodasemana.com\/site\/wp-json\/wp\/v2\/posts\/19017\/revisions\/19018"}],"wp:featuredmedia":[{"embeddable":true,"href":"https:\/\/correiodasemana.com\/site\/wp-json\/wp\/v2\/media\/17116"}],"wp:attachment":[{"href":"https:\/\/correiodasemana.com\/site\/wp-json\/wp\/v2\/media?parent=19017"}],"wp:term":[{"taxonomy":"category","embeddable":true,"href":"https:\/\/correiodasemana.com\/site\/wp-json\/wp\/v2\/categories?post=19017"},{"taxonomy":"post_tag","embeddable":true,"href":"https:\/\/correiodasemana.com\/site\/wp-json\/wp\/v2\/tags?post=19017"}],"curies":[{"name":"wp","href":"https:\/\/api.w.org\/{rel}","templated":true}]}}