{"id":19059,"date":"2022-02-27T23:20:59","date_gmt":"2022-02-28T02:20:59","guid":{"rendered":"https:\/\/correiodasemana.com\/site\/?p=19059"},"modified":"2022-02-27T23:20:59","modified_gmt":"2022-02-28T02:20:59","slug":"falar-a-voz-do-bem","status":"publish","type":"post","link":"https:\/\/correiodasemana.com\/site\/falar-a-voz-do-bem\/","title":{"rendered":"Falar a voz do bem"},"content":{"rendered":"<p>\u00c9 preciso, ecoar de onde nascem os sentimentos, palavras que possam devolver a esperan\u00e7a, restaurar os relacionamentos, produzir entendimentos, especialmente quando h\u00e1 grande urg\u00eancia em refazer\u00a0escolhas nos \u00e2mbitos pessoal, familiar, pol\u00edtico, religioso e econ\u00f4mico tamb\u00e9m.\u00a0 Refazer\u00a0escolhas norteadas pela voz do cora\u00e7\u00e3o emoldurada pela claridade da raz\u00e3o, o que nos impede de perder o rumo, o sentido do viver \u2013 para n\u00e3o cair no ardil existencial de desistir do dom da vida. Ou, ainda, viver o dom da vida desconsiderando toda grandeza que o viver carrega em si. Deixar falar a voz do cora\u00e7\u00e3o, assim nos lembra a poesia da can\u00e7\u00e3o, indica ser oportuno e urgente priorizar \u201ca voz do bem\u201d ante os cen\u00e1rios e a avalanche de \u201cfalas\u201d facilitados,\u00a0sobretudo,\u00a0pela velocidade\u00a0das redes sociais.<br \/>\nO bem traz intrinsecamente no seu \u00e2mago a verdade que liberta e corrige,\u00a0denuncia e anuncia, com propriedades que passam longe dos destemperos patol\u00f3gicos multiplicados por interesses de todo o tipo, fazendo do falar uma ancoragem\u00a0perigosa e perversa que jamais conseguir\u00e1 atingir a mais importante propriedade da palavra, a gera\u00e7\u00e3o de entendimentos, pr\u00f3prio da demanda de tecer relacionamentos que promovam a paz.<br \/>\nA\u00a0avalanche de crises, em curso no conjunto da grande mudan\u00e7a civilizat\u00f3ria envolvendo a humanidade neste momento, aponta grandes e complexas transforma\u00e7\u00f5es impedindo a voz do bem. \u00c9 assustadora a dimens\u00e3o de hostilidade dos discursos, n\u00e3o s\u00f3 pol\u00edtico,\u00a0mas\u00a0tamb\u00e9m o religioso, promotor de lutas fratricidas e demolidoras de reputa\u00e7\u00f5es, com grosserias e manipula\u00e7\u00f5es lesivas,\u00a0produzindo na viv\u00eancia religiosa tudo o que se pode imaginar, menos a promo\u00e7\u00e3o da voz do bem. De modo semelhante se cultiva uma odiosidade na pol\u00edtica e na religi\u00e3o, desvirtuando-a dos pilares de suma import\u00e2ncia na constru\u00e7\u00e3o da hist\u00f3ria e, particularmente, neste momento de transi\u00e7\u00e3o civilizat\u00f3ria,\u00a0com reconstru\u00e7\u00f5es a se operar, recupera\u00e7\u00e3o de perdas em tempo e em vidas, consideradas as suas etapas todas.<br \/>\nN\u00e3o deixar falar a voz do cora\u00e7\u00e3o, componente intr\u00ednseco do viver humano, est\u00e1 empurrando a sociedade ao precip\u00edcio do \u00f3dio. Deixar falar a voz do cora\u00e7\u00e3o \u00e9 um chamado que perdeu o rumo e precisa ser recuperado com o exerc\u00edcio primeiro de deixar falar a voz do bem. Deixar falar a voz do bem \u00e9 compromisso e garantia da possibilidade de se produzir uma profecia indispens\u00e1vel na constru\u00e7\u00e3o de uma sociedade justa e solid\u00e1ria.\u00a0Diminuta, tem se configurado a possibilidade de avan\u00e7os civilizat\u00f3rios, por causa do \u00f3dio que se propaga e dissemina\u00a0a desestabiliza\u00e7\u00e3o das institui\u00e7\u00f5es, para tomar seu lugar com ilus\u00f3ria proposta. Caminho sem factibilidade enquanto resposta \u00e0s demandas e urg\u00eancias para qualificadas corre\u00e7\u00f5es de rumos, claridade nas escolhas e balizamentos human\u00edsticos\u00a0que impulsionem, urgentemente, a humanidade \u00e0 condi\u00e7\u00e3o de, ao menos, administrar melhor o\u00a0conjunto de crises que a destroem. E, assim, desenhar por este humilde passo a passo um novo tempo, usufruindo de condi\u00e7\u00f5es prop\u00edcias advindas das conquistas tecnol\u00f3gicas e avan\u00e7os cient\u00edficos.\u00a0Compreende-se, pois, as multiplicadas inadequa\u00e7\u00f5es no mundo da pol\u00edtica e no interno da viv\u00eancia religiosa, agravadas por misturas,\u00a0ora inconsequentes e inconscientes, ora perversas e calculadas.<br \/>\nO momento atual, caracterizado por crises sobre os ombros arqueados da humanidade, precisa ser vivido e entendido\u00a0com uma lucidez que permita aprendizagem e possa exercitar a resili\u00eancia fazendo nascer modos novos nos modelos de sociedade, pautada pelo falar a voz do bem, longe de ataques figadais e demolidores,\u00a0nos trilhos da fraternidade universal e da solidariedade. Uma outra l\u00f3gica de funcionamento, com for\u00e7a de supera\u00e7\u00e3o de\u00a0divis\u00f5es odiosas, dando lugar \u00e0 nobreza da igualdade fraterna, superando desigualdades sociais e raciais, pondo fim aos cen\u00e1rios vergonhosos e inaceit\u00e1veis de discrimina\u00e7\u00f5es, viol\u00eancias e homic\u00eddios.<br \/>\nDeixar falar a voz do bem, sem dissimula\u00e7\u00e3o ou coniv\u00eancias, dizendo a verdade, \u00e9 caminho fecundo na produ\u00e7\u00e3o de entendimentos l\u00facidos que possam fazer ver o desprop\u00f3sito produzido por \u00f3dios pol\u00edticos e religiosos. A voz do bem \u00e9 rem\u00e9dio terap\u00eautico para recuperar a voz do cora\u00e7\u00e3o, desmontando manipula\u00e7\u00f5es ileg\u00edtimas para articular em riqueza as diferen\u00e7as, iluminando escolhas inadi\u00e1veis para produzir entendimentos indispens\u00e1veis de processos e mecanismos que libertem a sociedade dos art\u00edfices do mal, em raz\u00e3o de conveni\u00eancias, de submiss\u00e3o ou de lucros a todo pre\u00e7o.<br \/>\nO Papa Francisco, na sua Carta Enc\u00edclica Fratelli Tutti, ilustra com a figura de S\u00e3o Francisco a articula\u00e7\u00e3o amorosa e qualificada entre o falar a voz do cora\u00e7\u00e3o e o falar a voz do bem. Na vida de Francisco de Assis, narra o Papa, est\u00e1 o epis\u00f3dio da sua visita ao Sult\u00e3o do Egito, Malik-al-Kamil, empreendendo um grande esfor\u00e7o, superando dificuldades de dist\u00e2ncia, cultura, l\u00edngua e condi\u00e7\u00f5es financeiras, movido por um cora\u00e7\u00e3o sem fronteiras, capaz de superar obst\u00e1culos, numa viagem que mostra a grandeza do amor, uma voz do cora\u00e7\u00e3o que fala a voz do bem. Foi ao Sult\u00e3o, movido pelos ensinamentos que compartilhava com seus disc\u00edpulos: sem fazer lit\u00edgios, contendas, mas submisso a toda criatura humana por amor a Deus. \u00c9 dele a can\u00e7\u00e3o que cantada amalgama a voz do cora\u00e7\u00e3o e a voz do bem. Uma s\u00faplica: Senhor, fazei de mim um instrumento de vossa paz; onde houver \u00f3dio que eu leve o amor, onde houver disc\u00f3rdia que eu leve a uni\u00e3o, onde houver d\u00favidas que eu leve a f\u00e9; onde houver erro que eu leve a verdade; onde houver ofensa que eu leve o perd\u00e3o; onde houver desespero que eu leve a esperan\u00e7a, onde houver tristeza, que eu leve alegria, onde houver trevas, que eu leve a luz. Deixar falar a voz do bem.<\/p>\n","protected":false},"excerpt":{"rendered":"<p>\u00c9 preciso, ecoar de onde nascem os sentimentos, palavras que possam devolver a esperan\u00e7a, restaurar&#8230;<\/p>\n","protected":false},"author":1,"featured_media":79,"comment_status":"open","ping_status":"open","sticky":false,"template":"","format":"standard","meta":{"_jetpack_memberships_contains_paid_content":false,"footnotes":"","jetpack_publicize_message":"","jetpack_publicize_feature_enabled":true,"jetpack_social_post_already_shared":true,"jetpack_social_options":{"image_generator_settings":{"template":"highway","default_image_id":0,"font":"","enabled":false},"version":2}},"categories":[24,11],"tags":[],"class_list":["post-19059","post","type-post","status-publish","format-standard","has-post-thumbnail","hentry","category-a-voz-do-pastor","category-artigos"],"jetpack_publicize_connections":[],"jetpack_featured_media_url":"https:\/\/correiodasemana.com\/site\/wp-content\/uploads\/2019\/07\/Dom-Vasconcelos-posses.jpg","jetpack-related-posts":[{"id":34312,"url":"https:\/\/correiodasemana.com\/site\/becco-ponto-com-219\/","url_meta":{"origin":19059,"position":0},"title":"BECCO PONTO.COM","author":"adminredacao","date":"Junho 23, 2025","format":false,"excerpt":"LIVRAI-NOS, SENHOR! Da cpi da santa casa virar um dia pizza. Das quadrilhas politicas t\u00e3o fracas, ui! Da invas\u00e3o no becco de barracas, ufa! Do esquecimento de dom jos\u00e9 na placa. Das faculdades formando inv\u00e1lidos, ui! Das articula\u00e7\u00f5es contra um tal golpe. Do pt com medinho de ciro, ciro, ciro,\u2026","rel":"","context":"In &quot;Artigos&quot;","block_context":{"text":"Artigos","link":"https:\/\/correiodasemana.com\/site\/category\/artigos\/"},"img":{"alt_text":"","src":"https:\/\/i0.wp.com\/correiodasemana.com\/site\/wp-content\/uploads\/2021\/09\/Dr-Chico-Prado-Trofeu-Dom-Jose-1-1.jpg?resize=350%2C200&ssl=1","width":350,"height":200,"srcset":"https:\/\/i0.wp.com\/correiodasemana.com\/site\/wp-content\/uploads\/2021\/09\/Dr-Chico-Prado-Trofeu-Dom-Jose-1-1.jpg?resize=350%2C200&ssl=1 1x, https:\/\/i0.wp.com\/correiodasemana.com\/site\/wp-content\/uploads\/2021\/09\/Dr-Chico-Prado-Trofeu-Dom-Jose-1-1.jpg?resize=525%2C300&ssl=1 1.5x, https:\/\/i0.wp.com\/correiodasemana.com\/site\/wp-content\/uploads\/2021\/09\/Dr-Chico-Prado-Trofeu-Dom-Jose-1-1.jpg?resize=700%2C400&ssl=1 2x"},"classes":[]},{"id":8898,"url":"https:\/\/correiodasemana.com\/site\/levante-a-voz\/","url_meta":{"origin":19059,"position":1},"title":"Levante a voz","author":"","date":"Agosto 27, 2019","format":false,"excerpt":"Os descompassos na sociedade brasileira exigem que se levante a voz - n\u00e3o se pode correr o risco de omiss\u00e3o. A indiferen\u00e7a \u00e9 uma coniv\u00eancia imoral. Torna-se, pois, urgente levantar a voz. O desafio \u00e9 entender bem a qualidade desse ato. Ao contr\u00e1rio dos embates que se presencia nos cen\u00e1rios\u2026","rel":"","context":"In &quot;A voz do Pastor&quot;","block_context":{"text":"A voz do Pastor","link":"https:\/\/correiodasemana.com\/site\/category\/a-voz-do-pastor\/"},"img":{"alt_text":"","src":"https:\/\/i0.wp.com\/correiodasemana.com\/site\/wp-content\/uploads\/2019\/07\/Dom-Vasconcelos-Em-entrevista-concedida-%C3%A0-Pascom-Diocesana-Foto-Jo%C3%A3o-Pauloo.jpg?resize=350%2C200&ssl=1","width":350,"height":200,"srcset":"https:\/\/i0.wp.com\/correiodasemana.com\/site\/wp-content\/uploads\/2019\/07\/Dom-Vasconcelos-Em-entrevista-concedida-%C3%A0-Pascom-Diocesana-Foto-Jo%C3%A3o-Pauloo.jpg?resize=350%2C200&ssl=1 1x, https:\/\/i0.wp.com\/correiodasemana.com\/site\/wp-content\/uploads\/2019\/07\/Dom-Vasconcelos-Em-entrevista-concedida-%C3%A0-Pascom-Diocesana-Foto-Jo%C3%A3o-Pauloo.jpg?resize=525%2C300&ssl=1 1.5x, https:\/\/i0.wp.com\/correiodasemana.com\/site\/wp-content\/uploads\/2019\/07\/Dom-Vasconcelos-Em-entrevista-concedida-%C3%A0-Pascom-Diocesana-Foto-Jo%C3%A3o-Pauloo.jpg?resize=700%2C400&ssl=1 2x, https:\/\/i0.wp.com\/correiodasemana.com\/site\/wp-content\/uploads\/2019\/07\/Dom-Vasconcelos-Em-entrevista-concedida-%C3%A0-Pascom-Diocesana-Foto-Jo%C3%A3o-Pauloo.jpg?resize=1050%2C600&ssl=1 3x, https:\/\/i0.wp.com\/correiodasemana.com\/site\/wp-content\/uploads\/2019\/07\/Dom-Vasconcelos-Em-entrevista-concedida-%C3%A0-Pascom-Diocesana-Foto-Jo%C3%A3o-Pauloo.jpg?resize=1400%2C800&ssl=1 4x"},"classes":[]},{"id":35363,"url":"https:\/\/correiodasemana.com\/site\/coracao-de-pastor-reflexoes-sobre-o-ministerio-episcopal\/","url_meta":{"origin":19059,"position":2},"title":"Cora\u00e7\u00e3o de Pastor: reflex\u00f5es sobre o minist\u00e9rio episcopal\u00a0","author":"adminredacao","date":"Setembro 1, 2025","format":false,"excerpt":"Todos recebemos o an\u00fancio de um livro sobre o minist\u00e9rio episcopal que tive a honra de prefaciar. Assinar este artigo em di\u00e1logo com o livro\u00a0Cora\u00e7\u00e3o de Pastor, \u2013 Paulus 2025 \u2013 de nosso estimado irm\u00e3o Dom Jo\u00e3o Bosco \u00d3liver de Faria, \u00e9 tamb\u00e9m deixar-se interpelar pelo testemunho de quem viveu\u2026","rel":"","context":"In &quot;A voz do Pastor&quot;","block_context":{"text":"A voz do Pastor","link":"https:\/\/correiodasemana.com\/site\/category\/a-voz-do-pastor\/"},"img":{"alt_text":"","src":"https:\/\/i0.wp.com\/correiodasemana.com\/site\/wp-content\/uploads\/2018\/02\/Dom-Vasconcelos-posses.jpg?resize=350%2C200&ssl=1","width":350,"height":200,"srcset":"https:\/\/i0.wp.com\/correiodasemana.com\/site\/wp-content\/uploads\/2018\/02\/Dom-Vasconcelos-posses.jpg?resize=350%2C200&ssl=1 1x, https:\/\/i0.wp.com\/correiodasemana.com\/site\/wp-content\/uploads\/2018\/02\/Dom-Vasconcelos-posses.jpg?resize=525%2C300&ssl=1 1.5x, https:\/\/i0.wp.com\/correiodasemana.com\/site\/wp-content\/uploads\/2018\/02\/Dom-Vasconcelos-posses.jpg?resize=700%2C400&ssl=1 2x"},"classes":[]},{"id":9554,"url":"https:\/\/correiodasemana.com\/site\/do-galinheiro-a-praca\/","url_meta":{"origin":19059,"position":3},"title":"Do galinheiro \u00e0 pra\u00e7a","author":"","date":"Outubro 22, 2019","format":false,"excerpt":"Do galinheiro \u00e0 pra\u00e7a foi sempre o caminho percorrido por Santa Dulce dos Pobres, ao escrever sua hist\u00f3ria de vida, f\u00e9 e santidade - vida vivida para fazer o bem ao outro, particularmente ao pobre, ao indefeso e ao injusti\u00e7ado, v\u00edtimas de sistemas e din\u00e2micas perversas de explora\u00e7\u00e3o e exclus\u00e3o.\u2026","rel":"","context":"In &quot;A voz do Pastor&quot;","block_context":{"text":"A voz do Pastor","link":"https:\/\/correiodasemana.com\/site\/category\/a-voz-do-pastor\/"},"img":{"alt_text":"","src":"https:\/\/i0.wp.com\/correiodasemana.com\/site\/wp-content\/uploads\/2019\/09\/DSC_1024-C%C3%B3pia.jpg?resize=350%2C200&ssl=1","width":350,"height":200,"srcset":"https:\/\/i0.wp.com\/correiodasemana.com\/site\/wp-content\/uploads\/2019\/09\/DSC_1024-C%C3%B3pia.jpg?resize=350%2C200&ssl=1 1x, https:\/\/i0.wp.com\/correiodasemana.com\/site\/wp-content\/uploads\/2019\/09\/DSC_1024-C%C3%B3pia.jpg?resize=525%2C300&ssl=1 1.5x, https:\/\/i0.wp.com\/correiodasemana.com\/site\/wp-content\/uploads\/2019\/09\/DSC_1024-C%C3%B3pia.jpg?resize=700%2C400&ssl=1 2x"},"classes":[]},{"id":31016,"url":"https:\/\/correiodasemana.com\/site\/becco-ponto-com-187\/","url_meta":{"origin":19059,"position":4},"title":"Becco ponto Com","author":"adminredacao","date":"Outubro 21, 2024","format":false,"excerpt":"LIVRAI-NOS, SENHOR! Do choro dos bab\u00f5es do poder fg\u2019s. Da burguesia falida chorando feliz. Dos bobos da corte pol\u00edticos daqui. Da ruma de cursos formando bobos. De uma outra C\u00e2mara calango, ufa! Dos rumores do fim de um reinado! Do povo feliz igual \u201cpinto no lixo\u201d. Das dondocas trocando a\u2026","rel":"","context":"In &quot;Artigos&quot;","block_context":{"text":"Artigos","link":"https:\/\/correiodasemana.com\/site\/category\/artigos\/"},"img":{"alt_text":"","src":"https:\/\/i0.wp.com\/correiodasemana.com\/site\/wp-content\/uploads\/2021\/09\/Dr-Chico-Prado-Trofeu-Dom-Jose-1.jpg?resize=350%2C200&ssl=1","width":350,"height":200,"srcset":"https:\/\/i0.wp.com\/correiodasemana.com\/site\/wp-content\/uploads\/2021\/09\/Dr-Chico-Prado-Trofeu-Dom-Jose-1.jpg?resize=350%2C200&ssl=1 1x, https:\/\/i0.wp.com\/correiodasemana.com\/site\/wp-content\/uploads\/2021\/09\/Dr-Chico-Prado-Trofeu-Dom-Jose-1.jpg?resize=525%2C300&ssl=1 1.5x, https:\/\/i0.wp.com\/correiodasemana.com\/site\/wp-content\/uploads\/2021\/09\/Dr-Chico-Prado-Trofeu-Dom-Jose-1.jpg?resize=700%2C400&ssl=1 2x, https:\/\/i0.wp.com\/correiodasemana.com\/site\/wp-content\/uploads\/2021\/09\/Dr-Chico-Prado-Trofeu-Dom-Jose-1.jpg?resize=1050%2C600&ssl=1 3x, https:\/\/i0.wp.com\/correiodasemana.com\/site\/wp-content\/uploads\/2021\/09\/Dr-Chico-Prado-Trofeu-Dom-Jose-1.jpg?resize=1400%2C800&ssl=1 4x"},"classes":[]},{"id":31124,"url":"https:\/\/correiodasemana.com\/site\/becco-ponto-com-188\/","url_meta":{"origin":19059,"position":5},"title":"Becco ponto Com","author":"adminredacao","date":"Outubro 21, 2024","format":false,"excerpt":"LIVRAI-NOS, SENHOR! Da busca ca\u00e7a \u00e0s bruxas: \u201cCassa\u00e7\u00e3o, perdeu, man\u00e9!\u201d Das faculdades formando seus lixos humanos! Dos \u201cFerreira Fomes\u201d um dia perder o seu osso. Do riso falso da burguesia falida t\u00e3o contente. Da ira dos puxa-sacos, com a perda do poder fg\u2019s. Da campanha da bagaceira que virou \u201cLixo\u2026","rel":"","context":"In &quot;Artigos&quot;","block_context":{"text":"Artigos","link":"https:\/\/correiodasemana.com\/site\/category\/artigos\/"},"img":{"alt_text":"","src":"https:\/\/i0.wp.com\/correiodasemana.com\/site\/wp-content\/uploads\/2021\/09\/Dr-Chico-Prado-Trofeu-Dom-Jose-1-1.jpg?resize=350%2C200&ssl=1","width":350,"height":200,"srcset":"https:\/\/i0.wp.com\/correiodasemana.com\/site\/wp-content\/uploads\/2021\/09\/Dr-Chico-Prado-Trofeu-Dom-Jose-1-1.jpg?resize=350%2C200&ssl=1 1x, https:\/\/i0.wp.com\/correiodasemana.com\/site\/wp-content\/uploads\/2021\/09\/Dr-Chico-Prado-Trofeu-Dom-Jose-1-1.jpg?resize=525%2C300&ssl=1 1.5x, https:\/\/i0.wp.com\/correiodasemana.com\/site\/wp-content\/uploads\/2021\/09\/Dr-Chico-Prado-Trofeu-Dom-Jose-1-1.jpg?resize=700%2C400&ssl=1 2x"},"classes":[]}],"jetpack_sharing_enabled":true,"_links":{"self":[{"href":"https:\/\/correiodasemana.com\/site\/wp-json\/wp\/v2\/posts\/19059","targetHints":{"allow":["GET"]}}],"collection":[{"href":"https:\/\/correiodasemana.com\/site\/wp-json\/wp\/v2\/posts"}],"about":[{"href":"https:\/\/correiodasemana.com\/site\/wp-json\/wp\/v2\/types\/post"}],"author":[{"embeddable":true,"href":"https:\/\/correiodasemana.com\/site\/wp-json\/wp\/v2\/users\/1"}],"replies":[{"embeddable":true,"href":"https:\/\/correiodasemana.com\/site\/wp-json\/wp\/v2\/comments?post=19059"}],"version-history":[{"count":1,"href":"https:\/\/correiodasemana.com\/site\/wp-json\/wp\/v2\/posts\/19059\/revisions"}],"predecessor-version":[{"id":19060,"href":"https:\/\/correiodasemana.com\/site\/wp-json\/wp\/v2\/posts\/19059\/revisions\/19060"}],"wp:featuredmedia":[{"embeddable":true,"href":"https:\/\/correiodasemana.com\/site\/wp-json\/wp\/v2\/media\/79"}],"wp:attachment":[{"href":"https:\/\/correiodasemana.com\/site\/wp-json\/wp\/v2\/media?parent=19059"}],"wp:term":[{"taxonomy":"category","embeddable":true,"href":"https:\/\/correiodasemana.com\/site\/wp-json\/wp\/v2\/categories?post=19059"},{"taxonomy":"post_tag","embeddable":true,"href":"https:\/\/correiodasemana.com\/site\/wp-json\/wp\/v2\/tags?post=19059"}],"curies":[{"name":"wp","href":"https:\/\/api.w.org\/{rel}","templated":true}]}}