{"id":19579,"date":"2022-04-24T21:27:24","date_gmt":"2022-04-25T00:27:24","guid":{"rendered":"https:\/\/correiodasemana.com\/site\/?p=19579"},"modified":"2022-04-24T21:27:24","modified_gmt":"2022-04-25T00:27:24","slug":"fundaj-promove-a-iii-festa-literaria-do-livro-digital-com-discussoes-sobre-cultura-na-internet","status":"publish","type":"post","link":"https:\/\/correiodasemana.com\/site\/fundaj-promove-a-iii-festa-literaria-do-livro-digital-com-discussoes-sobre-cultura-na-internet\/","title":{"rendered":"Fundaj promove a III Festa Liter\u00e1ria do Livro Digital com discuss\u00f5es sobre cultura na internet"},"content":{"rendered":"<p><strong><em>Evento promovido pela Funda\u00e7\u00e3o Joaquim Nabuco ter\u00e1 tr\u00eas pain\u00e9is, que ser\u00e3o exibidos no site criado para o evento, no YouTube e nas redes sociais da Institui\u00e7\u00e3o<\/em><\/strong><\/p>\n<p>Conforme o mundo se transforma, novos h\u00e1bitos e formas de lazer surgem, moldando e refazendo as rela\u00e7\u00f5es do cotidiano. Basta ver, por exemplo, o mercado editorial. Do papiro eg\u00edpcio ao token n\u00e3o fung\u00edvel (NFT), seguiram-se gera\u00e7\u00f5es de leitores e escritores que assistiram \u00e0s in\u00fameras mudan\u00e7as nas maneiras de ler, criar e interpretar as mensagens expressas pelas linhas que cont\u00eam as letras, as s\u00edlabas, as palavras, as frases e os par\u00e1grafos. O modo de consumir literatura pode mudar, mas a leitura permanece uma tradi\u00e7\u00e3o viva. E sempre ser\u00e1. Essa capacidade da arte de se adaptar \u00e0s realidades \u00e9 a t\u00f4nica que vai permear as discuss\u00f5es da III Festa Liter\u00e1ria do Livro Digital, promovida pela Funda\u00e7\u00e3o Joaquim Nabuco (Fundaj), por meio da Diretoria de Mem\u00f3ria, Educa\u00e7\u00e3o, Cultura e Arte (Dimeca).<br \/>\nCom curadoria da produtora cultural Patr\u00edcia Guedes, a programa\u00e7\u00e3o ser\u00e1 composta por uma s\u00e9rie de tr\u00eas pain\u00e9is com escritores, empreendedores e estudiosos, que ir\u00e3o abordar a literatura no contexto da cultura digital. Os encontros ser\u00e3o exibidos no site literaturadigitalfundaj.com.br\/ no dia 23 de abril, das 16h50 \u00e0s 20h. Todo conte\u00fado ser\u00e1 propagado no canal da Fundaj no YouTube e nas redes sociais da institui\u00e7\u00e3o. Logo no in\u00edcio, ser\u00e1 realizada uma homenagem \u00e0 escritora e acad\u00eamica paulistana Lygia Fagundes Telles, da Academia Brasileira de Letras, que faleceu no dia 8 deste m\u00eas, aos 98 anos. A homenagem \u00e0 escritora, que era conhecida como \u201ca dama da literatura brasileira\u201d, ser\u00e1 em v\u00eddeo com leitura de um trecho de artigo do jornalista Marcus Prado.<br \/>\nEm seguida, o presidente da Fundaj, Ant\u00f4nio Campos, far\u00e1 a abertura do evento. \u201cA internet se mostra a cada dia um espa\u00e7o somador de talentos. Nele, artistas, professores, escritores, pesquisadores e quem vive da comercializa\u00e7\u00e3o da cultura encontraram um meio para chegar a mais gente e com mais agilidade. Por isso, \u00e9 t\u00e3o importante debater esse contexto\u201d, observa o presidente. A iniciativa conta com a participa\u00e7\u00e3o de nomes como a escritora portuguesa Maria Jo\u00e3o Cantinho, a cantora Erica Natuza, que estuda o mercado de NTF na m\u00fasica, e o presidente da plataforma de autopublica\u00e7\u00e3o Clube de Autores, Ricardo Almeida.<br \/>\nOs pain\u00e9is ter\u00e3o, cada um, uma hora de dura\u00e7\u00e3o, com media\u00e7\u00e3o do professor Adriano Portela, da Universidade Cat\u00f3lica de Pernambuco (Unicap). No primeiro, que ter\u00e1 como tema \u201cLiteratura e a Era Digital\u201d, participam das discuss\u00f5es Mell Ferraz, do canal Literature-se; Ricardo Almeida, do Clube de Autores; a escritora e dramaturga Margarett Leite; e a escritora Maria Jo\u00e3o Cantinho. \u201cO h\u00e1bito de ler de forma multiplataforma \u00e9 uma realidade no mundo inteiro e o Brasil faz parte desse mundo. O crescimento do h\u00e1bito de leitura \u00e9 a mesma coisa aqui no pa\u00eds do que em qualquer outro lugar\u201d, comenta Ricardo Almeida, um dos participantes do painel, sobre os caminhos que a discuss\u00e3o deve seguir entre o local e o global.<br \/>\nEle ressalta que a realidade da autopublica\u00e7\u00e3o ditando o futuro da literatura \u00e9 realidade no Brasil. \u201c\u00c9 claro que temos algumas quest\u00f5es espec\u00edficas que fazem parte do nosso caldo cultural, mas \u00e9 um debate muito universal. Minhas expectativas gerais para essa conversa s\u00e3o essas, de se pensar esse futuro da literatura por aqui e ao redor do planeta.\u201d Em seguida, \u00e0s 18h, come\u00e7a a mesa \u201cArte Digital (NFT)\u201d, com Siddhartha Moraes, s\u00f3cio-fundador da Roadmaps; o professor F\u00e1bio Paiva (Uninassau); a cantora Erica Natuza; e o ilustrador, quadrinista e autor de literatura infantil Laerte Silvino.<br \/>\n\u201cA import\u00e2ncia do debate \u00e9 demonstrada pela velocidade que essas tecnologias passam a fazer parte de nossas vidas\u201d, comenta F\u00e1bio Paiva. Ele ressalta que durante os per\u00edodos de maior restri\u00e7\u00e3o na atual pandemia, todos passaram a ter contatos com in\u00fameras formas tecnol\u00f3gicas que \u201cadiamos\u201d em outros momentos. Mas que nos alcan\u00e7aram. \u201cAs NFTs s\u00e3o uma realidade, mas n\u00e3o s\u00e3o cotidianas (ainda). Podem ser ou n\u00e3o. Um exemplo de caso \u00e9 das criptomoedas, que n\u00e3o s\u00e3o populares ou cotidianas, mas est\u00e3o presentes na realidade brasileira, atualmente mais acess\u00edveis. A presen\u00e7a de artistas e especialistas em tecnologias me deixa empolgado para o debate! Espero que possamos explorar bem as experi\u00eancias dos debatedores e ampliar o tema\u201d, comenta F\u00e1bio Paiva.<br \/>\nPor fim, a partir das 19h, a publicit\u00e1ria Larissa Ara\u00fajo, a doutora em psicologia Fl\u00e1via Peres, a diretora de Neg\u00f3cios e Relacionamento da Berlim Digital, Isabela Andrade, e a produtora cultural e escritora Adriana Mayrink se re\u00fanem no painel \u201cFerramentas Digitais\u201d. \u201cA discuss\u00e3o sobre tecnologias digitais necessariamente precisa relacionar, criticamente, aspectos globais e locais, como outras discuss\u00f5es contempor\u00e2neas tamb\u00e9m precisam, mas esta da digitaliza\u00e7\u00e3o cultural tem uma urg\u00eancia, agravada nos \u00faltimos anos e, em especial, emergente com as transforma\u00e7\u00f5es provocadas pela pandemia da Covid-19\u201d, observa Fl\u00e1via Peres.<br \/>\nUm dos pontos que merece aten\u00e7\u00e3o, destaca Peres, est\u00e1 relacionado a como os sujeitos em diversos territ\u00f3rios (como territ\u00f3rios camponeses, ind\u00edgenas, quilombolas e outros povos e suas particularidades locais), que n\u00e3o vivenciam um modo de vida hegem\u00f4nico, podem desenvolver processos autorais com artefatos digitais. \u201cImportante que isso ocorra e que n\u00e3o se tornem apenas ref\u00e9ns desses produtos, meros consumidores de algo que n\u00e3o teria, a princ\u00edpio, v\u00ednculo com sua hist\u00f3ria e ancestralidade\u201d, explica a professora e pesquisadora.<\/p>\n<p>Servi\u00e7o<br \/>\nIII Festa Liter\u00e1ria do Livro Digital<\/p>\n<p>Data: 23 de abril<br \/>\nHor\u00e1rio: 16h50 \u00e0s 20h<br \/>\nInscri\u00e7\u00f5es: gratuitas, pelo site do evento (http:\/\/www.literaturadigitalfundaj.com.br)<\/p>\n<p>Programa\u00e7\u00e3o<br \/>\nAbertura &#8211; 16h50<br \/>\nHomenagem \u00e0 escritora e acad\u00eamica paulistana Lygia Fagundes<\/p>\n<p>Mensagem do Presidente da Fundaj, Ant\u00f4nio Campos<\/p>\n<p>Pain\u00e9is<br \/>\n1\u00ba<br \/>\n17h \u00e0s 18h &#8211; \u201cLiteratura e a Era Digital\u201d<br \/>\nMell Ferraz, do canal Literature-se<br \/>\nRicardo Almeida, do Clube de Autores<br \/>\nMargarett Leite, escritora e dramaturga<br \/>\nMaria Jo\u00e3o Cantinho, escritora portuguesa<br \/>\nMedia\u00e7\u00e3o: Adriano Portela, professor da Universidade Cat\u00f3lica de Pernambuco<\/p>\n<p>2\u00ba<br \/>\n18h \u00e0s 19h &#8211; \u201cArte Digital (NFT)\u201d<br \/>\nSiddhartha Moraes, s\u00f3cio-fundador da Roadmaps<br \/>\nF\u00e1bio Paiva, professor da Uninassau<br \/>\nErica Natuza, cantora<br \/>\nLaerte Silvino, ilustrador, quadrinista e autor de literatura infantil<br \/>\nMedia\u00e7\u00e3o: Adriano Portela, professor da Universidade Cat\u00f3lica de Pernambuco<\/p>\n<p>3\u00ba<br \/>\n19h \u00e0s 20h &#8211; \u201cFerramentas Digitais\u201d<br \/>\nFl\u00e1via Peres, doutora em psicologia<br \/>\nIsabela Andrade, diretora de Neg\u00f3cios e Relacionamento da Berlim Digital<br \/>\nAdriana Mayrink, produtora cultural e escritora<br \/>\nLarissa Ara\u00fajo, publicit\u00e1ria<br \/>\nMedia\u00e7\u00e3o: Adriano Portela, professor da Universidade Cat\u00f3lica de Pernambuco<\/p>\n","protected":false},"excerpt":{"rendered":"<p>Evento promovido pela Funda\u00e7\u00e3o Joaquim Nabuco ter\u00e1 tr\u00eas pain\u00e9is, que ser\u00e3o exibidos no site criado&#8230;<\/p>\n","protected":false},"author":1,"featured_media":19580,"comment_status":"open","ping_status":"open","sticky":false,"template":"","format":"standard","meta":{"_jetpack_memberships_contains_paid_content":false,"footnotes":"","jetpack_publicize_message":"","jetpack_publicize_feature_enabled":true,"jetpack_social_post_already_shared":true,"jetpack_social_options":{"image_generator_settings":{"template":"highway","default_image_id":0,"font":"","enabled":false},"version":2}},"categories":[1],"tags":[],"class_list":["post-19579","post","type-post","status-publish","format-standard","has-post-thumbnail","hentry","category-atualidade"],"jetpack_publicize_connections":[],"jetpack_featured_media_url":"https:\/\/correiodasemana.com\/site\/wp-content\/uploads\/2022\/04\/RSHS-student-art-collection.jpg","jetpack-related-posts":[{"id":32833,"url":"https:\/\/correiodasemana.com\/site\/comunidade-coracao-de-maria-promove-vem-louvar-e-reune-fieis-em-tres-dias-de-fe-e-louvor-em-sobral\/","url_meta":{"origin":19579,"position":0},"title":"Comunidade Cora\u00e7\u00e3o de Maria promove Vem Louvar e  re\u00fane fieis em tr\u00eas dias de f\u00e9 e louvor em Sobral","author":"adminredacao","date":"Mar\u00e7o 10, 2025","format":false,"excerpt":"Entre os dias 2 e 4 de mar\u00e7o, a Comunidade Cora\u00e7\u00e3o de Maria e a Par\u00f3quia do Sagrado Cora\u00e7\u00e3o de Jesus realizaram mais uma edi\u00e7\u00e3o do Vem Louvar, evento que reuniu fi\u00e9is para momentos de ora\u00e7\u00e3o, louvor e adora\u00e7\u00e3o. Com o tema \u201cCora\u00e7\u00e3o de Maria: Fonte de Esperan\u00e7a\u201d, a programa\u00e7\u00e3o\u2026","rel":"","context":"In &quot;Atualidade&quot;","block_context":{"text":"Atualidade","link":"https:\/\/correiodasemana.com\/site\/category\/atualidade\/"},"img":{"alt_text":"","src":"https:\/\/i0.wp.com\/correiodasemana.com\/site\/wp-content\/uploads\/2025\/03\/WhatsApp-Image-2025-03-06-at-21.29.36.jpeg?resize=350%2C200&ssl=1","width":350,"height":200,"srcset":"https:\/\/i0.wp.com\/correiodasemana.com\/site\/wp-content\/uploads\/2025\/03\/WhatsApp-Image-2025-03-06-at-21.29.36.jpeg?resize=350%2C200&ssl=1 1x, https:\/\/i0.wp.com\/correiodasemana.com\/site\/wp-content\/uploads\/2025\/03\/WhatsApp-Image-2025-03-06-at-21.29.36.jpeg?resize=525%2C300&ssl=1 1.5x, https:\/\/i0.wp.com\/correiodasemana.com\/site\/wp-content\/uploads\/2025\/03\/WhatsApp-Image-2025-03-06-at-21.29.36.jpeg?resize=700%2C400&ssl=1 2x, https:\/\/i0.wp.com\/correiodasemana.com\/site\/wp-content\/uploads\/2025\/03\/WhatsApp-Image-2025-03-06-at-21.29.36.jpeg?resize=1050%2C600&ssl=1 3x, https:\/\/i0.wp.com\/correiodasemana.com\/site\/wp-content\/uploads\/2025\/03\/WhatsApp-Image-2025-03-06-at-21.29.36.jpeg?resize=1400%2C800&ssl=1 4x"},"classes":[]},{"id":9687,"url":"https:\/\/correiodasemana.com\/site\/papel-da-mulher-na-sociedade-e-feminicidio-foram-temas-debatidos-no-seminario-promovido-pelo-conselho-dos-direitos-da-mulher-em-sobral\/","url_meta":{"origin":19579,"position":1},"title":"Papel da mulher na sociedade e feminic\u00eddio foram temas debatidos no Semin\u00e1rio promovido pelo Conselho dos Direitos da Mulher em Sobral","author":"","date":"Novembro 4, 2019","format":false,"excerpt":"Por Adriana Brand\u00e3o -\u00a0 Jornalista - N\u00facleo de Comunica\u00e7\u00e3o Organizacional Embrapa Caprinos e Ovinos No \u00faltimo dia 23 de outubro, o Conselho Municipal dos Direitos da Mulher de Sobral realizou seu primeiro semin\u00e1rio com o objetivo de discutir propostas que ajudem a enfrentar as viol\u00eancias de que s\u00e3o v\u00edtimas as\u2026","rel":"","context":"In &quot;Atualidade&quot;","block_context":{"text":"Atualidade","link":"https:\/\/correiodasemana.com\/site\/category\/atualidade\/"},"img":{"alt_text":"","src":"https:\/\/i0.wp.com\/correiodasemana.com\/site\/wp-content\/uploads\/2019\/11\/Centro-de-referncia-2.jpeg?resize=350%2C200&ssl=1","width":350,"height":200,"srcset":"https:\/\/i0.wp.com\/correiodasemana.com\/site\/wp-content\/uploads\/2019\/11\/Centro-de-referncia-2.jpeg?resize=350%2C200&ssl=1 1x, https:\/\/i0.wp.com\/correiodasemana.com\/site\/wp-content\/uploads\/2019\/11\/Centro-de-referncia-2.jpeg?resize=525%2C300&ssl=1 1.5x"},"classes":[]},{"id":10909,"url":"https:\/\/correiodasemana.com\/site\/comunidade-shalom-promove-mais-uma-edicao-do-renascer\/","url_meta":{"origin":19579,"position":2},"title":"Comunidade Shalom promove mais uma edi\u00e7\u00e3o do Renascer","author":"","date":"Fevereiro 25, 2020","format":false,"excerpt":"A Comunidade Cat\u00f3lica Shalom prepara mais uma edi\u00e7\u00e3o do retiro Renascer que acontece no per\u00edodo de Carnaval, entre os dias 23 a 25 de fevereiro. O evento ser\u00e1 realizado na quadra do Col\u00e9gio Farias Britos. A entrada \u00e9 franca. \u201cBuscais as coisas do alto\u201d \u00e9 o tema do Renascer 2020.\u2026","rel":"","context":"In &quot;Atualidade&quot;","block_context":{"text":"Atualidade","link":"https:\/\/correiodasemana.com\/site\/category\/atualidade\/"},"img":{"alt_text":"","src":"https:\/\/i0.wp.com\/correiodasemana.com\/site\/wp-content\/uploads\/2020\/02\/WhatsApp-Image-2020-02-20-at-23.38.26.jpeg?resize=350%2C200&ssl=1","width":350,"height":200,"srcset":"https:\/\/i0.wp.com\/correiodasemana.com\/site\/wp-content\/uploads\/2020\/02\/WhatsApp-Image-2020-02-20-at-23.38.26.jpeg?resize=350%2C200&ssl=1 1x, https:\/\/i0.wp.com\/correiodasemana.com\/site\/wp-content\/uploads\/2020\/02\/WhatsApp-Image-2020-02-20-at-23.38.26.jpeg?resize=525%2C300&ssl=1 1.5x, https:\/\/i0.wp.com\/correiodasemana.com\/site\/wp-content\/uploads\/2020\/02\/WhatsApp-Image-2020-02-20-at-23.38.26.jpeg?resize=700%2C400&ssl=1 2x"},"classes":[]},{"id":19764,"url":"https:\/\/correiodasemana.com\/site\/paroquia-de-ipu-promovera-a-noite-da-juventude-com-missa-e-show-cultural\/","url_meta":{"origin":19579,"position":3},"title":"Par\u00f3quia de Ipu promover\u00e1 a Noite da Juventude com missa e show cultural","author":"","date":"Maio 16, 2022","format":false,"excerpt":"Na noite do pr\u00f3ximo s\u00e1bado (21), a par\u00f3quia de S\u00e3o Sebasti\u00e3o realizar\u00e1 um arrojado evento para a juventude da cidade de Ipu. Com a celebra\u00e7\u00e3o da missa no patamar da igreja matriz e um show cultural na pra\u00e7a Delmiro Gouveia, a par\u00f3quia receber\u00e1 os jovens das turmas de Crisma da\u2026","rel":"","context":"In &quot;Atualidade&quot;","block_context":{"text":"Atualidade","link":"https:\/\/correiodasemana.com\/site\/category\/atualidade\/"},"img":{"alt_text":"","src":"https:\/\/i0.wp.com\/correiodasemana.com\/site\/wp-content\/uploads\/2022\/05\/paroquia-sobral-232x300.jpg?resize=350%2C200&ssl=1","width":350,"height":200},"classes":[]},{"id":29111,"url":"https:\/\/correiodasemana.com\/site\/setor-juventude-diocesano-promove-encontro-com-as-liderancas-juvenis-da-regiao-do-acarau\/","url_meta":{"origin":19579,"position":4},"title":"Setor Juventude Diocesano promove encontro com as lideran\u00e7as juvenis da Regi\u00e3o do Acara\u00fa","author":"adminredacao","date":"Maio 6, 2024","format":false,"excerpt":"Na manh\u00e3 do \u00faltimo s\u00e1bado (27), a coordena\u00e7\u00e3o do Setor Juventude da Diocese de Sobral promoveu o primeiro encontro com as lideran\u00e7as juvenis da Regi\u00e3o Episcopal do Acara\u00fa. Sediado na cidade de Marco, na Par\u00f3quia de S\u00e3o Manuel, o evento reuniu juventudes e express\u00f5es jovens das par\u00f3quias que comp\u00f5em a\u2026","rel":"","context":"In &quot;Atualidade&quot;","block_context":{"text":"Atualidade","link":"https:\/\/correiodasemana.com\/site\/category\/atualidade\/"},"img":{"alt_text":"","src":"https:\/\/i0.wp.com\/correiodasemana.com\/site\/wp-content\/uploads\/2024\/05\/Setor-juventude-4-scaled.jpeg?resize=350%2C200&ssl=1","width":350,"height":200,"srcset":"https:\/\/i0.wp.com\/correiodasemana.com\/site\/wp-content\/uploads\/2024\/05\/Setor-juventude-4-scaled.jpeg?resize=350%2C200&ssl=1 1x, https:\/\/i0.wp.com\/correiodasemana.com\/site\/wp-content\/uploads\/2024\/05\/Setor-juventude-4-scaled.jpeg?resize=525%2C300&ssl=1 1.5x, https:\/\/i0.wp.com\/correiodasemana.com\/site\/wp-content\/uploads\/2024\/05\/Setor-juventude-4-scaled.jpeg?resize=700%2C400&ssl=1 2x, https:\/\/i0.wp.com\/correiodasemana.com\/site\/wp-content\/uploads\/2024\/05\/Setor-juventude-4-scaled.jpeg?resize=1050%2C600&ssl=1 3x, https:\/\/i0.wp.com\/correiodasemana.com\/site\/wp-content\/uploads\/2024\/05\/Setor-juventude-4-scaled.jpeg?resize=1400%2C800&ssl=1 4x"},"classes":[]},{"id":21636,"url":"https:\/\/correiodasemana.com\/site\/diocese-de-sobral-promove-40a-assembleia-diocesana-de-evangelizacao\/","url_meta":{"origin":19579,"position":5},"title":"Diocese de Sobral promove 40\u00aa Assembleia Diocesana de Evangeliza\u00e7\u00e3o","author":"","date":"Novembro 13, 2022","format":false,"excerpt":"A Diocese de Sobral promoveu nos dias 04 e 05 de novembro, sua Assembleia Diocesana de Evangeliza\u00e7\u00e3o, no CETRESO (Centro de Treinamento de Sobral) O evento contou com a participa\u00e7\u00e3o do bispo diocesano, Dom Vasconcelos, clero, religiosas (os), seminaristas, coordenadores diocesanos dos grupos, pastorais, movimentos e pilares. Tamb\u00e9m marcou presen\u00e7a,\u2026","rel":"","context":"In &quot;Atualidade&quot;","block_context":{"text":"Atualidade","link":"https:\/\/correiodasemana.com\/site\/category\/atualidade\/"},"img":{"alt_text":"","src":"https:\/\/i0.wp.com\/correiodasemana.com\/site\/wp-content\/uploads\/2022\/11\/encontro-diocesano.jpg?resize=350%2C200&ssl=1","width":350,"height":200,"srcset":"https:\/\/i0.wp.com\/correiodasemana.com\/site\/wp-content\/uploads\/2022\/11\/encontro-diocesano.jpg?resize=350%2C200&ssl=1 1x, https:\/\/i0.wp.com\/correiodasemana.com\/site\/wp-content\/uploads\/2022\/11\/encontro-diocesano.jpg?resize=525%2C300&ssl=1 1.5x, https:\/\/i0.wp.com\/correiodasemana.com\/site\/wp-content\/uploads\/2022\/11\/encontro-diocesano.jpg?resize=700%2C400&ssl=1 2x, https:\/\/i0.wp.com\/correiodasemana.com\/site\/wp-content\/uploads\/2022\/11\/encontro-diocesano.jpg?resize=1050%2C600&ssl=1 3x"},"classes":[]}],"jetpack_sharing_enabled":true,"_links":{"self":[{"href":"https:\/\/correiodasemana.com\/site\/wp-json\/wp\/v2\/posts\/19579","targetHints":{"allow":["GET"]}}],"collection":[{"href":"https:\/\/correiodasemana.com\/site\/wp-json\/wp\/v2\/posts"}],"about":[{"href":"https:\/\/correiodasemana.com\/site\/wp-json\/wp\/v2\/types\/post"}],"author":[{"embeddable":true,"href":"https:\/\/correiodasemana.com\/site\/wp-json\/wp\/v2\/users\/1"}],"replies":[{"embeddable":true,"href":"https:\/\/correiodasemana.com\/site\/wp-json\/wp\/v2\/comments?post=19579"}],"version-history":[{"count":1,"href":"https:\/\/correiodasemana.com\/site\/wp-json\/wp\/v2\/posts\/19579\/revisions"}],"predecessor-version":[{"id":19581,"href":"https:\/\/correiodasemana.com\/site\/wp-json\/wp\/v2\/posts\/19579\/revisions\/19581"}],"wp:featuredmedia":[{"embeddable":true,"href":"https:\/\/correiodasemana.com\/site\/wp-json\/wp\/v2\/media\/19580"}],"wp:attachment":[{"href":"https:\/\/correiodasemana.com\/site\/wp-json\/wp\/v2\/media?parent=19579"}],"wp:term":[{"taxonomy":"category","embeddable":true,"href":"https:\/\/correiodasemana.com\/site\/wp-json\/wp\/v2\/categories?post=19579"},{"taxonomy":"post_tag","embeddable":true,"href":"https:\/\/correiodasemana.com\/site\/wp-json\/wp\/v2\/tags?post=19579"}],"curies":[{"name":"wp","href":"https:\/\/api.w.org\/{rel}","templated":true}]}}