{"id":19582,"date":"2022-04-24T21:28:11","date_gmt":"2022-04-25T00:28:11","guid":{"rendered":"https:\/\/correiodasemana.com\/site\/?p=19582"},"modified":"2022-04-24T21:28:46","modified_gmt":"2022-04-25T00:28:46","slug":"o-comunismo","status":"publish","type":"post","link":"https:\/\/correiodasemana.com\/site\/o-comunismo\/","title":{"rendered":"O Comunismo\u00a0"},"content":{"rendered":"<p>Muito tem se falado ultimamente em comunismo, mas est\u00e3o divulgando pejorativamente de maneira err\u00f4nea. As pessoas deturpam o significado e desrespeitam quem \u00e9 comunista. Pois fa\u00e7o quest\u00e3o de dizer que sou comunista e defendo o socialismo e o comunismo.<br \/>\nO comunismo tem a sua fundamenta\u00e7\u00e3o nas teorias do Estado dos sofistas gregos e na obra \u201cA Rep\u00fablica\u201d de Plat\u00e3o. Seu objetivo \u00e9 restabelecer o que se chama \u201cestado natural\u201d, em que todas as pessoas teriam o\u00a0mesmo direito a tudo, mediante a\u00a0aboli\u00e7\u00e3o da propriedade privada. Comunismo \u00a0tem origem no latim\u00a0comunis, que significa comum.<br \/>\nVamos compreender a diferen\u00e7a entre socialismo e comunismo. O socialismo \u00e9 definido como o sistema econ\u00f4mico que procura alcan\u00e7ar a igualdade entre os membros da sociedade, mantendo os bens de produ\u00e7\u00e3o como bens coletivos.<br \/>\nJ\u00e1 o comunismo \u00e9 o sistema econ\u00f4mico e pol\u00edtico que defende uma sociedade sem classes. Nele, os meios de produ\u00e7\u00e3o e outros bens pertencem ao governo e a produ\u00e7\u00e3o \u00e9 dividida igualmente entre todos. Ou seja, tudo \u00e9 comum a todos. Como n\u00e3o existe a propriedade privada, tudo ser\u00e1 p\u00fablico, todos t\u00eam direito igualmente \u00e0 educa\u00e7\u00e3o, \u00e0 sa\u00fade, \u00e0 seguran\u00e7a, \u00e0 alimenta\u00e7\u00e3o, ao transporte coletivo, etc, administrado pelo governo.<br \/>\nNo socialismo a pol\u00edtica pode existir com diferentes sistemas pol\u00edticos, mas a maioria dos socialistas defende a democracia participativa. J\u00e1 a sociedade comunista \u00e9 ap\u00e1trida, pois toda a classe trabalhadora seria unida por um ideal maior que o da p\u00e1tria. No socialismo cada um contribui de acordo com suas habilidades e recebe de acordo com sua colabora\u00e7\u00e3o. No comunismo cada um coopera de acordo com suas habilidades e recebe de acordo com suas necessidades.<br \/>\nO comunismo moderno se exprime primeiro como uma doutrina atrav\u00e9s do marxismo, depois no marxismo-leninismo e, em parte, tamb\u00e9m no maoismo, (Mao Tse-tung, 1893-1976, primeiro presidente da Rep\u00fablica Popular da China).<br \/>\nO comunismo tem origem no \u201cManifesto Comunista\u201d, com um panfleto de Karl Marx e Friedrich Engels apresentado em 1848. Nele, est\u00e1 exposta a teoria sobre a luta entre as classes econ\u00f4micas, que terminaria com uma\u00a0derrubada da sociedade capitalista, do mesmo modo que a sociedade feudal foi eliminada durante a Revolu\u00e7\u00e3o Francesa.<br \/>\nAp\u00f3s a revolu\u00e7\u00e3o comunista, os trabalhadores tomariam o controle dos meios de produ\u00e7\u00e3o. Com o tempo, o governo iria desaparecer, \u00e0 medida que os trabalhadores construiriam uma sociedade sem classes e uma economia baseada na propriedade comum.<br \/>\nEssa ideologia revolucion\u00e1ria de Marx inspirou movimentos sociais do s\u00e9culo XIX e XX como a Comuna de Paris e a Revolu\u00e7\u00e3o Russa em 1917, que derrubou o czar russo e estabeleceu a Uni\u00e3o Sovi\u00e9tica, que apesar de ser governada pelo Partido Comunista n\u00e3o conseguiu uma sociedade sem classe. Isto \u00e9, este pa\u00eds nunca foi comunista. Ali\u00e1s, segundo\u00a0Friedrich Engels s\u00f3 existiu comunismo na idade primitiva, quando a popula\u00e7\u00e3o ca\u00e7ava, pescava e coletava.<br \/>\nProf. Salmito Campos (jornalista e radialista).<\/p>\n","protected":false},"excerpt":{"rendered":"<p>Muito tem se falado ultimamente em comunismo, mas est\u00e3o divulgando pejorativamente de maneira err\u00f4nea. As&#8230;<\/p>\n","protected":false},"author":1,"featured_media":17116,"comment_status":"open","ping_status":"open","sticky":false,"template":"","format":"standard","meta":{"_jetpack_memberships_contains_paid_content":false,"footnotes":"","jetpack_publicize_message":"","jetpack_publicize_feature_enabled":true,"jetpack_social_post_already_shared":true,"jetpack_social_options":{"image_generator_settings":{"template":"highway","default_image_id":0,"font":"","enabled":false},"version":2}},"categories":[11,81],"tags":[],"class_list":["post-19582","post","type-post","status-publish","format-standard","has-post-thumbnail","hentry","category-artigos","category-salmito-campos"],"jetpack_publicize_connections":[],"jetpack_featured_media_url":"https:\/\/correiodasemana.com\/site\/wp-content\/uploads\/2021\/08\/Salmito-Campos.jpg","jetpack-related-posts":[{"id":32955,"url":"https:\/\/correiodasemana.com\/site\/educacao-e-cidadania-72\/","url_meta":{"origin":19582,"position":0},"title":"EDUCA\u00c7\u00c3O E CIDADANIA \u2022","author":"adminredacao","date":"Mar\u00e7o 17, 2025","format":false,"excerpt":"O Comunismo na B\u00edblia O comunismo, um ramo do socialismo, \u00e9 um sistema social experimental baseado em um conjunto de ideais que, \u00e0 primeira vista, parece concordar com alguns princ\u00edpios b\u00edblicos. Em uma an\u00e1lise mais aprofundada, no entanto, pouca evid\u00eancia pode ser encontrada de que a B\u00edblia realmente apoie ou\u2026","rel":"","context":"In &quot;Artigos&quot;","block_context":{"text":"Artigos","link":"https:\/\/correiodasemana.com\/site\/category\/artigos\/"},"img":{"alt_text":"","src":"https:\/\/i0.wp.com\/correiodasemana.com\/site\/wp-content\/uploads\/2021\/08\/Salmito-Campos.jpg?resize=350%2C200&ssl=1","width":350,"height":200,"srcset":"https:\/\/i0.wp.com\/correiodasemana.com\/site\/wp-content\/uploads\/2021\/08\/Salmito-Campos.jpg?resize=350%2C200&ssl=1 1x, https:\/\/i0.wp.com\/correiodasemana.com\/site\/wp-content\/uploads\/2021\/08\/Salmito-Campos.jpg?resize=525%2C300&ssl=1 1.5x, https:\/\/i0.wp.com\/correiodasemana.com\/site\/wp-content\/uploads\/2021\/08\/Salmito-Campos.jpg?resize=700%2C400&ssl=1 2x, https:\/\/i0.wp.com\/correiodasemana.com\/site\/wp-content\/uploads\/2021\/08\/Salmito-Campos.jpg?resize=1050%2C600&ssl=1 3x, https:\/\/i0.wp.com\/correiodasemana.com\/site\/wp-content\/uploads\/2021\/08\/Salmito-Campos.jpg?resize=1400%2C800&ssl=1 4x"},"classes":[]},{"id":21141,"url":"https:\/\/correiodasemana.com\/site\/voce-sabe-o-que-e-ideologia\/","url_meta":{"origin":19582,"position":1},"title":"Voc\u00ea sabe o que \u00e9 ideologia?","author":"","date":"Outubro 2, 2022","format":false,"excerpt":"Como o pr\u00f3prio nome diz, ideologia \u00e9 o estudo das id\u00e9ias. Existem v\u00e1rios tipos de ideologia. A ideologia capitalista se refere ao regime de governo que visa o lucro, a explora\u00e7\u00e3o do trabalhador e possui os seguintes fatores de produ\u00e7\u00e3o: empreendedorismo, bens de capital, recursos naturais e trabalho. As principais\u2026","rel":"","context":"In &quot;Artigos&quot;","block_context":{"text":"Artigos","link":"https:\/\/correiodasemana.com\/site\/category\/artigos\/"},"img":{"alt_text":"","src":"https:\/\/i0.wp.com\/correiodasemana.com\/site\/wp-content\/uploads\/2021\/08\/Salmito-Campos.jpg?resize=350%2C200&ssl=1","width":350,"height":200,"srcset":"https:\/\/i0.wp.com\/correiodasemana.com\/site\/wp-content\/uploads\/2021\/08\/Salmito-Campos.jpg?resize=350%2C200&ssl=1 1x, https:\/\/i0.wp.com\/correiodasemana.com\/site\/wp-content\/uploads\/2021\/08\/Salmito-Campos.jpg?resize=525%2C300&ssl=1 1.5x, https:\/\/i0.wp.com\/correiodasemana.com\/site\/wp-content\/uploads\/2021\/08\/Salmito-Campos.jpg?resize=700%2C400&ssl=1 2x, https:\/\/i0.wp.com\/correiodasemana.com\/site\/wp-content\/uploads\/2021\/08\/Salmito-Campos.jpg?resize=1050%2C600&ssl=1 3x, https:\/\/i0.wp.com\/correiodasemana.com\/site\/wp-content\/uploads\/2021\/08\/Salmito-Campos.jpg?resize=1400%2C800&ssl=1 4x"},"classes":[]},{"id":21191,"url":"https:\/\/correiodasemana.com\/site\/em-sobral-governadora-izolda-cela-entrega-quinta-unidade-do-comando-da-policia-militar-para-prevencao-e-apoio-as-comunidades\/","url_meta":{"origin":19582,"position":2},"title":"Em Sobral, governadora Izolda Cela entrega quinta unidade do Comando da Pol\u00edcia Militar para Preven\u00e7\u00e3o e Apoio \u00e0s Comunidades","author":"","date":"Outubro 10, 2022","format":false,"excerpt":"Larissa Falc\u00e3o - Ascom Casa Civil -\u00a0Texto Thiago Gaspar \u2013\u00a0Fotos Policiamento \u00e9 caracterizado pela atua\u00e7\u00e3o mais pr\u00f3xima \u00e0 comunidade e integrada ao Sistema da Seguran\u00e7a P\u00fablica do Cear\u00e1 Sobral \u00e9 a quinta cidade cearense a receber uma unidade do Comando da Pol\u00edcia Militar para Preven\u00e7\u00e3o e Apoio \u00e0s Comunidades (Copac).\u2026","rel":"","context":"In &quot;Atualidade&quot;","block_context":{"text":"Atualidade","link":"https:\/\/correiodasemana.com\/site\/category\/atualidade\/"},"img":{"alt_text":"","src":"https:\/\/i0.wp.com\/correiodasemana.com\/site\/wp-content\/uploads\/2022\/10\/unnamed-1-scaled.jpg?resize=350%2C200&ssl=1","width":350,"height":200,"srcset":"https:\/\/i0.wp.com\/correiodasemana.com\/site\/wp-content\/uploads\/2022\/10\/unnamed-1-scaled.jpg?resize=350%2C200&ssl=1 1x, https:\/\/i0.wp.com\/correiodasemana.com\/site\/wp-content\/uploads\/2022\/10\/unnamed-1-scaled.jpg?resize=525%2C300&ssl=1 1.5x, https:\/\/i0.wp.com\/correiodasemana.com\/site\/wp-content\/uploads\/2022\/10\/unnamed-1-scaled.jpg?resize=700%2C400&ssl=1 2x, https:\/\/i0.wp.com\/correiodasemana.com\/site\/wp-content\/uploads\/2022\/10\/unnamed-1-scaled.jpg?resize=1050%2C600&ssl=1 3x, https:\/\/i0.wp.com\/correiodasemana.com\/site\/wp-content\/uploads\/2022\/10\/unnamed-1-scaled.jpg?resize=1400%2C800&ssl=1 4x"},"classes":[]},{"id":28184,"url":"https:\/\/correiodasemana.com\/site\/educacao-e-cidadania-33\/","url_meta":{"origin":19582,"position":3},"title":"EDUCA\u00c7\u00c3O E CIDADANIA \u2022","author":"adminredacao","date":"Janeiro 29, 2024","format":false,"excerpt":"Kibutz: Uma Comunidade Socialista na Forma\u00e7\u00e3o do Estado de Israel Uma d\u00fazia de refugiados se reuniu em um local ao sul das \u00e1guas azuis profundas do Mar da Galileia para construir a sua nova comunidade, a salvo da crescente onda de antissemitismo na Europa. Assim nasceu o primeiro kibutz. Os\u2026","rel":"","context":"In &quot;Artigos&quot;","block_context":{"text":"Artigos","link":"https:\/\/correiodasemana.com\/site\/category\/artigos\/"},"img":{"alt_text":"","src":"https:\/\/i0.wp.com\/correiodasemana.com\/site\/wp-content\/uploads\/2022\/02\/Salmito-Campos-1-scaled.jpg?resize=350%2C200&ssl=1","width":350,"height":200,"srcset":"https:\/\/i0.wp.com\/correiodasemana.com\/site\/wp-content\/uploads\/2022\/02\/Salmito-Campos-1-scaled.jpg?resize=350%2C200&ssl=1 1x, https:\/\/i0.wp.com\/correiodasemana.com\/site\/wp-content\/uploads\/2022\/02\/Salmito-Campos-1-scaled.jpg?resize=525%2C300&ssl=1 1.5x, https:\/\/i0.wp.com\/correiodasemana.com\/site\/wp-content\/uploads\/2022\/02\/Salmito-Campos-1-scaled.jpg?resize=700%2C400&ssl=1 2x, https:\/\/i0.wp.com\/correiodasemana.com\/site\/wp-content\/uploads\/2022\/02\/Salmito-Campos-1-scaled.jpg?resize=1050%2C600&ssl=1 3x, https:\/\/i0.wp.com\/correiodasemana.com\/site\/wp-content\/uploads\/2022\/02\/Salmito-Campos-1-scaled.jpg?resize=1400%2C800&ssl=1 4x"},"classes":[]},{"id":16627,"url":"https:\/\/correiodasemana.com\/site\/reitores-de-ies-cearenses-se-posicionam-contrarios-a-retomada-das-aulas-presenciais-sem-a-imunizacao-completa-da-comunidade-academica\/","url_meta":{"origin":19582,"position":4},"title":"Reitores de IES cearenses se posicionam contr\u00e1rios \u00e0 retomada das aulas presenciais sem a imuniza\u00e7\u00e3o completa da comunidade acad\u00eamica","author":"","date":"Maio 31, 2021","format":false,"excerpt":"Os reitores de cinco Institui\u00e7\u00f5es de Ensino Superior (IES) do Estado do Cear\u00e1 divulgaram nota conjunta em que se manifestam \u201ccontr\u00e1rios \u00e0 poss\u00edvel retomada das aulas presenciais no atual momento, em que ainda h\u00e1 grande n\u00famero de pessoas a serem imunizadas\u201d. O documento foi assinado em 21 de maio de\u2026","rel":"","context":"In &quot;Atualidade&quot;","block_context":{"text":"Atualidade","link":"https:\/\/correiodasemana.com\/site\/category\/atualidade\/"},"img":{"alt_text":"","src":"https:\/\/i0.wp.com\/correiodasemana.com\/site\/wp-content\/uploads\/2021\/05\/ftg_52d3879c5b5fc55f5cc3678508f5a118.jpg?resize=350%2C200&ssl=1","width":350,"height":200,"srcset":"https:\/\/i0.wp.com\/correiodasemana.com\/site\/wp-content\/uploads\/2021\/05\/ftg_52d3879c5b5fc55f5cc3678508f5a118.jpg?resize=350%2C200&ssl=1 1x, https:\/\/i0.wp.com\/correiodasemana.com\/site\/wp-content\/uploads\/2021\/05\/ftg_52d3879c5b5fc55f5cc3678508f5a118.jpg?resize=525%2C300&ssl=1 1.5x, https:\/\/i0.wp.com\/correiodasemana.com\/site\/wp-content\/uploads\/2021\/05\/ftg_52d3879c5b5fc55f5cc3678508f5a118.jpg?resize=700%2C400&ssl=1 2x"},"classes":[]},{"id":37039,"url":"https:\/\/correiodasemana.com\/site\/comunidade-filhos-de-siao-iniciam-caminhada-de-tres-anos-rumo-ao-jubileu-de-perola\/","url_meta":{"origin":19582,"position":5},"title":"Comunidade Filhos de Si\u00e3o iniciam caminhada de tr\u00eas anos rumo ao Jubileu de P\u00e9rola","author":"adminredacao","date":"Janeiro 17, 2026","format":false,"excerpt":"Celebrando sua maturidade espiritual, juventude e tr\u00eas d\u00e9cadas de carisma, a Comunidade Filhos de Si\u00e3o lan\u00e7a, neste ano, o Projeto \u201cRumo aos 30 Anos\u201d, em prepara\u00e7\u00e3o para o Jubileu de P\u00e9rola. A iniciativa ser\u00e1 vivenciada ao longo de tr\u00eas anos tem\u00e1ticos, cada um inspirado em dimens\u00f5es fundamentais do carisma da\u2026","rel":"","context":"In &quot;Artigos&quot;","block_context":{"text":"Artigos","link":"https:\/\/correiodasemana.com\/site\/category\/artigos\/"},"img":{"alt_text":"","src":"https:\/\/i0.wp.com\/correiodasemana.com\/site\/wp-content\/uploads\/2019\/07\/cropped-Igreja_S%C3%A9.jpg?resize=350%2C200&ssl=1","width":350,"height":200,"srcset":"https:\/\/i0.wp.com\/correiodasemana.com\/site\/wp-content\/uploads\/2019\/07\/cropped-Igreja_S%C3%A9.jpg?resize=350%2C200&ssl=1 1x, https:\/\/i0.wp.com\/correiodasemana.com\/site\/wp-content\/uploads\/2019\/07\/cropped-Igreja_S%C3%A9.jpg?resize=525%2C300&ssl=1 1.5x, https:\/\/i0.wp.com\/correiodasemana.com\/site\/wp-content\/uploads\/2019\/07\/cropped-Igreja_S%C3%A9.jpg?resize=700%2C400&ssl=1 2x, https:\/\/i0.wp.com\/correiodasemana.com\/site\/wp-content\/uploads\/2019\/07\/cropped-Igreja_S%C3%A9.jpg?resize=1050%2C600&ssl=1 3x, https:\/\/i0.wp.com\/correiodasemana.com\/site\/wp-content\/uploads\/2019\/07\/cropped-Igreja_S%C3%A9.jpg?resize=1400%2C800&ssl=1 4x"},"classes":[]}],"jetpack_sharing_enabled":true,"_links":{"self":[{"href":"https:\/\/correiodasemana.com\/site\/wp-json\/wp\/v2\/posts\/19582","targetHints":{"allow":["GET"]}}],"collection":[{"href":"https:\/\/correiodasemana.com\/site\/wp-json\/wp\/v2\/posts"}],"about":[{"href":"https:\/\/correiodasemana.com\/site\/wp-json\/wp\/v2\/types\/post"}],"author":[{"embeddable":true,"href":"https:\/\/correiodasemana.com\/site\/wp-json\/wp\/v2\/users\/1"}],"replies":[{"embeddable":true,"href":"https:\/\/correiodasemana.com\/site\/wp-json\/wp\/v2\/comments?post=19582"}],"version-history":[{"count":1,"href":"https:\/\/correiodasemana.com\/site\/wp-json\/wp\/v2\/posts\/19582\/revisions"}],"predecessor-version":[{"id":19583,"href":"https:\/\/correiodasemana.com\/site\/wp-json\/wp\/v2\/posts\/19582\/revisions\/19583"}],"wp:featuredmedia":[{"embeddable":true,"href":"https:\/\/correiodasemana.com\/site\/wp-json\/wp\/v2\/media\/17116"}],"wp:attachment":[{"href":"https:\/\/correiodasemana.com\/site\/wp-json\/wp\/v2\/media?parent=19582"}],"wp:term":[{"taxonomy":"category","embeddable":true,"href":"https:\/\/correiodasemana.com\/site\/wp-json\/wp\/v2\/categories?post=19582"},{"taxonomy":"post_tag","embeddable":true,"href":"https:\/\/correiodasemana.com\/site\/wp-json\/wp\/v2\/tags?post=19582"}],"curies":[{"name":"wp","href":"https:\/\/api.w.org\/{rel}","templated":true}]}}