{"id":19584,"date":"2022-04-24T21:31:29","date_gmt":"2022-04-25T00:31:29","guid":{"rendered":"https:\/\/correiodasemana.com\/site\/?p=19584"},"modified":"2022-04-24T21:31:29","modified_gmt":"2022-04-25T00:31:29","slug":"sobral-sobral-83","status":"publish","type":"post","link":"https:\/\/correiodasemana.com\/site\/sobral-sobral-83\/","title":{"rendered":"Sobral, Sobral"},"content":{"rendered":"<p>A VIDA para ser bela deve estar cercada de VERDADE, BONDADE e LIBERDADE!!<\/p>\n<p><strong>MINHAS HIST\u00d3RIAS&#8230;<\/strong><br \/>\n<strong>DE ONDE VEM O NOME CRISTO?<\/strong><br \/>\nNestes dias de P\u00c1SCOA, PAIX\u00c3O e RESSURREIC\u00c3O, quando mais uma vez o nome DELE foi t\u00e3o proferido, voc\u00ea saberia a origem ou o significado do nome CRISTO??<br \/>\nO nome CRISTO provem da palavra CRIST\u00d3FORO, que em s\u00e2nscrito significa esfera perfeita, dimens\u00e3o perfeita; assim como JESUS em s\u00e2nscrito significa JUSTO, HARMONIZADO.<br \/>\nPortanto, para seguir o exemplo que representa JESUS CRISTO, devemos cultivar em nossa ALMA os princ\u00edpios da justi\u00e7a, Harmonia e perfei\u00e7\u00e3o. S\u00f3 assim renasceremos em \u201cCRISTO JESUS\u201d.<\/p>\n<p><strong><img decoding=\"async\" class=\"alignleft  wp-image-19585\" src=\"https:\/\/correiodasemana.com\/site\/wp-content\/uploads\/2022\/04\/sobral-sobral-227x300.jpg\" alt=\"\" width=\"84\" height=\"111\" srcset=\"https:\/\/correiodasemana.com\/site\/wp-content\/uploads\/2022\/04\/sobral-sobral-227x300.jpg 227w, https:\/\/correiodasemana.com\/site\/wp-content\/uploads\/2022\/04\/sobral-sobral.jpg 287w\" sizes=\"(max-width: 84px) 100vw, 84px\" \/>MINHAS FRASES&#8230;<\/strong><br \/>\nFalo bem a L\u00cdNGUA PORTUGUESA; outras l\u00ednguas falo patrioticamente mal!!<br \/>\nJos\u00e9 Maria E\u00c7A DE QUEIROZ (1845-1900, escritor e diplomata de<br \/>\nPRA\u00c7A DO ALMADA, P\u00d3VOA DO VARZIM, PORTUGAL. Autor de OS MAIAS, O PRIMO BAS\u00cdLIO e O CRIME DO PADRE AMARO.<\/p>\n","protected":false},"excerpt":{"rendered":"<p>A VIDA para ser bela deve estar cercada de VERDADE, BONDADE e LIBERDADE!! MINHAS HIST\u00d3RIAS&#8230;&#8230;<\/p>\n","protected":false},"author":1,"featured_media":15808,"comment_status":"open","ping_status":"open","sticky":false,"template":"","format":"standard","meta":{"_jetpack_memberships_contains_paid_content":false,"footnotes":"","jetpack_publicize_message":"","jetpack_publicize_feature_enabled":true,"jetpack_social_post_already_shared":true,"jetpack_social_options":{"image_generator_settings":{"template":"highway","default_image_id":0,"font":"","enabled":false},"version":2}},"categories":[11,75],"tags":[],"class_list":["post-19584","post","type-post","status-publish","format-standard","has-post-thumbnail","hentry","category-artigos","category-carolino-soares"],"jetpack_publicize_connections":[],"jetpack_featured_media_url":"https:\/\/correiodasemana.com\/site\/wp-content\/uploads\/2021\/02\/artigo-carolino-radio.png","jetpack-related-posts":[{"id":28841,"url":"https:\/\/correiodasemana.com\/site\/a-graca-da-pascoa\/","url_meta":{"origin":19584,"position":0},"title":"A GRA\u00c7A DA P\u00c1SCOA","author":"adminredacao","date":"Abril 2, 2024","format":false,"excerpt":"Com a alegria que \u00e9 fruto do Esp\u00edrito Santo, estamos celebrando a P\u00e1scoa de Nosso Senhor Jesus Cristo. Todos somos convidados a participar intensamente do Tr\u00edduo Pascal. A P\u00e1scoa da Ceia, com a Missa da Ceia do Senhor, abre-nos o cora\u00e7\u00e3o para a entrega total do Senhor, no dom da\u2026","rel":"","context":"In &quot;A voz do Pastor&quot;","block_context":{"text":"A voz do Pastor","link":"https:\/\/correiodasemana.com\/site\/category\/a-voz-do-pastor\/"},"img":{"alt_text":"","src":"https:\/\/i0.wp.com\/correiodasemana.com\/site\/wp-content\/uploads\/2018\/02\/Dom-Vasconcelos-posses.jpg?resize=350%2C200&ssl=1","width":350,"height":200,"srcset":"https:\/\/i0.wp.com\/correiodasemana.com\/site\/wp-content\/uploads\/2018\/02\/Dom-Vasconcelos-posses.jpg?resize=350%2C200&ssl=1 1x, https:\/\/i0.wp.com\/correiodasemana.com\/site\/wp-content\/uploads\/2018\/02\/Dom-Vasconcelos-posses.jpg?resize=525%2C300&ssl=1 1.5x, https:\/\/i0.wp.com\/correiodasemana.com\/site\/wp-content\/uploads\/2018\/02\/Dom-Vasconcelos-posses.jpg?resize=700%2C400&ssl=1 2x"},"classes":[]},{"id":28902,"url":"https:\/\/correiodasemana.com\/site\/da-duvida-a-missao\/","url_meta":{"origin":19584,"position":1},"title":"DA D\u00daVIDA \u00c0 MISS\u00c3O","author":"adminredacao","date":"Abril 15, 2024","format":false,"excerpt":"Durante o tempo pascal, a sabedoria da Igreja nos prop\u00f5e o aprofundamento da f\u00e9 professada e renovada na Vig\u00edlia Pascal, com a luz do Evangelho, as experi\u00eancias de f\u00e9 e vida relatadas nos Atos dos Ap\u00f3stolos e tamb\u00e9m as cartas do Novo Testamento, cujo conte\u00fado desdobra para n\u00f3s a riqueza\u2026","rel":"","context":"In &quot;A voz do Pastor&quot;","block_context":{"text":"A voz do Pastor","link":"https:\/\/correiodasemana.com\/site\/category\/a-voz-do-pastor\/"},"img":{"alt_text":"","src":"https:\/\/i0.wp.com\/correiodasemana.com\/site\/wp-content\/uploads\/2018\/02\/Dom-Vasconcelos-posses.jpg?resize=350%2C200&ssl=1","width":350,"height":200,"srcset":"https:\/\/i0.wp.com\/correiodasemana.com\/site\/wp-content\/uploads\/2018\/02\/Dom-Vasconcelos-posses.jpg?resize=350%2C200&ssl=1 1x, https:\/\/i0.wp.com\/correiodasemana.com\/site\/wp-content\/uploads\/2018\/02\/Dom-Vasconcelos-posses.jpg?resize=525%2C300&ssl=1 1.5x, https:\/\/i0.wp.com\/correiodasemana.com\/site\/wp-content\/uploads\/2018\/02\/Dom-Vasconcelos-posses.jpg?resize=700%2C400&ssl=1 2x"},"classes":[]},{"id":19495,"url":"https:\/\/correiodasemana.com\/site\/sobral-sobral-82\/","url_meta":{"origin":19584,"position":2},"title":"Sobral, Sobral","author":"","date":"Abril 17, 2022","format":false,"excerpt":"MINHAS PRECES... 1\u00ba - A P\u00c1SCOA \u00c9 A OPORTUNIDADE PARA QUE... ...TODOS SE LEMBREM QUE S\u00c3O PECADORES E REBELDES CONTRA DEUS. Jesus afirmou em Jo\u00e3o 8.36: \u201c Em verdade, em verdade vos digo: todo o que comete pecado \u00e9 escravo do pecado. Romanos 3.23 declara: \u201c Pois todos pecaram e\u2026","rel":"","context":"In &quot;Artigos&quot;","block_context":{"text":"Artigos","link":"https:\/\/correiodasemana.com\/site\/category\/artigos\/"},"img":{"alt_text":"","src":"https:\/\/i0.wp.com\/correiodasemana.com\/site\/wp-content\/uploads\/2021\/02\/artigo-carolino-radio.png?resize=350%2C200&ssl=1","width":350,"height":200,"srcset":"https:\/\/i0.wp.com\/correiodasemana.com\/site\/wp-content\/uploads\/2021\/02\/artigo-carolino-radio.png?resize=350%2C200&ssl=1 1x, https:\/\/i0.wp.com\/correiodasemana.com\/site\/wp-content\/uploads\/2021\/02\/artigo-carolino-radio.png?resize=525%2C300&ssl=1 1.5x, https:\/\/i0.wp.com\/correiodasemana.com\/site\/wp-content\/uploads\/2021\/02\/artigo-carolino-radio.png?resize=700%2C400&ssl=1 2x"},"classes":[]},{"id":9321,"url":"https:\/\/correiodasemana.com\/site\/mes-da-biblia\/","url_meta":{"origin":19584,"position":3},"title":"M\u00eas da b\u00edblia","author":"","date":"Setembro 30, 2019","format":false,"excerpt":"Setembro \u00e9 o m\u00eas da B\u00edblia e, no pr\u00f3ximo domingo, dia 29, celebraremos o dia nacional da B\u00edblia, dedicado a despertar e promover entre os fi\u00e9is o conhecimento e o amor dos Livros Sagrados, a Palavra de Deus escrita, redigida sob a mo\u00e7\u00e3o do Divino Esp\u00edrito Santo, motivando-os para sua\u2026","rel":"","context":"In &quot;A voz do Pastor&quot;","block_context":{"text":"A voz do Pastor","link":"https:\/\/correiodasemana.com\/site\/category\/a-voz-do-pastor\/"},"img":{"alt_text":"","src":"https:\/\/i0.wp.com\/correiodasemana.com\/site\/wp-content\/uploads\/2019\/09\/DSC_1024-C%C3%B3pia.jpg?resize=350%2C200&ssl=1","width":350,"height":200,"srcset":"https:\/\/i0.wp.com\/correiodasemana.com\/site\/wp-content\/uploads\/2019\/09\/DSC_1024-C%C3%B3pia.jpg?resize=350%2C200&ssl=1 1x, https:\/\/i0.wp.com\/correiodasemana.com\/site\/wp-content\/uploads\/2019\/09\/DSC_1024-C%C3%B3pia.jpg?resize=525%2C300&ssl=1 1.5x, https:\/\/i0.wp.com\/correiodasemana.com\/site\/wp-content\/uploads\/2019\/09\/DSC_1024-C%C3%B3pia.jpg?resize=700%2C400&ssl=1 2x"},"classes":[]},{"id":18358,"url":"https:\/\/correiodasemana.com\/site\/poucas-e-boas-2\/","url_meta":{"origin":19584,"position":4},"title":"Poucas e Boas","author":"","date":"Dezembro 20, 2021","format":false,"excerpt":"UM SANTO NATAL! Acima de todas as maldades, de todas as cat\u00e1strofes e de todos os sofrimentos decorrentes da imperfei\u00e7\u00e3o dos homens e da desigualdade existentes entre eles, um clima de paz, de sentimento crist\u00e3o invade a maioria dos cora\u00e7\u00f5es. Celebraremos, no pr\u00f3ximo s\u00e1bado (25), mais um anivers\u00e1rio de nascimento\u2026","rel":"","context":"In &quot;Artigos&quot;","block_context":{"text":"Artigos","link":"https:\/\/correiodasemana.com\/site\/category\/artigos\/"},"img":{"alt_text":"","src":"https:\/\/i0.wp.com\/correiodasemana.com\/site\/wp-content\/uploads\/2021\/12\/WhatsApp-Image-2021-12-16-at-16.34.01-1.jpeg?resize=350%2C200&ssl=1","width":350,"height":200,"srcset":"https:\/\/i0.wp.com\/correiodasemana.com\/site\/wp-content\/uploads\/2021\/12\/WhatsApp-Image-2021-12-16-at-16.34.01-1.jpeg?resize=350%2C200&ssl=1 1x, https:\/\/i0.wp.com\/correiodasemana.com\/site\/wp-content\/uploads\/2021\/12\/WhatsApp-Image-2021-12-16-at-16.34.01-1.jpeg?resize=525%2C300&ssl=1 1.5x, https:\/\/i0.wp.com\/correiodasemana.com\/site\/wp-content\/uploads\/2021\/12\/WhatsApp-Image-2021-12-16-at-16.34.01-1.jpeg?resize=700%2C400&ssl=1 2x, https:\/\/i0.wp.com\/correiodasemana.com\/site\/wp-content\/uploads\/2021\/12\/WhatsApp-Image-2021-12-16-at-16.34.01-1.jpeg?resize=1050%2C600&ssl=1 3x"},"classes":[]},{"id":18356,"url":"https:\/\/correiodasemana.com\/site\/de-olho-na-lingua-41\/","url_meta":{"origin":19584,"position":5},"title":"De Olho na L\u00edngua","author":"","date":"Dezembro 20, 2021","format":false,"excerpt":"Posso dizer que os jogadores se\u00a0confraternizam\u00a0ap\u00f3s o final da partida N\u00e3o. O verbo \u00e9 simplesmente\u00a0confraternizar. E n\u00e3o:\u00a0confraternizar-se. Por isso use sempre: Os jogadores confraternizaram ap\u00f3s o final da partida. No Natal ou no dia 31 de dezembro \u00e9 comum as pessoas confraternizarem. Afinal, a grafia correta do nome \u00e9\u00a0Luiz\u00a0ou\u00a0Lu\u00eds? Lu\u00eds.\u2026","rel":"","context":"In &quot;Artigos&quot;","block_context":{"text":"Artigos","link":"https:\/\/correiodasemana.com\/site\/category\/artigos\/"},"img":{"alt_text":"","src":"","width":0,"height":0},"classes":[]}],"jetpack_sharing_enabled":true,"_links":{"self":[{"href":"https:\/\/correiodasemana.com\/site\/wp-json\/wp\/v2\/posts\/19584","targetHints":{"allow":["GET"]}}],"collection":[{"href":"https:\/\/correiodasemana.com\/site\/wp-json\/wp\/v2\/posts"}],"about":[{"href":"https:\/\/correiodasemana.com\/site\/wp-json\/wp\/v2\/types\/post"}],"author":[{"embeddable":true,"href":"https:\/\/correiodasemana.com\/site\/wp-json\/wp\/v2\/users\/1"}],"replies":[{"embeddable":true,"href":"https:\/\/correiodasemana.com\/site\/wp-json\/wp\/v2\/comments?post=19584"}],"version-history":[{"count":1,"href":"https:\/\/correiodasemana.com\/site\/wp-json\/wp\/v2\/posts\/19584\/revisions"}],"predecessor-version":[{"id":19586,"href":"https:\/\/correiodasemana.com\/site\/wp-json\/wp\/v2\/posts\/19584\/revisions\/19586"}],"wp:featuredmedia":[{"embeddable":true,"href":"https:\/\/correiodasemana.com\/site\/wp-json\/wp\/v2\/media\/15808"}],"wp:attachment":[{"href":"https:\/\/correiodasemana.com\/site\/wp-json\/wp\/v2\/media?parent=19584"}],"wp:term":[{"taxonomy":"category","embeddable":true,"href":"https:\/\/correiodasemana.com\/site\/wp-json\/wp\/v2\/categories?post=19584"},{"taxonomy":"post_tag","embeddable":true,"href":"https:\/\/correiodasemana.com\/site\/wp-json\/wp\/v2\/tags?post=19584"}],"curies":[{"name":"wp","href":"https:\/\/api.w.org\/{rel}","templated":true}]}}