{"id":19587,"date":"2022-04-24T21:32:32","date_gmt":"2022-04-25T00:32:32","guid":{"rendered":"https:\/\/correiodasemana.com\/site\/?p=19587"},"modified":"2022-04-24T21:32:32","modified_gmt":"2022-04-25T00:32:32","slug":"vacinacao-contra-gripe-e-sarampo-e-antecipada-para-a-proxima-semana","status":"publish","type":"post","link":"https:\/\/correiodasemana.com\/site\/vacinacao-contra-gripe-e-sarampo-e-antecipada-para-a-proxima-semana\/","title":{"rendered":"Vacina\u00e7\u00e3o contra gripe e sarampo \u00e9 antecipada para a pr\u00f3xima semana"},"content":{"rendered":"<p>Fonte: Secretaria da Sa\u00fade<br \/>\nFaixa de seis meses a quatro anos iria come\u00e7ar a receber doses em maio, mas o in\u00edcio foi adiantado para segunda (25) por causa da demanda em atendimentos de urg\u00eancia pedi\u00e1trica<br \/>\nA Secretaria da Sa\u00fade do Rio Grande do Sul vai antecipar a vacina\u00e7\u00e3o contra a gripe e o sarampo em crian\u00e7as de seis meses a quatro anos, 11 meses e 29 dias. Esse grupo iria come\u00e7ar a receber doses somente em maio, mas o in\u00edcio foi adiantado para segunda-feira (25), devido \u00e0\u00a0crescente demanda em atendimentos de urg\u00eancia pedi\u00e1trica na rede de sa\u00fade por quadros cl\u00ednicos respirat\u00f3rios.<br \/>\nO p\u00fablico dentro dessa faixa et\u00e1ria no Rio Grande do Sul \u00e9 estimado em 620 mil crian\u00e7as. A meta \u00e9 vacinar 90%. No s\u00e1bado seguinte (30), ser\u00e1 o Dia D, com a abertura extraordin\u00e1ria dos postos para a aplica\u00e7\u00e3o das doses.<br \/>\nA vacina\u00e7\u00e3o da gripe segue aberta para os grupos dos idosos e trabalhadores da sa\u00fade, que come\u00e7aram a ser imunizados em 4 de abril. At\u00e9 agora, 546 mil pessoas com 60 anos ou mais j\u00e1 se vacinaram, representando 26% do p\u00fablico-alvo. O mesmo \u00edndice tamb\u00e9m j\u00e1 foi alcan\u00e7ado entre os trabalhadores da sa\u00fade, com 95 mil pessoas j\u00e1 imunizadas.<br \/>\nEm 3 de maio, come\u00e7am os demais grupos priorit\u00e1rios, como gestantes, pu\u00e9rperas, pessoas com comorbidades, pessoas com defici\u00eancia permanente, entre outros. Ao todo, mais de 4,9 milh\u00f5es de pessoas fazem parte dos grupos eleg\u00edveis.<br \/>\nInfluenza<br \/>\nA vacina Influenza trivalente utilizada pelo Sistema \u00danico de Sa\u00fade (SUS) \u00e9 produzida pelo Instituto Butantan. A formula\u00e7\u00e3o \u00e9 constantemente atualizada para que a dose seja efetiva na prote\u00e7\u00e3o contra as novas cepas do v\u00edrus &#8211; ser\u00e1 eficaz contra H1N1, H3N2 e tipo B.<br \/>\nCaso a crian\u00e7a esteja fazendo este ano pela primeira vez a vacina\u00e7\u00e3o contra a influenza, ela dever\u00e1 fazer duas doses, com 30 dias de intervalo entre elas. Se ela j\u00e1 fez a vacina da gripe em algum outro ano, o esquema \u00e9 de dose \u00fanica, assim como \u00e9 para as demais idades. A vacina\u00e7\u00e3o contra a influenza e contra o sarampo (vacina tr\u00edplice viral) pode ocorrer no mesmo momento.<br \/>\nSarampo<br \/>\nA vacina\u00e7\u00e3o do sarampo j\u00e1 faz parte das doses de rotina, ou seja, que ficam dispon\u00edveis nos postos durante todo o ano, mesmo fora de \u00e9pocas de campanha. Tem como objetivo aumentar a cobertura vacinal na popula\u00e7\u00e3o e, assim, evitar surtos.<\/p>\n","protected":false},"excerpt":{"rendered":"<p>Fonte: Secretaria da Sa\u00fade Faixa de seis meses a quatro anos iria come\u00e7ar a receber&#8230;<\/p>\n","protected":false},"author":1,"featured_media":19588,"comment_status":"open","ping_status":"open","sticky":false,"template":"","format":"standard","meta":{"_jetpack_memberships_contains_paid_content":false,"footnotes":"","jetpack_publicize_message":"","jetpack_publicize_feature_enabled":true,"jetpack_social_post_already_shared":true,"jetpack_social_options":{"image_generator_settings":{"template":"highway","default_image_id":0,"font":"","enabled":false},"version":2}},"categories":[1],"tags":[],"class_list":["post-19587","post","type-post","status-publish","format-standard","has-post-thumbnail","hentry","category-atualidade"],"jetpack_publicize_connections":[],"jetpack_featured_media_url":"https:\/\/correiodasemana.com\/site\/wp-content\/uploads\/2022\/04\/vacinacao-infantil.jpg","jetpack-related-posts":[{"id":8883,"url":"https:\/\/correiodasemana.com\/site\/sarampo-vacinacao-preventiva-comecou-na-quinta-feira-22\/","url_meta":{"origin":19587,"position":0},"title":"Sarampo: vacina\u00e7\u00e3o preventiva come\u00e7ou na quinta-feira (22)","author":"","date":"Agosto 27, 2019","format":false,"excerpt":"Por\u00a0Ag\u00eancia Brasil Come\u00e7ou na quinta-feira (22): as crian\u00e7as de seis meses a menores de 1 ano devem ser vacinadas contra o sarampo em todo o pa\u00eds. Segundo o Minist\u00e9rio da Sa\u00fade, a vacina\u00e7\u00e3o \u00e9 preventiva e deve alcan\u00e7ar 1,4 milh\u00e3o de crian\u00e7as, que n\u00e3o receberam a dose extra, chamada de\u2026","rel":"","context":"In &quot;Atualidade&quot;","block_context":{"text":"Atualidade","link":"https:\/\/correiodasemana.com\/site\/category\/atualidade\/"},"img":{"alt_text":"","src":"https:\/\/i0.wp.com\/correiodasemana.com\/site\/wp-content\/uploads\/2019\/08\/105839715_sarampion1.jpg?resize=350%2C200&ssl=1","width":350,"height":200,"srcset":"https:\/\/i0.wp.com\/correiodasemana.com\/site\/wp-content\/uploads\/2019\/08\/105839715_sarampion1.jpg?resize=350%2C200&ssl=1 1x, https:\/\/i0.wp.com\/correiodasemana.com\/site\/wp-content\/uploads\/2019\/08\/105839715_sarampion1.jpg?resize=525%2C300&ssl=1 1.5x"},"classes":[]},{"id":9959,"url":"https:\/\/correiodasemana.com\/site\/comeca-a-segunda-etapa-de-vacinacao-contra-o-sarampo\/","url_meta":{"origin":19587,"position":1},"title":"Come\u00e7a a segunda etapa de vacina\u00e7\u00e3o contra o sarampo","author":"","date":"Novembro 27, 2019","format":false,"excerpt":"Deu in\u00edcio na segunda-feira (18), a segunda etapa da campanha de vacina\u00e7\u00e3o contra o sarampo. No m\u00eas de outubro, aconteceu a primeira fase voltada para as crian\u00e7as com idade entre seis meses e cinco anos. Agora, a segunda etapa da campanha tem como objetivo imunizar os jovens de 20 a\u2026","rel":"","context":"In &quot;Atualidade&quot;","block_context":{"text":"Atualidade","link":"https:\/\/correiodasemana.com\/site\/category\/atualidade\/"},"img":{"alt_text":"","src":"https:\/\/i0.wp.com\/correiodasemana.com\/site\/wp-content\/uploads\/2019\/11\/DSC_5748.jpg?resize=350%2C200&ssl=1","width":350,"height":200,"srcset":"https:\/\/i0.wp.com\/correiodasemana.com\/site\/wp-content\/uploads\/2019\/11\/DSC_5748.jpg?resize=350%2C200&ssl=1 1x, https:\/\/i0.wp.com\/correiodasemana.com\/site\/wp-content\/uploads\/2019\/11\/DSC_5748.jpg?resize=525%2C300&ssl=1 1.5x, https:\/\/i0.wp.com\/correiodasemana.com\/site\/wp-content\/uploads\/2019\/11\/DSC_5748.jpg?resize=700%2C400&ssl=1 2x, https:\/\/i0.wp.com\/correiodasemana.com\/site\/wp-content\/uploads\/2019\/11\/DSC_5748.jpg?resize=1050%2C600&ssl=1 3x, https:\/\/i0.wp.com\/correiodasemana.com\/site\/wp-content\/uploads\/2019\/11\/DSC_5748.jpg?resize=1400%2C800&ssl=1 4x"},"classes":[]},{"id":8793,"url":"https:\/\/correiodasemana.com\/site\/ministerio-distribui-mais-de-16-milhoes-de-doses-da-triplice-viral\/","url_meta":{"origin":19587,"position":2},"title":"Minist\u00e9rio distribui mais de 16 milh\u00f5es de doses da tr\u00edplice viral","author":"","date":"Agosto 18, 2019","format":false,"excerpt":"Por\u00a0Camila Maciel \u2013 Rep\u00f3rter da Ag\u00eancia Brasil Mais de 16 milh\u00f5es de doses da vacina tr\u00edplice viral, que protege contra sarampo, caxumba e rub\u00e9ola, foram enviadas pelo Minist\u00e9rio da Sa\u00fade para todo o pa\u00eds. Desse total, 6,5 milh\u00f5es foram destinadas aos munic\u00edpios paulistas, pois o estado concentra quase 100% dos\u2026","rel":"","context":"In &quot;Atualidade&quot;","block_context":{"text":"Atualidade","link":"https:\/\/correiodasemana.com\/site\/category\/atualidade\/"},"img":{"alt_text":"","src":"https:\/\/i0.wp.com\/correiodasemana.com\/site\/wp-content\/uploads\/2019\/08\/edit_mcmgo_abr20180818_1359.jpg?resize=350%2C200&ssl=1","width":350,"height":200,"srcset":"https:\/\/i0.wp.com\/correiodasemana.com\/site\/wp-content\/uploads\/2019\/08\/edit_mcmgo_abr20180818_1359.jpg?resize=350%2C200&ssl=1 1x, https:\/\/i0.wp.com\/correiodasemana.com\/site\/wp-content\/uploads\/2019\/08\/edit_mcmgo_abr20180818_1359.jpg?resize=525%2C300&ssl=1 1.5x, https:\/\/i0.wp.com\/correiodasemana.com\/site\/wp-content\/uploads\/2019\/08\/edit_mcmgo_abr20180818_1359.jpg?resize=700%2C400&ssl=1 2x, https:\/\/i0.wp.com\/correiodasemana.com\/site\/wp-content\/uploads\/2019\/08\/edit_mcmgo_abr20180818_1359.jpg?resize=1050%2C600&ssl=1 3x"},"classes":[]},{"id":10884,"url":"https:\/\/correiodasemana.com\/site\/a-primeira-etapa-da-vacinacao-contra-o-sarampo-foca-em-criancas-e-jovens\/","url_meta":{"origin":19587,"position":3},"title":"A primeira etapa da vacina\u00e7\u00e3o contra o sarampo foca em crian\u00e7as e jovens","author":"","date":"Fevereiro 17, 2020","format":false,"excerpt":"Nesta faixa et\u00e1ria, estima-se que no estado do Cear\u00e1 haja em torno de 131.472 mil pessoas n\u00e3o vacinadas. Reda\u00e7\u00e3o Correio da Semana Deu in\u00edcio na segunda-feira (10) a Campanha Nacional Contra o Sarampo, com o objetivo de imunizar, at\u00e9 o dia 13 de mar\u00e7o, pessoas de cinco a 19 anos\u2026","rel":"","context":"In &quot;Atualidade&quot;","block_context":{"text":"Atualidade","link":"https:\/\/correiodasemana.com\/site\/category\/atualidade\/"},"img":{"alt_text":"","src":"https:\/\/i0.wp.com\/correiodasemana.com\/site\/wp-content\/uploads\/2020\/02\/image.jpg?resize=350%2C200&ssl=1","width":350,"height":200,"srcset":"https:\/\/i0.wp.com\/correiodasemana.com\/site\/wp-content\/uploads\/2020\/02\/image.jpg?resize=350%2C200&ssl=1 1x, https:\/\/i0.wp.com\/correiodasemana.com\/site\/wp-content\/uploads\/2020\/02\/image.jpg?resize=525%2C300&ssl=1 1.5x"},"classes":[]},{"id":28430,"url":"https:\/\/correiodasemana.com\/site\/seis-capitais-deram-inicio-a-vacinacao-contra-a-dengue-em-criancas-quatro-sao-do-nordeste\/","url_meta":{"origin":19587,"position":4},"title":"Seis capitais deram in\u00edcio \u00e0 vacina\u00e7\u00e3o contra a dengue em crian\u00e7as, quatro s\u00e3o do Nordeste","author":"adminredacao","date":"Fevereiro 19, 2024","format":false,"excerpt":"Minist\u00e9rio da Sa\u00fade selecionou dez estados para come\u00e7ar imuniza\u00e7\u00e3o Por Sabrina Craide - Rep\u00f3rter da Ag\u00eancia Brasil\u00a0 - Bras\u00edlia A vacina\u00e7\u00e3o contra a dengue j\u00e1 come\u00e7ou em pelo menos seis\u00a0dos dez estados selecionados pelo Minist\u00e9rio da Sa\u00fade para receberem o lote inicial de 712 mil doses. A distribui\u00e7\u00e3o das\u00a0vacinas contra\u2026","rel":"","context":"In &quot;Atualidade&quot;","block_context":{"text":"Atualidade","link":"https:\/\/correiodasemana.com\/site\/category\/atualidade\/"},"img":{"alt_text":"","src":"https:\/\/i0.wp.com\/correiodasemana.com\/site\/wp-content\/uploads\/2024\/02\/124a0020-3.webp?resize=350%2C200&ssl=1","width":350,"height":200,"srcset":"https:\/\/i0.wp.com\/correiodasemana.com\/site\/wp-content\/uploads\/2024\/02\/124a0020-3.webp?resize=350%2C200&ssl=1 1x, https:\/\/i0.wp.com\/correiodasemana.com\/site\/wp-content\/uploads\/2024\/02\/124a0020-3.webp?resize=525%2C300&ssl=1 1.5x, https:\/\/i0.wp.com\/correiodasemana.com\/site\/wp-content\/uploads\/2024\/02\/124a0020-3.webp?resize=700%2C400&ssl=1 2x, https:\/\/i0.wp.com\/correiodasemana.com\/site\/wp-content\/uploads\/2024\/02\/124a0020-3.webp?resize=1050%2C600&ssl=1 3x"},"classes":[]},{"id":22820,"url":"https:\/\/correiodasemana.com\/site\/ceara-recebeu-38-200-doses-da-coronavac-para-criancas\/","url_meta":{"origin":19587,"position":5},"title":"Cear\u00e1 recebeu 38.200 doses da Coronavac para crian\u00e7as","author":"","date":"Janeiro 17, 2023","format":false,"excerpt":"O Cear\u00e1 recebeu nesta segunda-feira, 16, um lote com 38.200 doses da vacina Coronavac, enviado pelo Minist\u00e9rio da Sa\u00fade (MS). Conforme a Secretaria da Sa\u00fade do Cear\u00e1 (Sesa) a distribui\u00e7\u00e3o das doses deve ser feita at\u00e9 esta quinta-feira, 19, para todo o Estado. Segundo o MS, as doses s\u00e3o destinadas\u2026","rel":"","context":"In &quot;Atualidade&quot;","block_context":{"text":"Atualidade","link":"https:\/\/correiodasemana.com\/site\/category\/atualidade\/"},"img":{"alt_text":"","src":"https:\/\/i0.wp.com\/correiodasemana.com\/site\/wp-content\/uploads\/2023\/01\/20210203163127-img-0181.jpg?resize=350%2C200&ssl=1","width":350,"height":200,"srcset":"https:\/\/i0.wp.com\/correiodasemana.com\/site\/wp-content\/uploads\/2023\/01\/20210203163127-img-0181.jpg?resize=350%2C200&ssl=1 1x, https:\/\/i0.wp.com\/correiodasemana.com\/site\/wp-content\/uploads\/2023\/01\/20210203163127-img-0181.jpg?resize=525%2C300&ssl=1 1.5x, https:\/\/i0.wp.com\/correiodasemana.com\/site\/wp-content\/uploads\/2023\/01\/20210203163127-img-0181.jpg?resize=700%2C400&ssl=1 2x"},"classes":[]}],"jetpack_sharing_enabled":true,"_links":{"self":[{"href":"https:\/\/correiodasemana.com\/site\/wp-json\/wp\/v2\/posts\/19587","targetHints":{"allow":["GET"]}}],"collection":[{"href":"https:\/\/correiodasemana.com\/site\/wp-json\/wp\/v2\/posts"}],"about":[{"href":"https:\/\/correiodasemana.com\/site\/wp-json\/wp\/v2\/types\/post"}],"author":[{"embeddable":true,"href":"https:\/\/correiodasemana.com\/site\/wp-json\/wp\/v2\/users\/1"}],"replies":[{"embeddable":true,"href":"https:\/\/correiodasemana.com\/site\/wp-json\/wp\/v2\/comments?post=19587"}],"version-history":[{"count":1,"href":"https:\/\/correiodasemana.com\/site\/wp-json\/wp\/v2\/posts\/19587\/revisions"}],"predecessor-version":[{"id":19589,"href":"https:\/\/correiodasemana.com\/site\/wp-json\/wp\/v2\/posts\/19587\/revisions\/19589"}],"wp:featuredmedia":[{"embeddable":true,"href":"https:\/\/correiodasemana.com\/site\/wp-json\/wp\/v2\/media\/19588"}],"wp:attachment":[{"href":"https:\/\/correiodasemana.com\/site\/wp-json\/wp\/v2\/media?parent=19587"}],"wp:term":[{"taxonomy":"category","embeddable":true,"href":"https:\/\/correiodasemana.com\/site\/wp-json\/wp\/v2\/categories?post=19587"},{"taxonomy":"post_tag","embeddable":true,"href":"https:\/\/correiodasemana.com\/site\/wp-json\/wp\/v2\/tags?post=19587"}],"curies":[{"name":"wp","href":"https:\/\/api.w.org\/{rel}","templated":true}]}}