{"id":19590,"date":"2022-04-24T21:35:47","date_gmt":"2022-04-25T00:35:47","guid":{"rendered":"https:\/\/correiodasemana.com\/site\/?p=19590"},"modified":"2022-04-24T21:35:47","modified_gmt":"2022-04-25T00:35:47","slug":"cnbb-de-comunicacao-da-59a-ag-cnbb-contara-com-jornalistas-de-regionais-arquidioceses-e-pastorais-da-igreja-do-brasil","status":"publish","type":"post","link":"https:\/\/correiodasemana.com\/site\/cnbb-de-comunicacao-da-59a-ag-cnbb-contara-com-jornalistas-de-regionais-arquidioceses-e-pastorais-da-igreja-do-brasil\/","title":{"rendered":"CNBB  de Comunica\u00e7\u00e3o da 59\u00aa AG CNBB contar\u00e1 com jornalistas de regionais, arquidioceses e pastorais da Igreja do Brasil"},"content":{"rendered":"<p>Fonte: CNBB<br \/>\nA cobertura jornal\u00edstica da etapa virtual da 59\u00aa Assembleia Geral dos Bispos do Brasil (AG CNBB), que ser\u00e1 realizada 25 a 29 dede abril, contar\u00e1 mais uma vez com a colabora\u00e7\u00e3o de profissionais e jornalistas que atuam nos regionais da entidade, arquidioceses e pastorais da Igreja no Brasil. Al\u00e9m da equipe da assessoria de comunica\u00e7\u00e3o da CNBB.<br \/>\nEssa proposta de trabalho colaborativo teve in\u00edcio em 2018,\u00a0na cobertura da 56\u00aa AG CNBB, por iniciativa do ent\u00e3o assessor de imprensa, padre Rafael Vieira, durante o Encontro Nacional dos Jornalistas da CNBB, realizado entre os dias 16 e 18 de mar\u00e7o de 2018 em Bras\u00edlia (DF) e desde ent\u00e3o vem dando certo.<br \/>\nA equipe se reuniu, virtualmente, para detalhar a forma de trabalho e o papel de cada um e cada uma na cobertura virtual.\u00a0 A equipe vai trabalhar na cobertura das sess\u00f5es para o\u00a0Portal da CNBB, produ\u00e7\u00e3o de conte\u00fado para as redes sociais (Facebook,\u00a0Twitter\u00a0e\u00a0Instagram) e produ\u00e7\u00e3o audiovisual. Al\u00e9m disso, teremos tamb\u00e9m diariamente uma newsletter com as not\u00edcias publicadas e uma edi\u00e7\u00e3o especial do\u00a0Boletim Igreja no Brasil, ao vivo, \u00e0s 19h, no canal da\u00a0CNBB no Youtube.<br \/>\nSob a coordena\u00e7\u00e3o da assessora de Comunica\u00e7\u00e3o da CNBB, Manuela Castro, a equipe ser\u00e1 composta pelos jornalistas que integram a Ascom CNBB (Bruno Feittosa, Larissa Carvalho, Luiz Lopes e Willian Bonfim) e pelo produtor audiovisual da CNBB, Caio Lima. Para esta edi\u00e7\u00e3o foram convidados os mesmos profissionais que atuaram na cobertura da 58\u00aa AG, que tamb\u00e9m foi virtual.<br \/>\nIntegram o grupo, a assessora de comunica\u00e7\u00e3o da arquidiocese de Salvador (BA) e do regional Nordeste 3 da CNBB, Sara Gomes, da coordenadora de comunica\u00e7\u00e3o da Pastoral da Crian\u00e7a, Vanuza Wistuba, da assessora de comunica\u00e7\u00e3o Regional Sul 2 da CNBB, Karina de Carvalho e do jornalista da arquidiocese de S\u00e3o Paulo, padre Jos\u00e9 Ferreira. O assessor de comunica\u00e7\u00e3o do Regional Leste 1, Adielson Agrelos, vai contribuir na produ\u00e7\u00e3o audiovisual do evento. A novidade para 2022, \u00e9 a colabora\u00e7\u00e3o da assessora de comunica\u00e7\u00e3o do Regional Sul 3, Vict\u00f3ria Holzbach.<br \/>\nA assessora de comunica\u00e7\u00e3o da Pastoral da Crian\u00e7a, Vanuza Wistuba, vai integrar a equipe de Comunica\u00e7\u00e3o de uma Assembleia Geral da CNBB pela segunda vez. Segundo ela, fazer parte dessa miss\u00e3o \u00e9 um grande privil\u00e9gio, um desafio profissional imenso e mais uma oportunidade de se colocar a servi\u00e7o da Igreja.<br \/>\n\u201cA verdadeira pr\u00e1tica de Comunica\u00e7\u00e3o Integrada na Igreja do Brasil. Mais uma vez, ser\u00e1 uma honra trabalhar junto de tantos profissionais que colocam seus dons e trabalho \u00e0 servi\u00e7o para levar informa\u00e7\u00f5es sobre a atua\u00e7\u00e3o da nossa Igreja para o nosso povo\u201d, disse.<\/p>\n","protected":false},"excerpt":{"rendered":"<p>Fonte: CNBB A cobertura jornal\u00edstica da etapa virtual da 59\u00aa Assembleia Geral dos Bispos do&#8230;<\/p>\n","protected":false},"author":1,"featured_media":19591,"comment_status":"open","ping_status":"open","sticky":false,"template":"","format":"standard","meta":{"_jetpack_memberships_contains_paid_content":false,"footnotes":"","jetpack_publicize_message":"","jetpack_publicize_feature_enabled":true,"jetpack_social_post_already_shared":true,"jetpack_social_options":{"image_generator_settings":{"template":"highway","default_image_id":0,"font":"","enabled":false},"version":2}},"categories":[1],"tags":[],"class_list":["post-19590","post","type-post","status-publish","format-standard","has-post-thumbnail","hentry","category-atualidade"],"jetpack_publicize_connections":[],"jetpack_featured_media_url":"https:\/\/correiodasemana.com\/site\/wp-content\/uploads\/2022\/04\/cnbb-igreja-brasil.jpg","jetpack-related-posts":[{"id":24090,"url":"https:\/\/correiodasemana.com\/site\/cerca-de-22-temas-serao-debatidos-e-encaminhados-em-22-sessoes-ao-longo-dos-10-dias-da-60a-ag-cnbb\/","url_meta":{"origin":19590,"position":0},"title":"CERCA DE 22 TEMAS SER\u00c3O DEBATIDOS E ENCAMINHADOS EM 22 SESS\u00d5ES AO LONGO DOS 10 DIAS DA 60\u00aa AG CNBB","author":"adminredacao","date":"Abril 17, 2023","format":false,"excerpt":"Fonte: CNBB No pr\u00f3ximo dia 19 de abril, \u00e0s 8h30, acontece a sess\u00e3o solene de abertura da 60\u00aa Assembleia Geral da Confer\u00eancia Nacional dos Bispos do Brasil (AG CNBB), no Centro de Conven\u00e7\u00f5es Padre V\u00edtor Coelho de Almeida do Santu\u00e1rio Nacional de Aparecida, em Aparecida (SP). O encontro do episcopado\u2026","rel":"","context":"In &quot;Atualidade&quot;","block_context":{"text":"Atualidade","link":"https:\/\/correiodasemana.com\/site\/category\/atualidade\/"},"img":{"alt_text":"","src":"https:\/\/i0.wp.com\/correiodasemana.com\/site\/wp-content\/uploads\/2023\/04\/Tema-Central-debatido-na-Assembleia.jpg?resize=350%2C200&ssl=1","width":350,"height":200,"srcset":"https:\/\/i0.wp.com\/correiodasemana.com\/site\/wp-content\/uploads\/2023\/04\/Tema-Central-debatido-na-Assembleia.jpg?resize=350%2C200&ssl=1 1x, https:\/\/i0.wp.com\/correiodasemana.com\/site\/wp-content\/uploads\/2023\/04\/Tema-Central-debatido-na-Assembleia.jpg?resize=525%2C300&ssl=1 1.5x, https:\/\/i0.wp.com\/correiodasemana.com\/site\/wp-content\/uploads\/2023\/04\/Tema-Central-debatido-na-Assembleia.jpg?resize=700%2C400&ssl=1 2x"},"classes":[]},{"id":24248,"url":"https:\/\/correiodasemana.com\/site\/o-papa-reza-por-este-importante-momento-de-encontro-e-unidade-dos-bispos-do-brasil-diz-nuncio-na-abertura-da-60a-ag-cnbb\/","url_meta":{"origin":19590,"position":1},"title":"\u201cO PAPA REZA POR ESTE IMPORTANTE MOMENTO DE ENCONTRO E UNIDADE DOS BISPOS DO BRASIL\u201d, DIZ N\u00daNCIO NA ABERTURA DA 60\u00aa AG CNBB","author":"adminredacao","date":"Abril 24, 2023","format":false,"excerpt":"\u00a0 \u00a0 \u00a0 \u00a0 \u00a0 \u00a0 \u00a0 \u00a0 \u00a0 \u00a0 \u00a0 \u00a0 Teve in\u00edcio nesta manh\u00e3, 19 de abril, a 60\u00aa Assembleia Geral da Confer\u00eancia Nacional dos Bispos do Brasil (AG CNBB), no Centro de Eventos Pe. V\u00edtor Coelho de Almeida, em Aparecida (SP). Est\u00e1 reunida, at\u00e9 o dia 28\u2026","rel":"","context":"In &quot;Atualidade&quot;","block_context":{"text":"Atualidade","link":"https:\/\/correiodasemana.com\/site\/category\/atualidade\/"},"img":{"alt_text":"","src":"https:\/\/i0.wp.com\/correiodasemana.com\/site\/wp-content\/uploads\/2023\/04\/WhatsApp-Image-2023-04-21-at-15.53.36.jpeg?resize=350%2C200&ssl=1","width":350,"height":200,"srcset":"https:\/\/i0.wp.com\/correiodasemana.com\/site\/wp-content\/uploads\/2023\/04\/WhatsApp-Image-2023-04-21-at-15.53.36.jpeg?resize=350%2C200&ssl=1 1x, https:\/\/i0.wp.com\/correiodasemana.com\/site\/wp-content\/uploads\/2023\/04\/WhatsApp-Image-2023-04-21-at-15.53.36.jpeg?resize=525%2C300&ssl=1 1.5x, https:\/\/i0.wp.com\/correiodasemana.com\/site\/wp-content\/uploads\/2023\/04\/WhatsApp-Image-2023-04-21-at-15.53.36.jpeg?resize=700%2C400&ssl=1 2x"},"classes":[]},{"id":24145,"url":"https:\/\/correiodasemana.com\/site\/comeca-nesta-quarta-feira-19-em-aparecida-a-60a-assembleia-geral-dos-bispos-do-brasil\/","url_meta":{"origin":19590,"position":2},"title":"60\u00aa Assembl\u00e9ia Geral dos bispos do Brasil","author":"","date":"Abril 19, 2023","format":false,"excerpt":"Tem in\u00edcio nesta quarta-feira, dia 19 de abril e se conclui no pr\u00f3ximo dia 28 a 60\u00aa Assembleia Geral da Confer\u00eancia Nacional dos Bispos do Brasil (CNBB). O encontro do episcopado brasileiro se realiza, como todos os anos, no Santu\u00e1rio Nacional de Nossa Senhora Aparecida, em Aparecida (SP). O tema\u2026","rel":"","context":"In &quot;Atualidade&quot;","block_context":{"text":"Atualidade","link":"https:\/\/correiodasemana.com\/site\/category\/atualidade\/"},"img":{"alt_text":"","src":"https:\/\/i0.wp.com\/correiodasemana.com\/site\/wp-content\/uploads\/2023\/04\/Celebracao-de-abertura-da-59a-AG-CNBB-1280x640-1.jpg?resize=350%2C200&ssl=1","width":350,"height":200,"srcset":"https:\/\/i0.wp.com\/correiodasemana.com\/site\/wp-content\/uploads\/2023\/04\/Celebracao-de-abertura-da-59a-AG-CNBB-1280x640-1.jpg?resize=350%2C200&ssl=1 1x, https:\/\/i0.wp.com\/correiodasemana.com\/site\/wp-content\/uploads\/2023\/04\/Celebracao-de-abertura-da-59a-AG-CNBB-1280x640-1.jpg?resize=525%2C300&ssl=1 1.5x, https:\/\/i0.wp.com\/correiodasemana.com\/site\/wp-content\/uploads\/2023\/04\/Celebracao-de-abertura-da-59a-AG-CNBB-1280x640-1.jpg?resize=700%2C400&ssl=1 2x, https:\/\/i0.wp.com\/correiodasemana.com\/site\/wp-content\/uploads\/2023\/04\/Celebracao-de-abertura-da-59a-AG-CNBB-1280x640-1.jpg?resize=1050%2C600&ssl=1 3x"},"classes":[]},{"id":10075,"url":"https:\/\/correiodasemana.com\/site\/diretrizes-gerais-da-acao-evangelizadora-da-igreja-no-brasil\/","url_meta":{"origin":19590,"position":3},"title":"Diretrizes Gerais da A\u00e7\u00e3o Evangelizadora da Igreja no Brasil","author":"","date":"Dezembro 2, 2019","format":false,"excerpt":"O tema central da 58\u00aa Assembleia Geral da Confer\u00eancia Nacional dos Bispos do Brasil (CNBB) estar\u00e1 relacionado ao primeiro pilar proposto nas Diretrizes Gerais da A\u00e7\u00e3o Evangelizadora da Igreja no Brasil (DGAE): a Palavra de Deus. De 22 de abril a 1\u00ba de maio de 2020, em Aparecida (SP), o\u2026","rel":"","context":"In &quot;Artigos&quot;","block_context":{"text":"Artigos","link":"https:\/\/correiodasemana.com\/site\/category\/artigos\/"},"img":{"alt_text":"","src":"https:\/\/i0.wp.com\/correiodasemana.com\/site\/wp-content\/uploads\/2019\/07\/editorial-cs.jpg?resize=350%2C200&ssl=1","width":350,"height":200,"srcset":"https:\/\/i0.wp.com\/correiodasemana.com\/site\/wp-content\/uploads\/2019\/07\/editorial-cs.jpg?resize=350%2C200&ssl=1 1x, https:\/\/i0.wp.com\/correiodasemana.com\/site\/wp-content\/uploads\/2019\/07\/editorial-cs.jpg?resize=525%2C300&ssl=1 1.5x"},"classes":[]},{"id":16254,"url":"https:\/\/correiodasemana.com\/site\/carta-ao-papa-da-58a-ag-cnbb\/","url_meta":{"origin":19590,"position":4},"title":"CARTA AO PAPA DA 58\u00aa AG CNBB","author":"","date":"Abril 18, 2021","format":false,"excerpt":"Amado Papa Francisco, N\u00f3s, os Bispos do Brasil, reunidos neste ano, de 12 a 16 de abril, por plataforma virtual, a partir de nossas Igrejas Particulares, vivenciamos nossa 58\u00aa Assembleia Geral Ordin\u00e1ria. Neste tempo dif\u00edcil e desafiador, quisemos viver, neste formato poss\u00edvel, nosso encontro anual, que n\u00e3o nos foi poss\u00edvel\u2026","rel":"","context":"In &quot;A voz do Pastor&quot;","block_context":{"text":"A voz do Pastor","link":"https:\/\/correiodasemana.com\/site\/category\/a-voz-do-pastor\/"},"img":{"alt_text":"","src":"https:\/\/i0.wp.com\/correiodasemana.com\/site\/wp-content\/uploads\/2018\/02\/Dom-Vasconcelos-posses.jpg?resize=350%2C200&ssl=1","width":350,"height":200,"srcset":"https:\/\/i0.wp.com\/correiodasemana.com\/site\/wp-content\/uploads\/2018\/02\/Dom-Vasconcelos-posses.jpg?resize=350%2C200&ssl=1 1x, https:\/\/i0.wp.com\/correiodasemana.com\/site\/wp-content\/uploads\/2018\/02\/Dom-Vasconcelos-posses.jpg?resize=525%2C300&ssl=1 1.5x, https:\/\/i0.wp.com\/correiodasemana.com\/site\/wp-content\/uploads\/2018\/02\/Dom-Vasconcelos-posses.jpg?resize=700%2C400&ssl=1 2x"},"classes":[]},{"id":27225,"url":"https:\/\/correiodasemana.com\/site\/confira-os-principais-destaques-da-reuniao-dos-secretarios-executivos-dos-regionais-na-sede-da-conferencia-em-brasilia\/","url_meta":{"origin":19590,"position":5},"title":"CONFIRA OS PRINCIPAIS DESTAQUES DA REUNI\u00c3O DOS SECRET\u00c1RIOS EXECUTIVOS DOS REGIONAIS, NA SEDE DA CONFER\u00caNCIA, EM BRAS\u00cdLIA","author":"adminredacao","date":"Novembro 13, 2023","format":false,"excerpt":"Fonte: CNBB Terminou nessa quinta-feira, 9 de novembro, a reuni\u00e3o dos secret\u00e1rios executivos e dos bispos secret\u00e1rios dos regionais da Confer\u00eancia Nacional dos Bispos do Brasil (CNBB), na sede da Confer\u00eancia, em Bras\u00edlia. Padre J\u00e2nison de S\u00e1, subsecret\u00e1rio de Pastoral da CNBB, avaliou como excelente a participa\u00e7\u00e3o de todos: \u201cTratamos\u2026","rel":"","context":"In &quot;Atualidade&quot;","block_context":{"text":"Atualidade","link":"https:\/\/correiodasemana.com\/site\/category\/atualidade\/"},"img":{"alt_text":"","src":"https:\/\/i0.wp.com\/correiodasemana.com\/site\/wp-content\/uploads\/2023\/11\/Jornal-Correio-da-Semana-No-993-Copia.jpg?resize=350%2C200&ssl=1","width":350,"height":200},"classes":[]}],"jetpack_sharing_enabled":true,"_links":{"self":[{"href":"https:\/\/correiodasemana.com\/site\/wp-json\/wp\/v2\/posts\/19590","targetHints":{"allow":["GET"]}}],"collection":[{"href":"https:\/\/correiodasemana.com\/site\/wp-json\/wp\/v2\/posts"}],"about":[{"href":"https:\/\/correiodasemana.com\/site\/wp-json\/wp\/v2\/types\/post"}],"author":[{"embeddable":true,"href":"https:\/\/correiodasemana.com\/site\/wp-json\/wp\/v2\/users\/1"}],"replies":[{"embeddable":true,"href":"https:\/\/correiodasemana.com\/site\/wp-json\/wp\/v2\/comments?post=19590"}],"version-history":[{"count":1,"href":"https:\/\/correiodasemana.com\/site\/wp-json\/wp\/v2\/posts\/19590\/revisions"}],"predecessor-version":[{"id":19592,"href":"https:\/\/correiodasemana.com\/site\/wp-json\/wp\/v2\/posts\/19590\/revisions\/19592"}],"wp:featuredmedia":[{"embeddable":true,"href":"https:\/\/correiodasemana.com\/site\/wp-json\/wp\/v2\/media\/19591"}],"wp:attachment":[{"href":"https:\/\/correiodasemana.com\/site\/wp-json\/wp\/v2\/media?parent=19590"}],"wp:term":[{"taxonomy":"category","embeddable":true,"href":"https:\/\/correiodasemana.com\/site\/wp-json\/wp\/v2\/categories?post=19590"},{"taxonomy":"post_tag","embeddable":true,"href":"https:\/\/correiodasemana.com\/site\/wp-json\/wp\/v2\/tags?post=19590"}],"curies":[{"name":"wp","href":"https:\/\/api.w.org\/{rel}","templated":true}]}}