{"id":19593,"date":"2022-04-24T21:39:12","date_gmt":"2022-04-25T00:39:12","guid":{"rendered":"https:\/\/correiodasemana.com\/site\/?p=19593"},"modified":"2022-04-24T21:39:12","modified_gmt":"2022-04-25T00:39:12","slug":"becco-ponto-com-82","status":"publish","type":"post","link":"https:\/\/correiodasemana.com\/site\/becco-ponto-com-82\/","title":{"rendered":"Becco ponto Com"},"content":{"rendered":"<p><strong>COLUNA BECCO PONTO COM<\/strong><br \/>\nLivrai-nos, Senhor!<br \/>\nDa pol\u00edtica da pandemia no final.<br \/>\nDos analfabetos virtuais por aqui.<br \/>\nDo lixo musical global pisadinhas.<br \/>\nDas mortes nas filas dos SURTOS.<br \/>\nDo cartel impiedoso da gasolina.<br \/>\nDos puxas-sacos de plant\u00e3o, bab\u00e3o.<br \/>\nDo laranjal do voto via rachadas.<br \/>\nDas multas covardes nas ruas, ui!<br \/>\nDas f\u00e1bricas de doutores no pa\u00eds.<br \/>\nDa dengue via mosquito por aqui.<\/p>\n<p><strong>NOTIFICANDO<\/strong><br \/>\nParab\u00e9ns, aos jovens doutores t\u00e3o amigos, Thais e Yure Mont\u2019Alverne Frota de Deus, que dia 23 estiveram mudando de idade na cidade, com festa merecida e em fam\u00edlia e com amigos pr\u00f3ximos. Ao casal muitos anos de vida!<br \/>\nO turismo na Ibiapaba deixa sim a desejar, principalmente na bela cidade de Ubajara. Falta ainda o profissionalismo no trabalho de experi\u00eancia para o turista. Cabe ao governo apoiar ideias novas.<br \/>\nDia 30, estreia no teatro S\u00e3o Jo\u00e3o, a pe\u00e7a \u201cLuzia Homem\u201d adaptada e com vers\u00e3o repaginada moderna sob a dire\u00e7\u00e3o do diretor teatral Chico Expedito. O elenco da pe\u00e7a tem atores de casa e mostra um trabalho digno de ser visto a toda prova na cidade. Vamos ao teatro!<br \/>\nParab\u00e9ns ao prefeito pela nova obra de reurbaniza\u00e7\u00e3o da Lagoa da Fazenda em grande estilo. \u00c9 sucesso rever este parque t\u00e3o modernizado para o povo, pois quem faz mostra o amor \u00e0 terra natal. Valeu caro Ivo Gomes!<br \/>\nO \u201cForr\u00f3 do Lagos\u201d vai voltar sim, a toda prova de cultura popular se \u00e9 que nunca parou para cidade e agora com mais estrutura para os seus frequentadores. Deveria ser chamado de \u2018Forr\u00f3 da Lagoa da Fazenda\u2019 uma dica cultural da coluna a este espa\u00e7o l\u00fadico do forr\u00f3 na terra de Dom Jos\u00e9.<\/p>\n<p><strong>PERFIL: LUIS MELO TORQUATO<\/strong><br \/>\nUm cidad\u00e3o com todas as letras, digno e eterno presidente do nosso Guarany, homem afeito a desafios e o amigo do Becco do Cotovelo. Falo do caro senhor Lu\u00eds Melo Torquato, que hoje e por m\u00e9ritos ilustra a nossa coluna como o perfil da semana e neste noticioso da diocese de Sobral.<br \/>\nLivre Pensar: \u201cAs l\u00e1grimas como as dores s\u00e3o consolos da ilus\u00e3o da alma\u201d. (Poeta Chico Prado)<\/p>\n","protected":false},"excerpt":{"rendered":"<p>COLUNA BECCO PONTO COM Livrai-nos, Senhor! Da pol\u00edtica da pandemia no final. Dos analfabetos virtuais&#8230;<\/p>\n","protected":false},"author":1,"featured_media":17508,"comment_status":"open","ping_status":"open","sticky":false,"template":"","format":"standard","meta":{"_jetpack_memberships_contains_paid_content":false,"footnotes":"","jetpack_publicize_message":"","jetpack_publicize_feature_enabled":true,"jetpack_social_post_already_shared":true,"jetpack_social_options":{"image_generator_settings":{"template":"highway","default_image_id":0,"font":"","enabled":false},"version":2}},"categories":[11,27],"tags":[],"class_list":["post-19593","post","type-post","status-publish","format-standard","has-post-thumbnail","hentry","category-artigos","category-becco-ponto-com"],"jetpack_publicize_connections":[],"jetpack_featured_media_url":"https:\/\/correiodasemana.com\/site\/wp-content\/uploads\/2021\/09\/Dr-Chico-Prado-Trofeu-Dom-Jose-1-1.jpg","jetpack-related-posts":[{"id":26991,"url":"https:\/\/correiodasemana.com\/site\/becco-ponto-com-143\/","url_meta":{"origin":19593,"position":0},"title":"Becco Ponto Com","author":"adminredacao","date":"Outubro 23, 2023","format":false,"excerpt":"LIVRAI-NOS, SENHOR! Desta guerra insana t\u00e3o santa. Do fim pol\u00edtico indesej\u00e1vel dos fg\u2019s. Da ruma de cursos via internet, ufa! Do sumi\u00e7o do lula na imprensa. Dos faroleiros da pol\u00edtica nacional. Da turma do pt, buscando peitos, ufa! Da alta da \u00e1gua que vem por a\u00ed: saee. Dos aben\u00e7oados petistas,\u2026","rel":"","context":"In &quot;Artigos&quot;","block_context":{"text":"Artigos","link":"https:\/\/correiodasemana.com\/site\/category\/artigos\/"},"img":{"alt_text":"","src":"https:\/\/i0.wp.com\/correiodasemana.com\/site\/wp-content\/uploads\/2021\/09\/Dr-Chico-Prado-Trofeu-Dom-Jose-1.jpg?resize=350%2C200&ssl=1","width":350,"height":200,"srcset":"https:\/\/i0.wp.com\/correiodasemana.com\/site\/wp-content\/uploads\/2021\/09\/Dr-Chico-Prado-Trofeu-Dom-Jose-1.jpg?resize=350%2C200&ssl=1 1x, https:\/\/i0.wp.com\/correiodasemana.com\/site\/wp-content\/uploads\/2021\/09\/Dr-Chico-Prado-Trofeu-Dom-Jose-1.jpg?resize=525%2C300&ssl=1 1.5x, https:\/\/i0.wp.com\/correiodasemana.com\/site\/wp-content\/uploads\/2021\/09\/Dr-Chico-Prado-Trofeu-Dom-Jose-1.jpg?resize=700%2C400&ssl=1 2x, https:\/\/i0.wp.com\/correiodasemana.com\/site\/wp-content\/uploads\/2021\/09\/Dr-Chico-Prado-Trofeu-Dom-Jose-1.jpg?resize=1050%2C600&ssl=1 3x, https:\/\/i0.wp.com\/correiodasemana.com\/site\/wp-content\/uploads\/2021\/09\/Dr-Chico-Prado-Trofeu-Dom-Jose-1.jpg?resize=1400%2C800&ssl=1 4x"},"classes":[]},{"id":27415,"url":"https:\/\/correiodasemana.com\/site\/becco-ponto-com-147\/","url_meta":{"origin":19593,"position":1},"title":"Becco Ponto Com","author":"adminredacao","date":"Novembro 27, 2023","format":false,"excerpt":"LIVRAI-NOS, SENHOR! Do babado: abre e fecha centro. Dos camaradas do poder deles. Do Cid, abandonado pelo \u201cpt Lula\u201d. Das m\u00fasicas modernas \u2018lixos\u2019, ufa! Do virando cracol\u00e2ndia, \u2018o dia todo\u2019. Dos carnabraus da vida. \u00c9 droga. Da ruma de cursos empresas, ufa! Da cegueira do Lula, no discurso. Da sele\u00e7\u00e3o\u2026","rel":"","context":"In &quot;Artigos&quot;","block_context":{"text":"Artigos","link":"https:\/\/correiodasemana.com\/site\/category\/artigos\/"},"img":{"alt_text":"","src":"https:\/\/i0.wp.com\/correiodasemana.com\/site\/wp-content\/uploads\/2021\/09\/Dr-Chico-Prado-Trofeu-Dom-Jose-1.jpg?resize=350%2C200&ssl=1","width":350,"height":200,"srcset":"https:\/\/i0.wp.com\/correiodasemana.com\/site\/wp-content\/uploads\/2021\/09\/Dr-Chico-Prado-Trofeu-Dom-Jose-1.jpg?resize=350%2C200&ssl=1 1x, https:\/\/i0.wp.com\/correiodasemana.com\/site\/wp-content\/uploads\/2021\/09\/Dr-Chico-Prado-Trofeu-Dom-Jose-1.jpg?resize=525%2C300&ssl=1 1.5x, https:\/\/i0.wp.com\/correiodasemana.com\/site\/wp-content\/uploads\/2021\/09\/Dr-Chico-Prado-Trofeu-Dom-Jose-1.jpg?resize=700%2C400&ssl=1 2x, https:\/\/i0.wp.com\/correiodasemana.com\/site\/wp-content\/uploads\/2021\/09\/Dr-Chico-Prado-Trofeu-Dom-Jose-1.jpg?resize=1050%2C600&ssl=1 3x, https:\/\/i0.wp.com\/correiodasemana.com\/site\/wp-content\/uploads\/2021\/09\/Dr-Chico-Prado-Trofeu-Dom-Jose-1.jpg?resize=1400%2C800&ssl=1 4x"},"classes":[]},{"id":25180,"url":"https:\/\/correiodasemana.com\/site\/becco-ponto-com-125\/","url_meta":{"origin":19593,"position":2},"title":"Becco Ponto Com","author":"adminredacao","date":"Junho 12, 2023","format":false,"excerpt":"LIVRAI-NOS, SENHOR! Do lula, apodrecido pelo \u201cMaduro\u201d, aqui. Da ruma de doutores na pista do copo. Dos buchas \u201cpol\u00edticos\u201d aparecendo logo. Do assalto nas vias p\u00fablicas via multa. Da quadrilha pol\u00edtica cantando forr\u00f3. Do becco fechando suas portas: \u201c\u00e9 crise\u201d. Da criminalidade solta no Estado, ufa! Das faculdades fabricando doutores.\u2026","rel":"","context":"In &quot;Artigos&quot;","block_context":{"text":"Artigos","link":"https:\/\/correiodasemana.com\/site\/category\/artigos\/"},"img":{"alt_text":"","src":"https:\/\/i0.wp.com\/correiodasemana.com\/site\/wp-content\/uploads\/2021\/09\/Dr-Chico-Prado-Trofeu-Dom-Jose-1.jpg?resize=350%2C200&ssl=1","width":350,"height":200,"srcset":"https:\/\/i0.wp.com\/correiodasemana.com\/site\/wp-content\/uploads\/2021\/09\/Dr-Chico-Prado-Trofeu-Dom-Jose-1.jpg?resize=350%2C200&ssl=1 1x, https:\/\/i0.wp.com\/correiodasemana.com\/site\/wp-content\/uploads\/2021\/09\/Dr-Chico-Prado-Trofeu-Dom-Jose-1.jpg?resize=525%2C300&ssl=1 1.5x, https:\/\/i0.wp.com\/correiodasemana.com\/site\/wp-content\/uploads\/2021\/09\/Dr-Chico-Prado-Trofeu-Dom-Jose-1.jpg?resize=700%2C400&ssl=1 2x, https:\/\/i0.wp.com\/correiodasemana.com\/site\/wp-content\/uploads\/2021\/09\/Dr-Chico-Prado-Trofeu-Dom-Jose-1.jpg?resize=1050%2C600&ssl=1 3x, https:\/\/i0.wp.com\/correiodasemana.com\/site\/wp-content\/uploads\/2021\/09\/Dr-Chico-Prado-Trofeu-Dom-Jose-1.jpg?resize=1400%2C800&ssl=1 4x"},"classes":[]},{"id":17173,"url":"https:\/\/correiodasemana.com\/site\/becco-ponto-com-48\/","url_meta":{"origin":19593,"position":3},"title":"Becco ponto Com","author":"","date":"Agosto 9, 2021","format":false,"excerpt":"Livrai-nos, senhor! 01. Da babaquise dos doutores sabe tudo de Sobral. 02. Da campanha de baixo n\u00edvel para presid\u00eancia, ui! 03. Da santa ignor\u00e2ncia dos eleitores gados daqui. 04. Das faculdades formando intelectuais fakes, ui! 05. Das C\u00e2maras municipais j\u00e1 camaradas do poder. 06. Das festas pol\u00edticas atraindo votos via\u2026","rel":"","context":"In &quot;Artigos&quot;","block_context":{"text":"Artigos","link":"https:\/\/correiodasemana.com\/site\/category\/artigos\/"},"img":{"alt_text":"","src":"https:\/\/i0.wp.com\/correiodasemana.com\/site\/wp-content\/uploads\/2021\/04\/Chico-Prado-22.jpg?resize=350%2C200&ssl=1","width":350,"height":200,"srcset":"https:\/\/i0.wp.com\/correiodasemana.com\/site\/wp-content\/uploads\/2021\/04\/Chico-Prado-22.jpg?resize=350%2C200&ssl=1 1x, https:\/\/i0.wp.com\/correiodasemana.com\/site\/wp-content\/uploads\/2021\/04\/Chico-Prado-22.jpg?resize=525%2C300&ssl=1 1.5x, https:\/\/i0.wp.com\/correiodasemana.com\/site\/wp-content\/uploads\/2021\/04\/Chico-Prado-22.jpg?resize=700%2C400&ssl=1 2x"},"classes":[]},{"id":26890,"url":"https:\/\/correiodasemana.com\/site\/becco-ponto-com-142\/","url_meta":{"origin":19593,"position":4},"title":"Becco Ponto Com","author":"adminredacao","date":"Outubro 17, 2023","format":false,"excerpt":"BECCO PONTO COM MATERIA OUTUBRO Livrai-nos, senhor! Do fim tr\u00e1gico do Guarany de Sobral. Da \u201cGuerra Santa\u201d matando inocentes. Da ruma de palha\u00e7os, os tais \u201cpol\u00edticos\u201d. Da justi\u00e7a botando no cano do saee. Do papo mole dos puxa-sacos na fila. Da lavagem cerebral no povo votar. Da viol\u00eancia matando no\u2026","rel":"","context":"In &quot;Artigos&quot;","block_context":{"text":"Artigos","link":"https:\/\/correiodasemana.com\/site\/category\/artigos\/"},"img":{"alt_text":"","src":"https:\/\/i0.wp.com\/correiodasemana.com\/site\/wp-content\/uploads\/2021\/09\/Dr-Chico-Prado-Trofeu-Dom-Jose-1.jpg?resize=350%2C200&ssl=1","width":350,"height":200,"srcset":"https:\/\/i0.wp.com\/correiodasemana.com\/site\/wp-content\/uploads\/2021\/09\/Dr-Chico-Prado-Trofeu-Dom-Jose-1.jpg?resize=350%2C200&ssl=1 1x, https:\/\/i0.wp.com\/correiodasemana.com\/site\/wp-content\/uploads\/2021\/09\/Dr-Chico-Prado-Trofeu-Dom-Jose-1.jpg?resize=525%2C300&ssl=1 1.5x, https:\/\/i0.wp.com\/correiodasemana.com\/site\/wp-content\/uploads\/2021\/09\/Dr-Chico-Prado-Trofeu-Dom-Jose-1.jpg?resize=700%2C400&ssl=1 2x, https:\/\/i0.wp.com\/correiodasemana.com\/site\/wp-content\/uploads\/2021\/09\/Dr-Chico-Prado-Trofeu-Dom-Jose-1.jpg?resize=1050%2C600&ssl=1 3x, https:\/\/i0.wp.com\/correiodasemana.com\/site\/wp-content\/uploads\/2021\/09\/Dr-Chico-Prado-Trofeu-Dom-Jose-1.jpg?resize=1400%2C800&ssl=1 4x"},"classes":[]},{"id":25271,"url":"https:\/\/correiodasemana.com\/site\/becco-ponto-com-126\/","url_meta":{"origin":19593,"position":5},"title":"Becco Ponto Com","author":"adminredacao","date":"Junho 19, 2023","format":false,"excerpt":"LIVRAI-NOS, SENHOR! Das manifesta\u00e7\u00f5es petista, ufa! Da gabolice dos novos ricos, ui! Das novas figuras pol\u00edticas, ufa! Dos puxa-sacos na cola do voto. Do lulismo invadindo a mis\u00e9ria, ui! Das igrejas atacadas via petista. Do abandono do becco, o cora\u00e7\u00e3o de Sobral. Da ditadura da fome voltando, ui! Dos doutores\u2026","rel":"","context":"In &quot;Artigos&quot;","block_context":{"text":"Artigos","link":"https:\/\/correiodasemana.com\/site\/category\/artigos\/"},"img":{"alt_text":"","src":"https:\/\/i0.wp.com\/correiodasemana.com\/site\/wp-content\/uploads\/2021\/09\/Dr-Chico-Prado-Trofeu-Dom-Jose-1.jpg?resize=350%2C200&ssl=1","width":350,"height":200,"srcset":"https:\/\/i0.wp.com\/correiodasemana.com\/site\/wp-content\/uploads\/2021\/09\/Dr-Chico-Prado-Trofeu-Dom-Jose-1.jpg?resize=350%2C200&ssl=1 1x, https:\/\/i0.wp.com\/correiodasemana.com\/site\/wp-content\/uploads\/2021\/09\/Dr-Chico-Prado-Trofeu-Dom-Jose-1.jpg?resize=525%2C300&ssl=1 1.5x, https:\/\/i0.wp.com\/correiodasemana.com\/site\/wp-content\/uploads\/2021\/09\/Dr-Chico-Prado-Trofeu-Dom-Jose-1.jpg?resize=700%2C400&ssl=1 2x, https:\/\/i0.wp.com\/correiodasemana.com\/site\/wp-content\/uploads\/2021\/09\/Dr-Chico-Prado-Trofeu-Dom-Jose-1.jpg?resize=1050%2C600&ssl=1 3x, https:\/\/i0.wp.com\/correiodasemana.com\/site\/wp-content\/uploads\/2021\/09\/Dr-Chico-Prado-Trofeu-Dom-Jose-1.jpg?resize=1400%2C800&ssl=1 4x"},"classes":[]}],"jetpack_sharing_enabled":true,"_links":{"self":[{"href":"https:\/\/correiodasemana.com\/site\/wp-json\/wp\/v2\/posts\/19593","targetHints":{"allow":["GET"]}}],"collection":[{"href":"https:\/\/correiodasemana.com\/site\/wp-json\/wp\/v2\/posts"}],"about":[{"href":"https:\/\/correiodasemana.com\/site\/wp-json\/wp\/v2\/types\/post"}],"author":[{"embeddable":true,"href":"https:\/\/correiodasemana.com\/site\/wp-json\/wp\/v2\/users\/1"}],"replies":[{"embeddable":true,"href":"https:\/\/correiodasemana.com\/site\/wp-json\/wp\/v2\/comments?post=19593"}],"version-history":[{"count":1,"href":"https:\/\/correiodasemana.com\/site\/wp-json\/wp\/v2\/posts\/19593\/revisions"}],"predecessor-version":[{"id":19594,"href":"https:\/\/correiodasemana.com\/site\/wp-json\/wp\/v2\/posts\/19593\/revisions\/19594"}],"wp:featuredmedia":[{"embeddable":true,"href":"https:\/\/correiodasemana.com\/site\/wp-json\/wp\/v2\/media\/17508"}],"wp:attachment":[{"href":"https:\/\/correiodasemana.com\/site\/wp-json\/wp\/v2\/media?parent=19593"}],"wp:term":[{"taxonomy":"category","embeddable":true,"href":"https:\/\/correiodasemana.com\/site\/wp-json\/wp\/v2\/categories?post=19593"},{"taxonomy":"post_tag","embeddable":true,"href":"https:\/\/correiodasemana.com\/site\/wp-json\/wp\/v2\/tags?post=19593"}],"curies":[{"name":"wp","href":"https:\/\/api.w.org\/{rel}","templated":true}]}}