{"id":19639,"date":"2022-05-01T22:31:04","date_gmt":"2022-05-02T01:31:04","guid":{"rendered":"https:\/\/correiodasemana.com\/site\/?p=19639"},"modified":"2022-05-01T22:31:04","modified_gmt":"2022-05-02T01:31:04","slug":"congresso-aprova-pln-que-facilita-reducao-de-precos-dos-combustiveis","status":"publish","type":"post","link":"https:\/\/correiodasemana.com\/site\/congresso-aprova-pln-que-facilita-reducao-de-precos-dos-combustiveis\/","title":{"rendered":"Congresso aprova PLN que facilita redu\u00e7\u00e3o de pre\u00e7os dos combust\u00edveis"},"content":{"rendered":"<p>Projeto de Lei do Congresso Nacional segue para san\u00e7\u00e3o<\/p>\n<p>Por Marcelo Brand\u00e3o \u2013 Rep\u00f3rter da Ag\u00eancia Brasil * &#8211; Bras\u00edlia<br \/>\nO Congresso aprovou hoje (28) um Projeto de Lei do Congresso Nacional (PLN) que permite a redu\u00e7\u00e3o de tributos sobre combust\u00edveis sem necessidade de compensar a perda de arrecada\u00e7\u00e3o. Normalmente, sempre que um ente federativo aceita perder arrecada\u00e7\u00e3o (com redu\u00e7\u00e3o ou isen\u00e7\u00e3o de tributos, por exemplo) \u00e9 obrigado a indicar uma outra fonte de recursos para fazer a compensa\u00e7\u00e3o. Com a aprova\u00e7\u00e3o desse projeto, essa indica\u00e7\u00e3o n\u00e3o ser\u00e1 necess\u00e1ria.<br \/>\nNa pr\u00e1tica, a medida facilita a redu\u00e7\u00e3o de tributos de combust\u00edveis, o que pode refletir em um pre\u00e7o menor da gasolina, do diesel e do g\u00e1s de cozinha para a popula\u00e7\u00e3o. Em seu parecer, o deputado Juscelino Filho (Uni\u00e3o Brasil-MA), relator do PLN, disse que o aumento nos pre\u00e7os dos combust\u00edveis \u00e9 devido a uma \u201ccombina\u00e7\u00e3o de diversos fatores\u201d.<br \/>\nO parlamentar acrescentou que isso tem provocado discuss\u00f5es no Congresso em busca de alternativas para \u201csuavizar a alta\u201d. \u201cO PLN pretende criar condi\u00e7\u00f5es para a devida avalia\u00e7\u00e3o e aprova\u00e7\u00e3o de propostas que incorporem redu\u00e7\u00e3o de tributos incidentes na forma\u00e7\u00e3o dos pre\u00e7os dos combust\u00edveis\u201d, afirmou o deputado em seu parecer.<br \/>\nPlano Safra<br \/>\nA vota\u00e7\u00e3o dos PLNs s\u00f3 pode ocorrer em uma sess\u00e3o do Congresso Nacional, onde deputados e senadores votam esse tipo de projeto e decidem sobre a derrubada ou manuten\u00e7\u00e3o de vetos do presidente da Rep\u00fablica. Nessa sess\u00e3o, os parlamentares tamb\u00e9m aprovaram um PLN que abre cr\u00e9dito de R$ 2,57 bilh\u00f5es para recomposi\u00e7\u00e3o de despesas com pessoal do Executivo e o refor\u00e7o de dota\u00e7\u00f5es do Plano Safra 2021\/2022.<br \/>\nO Plano Safra \u00e9 uma iniciativa do governo federal que orienta a destina\u00e7\u00e3o de recursos para a cadeia do agroneg\u00f3cio e viabiliza o financiamento e a securitiza\u00e7\u00e3o da atividade agr\u00edcola e comercializa\u00e7\u00e3o da produ\u00e7\u00e3o em todo o Brasil. O projeto aprovado hoje destina R$ 868 milh\u00f5es a ele. Os PLNs aprovados hoje seguem para san\u00e7\u00e3o presidencial.<br \/>\nVetos<br \/>\nOs parlamentares tamb\u00e9m analisaram vetos presidenciais. A maioria dos vetos analisados hoje foram mantidos. Entre eles, o\u00a0veto de trecho de lei que proibia\u00a0a divulga\u00e7\u00e3o, publica\u00e7\u00e3o ou dissemina\u00e7\u00e3o de v\u00eddeos ou imagens de crimes de tr\u00e2nsito ou infra\u00e7\u00f5es.<br \/>\nOutro veto mantido diz respeito ao processo de privatiza\u00e7\u00e3o da Eletrobras. A C\u00e2mara derrubou dois vetos, mas o Senado decidiu mant\u00ea-los. Esses trechos previam como responsabilidade da Eletrobras a realoca\u00e7\u00e3o de moradores ocupantes de faixas de transmiss\u00e3o. Haveria prioridade desses moradores para a ocupa\u00e7\u00e3o de casas constru\u00eddas pelo programa habitacional Casa Verde e Amarela.<br \/>\nOutros vetos sobre o mesmo assunto continuam pendentes. Um dos trechos vetados prev\u00ea o aproveitamento, pelo Poder Executivo, de funcion\u00e1rios da empresa demitidos nos 12 meses ap\u00f3s a desestatiza\u00e7\u00e3o. A oposi\u00e7\u00e3o considera a derrubada desse veto muito importante e decidiu entrar em acordo com a base do governo para deixar a aprecia\u00e7\u00e3o desse veto para a pr\u00f3xima sess\u00e3o, possivelmente na pr\u00f3xima semana. Isso dar\u00e1 tempo para parlamentares de oposi\u00e7\u00e3o tentarem construir um acordo a favor da derrubada desse veto.<br \/>\nTamb\u00e9m foi mantido um veto em rela\u00e7\u00e3o ao marco legal das startups. Um dos trechos vetados permitia ao investidor pessoa f\u00edsica compensar os preju\u00edzos acumulados nas fases iniciais da startup com os lucros apurados na venda de a\u00e7\u00f5es obtidas posteriormente. Foi vetado ainda dispositivo que determinava \u00e0 Comiss\u00e3o de Valores Mobili\u00e1rios (CVM) regulamentar condi\u00e7\u00f5es facilitadas para o acesso de companhias de menor porte ao mercado de capitais.<br \/>\nA sess\u00e3o de hoje tamb\u00e9m marcou a rejei\u00e7\u00e3o de um veto ao Projeto de Lei do Or\u00e7amento de 2022 (PLN 19\/21), j\u00e1 convertido em lei. Os parlamentares optaram por incorporar \u00e0 LOA 2022 mais R$ 97,8 milh\u00f5es para apoio \u00e0 implanta\u00e7\u00e3o e a moderniza\u00e7\u00e3o de infraestrutura para o esporte educacional recreativo e de lazer.<br \/>\n*Com informa\u00e7\u00f5es da Ag\u00eancia C\u00e2mara de Not\u00edcias<\/p>\n","protected":false},"excerpt":{"rendered":"<p>Projeto de Lei do Congresso Nacional segue para san\u00e7\u00e3o Por Marcelo Brand\u00e3o \u2013 Rep\u00f3rter da&#8230;<\/p>\n","protected":false},"author":1,"featured_media":12973,"comment_status":"open","ping_status":"open","sticky":false,"template":"","format":"standard","meta":{"_jetpack_memberships_contains_paid_content":false,"footnotes":"","jetpack_publicize_message":"","jetpack_publicize_feature_enabled":true,"jetpack_social_post_already_shared":true,"jetpack_social_options":{"image_generator_settings":{"template":"highway","default_image_id":0,"font":"","enabled":false},"version":2}},"categories":[1],"tags":[],"class_list":["post-19639","post","type-post","status-publish","format-standard","has-post-thumbnail","hentry","category-atualidade"],"jetpack_publicize_connections":[],"jetpack_featured_media_url":"https:\/\/correiodasemana.com\/site\/wp-content\/uploads\/2020\/08\/gasolina-nos-postos.jpg","jetpack-related-posts":[{"id":20172,"url":"https:\/\/correiodasemana.com\/site\/camara-conclui-votacao-de-projeto-que-limita-icms-dos-combustiveis\/","url_meta":{"origin":19639,"position":0},"title":"C\u00e2mara conclui vota\u00e7\u00e3o de projeto que limita ICMS dos combust\u00edveis","author":"","date":"Junho 19, 2022","format":false,"excerpt":"Por Heloisa Cristaldo - Rep\u00f3rter da Ag\u00eancia Brasil - Bras\u00edlia A C\u00e2mara dos Deputados concluiu h\u00e1 pouco a vota\u00e7\u00e3o do Projeto de Lei Complementar (PLP) 18\/2022, que limita a aplica\u00e7\u00e3o de al\u00edquota do Imposto sobre Circula\u00e7\u00e3o de Mercadorias e Servi\u00e7os (ICMS) sobre combust\u00edveis. O texto segue para san\u00e7\u00e3o presidencial. Na\u2026","rel":"","context":"In &quot;Atualidade&quot;","block_context":{"text":"Atualidade","link":"https:\/\/correiodasemana.com\/site\/category\/atualidade\/"},"img":{"alt_text":"","src":"https:\/\/i0.wp.com\/correiodasemana.com\/site\/wp-content\/uploads\/2022\/06\/img202205051111199831.jpg?resize=350%2C200&ssl=1","width":350,"height":200,"srcset":"https:\/\/i0.wp.com\/correiodasemana.com\/site\/wp-content\/uploads\/2022\/06\/img202205051111199831.jpg?resize=350%2C200&ssl=1 1x, https:\/\/i0.wp.com\/correiodasemana.com\/site\/wp-content\/uploads\/2022\/06\/img202205051111199831.jpg?resize=525%2C300&ssl=1 1.5x, https:\/\/i0.wp.com\/correiodasemana.com\/site\/wp-content\/uploads\/2022\/06\/img202205051111199831.jpg?resize=700%2C400&ssl=1 2x, https:\/\/i0.wp.com\/correiodasemana.com\/site\/wp-content\/uploads\/2022\/06\/img202205051111199831.jpg?resize=1050%2C600&ssl=1 3x"},"classes":[]},{"id":18868,"url":"https:\/\/correiodasemana.com\/site\/presidente-da-camara-defende-congelar-icms-em-preco-de-combustivel\/","url_meta":{"origin":19639,"position":1},"title":"Presidente da C\u00e2mara defende congelar ICMS em pre\u00e7o de combust\u00edvel","author":"","date":"Fevereiro 14, 2022","format":false,"excerpt":"Lira defende a redu\u00e7\u00e3o do imposto para baixar os pre\u00e7o Por Heloisa Cristaldo* - Bras\u00edlia O presidente da C\u00e2mara, deputado Arthur Lira (PP-AL), afirmou\u00a0hoje\u00a0(10) que o Parlamento deve votar uma proposta para reduzir os tributos dos combust\u00edveis no pa\u00eds. O congressista tem defendido o\u00a0projeto\u00a0j\u00e1 aprovado na C\u00e2mara, que estabelece um\u2026","rel":"","context":"In &quot;Atualidade&quot;","block_context":{"text":"Atualidade","link":"https:\/\/correiodasemana.com\/site\/category\/atualidade\/"},"img":{"alt_text":"","src":"https:\/\/i0.wp.com\/correiodasemana.com\/site\/wp-content\/uploads\/2022\/02\/monumentos_brasilia_3103201323.jpg?resize=350%2C200&ssl=1","width":350,"height":200,"srcset":"https:\/\/i0.wp.com\/correiodasemana.com\/site\/wp-content\/uploads\/2022\/02\/monumentos_brasilia_3103201323.jpg?resize=350%2C200&ssl=1 1x, https:\/\/i0.wp.com\/correiodasemana.com\/site\/wp-content\/uploads\/2022\/02\/monumentos_brasilia_3103201323.jpg?resize=525%2C300&ssl=1 1.5x, https:\/\/i0.wp.com\/correiodasemana.com\/site\/wp-content\/uploads\/2022\/02\/monumentos_brasilia_3103201323.jpg?resize=700%2C400&ssl=1 2x, https:\/\/i0.wp.com\/correiodasemana.com\/site\/wp-content\/uploads\/2022\/02\/monumentos_brasilia_3103201323.jpg?resize=1050%2C600&ssl=1 3x"},"classes":[]},{"id":12369,"url":"https:\/\/correiodasemana.com\/site\/governador-propoe-devolucao-do-icms-para-familia-de-baixa-renda-tema-sera-debatido-em-live\/","url_meta":{"origin":19639,"position":2},"title":"Governador prop\u00f5e devolu\u00e7\u00e3o do ICMS para fam\u00edlia de baixa renda; tema ser\u00e1 debatido em live","author":"","date":"Julho 30, 2020","format":false,"excerpt":"Enquanto o Congresso debate a proposta de\u00a0reforma tribut\u00e1ria\u00a0no \u00e2mbito nacional, o Rio Grande do Sul tamb\u00e9m tem debatido o assunto e est\u00e1 para enviar para a Assembleia Legislativa uma proposta de reforma estadual. Com o intuito de simplificar a tributa\u00e7\u00e3o e manter a competitividade de mercado, o governo do estado\u2026","rel":"","context":"In &quot;Atualidade&quot;","block_context":{"text":"Atualidade","link":"https:\/\/correiodasemana.com\/site\/category\/atualidade\/"},"img":{"alt_text":"","src":"https:\/\/i0.wp.com\/correiodasemana.com\/site\/wp-content\/uploads\/2020\/07\/credito_Itamar_Aguiar_Palacio_Piratini-e1575734957166-750x430-1.jpg?resize=350%2C200&ssl=1","width":350,"height":200,"srcset":"https:\/\/i0.wp.com\/correiodasemana.com\/site\/wp-content\/uploads\/2020\/07\/credito_Itamar_Aguiar_Palacio_Piratini-e1575734957166-750x430-1.jpg?resize=350%2C200&ssl=1 1x, https:\/\/i0.wp.com\/correiodasemana.com\/site\/wp-content\/uploads\/2020\/07\/credito_Itamar_Aguiar_Palacio_Piratini-e1575734957166-750x430-1.jpg?resize=525%2C300&ssl=1 1.5x, https:\/\/i0.wp.com\/correiodasemana.com\/site\/wp-content\/uploads\/2020\/07\/credito_Itamar_Aguiar_Palacio_Piratini-e1575734957166-750x430-1.jpg?resize=700%2C400&ssl=1 2x"},"classes":[]},{"id":20371,"url":"https:\/\/correiodasemana.com\/site\/comissao-especial-da-camara-aprova-pec-que-concede-beneficios-sociais\/","url_meta":{"origin":19639,"position":3},"title":"Comiss\u00e3o especial da C\u00e2mara aprova PEC que concede benef\u00edcios sociais","author":"","date":"Julho 11, 2022","format":false,"excerpt":"Por Heloisa Cristaldo \u2013 Rep\u00f3rter da Ag\u00eancia Brasil - Bras\u00edlia A comiss\u00e3o especial da C\u00e2mara dos Deputados aprovou nesta quinta-feira (7), com 36 votos favor\u00e1veis, o parecer da proposta de emenda \u00e0 Constitui\u00e7\u00e3o (PEC 1), que prev\u00ea o pagamento de benef\u00edcios sociais at\u00e9 o fim do ano. A mat\u00e9ria segue\u2026","rel":"","context":"In &quot;Atualidade&quot;","block_context":{"text":"Atualidade","link":"https:\/\/correiodasemana.com\/site\/category\/atualidade\/"},"img":{"alt_text":"","src":"https:\/\/i0.wp.com\/correiodasemana.com\/site\/wp-content\/uploads\/2022\/03\/passagens-aereas-brasilia-capa2019-01-820x430-1.jpg?resize=350%2C200&ssl=1","width":350,"height":200,"srcset":"https:\/\/i0.wp.com\/correiodasemana.com\/site\/wp-content\/uploads\/2022\/03\/passagens-aereas-brasilia-capa2019-01-820x430-1.jpg?resize=350%2C200&ssl=1 1x, https:\/\/i0.wp.com\/correiodasemana.com\/site\/wp-content\/uploads\/2022\/03\/passagens-aereas-brasilia-capa2019-01-820x430-1.jpg?resize=525%2C300&ssl=1 1.5x, https:\/\/i0.wp.com\/correiodasemana.com\/site\/wp-content\/uploads\/2022\/03\/passagens-aereas-brasilia-capa2019-01-820x430-1.jpg?resize=700%2C400&ssl=1 2x"},"classes":[]},{"id":17745,"url":"https:\/\/correiodasemana.com\/site\/valor-fixo-do-icms-e-aprovado-pela-camara-para-impacto-no-preco-dos-combustiveis\/","url_meta":{"origin":19639,"position":4},"title":"Valor fixo do ICMS \u00e9 aprovado pela c\u00e2mara para impacto no pre\u00e7o dos combust\u00edveis","author":"","date":"Outubro 17, 2021","format":false,"excerpt":"Por Samuel Carvalho Reda\u00e7\u00e3o Correio da Semana Foi aprovado na noite da \u00faltima quarta-feira (13) um projeto de lei no plen\u00e1rio da C\u00e2mara que estabelece um valor fixo para a cobran\u00e7a do Imposto sobre Circula\u00e7\u00e3o de Mercadorias e Servi\u00e7os (ICMS) sobre os combust\u00edveis. A proposta foi aprovada por 392 votos\u2026","rel":"","context":"In &quot;Atualidade&quot;","block_context":{"text":"Atualidade","link":"https:\/\/correiodasemana.com\/site\/category\/atualidade\/"},"img":{"alt_text":"","src":"https:\/\/i0.wp.com\/correiodasemana.com\/site\/wp-content\/uploads\/2020\/08\/gasolina-nos-postos.jpg?resize=350%2C200&ssl=1","width":350,"height":200,"srcset":"https:\/\/i0.wp.com\/correiodasemana.com\/site\/wp-content\/uploads\/2020\/08\/gasolina-nos-postos.jpg?resize=350%2C200&ssl=1 1x, https:\/\/i0.wp.com\/correiodasemana.com\/site\/wp-content\/uploads\/2020\/08\/gasolina-nos-postos.jpg?resize=525%2C300&ssl=1 1.5x"},"classes":[]},{"id":12864,"url":"https:\/\/correiodasemana.com\/site\/simplificacao-do-sistema-tributario-e-essencial-para-o-crescimento-da-economia-aponta-fecomercio-rj\/","url_meta":{"origin":19639,"position":5},"title":"Simplifica\u00e7\u00e3o do sistema tribut\u00e1rio \u00e9 essencial para o crescimento da economia, aponta Fecom\u00e9rcio-RJ","author":"","date":"Agosto 17, 2020","format":false,"excerpt":"O documento cita o projeto de lei 3887\/20, enviado recentemente ao Congresso Nacional. A mat\u00e9ria cria um tributo \u00fanico, denominado Contribui\u00e7\u00e3o sobre Bens e Consumo (CBS), em substitui\u00e7\u00e3o aos atuais PIS e COFINS Em meio \u00e0s discuss\u00f5es sobre as mudan\u00e7as no sistema de arrecada\u00e7\u00e3o de impostos no Brasil, entidades de\u2026","rel":"","context":"In &quot;Atualidade&quot;","block_context":{"text":"Atualidade","link":"https:\/\/correiodasemana.com\/site\/category\/atualidade\/"},"img":{"alt_text":"","src":"https:\/\/i0.wp.com\/correiodasemana.com\/site\/wp-content\/uploads\/2020\/08\/conta.jpg?resize=350%2C200&ssl=1","width":350,"height":200},"classes":[]}],"jetpack_sharing_enabled":true,"_links":{"self":[{"href":"https:\/\/correiodasemana.com\/site\/wp-json\/wp\/v2\/posts\/19639","targetHints":{"allow":["GET"]}}],"collection":[{"href":"https:\/\/correiodasemana.com\/site\/wp-json\/wp\/v2\/posts"}],"about":[{"href":"https:\/\/correiodasemana.com\/site\/wp-json\/wp\/v2\/types\/post"}],"author":[{"embeddable":true,"href":"https:\/\/correiodasemana.com\/site\/wp-json\/wp\/v2\/users\/1"}],"replies":[{"embeddable":true,"href":"https:\/\/correiodasemana.com\/site\/wp-json\/wp\/v2\/comments?post=19639"}],"version-history":[{"count":1,"href":"https:\/\/correiodasemana.com\/site\/wp-json\/wp\/v2\/posts\/19639\/revisions"}],"predecessor-version":[{"id":19640,"href":"https:\/\/correiodasemana.com\/site\/wp-json\/wp\/v2\/posts\/19639\/revisions\/19640"}],"wp:featuredmedia":[{"embeddable":true,"href":"https:\/\/correiodasemana.com\/site\/wp-json\/wp\/v2\/media\/12973"}],"wp:attachment":[{"href":"https:\/\/correiodasemana.com\/site\/wp-json\/wp\/v2\/media?parent=19639"}],"wp:term":[{"taxonomy":"category","embeddable":true,"href":"https:\/\/correiodasemana.com\/site\/wp-json\/wp\/v2\/categories?post=19639"},{"taxonomy":"post_tag","embeddable":true,"href":"https:\/\/correiodasemana.com\/site\/wp-json\/wp\/v2\/tags?post=19639"}],"curies":[{"name":"wp","href":"https:\/\/api.w.org\/{rel}","templated":true}]}}