{"id":19641,"date":"2022-05-01T22:31:45","date_gmt":"2022-05-02T01:31:45","guid":{"rendered":"https:\/\/correiodasemana.com\/site\/?p=19641"},"modified":"2022-05-01T22:31:45","modified_gmt":"2022-05-02T01:31:45","slug":"um-artista-plastico-na-academia-massapeense-de-letras-e-artes","status":"publish","type":"post","link":"https:\/\/correiodasemana.com\/site\/um-artista-plastico-na-academia-massapeense-de-letras-e-artes\/","title":{"rendered":"UM ARTISTA PL\u00c1STICO: NA ACADEMIA MASSAPEENSE DE LETRAS E ARTES"},"content":{"rendered":"<p>O grande historiador Alois Riegl representante da instaura\u00e7\u00e3o de uma filosofia transcendental da arte, criou uma nova vis\u00e3o idealista da ess\u00eancia da arte. Riegl op\u00f5e-se \u00e0s terorias materialistas, que faziam derivar, geneticamente, todas as formas art\u00edsticas das propriedades do material e da t\u00e9cnica empregados em sua elabora\u00e7\u00e3o. Cunhou o conceito da vontade art\u00edstica., com o qual p\u00f5e em relevo a soberania do esp\u00edrito diante das condi\u00e7\u00f5es materiais da cria\u00e7\u00e3o art\u00edstica. Riegl acreditava numa beleza aut\u00f4toma dos valores art\u00edsticos. Os artistas n\u00e3o fazem aquilo que sabem fazer, mas o que querem fazer. A esse querer chamamou de vontade art\u00edstica.<br \/>\nPosteriormente, num setor especial da investiga\u00e7\u00e3o art\u00edstica, a explora\u00e7\u00e3o sociol\u00f3gica ganha relevo inesperado. A grande contribui\u00e7\u00e3o, nesse terreno, \u00e9 do principal estudioso do folclore e de arte de povos nativos, Michael Haberlandt, merc\u00ea da qual se checou a um n\u00edtido enfoque do problema da arte popular, a arte comunit\u00e1ria, que n\u00e3o pode-se ser explicada em confronto com arte erudita, mas somente a partir de sua pr\u00f3pria estrutura. \u00c9 o caso, de Arte Naif, tamb\u00e9m denominada de Arte Primitiva Moderna, que pode ser interpretada como um tipo de arte simples, desenvolvida por artistas sem preparo e conhecimento das t\u00e9cnicas acad\u00eamicas. Eis um motivo que a justifica, como testamento do espir\u00edto art\u00edstico popular, o \u00edcone da Arte Naif \u00e9 Henri Rousseau, pintor especialista em cores, considerado por muitos como precursor da corrente e principal artista.<br \/>\nPouco tempo depois o estilo j\u00e1 havia se espalhado pelo mundo, principalmente nos Estados Unidos. Mas tarde, a Arte Naif influenciaria algumas importantes correntes da vanguarda e o modo como o p\u00fablico consumia a arte no geral.<br \/>\nAtualmente, as obras da Arte Naif s\u00e3o bastante valorizadas e disputadas no mundo da arte. Muitas delas est\u00e3o expostas em importantes galerias espalhadas pelo mundo. No Brasil, o \u201cPanel de Santa B\u00e1rbara\u201d da Djanira da Mota, e obras de Heitor dos Prazeres, Mestre Vitalino e de tantos outros.<br \/>\nNessa mesma linha dessa arte, sem compromisso com os valores est\u00e9ticos da tradi\u00e7\u00e3o erudita. Temos a figura do grande artista pl\u00e1stico massapeense Jo\u00e3o Batista Soares. sem forma\u00e7\u00e3o acad\u00eamica, autodidata, que segue seu pr\u00f3prio estilo de representa\u00e7\u00e3o art\u00edtica, suas pinturas \u00e9 esmiu\u00e7adas nos m\u00ednimos detalhes de sua contextura, hist\u00f3rica, religiosa, m\u00edstica, ideliza\u00e7\u00e3o da cidade, como a antiga Casa do Dr. Miguel En\u00e9ias, pintada, com cores vibrantes, al\u00e9m de elementos da realidades do mundo imagin\u00e1rio.<br \/>\nNele h\u00e1 uma emigra\u00e7\u00e3o de cria\u00e7\u00f5es art\u00edsticas: se aventura tamb\u00e9m em outra est\u00e9tica, o da natureza morta, tamb\u00e9m explorada por grandes artistas do impressionismo e p\u00f3s-impressionismo, como Renoir, Van Gogh, Poul C\u00e9zanne, Monet. No Brasil, por Di Cavalcante. Nesta corrente doutrin\u00e1ria, o massapeense Jo\u00e3o Batista, explora paisagem morta e da natureza, imprime o seu selo em elementos do cotidiano, de forma sublime e, assim, retrata com a alegria de vida cotidiana.<br \/>\nNa descri\u00e7\u00e3o da natureza art\u00edstica, Jo\u00e3o Batista Soares \u00e9 um grande artista pl\u00e1stico. Vem de uma fam\u00edlia de origem humilde e simples, a sua posi\u00e7\u00e3o social, para do artista que ele \u00e9, talvez se esconde forte dose de preconceito de n\u00e3o reconhecer as obras desse artista, por falta de esp\u00edrito de uma cr\u00edtica justa. Mas sem d\u00favida, a sua pintura \u00e9 uma arma contra esse preconceito, a manifes\u00e7\u00e3o do seu estilo de pintar, cada pedacinho da telha, pedregulho do ch\u00e3o da cidade, floco de neve ou pistilo de uma flor \u00e9 transpostado para a sua tela.<br \/>\nA sua pintura d\u00e1 gosto de ver. Ou ser\u00e1 que s\u00f3 \u00e9 bonitinha, talvez se possa dizer: que a arte \u201cnaif\u201d \u00e9 um r\u00f3tulo, com certeza pejorativo: um campo pintado com o cuidado de quem faz, s\u00f3 pode parecer de fato ing\u00eamuo ou inculto, depois de revolu\u00e7\u00f5es que a arte conheceu durante o S\u00e9culo XX e come\u00e7o do S\u00e9culo XXI. Como Pablo Picasso se encantou com a exposi\u00e7\u00e3o de Rosseau, que depois influ\u00eanciou o surrealismo de Salvador Dal\u00ed. Trata-se de um g\u00eanero j\u00e1 plenamente inclu\u00eddo no mercado da arte, e nada crer que os pintores \u201cnaif\u201d sejam desiformados com rela\u00e7\u00e3o \u00e0 arte moderna.<br \/>\nO que d\u00f3i \u00e9 o descaso oficial da cidade de Massap\u00ea para com a figura de Jo\u00e3o Batista, que pode se projetar al\u00e9m das fronteiras, como um artista pl\u00e1stico apostolar de uma arte feita de cor viva para o espirito daqueles que ainda t\u00eam, a sensibilidade de ver uma arte da contemporaneidade brasileira? Do artista pl\u00e1stico de ruas, pr\u00e9dios, pra\u00e7as, prociss\u00e3o religiosa, campos e do folclore cearense, sempre em busca de uma sensibilidade humana?<br \/>\nTudo isto, significa dizer que a Academia Massapeense de Letras e Artes enriquezeu com a sua entrada, como o primeiro art\u00edsta pl\u00e1stico a tomar assento numa de suas cardeira, que se insere no centro do acontecer hist\u00f3rico massapeense.<\/p>\n<p>Eudes de Sousa, presidente da Academia, jornalista e cr\u00edtico liter\u00e1rio.<\/p>\n","protected":false},"excerpt":{"rendered":"<p>O grande historiador Alois Riegl representante da instaura\u00e7\u00e3o de uma filosofia transcendental da arte, criou&#8230;<\/p>\n","protected":false},"author":1,"featured_media":16811,"comment_status":"open","ping_status":"open","sticky":false,"template":"","format":"standard","meta":{"_jetpack_memberships_contains_paid_content":false,"footnotes":"","jetpack_publicize_message":"","jetpack_publicize_feature_enabled":true,"jetpack_social_post_already_shared":true,"jetpack_social_options":{"image_generator_settings":{"template":"highway","default_image_id":0,"font":"","enabled":false},"version":2}},"categories":[1],"tags":[],"class_list":["post-19641","post","type-post","status-publish","format-standard","has-post-thumbnail","hentry","category-atualidade"],"jetpack_publicize_connections":[],"jetpack_featured_media_url":"https:\/\/correiodasemana.com\/site\/wp-content\/uploads\/2021\/06\/Eudes-Sousa-presidente-da-Academia-Massapeense-de-Letras-e-Artes2.png","jetpack-related-posts":[{"id":16139,"url":"https:\/\/correiodasemana.com\/site\/artista-plastico-gerson-maranguape-se-destaca-em-tiangua-por-suas-pecas-em-preto-e-branco\/","url_meta":{"origin":19641,"position":0},"title":"Artista Pl\u00e1stico Gerson Maranguape se destaca em Tiangu\u00e1 por suas pe\u00e7as em preto-e-branco","author":"","date":"Abril 5, 2021","format":false,"excerpt":"Por Samuel Carvalho - Reda\u00e7\u00e3o Correio da Semana Residente do munic\u00edpio de Tiangu\u00e1, na serra da Ibiapaba, o artista pl\u00e1stico Gerson Maranguape mant\u00e9m em seu bar um ateli\u00ea onde ele guarda diversas obras feitas por suas pinceladas caracter\u00edsticas em preto-e-branco. De artes abstratas a grandes personalidades, como Roberto Carlos, Belchior,\u2026","rel":"","context":"In &quot;Atualidade&quot;","block_context":{"text":"Atualidade","link":"https:\/\/correiodasemana.com\/site\/category\/atualidade\/"},"img":{"alt_text":"","src":"https:\/\/i0.wp.com\/correiodasemana.com\/site\/wp-content\/uploads\/2021\/04\/pag-3-33.png?resize=350%2C200&ssl=1","width":350,"height":200,"srcset":"https:\/\/i0.wp.com\/correiodasemana.com\/site\/wp-content\/uploads\/2021\/04\/pag-3-33.png?resize=350%2C200&ssl=1 1x, https:\/\/i0.wp.com\/correiodasemana.com\/site\/wp-content\/uploads\/2021\/04\/pag-3-33.png?resize=525%2C300&ssl=1 1.5x, https:\/\/i0.wp.com\/correiodasemana.com\/site\/wp-content\/uploads\/2021\/04\/pag-3-33.png?resize=700%2C400&ssl=1 2x"},"classes":[]},{"id":13096,"url":"https:\/\/correiodasemana.com\/site\/a-arte-de-ser-pai\/","url_meta":{"origin":19641,"position":1},"title":"A ARTE DE SER PAI","author":"","date":"Agosto 24, 2020","format":false,"excerpt":"Ao Sr. Iz\u00eddio Ribeiro Lira, meu Pai! Tem temas que s\u00e3o atemporais. Pode ter um dia, mas, todos os dias s\u00e3o deles assim \u00e9 pai e m\u00e3e. N\u00e3o \u00e9 exagero dizer que este ano est\u00e1 estranho e que as comemora\u00e7\u00f5es\/celebra\u00e7\u00f5es est\u00e3o meio que truncadas. Claro que celebrei e comemorei com\u2026","rel":"","context":"In &quot;Artigos&quot;","block_context":{"text":"Artigos","link":"https:\/\/correiodasemana.com\/site\/category\/artigos\/"},"img":{"alt_text":"","src":"https:\/\/i0.wp.com\/correiodasemana.com\/site\/wp-content\/uploads\/2018\/02\/Jose%CC%81-1.jpg?resize=350%2C200&ssl=1","width":350,"height":200,"srcset":"https:\/\/i0.wp.com\/correiodasemana.com\/site\/wp-content\/uploads\/2018\/02\/Jose%CC%81-1.jpg?resize=350%2C200&ssl=1 1x, https:\/\/i0.wp.com\/correiodasemana.com\/site\/wp-content\/uploads\/2018\/02\/Jose%CC%81-1.jpg?resize=525%2C300&ssl=1 1.5x, https:\/\/i0.wp.com\/correiodasemana.com\/site\/wp-content\/uploads\/2018\/02\/Jose%CC%81-1.jpg?resize=700%2C400&ssl=1 2x"},"classes":[]},{"id":24930,"url":"https:\/\/correiodasemana.com\/site\/regis-frota-um-trajeto-luminoso\/","url_meta":{"origin":19641,"position":2},"title":"R\u00c9GIS FROTA: Um trajeto luminoso","author":"adminredacao","date":"Maio 29, 2023","format":false,"excerpt":"EUDES DE SOUSA Faulkner criou uma prov\u00edncia para dentro dela construir seu universo romanesco. Tolstoi aconselha pintar sua prov\u00edncia para ser universal. R\u00e9gis Frota traz consigo a prov\u00edncia nativa, o Cear\u00e1, para dentro dela colocar o universo, na complexidade do patrim\u00f4nio art\u00edstico-cultural, formado pelo patrim\u00f4nio humano, pr\u00e9dios e casas, garantindo\u2026","rel":"","context":"In &quot;Artigos&quot;","block_context":{"text":"Artigos","link":"https:\/\/correiodasemana.com\/site\/category\/artigos\/"},"img":{"alt_text":"","src":"https:\/\/i0.wp.com\/correiodasemana.com\/site\/wp-content\/uploads\/2021\/06\/Eudes-Sousa-presidente-da-Academia-Massapeense-de-Letras-e-Artes2.png?resize=350%2C200&ssl=1","width":350,"height":200,"srcset":"https:\/\/i0.wp.com\/correiodasemana.com\/site\/wp-content\/uploads\/2021\/06\/Eudes-Sousa-presidente-da-Academia-Massapeense-de-Letras-e-Artes2.png?resize=350%2C200&ssl=1 1x, https:\/\/i0.wp.com\/correiodasemana.com\/site\/wp-content\/uploads\/2021\/06\/Eudes-Sousa-presidente-da-Academia-Massapeense-de-Letras-e-Artes2.png?resize=525%2C300&ssl=1 1.5x"},"classes":[]},{"id":11032,"url":"https:\/\/correiodasemana.com\/site\/arte-educacao-sensibilidade-e-compromisso\/","url_meta":{"origin":19641,"position":3},"title":"Arte-educa\u00e7\u00e3o: sensibilidade e compromisso","author":"","date":"Mar\u00e7o 2, 2020","format":false,"excerpt":"por F\u00e1tima Moura H\u00e1 exatos 98 anos aconteceu o movimento art\u00edstico-cultural de maior express\u00e3o nacional: A Semana da Arte Moderna. De 11 a 18 de fevereiro 1992, um elenco de artistas brasileiros atuantes nas artes pl\u00e1sticas, literatura e na m\u00fasica organizaram uma manifesta\u00e7\u00e3o, no Teatro Municipal de S\u00e3o Paulo, para\u2026","rel":"","context":"In &quot;Artigos&quot;","block_context":{"text":"Artigos","link":"https:\/\/correiodasemana.com\/site\/category\/artigos\/"},"img":{"alt_text":"","src":"https:\/\/i0.wp.com\/correiodasemana.com\/site\/wp-content\/uploads\/2020\/02\/fatimamoura9.jpg?resize=350%2C200&ssl=1","width":350,"height":200},"classes":[]},{"id":21026,"url":"https:\/\/correiodasemana.com\/site\/necrobrasiliana-exposicao-na-fundaj-faz-uma-releitura-da-memoria-colonial\/","url_meta":{"origin":19641,"position":4},"title":"Necrobrasiliana: exposi\u00e7\u00e3o na Fundaj faz uma releitura da mem\u00f3ria colonial","author":"","date":"Setembro 18, 2022","format":false,"excerpt":"Abertura da mostra ser\u00e1 no pr\u00f3ximo dia 15 e contar\u00e1 com performance Angu, da artista maranhense G\u00ea Viana Novos olhares, tra\u00e7os, mem\u00f3rias e interpreta\u00e7\u00f5es nas telas. Reunindo 26 obras de 12 artistas contempor\u00e2neos, a exposi\u00e7\u00e3o \u201cNecrobrasiliana\u201d chega \u00e0 Galeria Vicente do Rego Monteiro, da Funda\u00e7\u00e3o Joaquim Nabuco (Fundaj), no dia\u2026","rel":"","context":"In &quot;Atualidade&quot;","block_context":{"text":"Atualidade","link":"https:\/\/correiodasemana.com\/site\/category\/atualidade\/"},"img":{"alt_text":"","src":"https:\/\/i0.wp.com\/correiodasemana.com\/site\/wp-content\/uploads\/2022\/09\/memorias-brasil.jpg?resize=350%2C200&ssl=1","width":350,"height":200,"srcset":"https:\/\/i0.wp.com\/correiodasemana.com\/site\/wp-content\/uploads\/2022\/09\/memorias-brasil.jpg?resize=350%2C200&ssl=1 1x, https:\/\/i0.wp.com\/correiodasemana.com\/site\/wp-content\/uploads\/2022\/09\/memorias-brasil.jpg?resize=525%2C300&ssl=1 1.5x"},"classes":[]},{"id":27473,"url":"https:\/\/correiodasemana.com\/site\/em-tempo-204\/","url_meta":{"origin":19641,"position":5},"title":"EM TEMPO \u2022","author":"adminredacao","date":"Dezembro 4, 2023","format":false,"excerpt":"4\u00aa Confer\u00eancia Estadual de Cultura A programa\u00e7\u00e3o da 4\u00aa Confer\u00eancia Estadual de Cultura do Cear\u00e1 teve in\u00edcio no dia 30 de novembro e prossegue at\u00e9 s\u00e1bado, 2 de dezembro, com debate sobre democracia e o exerc\u00edcio dos direitos culturais. O evento acontece no SESC Iparana, Regi\u00e3o Metropolitana de Fortaleza. Fruto\u2026","rel":"","context":"In &quot;Artigos&quot;","block_context":{"text":"Artigos","link":"https:\/\/correiodasemana.com\/site\/category\/artigos\/"},"img":{"alt_text":"","src":"https:\/\/i0.wp.com\/correiodasemana.com\/site\/wp-content\/uploads\/2023\/12\/WhatsApp-Image-2023-12-01-at-17.41.40-300x200.jpeg?resize=350%2C200&ssl=1","width":350,"height":200},"classes":[]}],"jetpack_sharing_enabled":true,"_links":{"self":[{"href":"https:\/\/correiodasemana.com\/site\/wp-json\/wp\/v2\/posts\/19641","targetHints":{"allow":["GET"]}}],"collection":[{"href":"https:\/\/correiodasemana.com\/site\/wp-json\/wp\/v2\/posts"}],"about":[{"href":"https:\/\/correiodasemana.com\/site\/wp-json\/wp\/v2\/types\/post"}],"author":[{"embeddable":true,"href":"https:\/\/correiodasemana.com\/site\/wp-json\/wp\/v2\/users\/1"}],"replies":[{"embeddable":true,"href":"https:\/\/correiodasemana.com\/site\/wp-json\/wp\/v2\/comments?post=19641"}],"version-history":[{"count":1,"href":"https:\/\/correiodasemana.com\/site\/wp-json\/wp\/v2\/posts\/19641\/revisions"}],"predecessor-version":[{"id":19642,"href":"https:\/\/correiodasemana.com\/site\/wp-json\/wp\/v2\/posts\/19641\/revisions\/19642"}],"wp:featuredmedia":[{"embeddable":true,"href":"https:\/\/correiodasemana.com\/site\/wp-json\/wp\/v2\/media\/16811"}],"wp:attachment":[{"href":"https:\/\/correiodasemana.com\/site\/wp-json\/wp\/v2\/media?parent=19641"}],"wp:term":[{"taxonomy":"category","embeddable":true,"href":"https:\/\/correiodasemana.com\/site\/wp-json\/wp\/v2\/categories?post=19641"},{"taxonomy":"post_tag","embeddable":true,"href":"https:\/\/correiodasemana.com\/site\/wp-json\/wp\/v2\/tags?post=19641"}],"curies":[{"name":"wp","href":"https:\/\/api.w.org\/{rel}","templated":true}]}}