{"id":19666,"date":"2022-05-01T22:53:00","date_gmt":"2022-05-02T01:53:00","guid":{"rendered":"https:\/\/correiodasemana.com\/site\/?p=19666"},"modified":"2022-05-01T22:53:00","modified_gmt":"2022-05-02T01:53:00","slug":"em-tempo-131","status":"publish","type":"post","link":"https:\/\/correiodasemana.com\/site\/em-tempo-131\/","title":{"rendered":"Em Tempo"},"content":{"rendered":"<p><strong>Doa\u00e7\u00f5es para custear cirurgias infantis<\/strong><br \/>\nO Hospital de Olhos Caviver, em Fortaleza, realiza campanha social para a arrecada\u00e7\u00e3o de recursos, para o custeio de 150 consultas e cirurgias em crian\u00e7as atendidas pela institui\u00e7\u00e3o, muitas com quadros cl\u00ednicos que podem levar \u00e0 cegueira, caso n\u00e3o sejam tratadas a tempo.<br \/>\nAs contribui\u00e7\u00f5es para a campanha Sua Doa\u00e7\u00e3o Salva uma Vis\u00e3o podem ser realizadas por meio da chave Pix 08.222.387\/0001-32. Segundo o Caviver, as doen\u00e7as mais comuns entre as crian\u00e7as atendidas s\u00e3o catarata cong\u00eanita, glaucoma cong\u00eanito e retinopatia da prematuridade.<\/p>\n<p><strong>Curso de Fotografia na Casa Amarela\u00a0<\/strong><br \/>\nA Casa Amarela Eus\u00e9bio Oliveira, da Universidade Federal do Cear\u00e1 (UFC), segue com inscri\u00e7\u00f5es abertas para Curso B\u00e1sico de Fotografia\u00a0at\u00e9 2 de maio, no site http:\/\/www.caeo.ufc.br. O curso em Fortaleza ser\u00e1 a primeira edi\u00e7\u00e3o presencial do ano e ter\u00e1 60 horas de dura\u00e7\u00e3o.<br \/>\nA forma\u00e7\u00e3o apresentar\u00e1 conceitos e ferramentas importantes para a profissionaliza\u00e7\u00e3o dos fot\u00f3grafos iniciantes. Atividades ser\u00e3o ministradas por Fernando Jorge, fot\u00f3grafo, professor de fotografia e mestre em Comunica\u00e7\u00e3o e Artes pela Universidade Nova Lisboa.<\/p>\n<p><strong><img fetchpriority=\"high\" decoding=\"async\" class=\"alignleft size-medium wp-image-19667\" src=\"https:\/\/correiodasemana.com\/site\/wp-content\/uploads\/2022\/05\/foto-em-tempo-edilson-silva-300x181.jpg\" alt=\"\" width=\"300\" height=\"181\" srcset=\"https:\/\/correiodasemana.com\/site\/wp-content\/uploads\/2022\/05\/foto-em-tempo-edilson-silva-300x181.jpg 300w, https:\/\/correiodasemana.com\/site\/wp-content\/uploads\/2022\/05\/foto-em-tempo-edilson-silva.jpg 346w\" sizes=\"(max-width: 300px) 100vw, 300px\" \/>Tarc\u00edsio Sardinha morre aos 58 anos<\/strong><br \/>\n<strong>Foto \u2013 DN <\/strong><br \/>\n<strong>Multi-instrumentista Tarc\u00edsio Sardinha (Tarc\u00edsio de Lima Carvalho)<\/strong><br \/>\nM\u00fasico e mestre de tantos artistas cearenses, Tarc\u00edsio Sardinha faleceu no dia 25 de abril, aos 58 anos, em Fortaleza. Com mais de 40 anos de carreira, tornou-se um dos profissionais mais completos e um dos maiores nomes da m\u00fasica instrumental, especialista em diversos estilos.<br \/>\nAl\u00e9m de refer\u00eancia ao choro contempor\u00e2neo, o violonista, compositor, arranjador e multi-instrumentista Tarc\u00edsio de Lima Carvalho foi um mestre para in\u00fameras gera\u00e7\u00f5es de m\u00fasicos e musicistas. Com o parceiro viol\u00e3o encantou salas de aula, rodas de choro, bares e lares.<\/p>\n<p><strong>Show de Marisa Monte em Fortaleza<\/strong><br \/>\nNo palco do Centro de Eventos do Cear\u00e1, no dia 23 de abril, a cantora Marisa Monte realizou show com can\u00e7\u00f5es de todas as fases de sua carreira, desde m\u00fasicas antigas do primeiro disco at\u00e9 as novas faixas do \u201cPortas\u201d, primeiro trabalho solo e in\u00e9dito desde 2011.<br \/>\nLan\u00e7ado no ano passado, o disco carrega a indisfar\u00e7\u00e1vel leveza da artista e o \u00edmpeto de singrar mudan\u00e7as.\u00a0Fortaleza, segundo Marisa Monte, nunca ficaria de fora desse tr\u00e2nsito afetivo. V\u00e1rios amigos da cantora e as ra\u00edzes familiares pelo lado paterno est\u00e3o em territ\u00f3rio cearense.<\/p>\n<p><strong>Dia da Terra: Proteja nossas Esp\u00e9cies<\/strong><br \/>\nO Dia da Terra foi institu\u00eddo pela Unesco em 22 de abril de 1970 com a finalidade de criar uma consci\u00eancia comum sobre os problemas da contamina\u00e7\u00e3o, conserva\u00e7\u00e3o da biodiversidade e outras preocupa\u00e7\u00f5es ambientais necess\u00e1rias para a prote\u00e7\u00e3o do planeta Terra<br \/>\nCom o tema Proteja nossas Esp\u00e9cies, a organiza\u00e7\u00e3o internacional Nova Acr\u00f3pole prop\u00f5e a mudan\u00e7a do ser humano como chave de preserva\u00e7\u00e3o da natureza e dos grandes problemas que afetam a humanidade, estabelecendo um pacto de amor e respeito por todas as formas de vida.<\/p>\n<p><strong>Dica da Coluna<\/strong><br \/>\nLeia o Blog do Edilson (www.blogdoedilson.com.br): Cultura, educa\u00e7\u00e3o, pol\u00edtica e utilidade p\u00fablica.<\/p>\n","protected":false},"excerpt":{"rendered":"<p>Doa\u00e7\u00f5es para custear cirurgias infantis O Hospital de Olhos Caviver, em Fortaleza, realiza campanha social&#8230;<\/p>\n","protected":false},"author":1,"featured_media":10199,"comment_status":"open","ping_status":"open","sticky":false,"template":"","format":"standard","meta":{"_jetpack_memberships_contains_paid_content":false,"footnotes":"","jetpack_publicize_message":"","jetpack_publicize_feature_enabled":true,"jetpack_social_post_already_shared":true,"jetpack_social_options":{"image_generator_settings":{"template":"highway","default_image_id":0,"font":"","enabled":false},"version":2}},"categories":[11,36],"tags":[],"class_list":["post-19666","post","type-post","status-publish","format-standard","has-post-thumbnail","hentry","category-artigos","category-em-tempo"],"jetpack_publicize_connections":[],"jetpack_featured_media_url":"https:\/\/correiodasemana.com\/site\/wp-content\/uploads\/2019\/12\/FOTO-EDILSON-SILVA-2.jpg","jetpack-related-posts":[{"id":19737,"url":"https:\/\/correiodasemana.com\/site\/em-tempo-132\/","url_meta":{"origin":19666,"position":0},"title":"Em Tempo","author":"","date":"Maio 8, 2022","format":false,"excerpt":"Beatifica\u00e7\u00e3o de Benigna Cardoso Beatifica\u00e7\u00e3o de Benigna Cardoso, de Santana do Cariri, foi confirmada pela Santa S\u00e9, em Roma, para 24 de outubro. Celebra\u00e7\u00e3o ser\u00e1 presidida pelo cardeal Marcello Semararo, prefeito da Congrega\u00e7\u00e3o das Causas dos Santos, na\u00a0Pra\u00e7a da Catedral de Nossa Senhora da Penha, no\u00a0Crato. A resposta chegou \u00e0\u2026","rel":"","context":"In &quot;Artigos&quot;","block_context":{"text":"Artigos","link":"https:\/\/correiodasemana.com\/site\/category\/artigos\/"},"img":{"alt_text":"","src":"https:\/\/i0.wp.com\/correiodasemana.com\/site\/wp-content\/uploads\/2022\/05\/campelo-sobral-300x252.jpg?resize=350%2C200&ssl=1","width":350,"height":200},"classes":[]},{"id":20322,"url":"https:\/\/correiodasemana.com\/site\/santa-casa-de-sobral-realiza-atendimento-gratuito-a-pacientes-com-fissuras-labiopalatinas-em-parceria-com-a-smile-train\/","url_meta":{"origin":19666,"position":1},"title":"Santa Casa de Sobral realiza atendimento gratuito a pacientes com fissuras labiopalatinas em parceria com a Smile Train","author":"","date":"Julho 3, 2022","format":false,"excerpt":"Cerca de 30 pessoas, entre crian\u00e7as, adolescentes e adultos foram atendidas na campanha. A Santa Casa de Miseric\u00f3rdia de Sobral em parceria com a organiza\u00e7\u00e3o internacional filantr\u00f3pica Smile Train e com o curso de Odontologia do Centro Universit\u00e1rio INTA (UNINTA) promoveu na quarta-feira (29\/06) um mutir\u00e3o de avalia\u00e7\u00f5es pr\u00e9-cir\u00fargicas gratuitas\u2026","rel":"","context":"In &quot;Atualidade&quot;","block_context":{"text":"Atualidade","link":"https:\/\/correiodasemana.com\/site\/category\/atualidade\/"},"img":{"alt_text":"","src":"https:\/\/i0.wp.com\/correiodasemana.com\/site\/wp-content\/uploads\/2022\/07\/sta-casa-medcos.jpg?resize=350%2C200&ssl=1","width":350,"height":200,"srcset":"https:\/\/i0.wp.com\/correiodasemana.com\/site\/wp-content\/uploads\/2022\/07\/sta-casa-medcos.jpg?resize=350%2C200&ssl=1 1x, https:\/\/i0.wp.com\/correiodasemana.com\/site\/wp-content\/uploads\/2022\/07\/sta-casa-medcos.jpg?resize=525%2C300&ssl=1 1.5x, https:\/\/i0.wp.com\/correiodasemana.com\/site\/wp-content\/uploads\/2022\/07\/sta-casa-medcos.jpg?resize=700%2C400&ssl=1 2x, https:\/\/i0.wp.com\/correiodasemana.com\/site\/wp-content\/uploads\/2022\/07\/sta-casa-medcos.jpg?resize=1050%2C600&ssl=1 3x"},"classes":[]},{"id":20276,"url":"https:\/\/correiodasemana.com\/site\/mutirao-de-avaliacoes-pre-cirurgicas-gratuitas-para-pacientes-com-fissuras-labiopalatinas-sera-realizado-pela-santa-casa-de-sobral\/","url_meta":{"origin":19666,"position":2},"title":"Mutir\u00e3o de avalia\u00e7\u00f5es pr\u00e9-cir\u00fargicas gratuitas para pacientes com fissuras labiopalatinas ser\u00e1 realizado pela Santa Casa de Sobral","author":"","date":"Junho 27, 2022","format":false,"excerpt":"O volume de cirurgias ser\u00e1 de acordo com a demanda de pacientes sem limite de idade. As fissuras labiopalatinas (popularmente conhecida como l\u00e1bio leporino) s\u00e3o os defeitos cong\u00eanitos mais comuns entre as malforma\u00e7\u00f5es que afetam a face do ser humano, atingindo uma crian\u00e7a a cada 650 nascidas, de acordo com\u2026","rel":"","context":"In &quot;Atualidade&quot;","block_context":{"text":"Atualidade","link":"https:\/\/correiodasemana.com\/site\/category\/atualidade\/"},"img":{"alt_text":"","src":"https:\/\/i0.wp.com\/correiodasemana.com\/site\/wp-content\/uploads\/2022\/06\/avalicao-sta-casa.jpg?resize=350%2C200&ssl=1","width":350,"height":200},"classes":[]},{"id":23992,"url":"https:\/\/correiodasemana.com\/site\/em-tempo-170\/","url_meta":{"origin":19666,"position":3},"title":"Em Tempo","author":"adminredacao","date":"Abril 11, 2023","format":false,"excerpt":"Cursos direcionados \u00e0 ind\u00fastria 4.0 O campus de Sobral do Instituto Federal de Educa\u00e7\u00e3o, Ci\u00eancia e Tecnologia do Cear\u00e1 (IFCE) lan\u00e7ou chamada p\u00fablica com oferta de novas vagas para cursos de extens\u00e3o na \u00e1rea de modelagem computacional aplicada \u00e0 impress\u00e3o 3D e corte a laser. S\u00e3o 20 vagas em cada\u2026","rel":"","context":"In &quot;Artigos&quot;","block_context":{"text":"Artigos","link":"https:\/\/correiodasemana.com\/site\/category\/artigos\/"},"img":{"alt_text":"","src":"https:\/\/i0.wp.com\/correiodasemana.com\/site\/wp-content\/uploads\/2023\/04\/ricardo-300x221.jpg?resize=350%2C200&ssl=1","width":350,"height":200},"classes":[]},{"id":9367,"url":"https:\/\/correiodasemana.com\/site\/santa-casa-de-misericordia-de-sobral-oferece-cirurgias-gratuitas-de-fissura-labiopalatina-para-toda-regiao-norte-do-estado\/","url_meta":{"origin":19666,"position":4},"title":"Santa Casa de Miseric\u00f3rdia de Sobral oferece cirurgias gratuitas de Fissura Labiopalatina para toda regi\u00e3o norte do Estado","author":"","date":"Outubro 7, 2019","format":false,"excerpt":"Cirurgias acontecem durante todo o ano e os interessados devem procurar o ambulat\u00f3rio do Hospital, toda segunda-feira, \u00e0s 14h Assessoria de Comunica\u00e7\u00e3o da Santa Casa de Miseric\u00f3rdia de Sobral Pessoas\u00a0que possuem Fissura Labiopalatina -\u00a0abertura na regi\u00e3o do l\u00e1bio e\/ou palato (c\u00e9u da boca) -\u00a0podem procurar a Santa Casa de Miseric\u00f3rdia\u2026","rel":"","context":"In &quot;Santa Casa&quot;","block_context":{"text":"Santa Casa","link":"https:\/\/correiodasemana.com\/site\/category\/santa-casa\/"},"img":{"alt_text":"","src":"https:\/\/i0.wp.com\/correiodasemana.com\/site\/wp-content\/uploads\/2019\/10\/Cirurgia_Labio.jpg?resize=350%2C200&ssl=1","width":350,"height":200,"srcset":"https:\/\/i0.wp.com\/correiodasemana.com\/site\/wp-content\/uploads\/2019\/10\/Cirurgia_Labio.jpg?resize=350%2C200&ssl=1 1x, https:\/\/i0.wp.com\/correiodasemana.com\/site\/wp-content\/uploads\/2019\/10\/Cirurgia_Labio.jpg?resize=525%2C300&ssl=1 1.5x, https:\/\/i0.wp.com\/correiodasemana.com\/site\/wp-content\/uploads\/2019\/10\/Cirurgia_Labio.jpg?resize=700%2C400&ssl=1 2x, https:\/\/i0.wp.com\/correiodasemana.com\/site\/wp-content\/uploads\/2019\/10\/Cirurgia_Labio.jpg?resize=1050%2C600&ssl=1 3x, https:\/\/i0.wp.com\/correiodasemana.com\/site\/wp-content\/uploads\/2019\/10\/Cirurgia_Labio.jpg?resize=1400%2C800&ssl=1 4x"},"classes":[]},{"id":16813,"url":"https:\/\/correiodasemana.com\/site\/em-tempo-87\/","url_meta":{"origin":19666,"position":5},"title":"Em Tempo","author":"","date":"Junho 21, 2021","format":false,"excerpt":"Festival Internacional In-Edit Brasil Com a exibi\u00e7\u00e3o de mais de 50 filmes in\u00e9ditos, a 13\u00aa edi\u00e7\u00e3o do\u00a0Festival Internacional In-Edit Brasil, estreou no dia 16 de junho. A programa\u00e7\u00e3o ser\u00e1 totalmente online, com produ\u00e7\u00f5es nacionais e internacionais sobre o setor musical, com exibi\u00e7\u00e3o de filmes, debates e shows. A mostra se\u2026","rel":"","context":"In &quot;Artigos&quot;","block_context":{"text":"Artigos","link":"https:\/\/correiodasemana.com\/site\/category\/artigos\/"},"img":{"alt_text":"","src":"https:\/\/i0.wp.com\/correiodasemana.com\/site\/wp-content\/uploads\/2019\/12\/FOTO-EDILSON-SILVA-2.jpg?resize=350%2C200&ssl=1","width":350,"height":200,"srcset":"https:\/\/i0.wp.com\/correiodasemana.com\/site\/wp-content\/uploads\/2019\/12\/FOTO-EDILSON-SILVA-2.jpg?resize=350%2C200&ssl=1 1x, https:\/\/i0.wp.com\/correiodasemana.com\/site\/wp-content\/uploads\/2019\/12\/FOTO-EDILSON-SILVA-2.jpg?resize=525%2C300&ssl=1 1.5x, https:\/\/i0.wp.com\/correiodasemana.com\/site\/wp-content\/uploads\/2019\/12\/FOTO-EDILSON-SILVA-2.jpg?resize=700%2C400&ssl=1 2x"},"classes":[]}],"jetpack_sharing_enabled":true,"_links":{"self":[{"href":"https:\/\/correiodasemana.com\/site\/wp-json\/wp\/v2\/posts\/19666","targetHints":{"allow":["GET"]}}],"collection":[{"href":"https:\/\/correiodasemana.com\/site\/wp-json\/wp\/v2\/posts"}],"about":[{"href":"https:\/\/correiodasemana.com\/site\/wp-json\/wp\/v2\/types\/post"}],"author":[{"embeddable":true,"href":"https:\/\/correiodasemana.com\/site\/wp-json\/wp\/v2\/users\/1"}],"replies":[{"embeddable":true,"href":"https:\/\/correiodasemana.com\/site\/wp-json\/wp\/v2\/comments?post=19666"}],"version-history":[{"count":1,"href":"https:\/\/correiodasemana.com\/site\/wp-json\/wp\/v2\/posts\/19666\/revisions"}],"predecessor-version":[{"id":19668,"href":"https:\/\/correiodasemana.com\/site\/wp-json\/wp\/v2\/posts\/19666\/revisions\/19668"}],"wp:featuredmedia":[{"embeddable":true,"href":"https:\/\/correiodasemana.com\/site\/wp-json\/wp\/v2\/media\/10199"}],"wp:attachment":[{"href":"https:\/\/correiodasemana.com\/site\/wp-json\/wp\/v2\/media?parent=19666"}],"wp:term":[{"taxonomy":"category","embeddable":true,"href":"https:\/\/correiodasemana.com\/site\/wp-json\/wp\/v2\/categories?post=19666"},{"taxonomy":"post_tag","embeddable":true,"href":"https:\/\/correiodasemana.com\/site\/wp-json\/wp\/v2\/tags?post=19666"}],"curies":[{"name":"wp","href":"https:\/\/api.w.org\/{rel}","templated":true}]}}