{"id":19671,"date":"2022-05-01T22:55:20","date_gmt":"2022-05-02T01:55:20","guid":{"rendered":"https:\/\/correiodasemana.com\/site\/?p=19671"},"modified":"2022-05-01T22:55:20","modified_gmt":"2022-05-02T01:55:20","slug":"a-familia-deve-ser-uma-prioridade-no-mundo-inteiro-disse-dom-ricardo-hoepers-sobre-o-10o-encontro-mundial-das-familias","status":"publish","type":"post","link":"https:\/\/correiodasemana.com\/site\/a-familia-deve-ser-uma-prioridade-no-mundo-inteiro-disse-dom-ricardo-hoepers-sobre-o-10o-encontro-mundial-das-familias\/","title":{"rendered":"\u201cA fam\u00edlia deve ser uma prioridade no mundo inteiro\u201d, disse Dom Ricardo Hoepers sobre o 10\u00ba Encontro Mundial das Fam\u00edlias"},"content":{"rendered":"<p>Fonte: CNBB<br \/>\nCom o cora\u00e7\u00e3o e o olhar voltados para a fam\u00edlia, que \u00e9 a base da sociedade e de todo ser humano, de 22 a 26 de junho deste ano acontecer\u00e1 o 10\u00ba Encontro Mundial das Fam\u00edlias, em Roma, com a presen\u00e7a de\u00a0representantes das confer\u00eancias episcopais e dos principais movimentos familiares internacionais. Do Brasil, participar\u00e3o cinco bispos, um padre e 15 casais da Pastoral Familiar.<br \/>\n\u201cO Papa lan\u00e7ou um grande desafio: o encontro que vai acontecer em Roma, ser\u00e1 realizado, concomitantemente, em todas as dioceses do mundo, nos mesmos dias e com a mesma programa\u00e7\u00e3o\u201d, destacou o\u00a0bispo de Rio Grande e presidente da Comiss\u00e3o Episcopal Pastoral para a Vida e a Fam\u00edlia da Confer\u00eancia Nacional dos Bispos do Brasil (CNBB),\u00a0dom Ricardo Hoepers, durante a coletiva de imprensa realizada na tarde desta quinta-feira (28).<br \/>\nO encontro, que se estender\u00e1 pelas Igrejas Particulares de todo o mundo, com o objetivo de promover a participa\u00e7\u00e3o do maior n\u00famero poss\u00edvel de pessoas, ter\u00e1 como tema central\u00a0O Amor na fam\u00edlia: voca\u00e7\u00e3o e caminho da santidade.\u00a0\u00a0\u201cEm 2021 a Exorta\u00e7\u00e3o Apost\u00f3lica Amoris Laetitia completou cinco anos e o Papa pediu que toda a Igreja voltasse a trabalhar este documento. Ent\u00e3o, em 19 de mar\u00e7o do ano passado, iniciamos o Ano Amoris Laetitia e vamos encerrar com o 10\u00ba Encontro Mundial\u201d, disse dom Ricardo.<br \/>\nEm Roma, o Papa far\u00e1 uma grande abertura, no dia 22 de junho. Nesta mesma data, no Brasil, haver\u00e1 uma Missa na Bas\u00edlica Nacional de Aparecida; e, em n\u00edvel arqui(diocesano), cada Igreja Particular \u00e9 convidada a organizar o encontro de acordo com a\u00a0 realidade local. Contudo, \u00e9 importante ressaltar que a programa\u00e7\u00e3o ser\u00e1 a mesma em todo o mundo. \u201cVai ser bem interessante porqu\u00ea \u00e9 um encontro mundial que vai chegar a todas as Igrejas e a todas as comunidades, inclusive as mais distantes\u201d, afirmou dom Ricardo.<br \/>\nNos dias 23, 24 e 25 ser\u00e3o desenvolvidas tem\u00e1ticas nas quais ser\u00e3o trabalhadas as propostas, com forma\u00e7\u00f5es e aprofundamentos. J\u00e1 no dia 26 de junho, o Santo Padre encerrar\u00e1 o encontro, em Roma, com o \u00c2ngelus, e cada arqui(diocese) ser\u00e1 convidada a realizar o encerramento, reunindo as pessoas para mostrar que a fam\u00edlia vale a pena.<br \/>\n\u201c\u00c9 um grande desafio e uma grande riqueza. \u00c9 um desafio, de fato, conseguir envolver o maior n\u00famero de dioceses e de par\u00f3quias, o que n\u00e3o \u00e9 dif\u00edcil para a Pastoral Familiar, que est\u00e1 presente em muitas dioceses. A fam\u00edlia deve ser uma prioridade no mundo inteiro. \u00c9 um grande encontro e n\u00f3s esperamos a participa\u00e7\u00e3o de todos\u201d, asseverou dom Ricardo.<br \/>\nQuem desejar saber mais informa\u00e7\u00f5es sobre o 10\u00ba Encontro Nacional das Fam\u00edlias, deve acessar o site:\u00a0http:\/\/vidaefamilia.org.br\/<\/p>\n","protected":false},"excerpt":{"rendered":"<p>Fonte: CNBB Com o cora\u00e7\u00e3o e o olhar voltados para a fam\u00edlia, que \u00e9 a&#8230;<\/p>\n","protected":false},"author":1,"featured_media":19672,"comment_status":"open","ping_status":"open","sticky":false,"template":"","format":"standard","meta":{"_jetpack_memberships_contains_paid_content":false,"footnotes":"","jetpack_publicize_message":"","jetpack_publicize_feature_enabled":true,"jetpack_social_post_already_shared":true,"jetpack_social_options":{"image_generator_settings":{"template":"highway","default_image_id":0,"font":"","enabled":false},"version":2}},"categories":[1],"tags":[],"class_list":["post-19671","post","type-post","status-publish","format-standard","has-post-thumbnail","hentry","category-atualidade"],"jetpack_publicize_connections":[],"jetpack_featured_media_url":"https:\/\/correiodasemana.com\/site\/wp-content\/uploads\/2022\/05\/Dom-Ricardo-Hoepers-4.jpeg","jetpack-related-posts":[{"id":12590,"url":"https:\/\/correiodasemana.com\/site\/igreja-no-brasil-celebra-de-9-a-15-de-agosto-a-semana-nacional-da-familia\/","url_meta":{"origin":19671,"position":0},"title":"Igreja no Brasil celebra de 9 a 15 de agosto a Semana Nacional da Fam\u00edlia","author":"","date":"Agosto 10, 2020","format":false,"excerpt":"Dentro do M\u00eas Vocacional, a Igreja no Brasil celebra, na segunda semana de agosto, a Semana Nacional da Fam\u00edlia, uma mobiliza\u00e7\u00e3o de grupos e comunidades que ocorre, desde 1992, com momentos de ora\u00e7\u00e3o, forma\u00e7\u00e3o e reflex\u00e3o. Neste ano, a Comiss\u00e3o Episcopal Pastoral para a Vida e a Fam\u00edlia da Confer\u00eancia\u2026","rel":"","context":"In &quot;Atualidade&quot;","block_context":{"text":"Atualidade","link":"https:\/\/correiodasemana.com\/site\/category\/atualidade\/"},"img":{"alt_text":"","src":"https:\/\/i0.wp.com\/correiodasemana.com\/site\/wp-content\/uploads\/2020\/08\/capa-familia-semana-nacional-familia2020.jpg?resize=350%2C200&ssl=1","width":350,"height":200,"srcset":"https:\/\/i0.wp.com\/correiodasemana.com\/site\/wp-content\/uploads\/2020\/08\/capa-familia-semana-nacional-familia2020.jpg?resize=350%2C200&ssl=1 1x, https:\/\/i0.wp.com\/correiodasemana.com\/site\/wp-content\/uploads\/2020\/08\/capa-familia-semana-nacional-familia2020.jpg?resize=525%2C300&ssl=1 1.5x, https:\/\/i0.wp.com\/correiodasemana.com\/site\/wp-content\/uploads\/2020\/08\/capa-familia-semana-nacional-familia2020.jpg?resize=700%2C400&ssl=1 2x"},"classes":[]},{"id":27225,"url":"https:\/\/correiodasemana.com\/site\/confira-os-principais-destaques-da-reuniao-dos-secretarios-executivos-dos-regionais-na-sede-da-conferencia-em-brasilia\/","url_meta":{"origin":19671,"position":1},"title":"CONFIRA OS PRINCIPAIS DESTAQUES DA REUNI\u00c3O DOS SECRET\u00c1RIOS EXECUTIVOS DOS REGIONAIS, NA SEDE DA CONFER\u00caNCIA, EM BRAS\u00cdLIA","author":"adminredacao","date":"Novembro 13, 2023","format":false,"excerpt":"Fonte: CNBB Terminou nessa quinta-feira, 9 de novembro, a reuni\u00e3o dos secret\u00e1rios executivos e dos bispos secret\u00e1rios dos regionais da Confer\u00eancia Nacional dos Bispos do Brasil (CNBB), na sede da Confer\u00eancia, em Bras\u00edlia. Padre J\u00e2nison de S\u00e1, subsecret\u00e1rio de Pastoral da CNBB, avaliou como excelente a participa\u00e7\u00e3o de todos: \u201cTratamos\u2026","rel":"","context":"In &quot;Atualidade&quot;","block_context":{"text":"Atualidade","link":"https:\/\/correiodasemana.com\/site\/category\/atualidade\/"},"img":{"alt_text":"","src":"https:\/\/i0.wp.com\/correiodasemana.com\/site\/wp-content\/uploads\/2023\/11\/Jornal-Correio-da-Semana-No-993-Copia.jpg?resize=350%2C200&ssl=1","width":350,"height":200},"classes":[]},{"id":24574,"url":"https:\/\/correiodasemana.com\/site\/nomeado-o-quarto-bispo-da-diocese-de-quixada-ce\/","url_meta":{"origin":19671,"position":2},"title":"Nomeado o quarto Bispo da Diocese de Quixad\u00e1 (CE)","author":"adminredacao","date":"Maio 14, 2023","format":false,"excerpt":"Fonte: CNBB O Papa Francisco nomeou, nesta quarta-feira, 10 de maio, o novo bispo da diocese de Quixad\u00e1 (CE). O eleito \u00e9 o padre Aur\u00e9lio Pinto de Sousa, atualmente p\u00e1roco da par\u00f3quia Nossa Senhora da Assun\u00e7\u00e3o, em Vi\u00e7osa do Cear\u00e1 (CE). Ele pertence ao clero da diocese de Tiangu\u00e1 (CE).\u2026","rel":"","context":"In &quot;Atualidade&quot;","block_context":{"text":"Atualidade","link":"https:\/\/correiodasemana.com\/site\/category\/atualidade\/"},"img":{"alt_text":"","src":"https:\/\/i0.wp.com\/correiodasemana.com\/site\/wp-content\/uploads\/2023\/05\/345609777_1683046505457363_1097920028478859531_n.jpg?resize=350%2C200&ssl=1","width":350,"height":200,"srcset":"https:\/\/i0.wp.com\/correiodasemana.com\/site\/wp-content\/uploads\/2023\/05\/345609777_1683046505457363_1097920028478859531_n.jpg?resize=350%2C200&ssl=1 1x, https:\/\/i0.wp.com\/correiodasemana.com\/site\/wp-content\/uploads\/2023\/05\/345609777_1683046505457363_1097920028478859531_n.jpg?resize=525%2C300&ssl=1 1.5x, https:\/\/i0.wp.com\/correiodasemana.com\/site\/wp-content\/uploads\/2023\/05\/345609777_1683046505457363_1097920028478859531_n.jpg?resize=700%2C400&ssl=1 2x"},"classes":[]},{"id":25300,"url":"https:\/\/correiodasemana.com\/site\/papa-aceita-renuncia-de-dom-saburido-e-nomeia-dom-paulo-jackson-para-olinda-e-recife\/","url_meta":{"origin":19671,"position":3},"title":"Papa aceita ren\u00fancia de Dom Saburido e nomeia Dom Paulo Jackson para Olinda e Recife","author":"adminredacao","date":"Junho 19, 2023","format":false,"excerpt":"Fonte: CNBB O Papa Francisco acolheu, nesta quarta-feira, 14 de junho, o pedido de ren\u00fancia apresentado por dom Ant\u00f4nio Fernando Saburido ao governo pastoral da arquidiocese de Olinda e Recife (PE). E nomeou como novo arcebispo dom Paulo Jackson N\u00f3brega de Sousa, atualmente bispo de Garanhuns (PE) e segundo-vice-presidente da\u2026","rel":"","context":"In &quot;Atualidade&quot;","block_context":{"text":"Atualidade","link":"https:\/\/correiodasemana.com\/site\/category\/atualidade\/"},"img":{"alt_text":"","src":"https:\/\/i0.wp.com\/correiodasemana.com\/site\/wp-content\/uploads\/2023\/06\/Destaque-Portal-2.png?resize=350%2C200&ssl=1","width":350,"height":200,"srcset":"https:\/\/i0.wp.com\/correiodasemana.com\/site\/wp-content\/uploads\/2023\/06\/Destaque-Portal-2.png?resize=350%2C200&ssl=1 1x, https:\/\/i0.wp.com\/correiodasemana.com\/site\/wp-content\/uploads\/2023\/06\/Destaque-Portal-2.png?resize=525%2C300&ssl=1 1.5x, https:\/\/i0.wp.com\/correiodasemana.com\/site\/wp-content\/uploads\/2023\/06\/Destaque-Portal-2.png?resize=700%2C400&ssl=1 2x, https:\/\/i0.wp.com\/correiodasemana.com\/site\/wp-content\/uploads\/2023\/06\/Destaque-Portal-2.png?resize=1050%2C600&ssl=1 3x"},"classes":[]},{"id":31421,"url":"https:\/\/correiodasemana.com\/site\/o-regional-sul-4-da-cnbb-ganhou-duas-novas-arquidioceses\/","url_meta":{"origin":19671,"position":4},"title":"O Regional Sul 4 da CNBB  ganhou duas novas Arquidioceses","author":"adminredacao","date":"Novembro 18, 2024","format":false,"excerpt":"O Papa Francisco anunciou nesta ter\u00e7a-feira, 5 de novembro, a reestrutura\u00e7\u00e3o da Prov\u00edncia Eclesi\u00e1stica (arquidiocese) de Florian\u00f3polis (SC) com a cria\u00e7\u00e3o de duas novas prov\u00edncias eclesi\u00e1sticas: Joinville (SC) e Chapec\u00f3 (SC). O Santo Padre atribuiu \u00e0 nova arquidiocese de Joinville as dioceses sufrag\u00e2neas de Blumenau e Rio do Sul e\u2026","rel":"","context":"In &quot;Atualidade&quot;","block_context":{"text":"Atualidade","link":"https:\/\/correiodasemana.com\/site\/category\/atualidade\/"},"img":{"alt_text":"","src":"https:\/\/i0.wp.com\/correiodasemana.com\/site\/wp-content\/uploads\/2024\/11\/Novas-pronvincias.png?resize=350%2C200&ssl=1","width":350,"height":200,"srcset":"https:\/\/i0.wp.com\/correiodasemana.com\/site\/wp-content\/uploads\/2024\/11\/Novas-pronvincias.png?resize=350%2C200&ssl=1 1x, https:\/\/i0.wp.com\/correiodasemana.com\/site\/wp-content\/uploads\/2024\/11\/Novas-pronvincias.png?resize=525%2C300&ssl=1 1.5x, https:\/\/i0.wp.com\/correiodasemana.com\/site\/wp-content\/uploads\/2024\/11\/Novas-pronvincias.png?resize=700%2C400&ssl=1 2x"},"classes":[]},{"id":36943,"url":"https:\/\/correiodasemana.com\/site\/igreja-no-brasil-ganha-nova-diocese-papa-leao-xiv-criou-a-diocese-de-baturite-no-ceara\/","url_meta":{"origin":19671,"position":5},"title":"Igreja no Brasil ganha nova diocese: Papa Le\u00e3o XIV criou a Diocese de Baturit\u00e9, no Cear\u00e1","author":"adminredacao","date":"Janeiro 6, 2026","format":false,"excerpt":"O Papa Le\u00e3o XIV criou a diocese de Baturit\u00e9, no Cear\u00e1, nesta quinta-feira, 1\u00ba de janeiro de 2026. O primeiro bispo ser\u00e1 dom Lu\u00eds Gonzaga Pepeu, franciscano capuchinho que foi arcebispo de Vit\u00f3ria da Conquista (BA), entre 2008 e 2019. A nova diocese tem o territ\u00f3rio desmembrado da arquidiocese de\u2026","rel":"","context":"In &quot;Atualidade&quot;","block_context":{"text":"Atualidade","link":"https:\/\/correiodasemana.com\/site\/category\/atualidade\/"},"img":{"alt_text":"","src":"https:\/\/i0.wp.com\/correiodasemana.com\/site\/wp-content\/uploads\/2026\/01\/Diocese-Baturite.png?resize=350%2C200&ssl=1","width":350,"height":200,"srcset":"https:\/\/i0.wp.com\/correiodasemana.com\/site\/wp-content\/uploads\/2026\/01\/Diocese-Baturite.png?resize=350%2C200&ssl=1 1x, https:\/\/i0.wp.com\/correiodasemana.com\/site\/wp-content\/uploads\/2026\/01\/Diocese-Baturite.png?resize=525%2C300&ssl=1 1.5x, https:\/\/i0.wp.com\/correiodasemana.com\/site\/wp-content\/uploads\/2026\/01\/Diocese-Baturite.png?resize=700%2C400&ssl=1 2x, https:\/\/i0.wp.com\/correiodasemana.com\/site\/wp-content\/uploads\/2026\/01\/Diocese-Baturite.png?resize=1050%2C600&ssl=1 3x"},"classes":[]}],"jetpack_sharing_enabled":true,"_links":{"self":[{"href":"https:\/\/correiodasemana.com\/site\/wp-json\/wp\/v2\/posts\/19671","targetHints":{"allow":["GET"]}}],"collection":[{"href":"https:\/\/correiodasemana.com\/site\/wp-json\/wp\/v2\/posts"}],"about":[{"href":"https:\/\/correiodasemana.com\/site\/wp-json\/wp\/v2\/types\/post"}],"author":[{"embeddable":true,"href":"https:\/\/correiodasemana.com\/site\/wp-json\/wp\/v2\/users\/1"}],"replies":[{"embeddable":true,"href":"https:\/\/correiodasemana.com\/site\/wp-json\/wp\/v2\/comments?post=19671"}],"version-history":[{"count":1,"href":"https:\/\/correiodasemana.com\/site\/wp-json\/wp\/v2\/posts\/19671\/revisions"}],"predecessor-version":[{"id":19673,"href":"https:\/\/correiodasemana.com\/site\/wp-json\/wp\/v2\/posts\/19671\/revisions\/19673"}],"wp:featuredmedia":[{"embeddable":true,"href":"https:\/\/correiodasemana.com\/site\/wp-json\/wp\/v2\/media\/19672"}],"wp:attachment":[{"href":"https:\/\/correiodasemana.com\/site\/wp-json\/wp\/v2\/media?parent=19671"}],"wp:term":[{"taxonomy":"category","embeddable":true,"href":"https:\/\/correiodasemana.com\/site\/wp-json\/wp\/v2\/categories?post=19671"},{"taxonomy":"post_tag","embeddable":true,"href":"https:\/\/correiodasemana.com\/site\/wp-json\/wp\/v2\/tags?post=19671"}],"curies":[{"name":"wp","href":"https:\/\/api.w.org\/{rel}","templated":true}]}}