{"id":19708,"date":"2022-05-08T23:34:09","date_gmt":"2022-05-09T02:34:09","guid":{"rendered":"https:\/\/correiodasemana.com\/site\/?p=19708"},"modified":"2022-05-08T23:34:09","modified_gmt":"2022-05-09T02:34:09","slug":"becco-ponto-com-84","status":"publish","type":"post","link":"https:\/\/correiodasemana.com\/site\/becco-ponto-com-84\/","title":{"rendered":"Becco ponto Com"},"content":{"rendered":"<p><strong>Livrai-nos, Senhor!<\/strong><br \/>\n01. Dos buracos nos bairros de Sobral, ufa!<br \/>\n02. Da campanha sem gra\u00e7a dos poderosos.<br \/>\n03. Do cartel sem fim nas cidades grandes!<br \/>\n04. Dos doutores formados na m\u00cddia social.<br \/>\n05. Da ira de Ciro na campanha presidencial.<br \/>\n06. Da f\u00e1brica de multas covardes entre n\u00f3s.<br \/>\n07. Da viol\u00eancia gerada pela droga por aqui.<br \/>\n08. Dos babacas do pt, o partido da boquinha.<br \/>\n09. Dos de candidatos ca\u00e7ados e achados do t.r e.<br \/>\n10. Da bufa bufando aqui, os tais pobres-ricos.<\/p>\n<p><strong>Noticiando<\/strong><br \/>\n01. Foi uma perda irrepar\u00e1vel a partida do caro amigo, Campelo Costa, que emprestou a sua vida profissional \u00e0 nossa cidade com amor. A fam\u00edlia enlutda as nossas condol\u00eancias. Vai astro da pintura imaterial! Volta a terra onde vieste morar um dia! Deus te receba!<br \/>\n02. O Centro agiliza para maio a entrega de suas homenagens do ano, o pr\u00eamio Ary Sherlock de artes c\u00eanicas e o diploma do r\u00e1dio do ano, vers\u00e3o 2022. O diretor Chico Expedito do 4 portas na mesa e o radialista Chico Santana ser\u00e3o no final do m\u00eas, os hoenageados do ano e sim por m\u00e9ritos culturais na cidade de Dom Jos\u00e9.<br \/>\n03. Bem que o nosso teatro S\u00e3o Jo\u00e3o merecia ter em sua frente o seu nome t\u00e3o bonito,<br \/>\ncom a palavra a C\u00e2mara para instituir tal reconhecimento cultural na cidade. Vale a pena conferir esta ideia maravilhosa de um amante da cultura sobralense, este escriba.<br \/>\n04. Dizem por a\u00ed: que a vida na cidade ainda n\u00e3o voltou a tona de mesmo. \u00c9 s\u00f3 ver o Becco e as ruas do centro cercadas ainda de incertezas comerciais, tudo culpa da velha hist\u00f3ria do desenvolvimento cultural e da cidade que n\u00e3o chega nunca. Ufa, Sobral!<br \/>\n05. O trabalho das mulheres na C\u00e2mara, tem sim, chamado aten\u00e7\u00e3o do povo pela garra e o trabalho destas senhoras pol\u00edticas e m\u00e3es do ano reconhecidas pela postura e a vida moderna pol\u00edtica em marcha. Viva as mulheres pol\u00edticas na regi\u00e3o norte.<\/p>\n<p><strong><img decoding=\"async\" class=\"alignleft  wp-image-19709\" src=\"https:\/\/correiodasemana.com\/site\/wp-content\/uploads\/2022\/05\/patricia-tavares.jpg\" alt=\"\" width=\"78\" height=\"114\" \/>PERFIL: <\/strong><strong>DRA. PATRICIA TAVARES<\/strong><br \/>\nUma digna mulher de fibra e profissional da \u00e1rea de sa\u00fade sobralense da gema. Falo da cara Dra. Patricia Tavares, que hoje empresta seu valioso nome para figurar como perfil da semana em nossa coluna e por meritos. Viva a mulher sobralense! Salve a vida!<br \/>\nLivre pensar: \u201cDa vida n\u00e3o se leva nada, s\u00f3 o nada se leva da vida\u201d. (Poeta Chico Prado).<\/p>\n","protected":false},"excerpt":{"rendered":"<p>Livrai-nos, Senhor! 01. Dos buracos nos bairros de Sobral, ufa! 02. Da campanha sem gra\u00e7a&#8230;<\/p>\n","protected":false},"author":1,"featured_media":17508,"comment_status":"open","ping_status":"open","sticky":false,"template":"","format":"standard","meta":{"_jetpack_memberships_contains_paid_content":false,"footnotes":"","jetpack_publicize_message":"","jetpack_publicize_feature_enabled":true,"jetpack_social_post_already_shared":true,"jetpack_social_options":{"image_generator_settings":{"template":"highway","default_image_id":0,"font":"","enabled":false},"version":2}},"categories":[1,27],"tags":[],"class_list":["post-19708","post","type-post","status-publish","format-standard","has-post-thumbnail","hentry","category-atualidade","category-becco-ponto-com"],"jetpack_publicize_connections":[],"jetpack_featured_media_url":"https:\/\/correiodasemana.com\/site\/wp-content\/uploads\/2021\/09\/Dr-Chico-Prado-Trofeu-Dom-Jose-1-1.jpg","jetpack-related-posts":[{"id":19654,"url":"https:\/\/correiodasemana.com\/site\/becco-ponto-com-83\/","url_meta":{"origin":19708,"position":0},"title":"Becco ponto Com","author":"","date":"Maio 1, 2022","format":false,"excerpt":"LIVRAI-NOS, SENHOR! 01. Dos bab\u00f5es contumazes da regi\u00e3o. 02. Das rachadinhas nas casa do povo. 03. Das mortes lentas nas filas do s.u.s. 04. Dos t\u00edtulos rejeitados na C\u00e2mara. 05. Do carnaval sem gra\u00e7a da Globo. 06. Das m\u00fasicas modernas e sem nexos. 07. Do tal b.b.b. besteira muita na\u2026","rel":"","context":"In &quot;Artigos&quot;","block_context":{"text":"Artigos","link":"https:\/\/correiodasemana.com\/site\/category\/artigos\/"},"img":{"alt_text":"","src":"https:\/\/i0.wp.com\/correiodasemana.com\/site\/wp-content\/uploads\/2021\/09\/Dr-Chico-Prado-Trofeu-Dom-Jose-1-1.jpg?resize=350%2C200&ssl=1","width":350,"height":200,"srcset":"https:\/\/i0.wp.com\/correiodasemana.com\/site\/wp-content\/uploads\/2021\/09\/Dr-Chico-Prado-Trofeu-Dom-Jose-1-1.jpg?resize=350%2C200&ssl=1 1x, https:\/\/i0.wp.com\/correiodasemana.com\/site\/wp-content\/uploads\/2021\/09\/Dr-Chico-Prado-Trofeu-Dom-Jose-1-1.jpg?resize=525%2C300&ssl=1 1.5x, https:\/\/i0.wp.com\/correiodasemana.com\/site\/wp-content\/uploads\/2021\/09\/Dr-Chico-Prado-Trofeu-Dom-Jose-1-1.jpg?resize=700%2C400&ssl=1 2x"},"classes":[]},{"id":18883,"url":"https:\/\/correiodasemana.com\/site\/becco-ponto-com-72\/","url_meta":{"origin":19708,"position":1},"title":"Becco ponto Com","author":"","date":"Fevereiro 14, 2022","format":false,"excerpt":"LIVRAI-NOS, SENHOR! Dos puxas-sacos importados por aqui. Da bufa de Sobral vivendo do passado. Do ensino moderno formando analfas, Da viol\u00eancia sem tr\u00e9gua matando tudo. Da pol\u00edtica muro-baixo t\u00e3o nacional, ui! Do eterno cartel da gasolina por aqui. Da situa\u00e7\u00e3o no centro da cidade antiga. Do Guarany de Sobral virando\u2026","rel":"","context":"In &quot;Artigos&quot;","block_context":{"text":"Artigos","link":"https:\/\/correiodasemana.com\/site\/category\/artigos\/"},"img":{"alt_text":"","src":"https:\/\/i0.wp.com\/correiodasemana.com\/site\/wp-content\/uploads\/2021\/09\/Dr-Chico-Prado-Trofeu-Dom-Jose-1-1.jpg?resize=350%2C200&ssl=1","width":350,"height":200,"srcset":"https:\/\/i0.wp.com\/correiodasemana.com\/site\/wp-content\/uploads\/2021\/09\/Dr-Chico-Prado-Trofeu-Dom-Jose-1-1.jpg?resize=350%2C200&ssl=1 1x, https:\/\/i0.wp.com\/correiodasemana.com\/site\/wp-content\/uploads\/2021\/09\/Dr-Chico-Prado-Trofeu-Dom-Jose-1-1.jpg?resize=525%2C300&ssl=1 1.5x, https:\/\/i0.wp.com\/correiodasemana.com\/site\/wp-content\/uploads\/2021\/09\/Dr-Chico-Prado-Trofeu-Dom-Jose-1-1.jpg?resize=700%2C400&ssl=1 2x"},"classes":[]},{"id":21415,"url":"https:\/\/correiodasemana.com\/site\/becco-ponto-com-105\/","url_meta":{"origin":19708,"position":2},"title":"Becco ponto Com","author":"","date":"Outubro 30, 2022","format":false,"excerpt":"Livrai-nos, senhor! 01. Das santas e sat\u00e2nicas elei\u00e7\u00f5es deste ano. 02. Da viol\u00eancia dominante no distrito Jaibaras. 03. Dos debates sem nexos na tv brasileira, ufa! 04. Dos doutores modernos cantando de galo. 05. Da virada dos aproveitadores t\u00e3o politicos. 06. Dos bazares de molambos nas lojas fineses. 07. Da\u2026","rel":"","context":"In &quot;Artigos&quot;","block_context":{"text":"Artigos","link":"https:\/\/correiodasemana.com\/site\/category\/artigos\/"},"img":{"alt_text":"","src":"https:\/\/i0.wp.com\/correiodasemana.com\/site\/wp-content\/uploads\/2021\/09\/Dr-Chico-Prado-Trofeu-Dom-Jose-1-1.jpg?resize=350%2C200&ssl=1","width":350,"height":200,"srcset":"https:\/\/i0.wp.com\/correiodasemana.com\/site\/wp-content\/uploads\/2021\/09\/Dr-Chico-Prado-Trofeu-Dom-Jose-1-1.jpg?resize=350%2C200&ssl=1 1x, https:\/\/i0.wp.com\/correiodasemana.com\/site\/wp-content\/uploads\/2021\/09\/Dr-Chico-Prado-Trofeu-Dom-Jose-1-1.jpg?resize=525%2C300&ssl=1 1.5x, https:\/\/i0.wp.com\/correiodasemana.com\/site\/wp-content\/uploads\/2021\/09\/Dr-Chico-Prado-Trofeu-Dom-Jose-1-1.jpg?resize=700%2C400&ssl=1 2x"},"classes":[]},{"id":19289,"url":"https:\/\/correiodasemana.com\/site\/becco-ponto-com-78\/","url_meta":{"origin":19708,"position":3},"title":"Becco ponto Com","author":"","date":"Mar\u00e7o 27, 2022","format":false,"excerpt":"Becco ponto com Livrai-nos, senhor! Das fofocas na tv contra a \u201cGuerra putim\u201d. Da bufa sobralense vivendo do passado. Do \u2018cartel da gasolina\u2019 em Sobral, h\u00e1 anos. Dos puxas-sacos de plant\u00e3o: os tais \u2018bab\u00f5es\u2019. Da tal greve ch\u00e1 de bila dos professores. Da f\u00e1brica de fazer doutores t\u00e3o f\u00e1cil, ui!\u2026","rel":"","context":"In &quot;Artigos&quot;","block_context":{"text":"Artigos","link":"https:\/\/correiodasemana.com\/site\/category\/artigos\/"},"img":{"alt_text":"","src":"https:\/\/i0.wp.com\/correiodasemana.com\/site\/wp-content\/uploads\/2021\/09\/Dr-Chico-Prado-Trofeu-Dom-Jose-1-1.jpg?resize=350%2C200&ssl=1","width":350,"height":200,"srcset":"https:\/\/i0.wp.com\/correiodasemana.com\/site\/wp-content\/uploads\/2021\/09\/Dr-Chico-Prado-Trofeu-Dom-Jose-1-1.jpg?resize=350%2C200&ssl=1 1x, https:\/\/i0.wp.com\/correiodasemana.com\/site\/wp-content\/uploads\/2021\/09\/Dr-Chico-Prado-Trofeu-Dom-Jose-1-1.jpg?resize=525%2C300&ssl=1 1.5x, https:\/\/i0.wp.com\/correiodasemana.com\/site\/wp-content\/uploads\/2021\/09\/Dr-Chico-Prado-Trofeu-Dom-Jose-1-1.jpg?resize=700%2C400&ssl=1 2x"},"classes":[]},{"id":19237,"url":"https:\/\/correiodasemana.com\/site\/becco-ponto-com-77\/","url_meta":{"origin":19708,"position":4},"title":"Becco ponto Com","author":"","date":"Mar\u00e7o 20, 2022","format":false,"excerpt":"Livrai-nos, senhor! Das fofocas na tv contra a \u201cGuerra putim\u201d. Da bufa sobralense vivendo do passado. Do \u2018cartel da gasolina\u2019 em Sobral, h\u00e1 anos. Dos puxas-sacos de plant\u00e3o: os tais \u2018bab\u00f5es\u2019. Da tal greve ch\u00e1 de bila dos professores. Da f\u00e1brica de fazer doutores t\u00e3o f\u00e1cil, ui! Das farras de\u2026","rel":"","context":"In &quot;Artigos&quot;","block_context":{"text":"Artigos","link":"https:\/\/correiodasemana.com\/site\/category\/artigos\/"},"img":{"alt_text":"","src":"https:\/\/i0.wp.com\/correiodasemana.com\/site\/wp-content\/uploads\/2021\/09\/Dr-Chico-Prado-Trofeu-Dom-Jose-1-1.jpg?resize=350%2C200&ssl=1","width":350,"height":200,"srcset":"https:\/\/i0.wp.com\/correiodasemana.com\/site\/wp-content\/uploads\/2021\/09\/Dr-Chico-Prado-Trofeu-Dom-Jose-1-1.jpg?resize=350%2C200&ssl=1 1x, https:\/\/i0.wp.com\/correiodasemana.com\/site\/wp-content\/uploads\/2021\/09\/Dr-Chico-Prado-Trofeu-Dom-Jose-1-1.jpg?resize=525%2C300&ssl=1 1.5x, https:\/\/i0.wp.com\/correiodasemana.com\/site\/wp-content\/uploads\/2021\/09\/Dr-Chico-Prado-Trofeu-Dom-Jose-1-1.jpg?resize=700%2C400&ssl=1 2x"},"classes":[]},{"id":19838,"url":"https:\/\/correiodasemana.com\/site\/becco-ponto-com-85\/","url_meta":{"origin":19708,"position":5},"title":"Becco ponto Com","author":"","date":"Maio 26, 2022","format":false,"excerpt":"Livrai-nos, senhor! 01. Da Dengue assolando Sobral de a\u00e7\u00facar. 02. Do bl\u00e1 bl\u00e1 dos t\u00edtulos de cidadania aqui. 03. Do \u2018bafo de boca\u2019 do coronel Ciro Gomes. 04. Do festival de \u2018multas injustas\u2019 na cidade. 05. Dos analfabetos nas redes sociais, ufa! 06. Do cartel desenfreado da gasolina aqui. 07.\u2026","rel":"","context":"In &quot;Artigos&quot;","block_context":{"text":"Artigos","link":"https:\/\/correiodasemana.com\/site\/category\/artigos\/"},"img":{"alt_text":"","src":"https:\/\/i0.wp.com\/correiodasemana.com\/site\/wp-content\/uploads\/2021\/09\/Dr-Chico-Prado-Trofeu-Dom-Jose-1-1.jpg?resize=350%2C200&ssl=1","width":350,"height":200,"srcset":"https:\/\/i0.wp.com\/correiodasemana.com\/site\/wp-content\/uploads\/2021\/09\/Dr-Chico-Prado-Trofeu-Dom-Jose-1-1.jpg?resize=350%2C200&ssl=1 1x, https:\/\/i0.wp.com\/correiodasemana.com\/site\/wp-content\/uploads\/2021\/09\/Dr-Chico-Prado-Trofeu-Dom-Jose-1-1.jpg?resize=525%2C300&ssl=1 1.5x, https:\/\/i0.wp.com\/correiodasemana.com\/site\/wp-content\/uploads\/2021\/09\/Dr-Chico-Prado-Trofeu-Dom-Jose-1-1.jpg?resize=700%2C400&ssl=1 2x"},"classes":[]}],"jetpack_sharing_enabled":true,"_links":{"self":[{"href":"https:\/\/correiodasemana.com\/site\/wp-json\/wp\/v2\/posts\/19708","targetHints":{"allow":["GET"]}}],"collection":[{"href":"https:\/\/correiodasemana.com\/site\/wp-json\/wp\/v2\/posts"}],"about":[{"href":"https:\/\/correiodasemana.com\/site\/wp-json\/wp\/v2\/types\/post"}],"author":[{"embeddable":true,"href":"https:\/\/correiodasemana.com\/site\/wp-json\/wp\/v2\/users\/1"}],"replies":[{"embeddable":true,"href":"https:\/\/correiodasemana.com\/site\/wp-json\/wp\/v2\/comments?post=19708"}],"version-history":[{"count":1,"href":"https:\/\/correiodasemana.com\/site\/wp-json\/wp\/v2\/posts\/19708\/revisions"}],"predecessor-version":[{"id":19710,"href":"https:\/\/correiodasemana.com\/site\/wp-json\/wp\/v2\/posts\/19708\/revisions\/19710"}],"wp:featuredmedia":[{"embeddable":true,"href":"https:\/\/correiodasemana.com\/site\/wp-json\/wp\/v2\/media\/17508"}],"wp:attachment":[{"href":"https:\/\/correiodasemana.com\/site\/wp-json\/wp\/v2\/media?parent=19708"}],"wp:term":[{"taxonomy":"category","embeddable":true,"href":"https:\/\/correiodasemana.com\/site\/wp-json\/wp\/v2\/categories?post=19708"},{"taxonomy":"post_tag","embeddable":true,"href":"https:\/\/correiodasemana.com\/site\/wp-json\/wp\/v2\/tags?post=19708"}],"curies":[{"name":"wp","href":"https:\/\/api.w.org\/{rel}","templated":true}]}}