{"id":21290,"date":"2022-10-16T20:45:17","date_gmt":"2022-10-16T23:45:17","guid":{"rendered":"https:\/\/correiodasemana.com\/site\/?p=21290"},"modified":"2022-10-16T20:45:30","modified_gmt":"2022-10-16T23:45:30","slug":"em-tempo-155","status":"publish","type":"post","link":"https:\/\/correiodasemana.com\/site\/em-tempo-155\/","title":{"rendered":"Em Tempo"},"content":{"rendered":"<p><strong>Mestrado Profissional\u00a0de\u00a0Sociologia<\/strong><br \/>\nO Mestrado Profissional\u00a0de\u00a0Sociologia em Rede Nacional da Universidade Federal do Cear\u00e1 recebe inscri\u00e7\u00f5es de professores com diploma reconhecido pelo Minist\u00e9rio da Educa\u00e7\u00e3o e que lecionam, na rede p\u00fablica de ensino, componentes de ci\u00eancias humanas e sociais aplicadas&#8230;<br \/>\nInscri\u00e7\u00f5es prosseguem at\u00e9 o dia 31 de outubro. O programa possui \u00e1rea de concentra\u00e7\u00e3o em Ensino de Sociologia, com tr\u00eas linhas de pesquisa, a saber: Educa\u00e7\u00e3o, escola e sociedade; Juventude e quest\u00f5es contempor\u00e2neas; e Pr\u00e1ticas de ensino e conte\u00fados curriculares<\/p>\n<p><strong>Pr\u00eamio Geek de Literatura 2022<\/strong><br \/>\nA\u00a02\u00aa edi\u00e7\u00e3o do Pr\u00eamio Geek de Literatura,\u00a0da Amazon Brasil, est\u00e1 com inscri\u00e7\u00f5es abertas at\u00e9 5 de novembro. Os primeiros colocados em cada categoria receber\u00e3o pr\u00eamio de R$ 10 mil em dinheiro\u00a0e contrato de edi\u00e7\u00e3o para vers\u00e3o impressa\u00a0de sua obra pela editora Pipoca &amp; Nanqu<br \/>\nNeste ano, escritores de\u00a0fic\u00e7\u00e3o cient\u00edfica,\u00a0fantasia,\u00a0terror\u00a0e\u00a0quadrinistas\u00a0podem participar em duas\u00a0categorias: Livros e Quadrinhos. Para se inscrever \u00e9 necess\u00e1rio enviar as obras por meio do Kindle Direct Publishing, o KDP, a ferramenta de autopublica\u00e7\u00e3o gratuita da Amazon<\/p>\n<p><strong>Novo \u00e1lbum de Raimundo Fagner <\/strong><br \/>\n<strong><img decoding=\"async\" class=\"alignleft size-medium wp-image-21291\" src=\"https:\/\/correiodasemana.com\/site\/wp-content\/uploads\/2022\/10\/fagner-cantor-300x166.jpg\" alt=\"\" width=\"300\" height=\"166\" srcset=\"https:\/\/correiodasemana.com\/site\/wp-content\/uploads\/2022\/10\/fagner-cantor-300x166.jpg 300w, https:\/\/correiodasemana.com\/site\/wp-content\/uploads\/2022\/10\/fagner-cantor.jpg 348w\" sizes=\"(max-width: 300px) 100vw, 300px\" \/>Foto: Arquivo<\/strong><br \/>\n<strong>Fagner faz lan\u00e7amento de \u00e1lbum em homenagem a Belchior<\/strong><br \/>\nO cantor Raimundo Fagner\u00a0completou\u00a073 anos de idade, no 13 de outubro,\u00a0com o lan\u00e7amento de um novo \u00e1lbum. A produ\u00e7\u00e3o \u00e9 uma homenagem ao amigo conterr\u00e2neo\u00a0Belchior. Eles s\u00e3o conhecidos por diferentes parcerias musicais. Composi\u00e7\u00f5es in\u00e9ditas formam repert\u00f3rio.<br \/>\nO \u00e1lbum \u201cMeu Parceiro Belchior\u201d conta com 12 faixas. Do total, oito s\u00e3o parcerias de Fagner com Belchior,\u00a0que morreu em 2017\u00a0e foi um dos representantes do grupo que ficou conhecido como Pessoal do Cear\u00e1, que inclu\u00eda ainda nomes como Amelinha e Ednardo.<\/p>\n<p><strong>Shows de choro e jazz no Cear\u00e1<\/strong><br \/>\nO Festival Choro Jazz est\u00e1 chegando \u00e0 11\u00aa edi\u00e7\u00e3o e j\u00e1 tem data marcada. Em Fortaleza, ocorre entre 24 e 26 de novembro no Cineteatro S\u00e3o Luiz, sempre a partir das 19h. E em Jericoacoara, entre 29 de novembro e 4 de dezembro na pra\u00e7a principal, a partir das 21h.<br \/>\nAo longo do festival, o compositor Dori Caymmi ser\u00e1 homenageado e ainda se apresentar\u00e1 no segundo dia de shows. A entrada \u00e9 gratuita. O evento acontece desde 2009 e une o choro e o jazz nacional e internacional, dando \u00eanfase \u00e0s m\u00fasicas instrumentais.<\/p>\n<p><strong>Festival cinema ibero-americano<\/strong><br \/>\nAconteceu, no per\u00edodo de 7 a 13 de outubro, a 32\u00aa edi\u00e7\u00e3o um dos principais festivais de cinema do Brasil, o\u00a0Cine Cear\u00e1\u00a0\u2013 Festival Ibero-americano de Cinema.\u00a0Na programa\u00e7\u00e3o, foram exibidos mais de 50 filmes distribu\u00eddos em mostras competitivas, paralelas e exibi\u00e7\u00f5es especiais.<br \/>\nA programa\u00e7\u00e3o tamb\u00e9m contou com debates, homenagens e masterclasse no Cineteatro S\u00e3o Luiz, em diversos equipamentos de Fortaleza e at\u00e9 no interior do estado, em Juazeiro do Norte, de modo totalmente presencial. Foi intensa a movimenta\u00e7\u00e3o cultural durante o Cine Cear\u00e1.<\/p>\n<p><strong>Dica da Coluna<\/strong><br \/>\nLeia o Blog do Edilson (www.blogdoedilson.com.br): Cultura, educa\u00e7\u00e3o, pol\u00edtica e utilidade p\u00fablica.<\/p>\n","protected":false},"excerpt":{"rendered":"<p>Mestrado Profissional\u00a0de\u00a0Sociologia O Mestrado Profissional\u00a0de\u00a0Sociologia em Rede Nacional da Universidade Federal do Cear\u00e1 recebe inscri\u00e7\u00f5es&#8230;<\/p>\n","protected":false},"author":1,"featured_media":18025,"comment_status":"open","ping_status":"open","sticky":false,"template":"","format":"standard","meta":{"_jetpack_memberships_contains_paid_content":false,"footnotes":"","jetpack_publicize_message":"","jetpack_publicize_feature_enabled":true,"jetpack_social_post_already_shared":true,"jetpack_social_options":{"image_generator_settings":{"template":"highway","default_image_id":0,"font":"","enabled":false},"version":2}},"categories":[11,36],"tags":[],"class_list":["post-21290","post","type-post","status-publish","format-standard","has-post-thumbnail","hentry","category-artigos","category-em-tempo"],"jetpack_publicize_connections":[],"jetpack_featured_media_url":"https:\/\/correiodasemana.com\/site\/wp-content\/uploads\/2021\/11\/Edilson-Silva.jpg","jetpack-related-posts":[{"id":35857,"url":"https:\/\/correiodasemana.com\/site\/em-tempo-297\/","url_meta":{"origin":21290,"position":0},"title":"EM TEMPO \u2022","author":"adminredacao","date":"Outubro 13, 2025","format":false,"excerpt":"Inscri\u00e7\u00f5es para Mestrado de Sociologia O Mestrado Profissional de Sociologia em Rede Nacional (Profsocio) recebe, at\u00e9 o dia 18 de outubro, inscri\u00e7\u00f5es para a turma de 2026. O edital oferta 246 vagas distribu\u00eddas entre as 16 institui\u00e7\u00f5es associadas. A Universidade Federal do Cear\u00e1 (UFC) est\u00e1 com 18 vagas abertas. As\u2026","rel":"","context":"In &quot;Artigos&quot;","block_context":{"text":"Artigos","link":"https:\/\/correiodasemana.com\/site\/category\/artigos\/"},"img":{"alt_text":"","src":"https:\/\/i0.wp.com\/correiodasemana.com\/site\/wp-content\/uploads\/2025\/10\/Katia-Freitas-cantora-cearense-Foto-Larissa-Freitas-2-150x150.jpg?resize=350%2C200&ssl=1","width":350,"height":200,"srcset":"https:\/\/i0.wp.com\/correiodasemana.com\/site\/wp-content\/uploads\/2025\/10\/Katia-Freitas-cantora-cearense-Foto-Larissa-Freitas-2-150x150.jpg?resize=350%2C200&ssl=1 1x, https:\/\/i0.wp.com\/correiodasemana.com\/site\/wp-content\/uploads\/2025\/10\/Katia-Freitas-cantora-cearense-Foto-Larissa-Freitas-2-150x150.jpg?resize=525%2C300&ssl=1 1.5x, https:\/\/i0.wp.com\/correiodasemana.com\/site\/wp-content\/uploads\/2025\/10\/Katia-Freitas-cantora-cearense-Foto-Larissa-Freitas-2-150x150.jpg?resize=700%2C400&ssl=1 2x, https:\/\/i0.wp.com\/correiodasemana.com\/site\/wp-content\/uploads\/2025\/10\/Katia-Freitas-cantora-cearense-Foto-Larissa-Freitas-2-150x150.jpg?resize=1050%2C600&ssl=1 3x"},"classes":[]},{"id":21225,"url":"https:\/\/correiodasemana.com\/site\/em-tempo-154\/","url_meta":{"origin":21290,"position":1},"title":"Em Tempo","author":"","date":"Outubro 10, 2022","format":false,"excerpt":"P\u00f3s-Gradua\u00e7\u00e3o em Letras na UFC O Programa de P\u00f3s-Gradua\u00e7\u00e3o em Letras da Universidade Federal do Cear\u00e1 (UFC) recebe inscri\u00e7\u00f5es, at\u00e9 o dia 14 de outubro, para sele\u00e7\u00e3o das turmas de 2023.1 de seus cursos de mestrado, com at\u00e9 27 vagas; e de doutorado, com 11 vagas ofertadas, em Fortaleza. As\u2026","rel":"","context":"In &quot;Artigos&quot;","block_context":{"text":"Artigos","link":"https:\/\/correiodasemana.com\/site\/category\/artigos\/"},"img":{"alt_text":"","src":"https:\/\/i0.wp.com\/correiodasemana.com\/site\/wp-content\/uploads\/2022\/10\/1_silvero_pereira_interpret-300x168.jpeg?resize=350%2C200&ssl=1","width":350,"height":200},"classes":[]},{"id":20993,"url":"https:\/\/correiodasemana.com\/site\/em-tempo-150\/","url_meta":{"origin":21290,"position":2},"title":"Em Tempo","author":"","date":"Setembro 11, 2022","format":false,"excerpt":"Pr\u00eamio Geek de Literatura A\u00a02\u00aa edi\u00e7\u00e3o do Pr\u00eamio Geek de Literatura,\u00a0da Amazon Brasil, est\u00e1 com inscri\u00e7\u00f5es abertas at\u00e9 o dia 5 de novembro. Nesta edi\u00e7\u00e3o, os vencedores poder\u00e3o ganhar pr\u00eamios de\u00a0R$ 2 mil,\u00a0R$ 5 mil\u00a0e at\u00e9\u00a0R$ 10 mil. Todas as informa\u00e7\u00f5es est\u00e3o dispon\u00edveis no site\u00a0amazon.com.br\/premiogeek. Escritores de\u00a0fic\u00e7\u00e3o cient\u00edfica,\u00a0fantasia,\u00a0terror\u00a0e\u00a0quadrinistas\u00a0podem participar em\u2026","rel":"","context":"In &quot;Artigos&quot;","block_context":{"text":"Artigos","link":"https:\/\/correiodasemana.com\/site\/category\/artigos\/"},"img":{"alt_text":"","src":"https:\/\/i0.wp.com\/correiodasemana.com\/site\/wp-content\/uploads\/2022\/09\/coluna-em-tempo-sobral-300x181.jpg?resize=350%2C200&ssl=1","width":350,"height":200},"classes":[]},{"id":26840,"url":"https:\/\/correiodasemana.com\/site\/em-tempo-197\/","url_meta":{"origin":21290,"position":3},"title":"EM TEMPO \u2022","author":"adminredacao","date":"Outubro 17, 2023","format":false,"excerpt":"12\u00aa edi\u00e7\u00e3o do Visualidades A Universidade Estadual Vale do Acara\u00fa, em Sobral, recebe inscri\u00e7\u00f5es para 12\u00aa edi\u00e7\u00e3o do Visualidades at\u00e9 18 de outubro, pelo endere\u00e7o www.eventos.uvanet.br. Programa\u00e7\u00e3o envolve atividades de forma\u00e7\u00e3o e divulga\u00e7\u00e3o de trabalhos de pesquisa, mostras e exposi\u00e7\u00f5es. Poder\u00e3o ser inscritos trabalhos nas modalidades narrativa fotogr\u00e1fica, v\u00eddeo, desenho,\u2026","rel":"","context":"In &quot;Artigos&quot;","block_context":{"text":"Artigos","link":"https:\/\/correiodasemana.com\/site\/category\/artigos\/"},"img":{"alt_text":"","src":"https:\/\/i0.wp.com\/correiodasemana.com\/site\/wp-content\/uploads\/2023\/10\/1_muhammad_yunus-23792219-300x200.jpg?resize=350%2C200&ssl=1","width":350,"height":200},"classes":[]},{"id":27037,"url":"https:\/\/correiodasemana.com\/site\/em-tempo-198\/","url_meta":{"origin":21290,"position":4},"title":"EM TEMPO \u2022","author":"adminredacao","date":"Outubro 23, 2023","format":false,"excerpt":"Pr\u00eamio Educador Transformador Inscri\u00e7\u00f5es para o Pr\u00eamio Educador Transformador, realizado pelo Sebrae, a Bett Brasil e o Instituto Significare, est\u00e3o abertas at\u00e9 5 de fevereiro de 2024, para identificar, valorizar e divulgar projetos educacionais transformadores no Brasil, focados na educa\u00e7\u00e3o empreendedora. Em sua 2\u00aa edi\u00e7\u00e3o, Pr\u00eamio Educador Transformador recebe trabalhos\u2026","rel":"","context":"In &quot;Artigos&quot;","block_context":{"text":"Artigos","link":"https:\/\/correiodasemana.com\/site\/category\/artigos\/"},"img":{"alt_text":"","src":"https:\/\/i0.wp.com\/correiodasemana.com\/site\/wp-content\/uploads\/2023\/10\/Servulo-1-Gentil-Barreira-150x150.jpeg?resize=350%2C200&ssl=1","width":350,"height":200,"srcset":"https:\/\/i0.wp.com\/correiodasemana.com\/site\/wp-content\/uploads\/2023\/10\/Servulo-1-Gentil-Barreira-150x150.jpeg?resize=350%2C200&ssl=1 1x, https:\/\/i0.wp.com\/correiodasemana.com\/site\/wp-content\/uploads\/2023\/10\/Servulo-1-Gentil-Barreira-150x150.jpeg?resize=525%2C300&ssl=1 1.5x, https:\/\/i0.wp.com\/correiodasemana.com\/site\/wp-content\/uploads\/2023\/10\/Servulo-1-Gentil-Barreira-150x150.jpeg?resize=700%2C400&ssl=1 2x, https:\/\/i0.wp.com\/correiodasemana.com\/site\/wp-content\/uploads\/2023\/10\/Servulo-1-Gentil-Barreira-150x150.jpeg?resize=1050%2C600&ssl=1 3x"},"classes":[]},{"id":32748,"url":"https:\/\/correiodasemana.com\/site\/em-tempo-266\/","url_meta":{"origin":21290,"position":5},"title":"EM TEMPO \u2022","author":"adminredacao","date":"Mar\u00e7o 9, 2025","format":false,"excerpt":"54\u00ba Concurso de Reda\u00e7\u00e3o de Cartas Inscri\u00e7\u00f5es para o 54\u00ba Concurso Internacional de Reda\u00e7\u00e3o de Cartas est\u00e3o abertas at\u00e9 28 de mar\u00e7o, abrindo as portas para jovens talentos mostrarem sua criatividade e habilidade com a escrita. Carta vencedora poder\u00e1 representar o Brasil na etapa internacional, em Viena (\u00c1ustria) Promovido anualmente\u2026","rel":"","context":"In &quot;Artigos&quot;","block_context":{"text":"Artigos","link":"https:\/\/correiodasemana.com\/site\/category\/artigos\/"},"img":{"alt_text":"","src":"https:\/\/i0.wp.com\/correiodasemana.com\/site\/wp-content\/uploads\/2025\/03\/Jornal-Correio-da-Semana-No-1061-2-150x150.jpg?resize=350%2C200&ssl=1","width":350,"height":200},"classes":[]}],"jetpack_sharing_enabled":true,"_links":{"self":[{"href":"https:\/\/correiodasemana.com\/site\/wp-json\/wp\/v2\/posts\/21290","targetHints":{"allow":["GET"]}}],"collection":[{"href":"https:\/\/correiodasemana.com\/site\/wp-json\/wp\/v2\/posts"}],"about":[{"href":"https:\/\/correiodasemana.com\/site\/wp-json\/wp\/v2\/types\/post"}],"author":[{"embeddable":true,"href":"https:\/\/correiodasemana.com\/site\/wp-json\/wp\/v2\/users\/1"}],"replies":[{"embeddable":true,"href":"https:\/\/correiodasemana.com\/site\/wp-json\/wp\/v2\/comments?post=21290"}],"version-history":[{"count":1,"href":"https:\/\/correiodasemana.com\/site\/wp-json\/wp\/v2\/posts\/21290\/revisions"}],"predecessor-version":[{"id":21292,"href":"https:\/\/correiodasemana.com\/site\/wp-json\/wp\/v2\/posts\/21290\/revisions\/21292"}],"wp:featuredmedia":[{"embeddable":true,"href":"https:\/\/correiodasemana.com\/site\/wp-json\/wp\/v2\/media\/18025"}],"wp:attachment":[{"href":"https:\/\/correiodasemana.com\/site\/wp-json\/wp\/v2\/media?parent=21290"}],"wp:term":[{"taxonomy":"category","embeddable":true,"href":"https:\/\/correiodasemana.com\/site\/wp-json\/wp\/v2\/categories?post=21290"},{"taxonomy":"post_tag","embeddable":true,"href":"https:\/\/correiodasemana.com\/site\/wp-json\/wp\/v2\/tags?post=21290"}],"curies":[{"name":"wp","href":"https:\/\/api.w.org\/{rel}","templated":true}]}}