{"id":21493,"date":"2022-11-06T18:47:56","date_gmt":"2022-11-06T21:47:56","guid":{"rendered":"https:\/\/correiodasemana.com\/site\/?p=21493"},"modified":"2022-11-06T18:47:56","modified_gmt":"2022-11-06T21:47:56","slug":"retiro-da-comunidade-de-vida-filhos-de-siao-2022","status":"publish","type":"post","link":"https:\/\/correiodasemana.com\/site\/retiro-da-comunidade-de-vida-filhos-de-siao-2022\/","title":{"rendered":"Retiro da Comunidade de Vida Filhos de Si\u00e3o \u2013 2022"},"content":{"rendered":"<p>\u201cRicos apenas de uma promessa e de uma presen\u00e7a, a de Jesus.\u201d Este foi o tema do<br \/>\nO Filho de Si\u00e3o torna-se alma esposa para viver a ora\u00e7\u00e3o contemplativa, a convers\u00e3o di\u00e1ria e a vida fraterna (EFS). Nesse sentido, falar de convers\u00e3o \u00e9 falar de nossa base, ressalta Lucinha ao iniciar a primeira prega\u00e7\u00e3o do retiro. Segundo ela, Jesus tinha duas formas de trabalhar a convers\u00e3o: a primeira, dirigindo-se \u00e0s multid\u00f5es e a segunda dirigindo-se aos seus disc\u00edpulos.<br \/>\nNa primeira ideia de convers\u00e3o, Jesus dirige-se a todos os povos: \u201cConvertei-vos e crede no Evangelho.\u201d (Mc 1,15). Segundo os profetas, converter \u00e9 voltar atr\u00e1s, inverter a rota, voltar aos trilhos para seguir Jesus. J\u00e1 na segunda ideia, dirigindo-se aos mais pr\u00f3ximos, Jesus dizia: \u201cConvertei-vos porque o Reino de Deus chegou.\u201d (Mt 4,17) Aqui convers\u00e3o significa um passo adiante para entrar no Reino, ou ainda, tomar uma decis\u00e3o que salva, uma decis\u00e3o da hora. Quem abra\u00e7ou o Reino tem que pensar como Deus pensa. Nesta ideia, a convers\u00e3o acontece como uma \u201cmetanoia\u201d, ou seja, como uma radical mudan\u00e7a no modo de pensar, citou a fundadora.<br \/>\nOs membros das tr\u00eas miss\u00f5es fizeram uma profunda partilha de vida e miss\u00e3o e foram orientados pelo cofundador Adriano, respons\u00e1vel pela Comunidade de Vida Filhos de Si\u00e3o. Momento enriquecedor e de grande valia para o Cora\u00e7\u00e3o da Voca\u00e7\u00e3o. Em seguida, conclu\u00edram o dia com a Santa Missa e com uma noite intensa de fraternidade e louvor.<br \/>\n\u201cSe o gr\u00e3o de trigo, ca\u00eddo na terra, n\u00e3o morrer, fica s\u00f3; se morrer, produz muito fruto.\u201d (Jo 12,24)<br \/>\nCelibato \u00e9 um modo especial de estar com Jesus, uma maneira radical de participar de sua miss\u00e3o. \u201cOu seja, quem quiser radicalmente se entregar a Jesus, o Celibato \u00e9 o caminho\u201d (Vander L\u00facia Menezes Farias).<br \/>\n\u201cO Celibato consiste em despojar-se pelo Reino de Deus. Trata-se, pois, de uma op\u00e7\u00e3o de amor, uma escolha radical. \u00c9 estar livre para servir no Reino de Deus. O Senhor interpela e chama, mas eu preciso optar livremente pelo Reino de Deus. Na hist\u00f3ria, nunca faltou celibat\u00e1rios. Dessa forma, a Castidade pelo Reino foi, \u00e9 e sempre ser\u00e1 des\u00edgnio de Jesus. Os celibat\u00e1rios sustentaram a Igreja. S\u00e3o eles uma \u00e1rvore fecunda plantada por Jesus, pois procriam almas para o Reino de Deus. Portanto, n\u00e3o s\u00e3o inf\u00e9rteis, pelo contr\u00e1rio, d\u00e3o muitos frutos, e frutos para a eternidade\u201d, acrescenta a fundadora.<br \/>\nAp\u00f3s a prega\u00e7\u00e3o, alguns irm\u00e3os partilharam sobre este novo de Deus que chegou a n\u00f3s e sobre o desejo de trilharem este caminho de amor a Jesus e ao Reino dos C\u00e9us.<br \/>\nAfinal, o Reino de Deus veio e ainda vir\u00e1.<\/p>\n<p>Geraldo Luan Neves Leorne<br \/>\nConsagrado na Comunidade de Vida Filhos de Si\u00e3o<\/p>\n","protected":false},"excerpt":{"rendered":"<p>\u201cRicos apenas de uma promessa e de uma presen\u00e7a, a de Jesus.\u201d Este foi o&#8230;<\/p>\n","protected":false},"author":1,"featured_media":65,"comment_status":"open","ping_status":"open","sticky":false,"template":"","format":"standard","meta":{"_jetpack_memberships_contains_paid_content":false,"footnotes":"","jetpack_publicize_message":"","jetpack_publicize_feature_enabled":true,"jetpack_social_post_already_shared":true,"jetpack_social_options":{"image_generator_settings":{"template":"highway","default_image_id":0,"font":"","enabled":false},"version":2}},"categories":[11,87],"tags":[],"class_list":["post-21493","post","type-post","status-publish","format-standard","has-post-thumbnail","hentry","category-artigos","category-filhos-de-siao"],"jetpack_publicize_connections":[],"jetpack_featured_media_url":"https:\/\/correiodasemana.com\/site\/wp-content\/uploads\/2019\/07\/cropped-Igreja_S\u00e9.jpg","jetpack-related-posts":[{"id":37379,"url":"https:\/\/correiodasemana.com\/site\/comunidade-filhos-de-siao-17\/","url_meta":{"origin":21493,"position":0},"title":"COMUNIDADE FILHOS DE SI\u00c3O","author":"adminredacao","date":"Fevereiro 20, 2026","format":false,"excerpt":"Trip\u00e9 da Voca\u00e7\u00e3o Filhos de Si\u00e3o Ora\u00e7\u00e3o Contemplativa O primeiro presente \u00e9 a Ora\u00e7\u00e3o Contemplativa. Orar n\u00e3o \u00e9 apenas cumprir um dever, nem rezar por simples repeti\u00e7\u00e3o de palavras. O que o Senhor nos pede \u00e9 a contempla\u00e7\u00e3o: um encontro mais profundo, cuidadoso e demorado, vivido com zelo e amor.\u2026","rel":"","context":"In &quot;Artigos&quot;","block_context":{"text":"Artigos","link":"https:\/\/correiodasemana.com\/site\/category\/artigos\/"},"img":{"alt_text":"","src":"https:\/\/i0.wp.com\/correiodasemana.com\/site\/wp-content\/uploads\/2019\/07\/cropped-Igreja_S%C3%A9.jpg?resize=350%2C200&ssl=1","width":350,"height":200,"srcset":"https:\/\/i0.wp.com\/correiodasemana.com\/site\/wp-content\/uploads\/2019\/07\/cropped-Igreja_S%C3%A9.jpg?resize=350%2C200&ssl=1 1x, https:\/\/i0.wp.com\/correiodasemana.com\/site\/wp-content\/uploads\/2019\/07\/cropped-Igreja_S%C3%A9.jpg?resize=525%2C300&ssl=1 1.5x, https:\/\/i0.wp.com\/correiodasemana.com\/site\/wp-content\/uploads\/2019\/07\/cropped-Igreja_S%C3%A9.jpg?resize=700%2C400&ssl=1 2x, https:\/\/i0.wp.com\/correiodasemana.com\/site\/wp-content\/uploads\/2019\/07\/cropped-Igreja_S%C3%A9.jpg?resize=1050%2C600&ssl=1 3x, https:\/\/i0.wp.com\/correiodasemana.com\/site\/wp-content\/uploads\/2019\/07\/cropped-Igreja_S%C3%A9.jpg?resize=1400%2C800&ssl=1 4x"},"classes":[]},{"id":32434,"url":"https:\/\/correiodasemana.com\/site\/comunidade-catolica-filhos-de-siao-4\/","url_meta":{"origin":21493,"position":1},"title":"COMUNIDADE CAT\u00d3LICA FILHOS DE SI\u00c3O","author":"adminredacao","date":"Fevereiro 10, 2025","format":false,"excerpt":"Jesus \u00e9 a nossa esperan\u00e7a! Preocupada em formar os seus filhos, a Comunidade traz como tem\u00e1tica para a Semana de Forma\u00e7\u00e3o a abordagem deste Ano Jubilar, com a inten\u00e7\u00e3o de nos fazer compreender a gra\u00e7a que este Ano nos traz, bem como ensinar a viver bem e viver com esperan\u00e7a.\u2026","rel":"","context":"In &quot;Artigos&quot;","block_context":{"text":"Artigos","link":"https:\/\/correiodasemana.com\/site\/category\/artigos\/"},"img":{"alt_text":"","src":"https:\/\/i0.wp.com\/correiodasemana.com\/site\/wp-content\/uploads\/2018\/02\/Igreja-da-Se%CC%81-Sobral.jpg?resize=350%2C200&ssl=1","width":350,"height":200,"srcset":"https:\/\/i0.wp.com\/correiodasemana.com\/site\/wp-content\/uploads\/2018\/02\/Igreja-da-Se%CC%81-Sobral.jpg?resize=350%2C200&ssl=1 1x, https:\/\/i0.wp.com\/correiodasemana.com\/site\/wp-content\/uploads\/2018\/02\/Igreja-da-Se%CC%81-Sobral.jpg?resize=525%2C300&ssl=1 1.5x, https:\/\/i0.wp.com\/correiodasemana.com\/site\/wp-content\/uploads\/2018\/02\/Igreja-da-Se%CC%81-Sobral.jpg?resize=700%2C400&ssl=1 2x, https:\/\/i0.wp.com\/correiodasemana.com\/site\/wp-content\/uploads\/2018\/02\/Igreja-da-Se%CC%81-Sobral.jpg?resize=1050%2C600&ssl=1 3x, https:\/\/i0.wp.com\/correiodasemana.com\/site\/wp-content\/uploads\/2018\/02\/Igreja-da-Se%CC%81-Sobral.jpg?resize=1400%2C800&ssl=1 4x"},"classes":[]},{"id":28217,"url":"https:\/\/correiodasemana.com\/site\/filhos-de-siao-13\/","url_meta":{"origin":21493,"position":2},"title":"filhos de si\u00e3o","author":"adminredacao","date":"Janeiro 29, 2024","format":false,"excerpt":"O trip\u00e9 da Voca\u00e7\u00e3o Filhos de Si\u00e3o A Ora\u00e7\u00e3o Contemplativa Ao contemplar a vida de S\u00e3o Francisco, percebemos tra\u00e7os dele na vida da nossa fundadora. Mais que uma inspira\u00e7\u00e3o, podemos enxergar a viv\u00eancia da contempla\u00e7\u00e3o desse grande Santo na vida de nossa fundadora. Os nossos cora\u00e7\u00f5es devem estar voltados para\u2026","rel":"","context":"In &quot;Artigos&quot;","block_context":{"text":"Artigos","link":"https:\/\/correiodasemana.com\/site\/category\/artigos\/"},"img":{"alt_text":"","src":"https:\/\/i0.wp.com\/correiodasemana.com\/site\/wp-content\/uploads\/2019\/07\/Igreja_S%C3%A9.jpg?resize=350%2C200&ssl=1","width":350,"height":200,"srcset":"https:\/\/i0.wp.com\/correiodasemana.com\/site\/wp-content\/uploads\/2019\/07\/Igreja_S%C3%A9.jpg?resize=350%2C200&ssl=1 1x, https:\/\/i0.wp.com\/correiodasemana.com\/site\/wp-content\/uploads\/2019\/07\/Igreja_S%C3%A9.jpg?resize=525%2C300&ssl=1 1.5x, https:\/\/i0.wp.com\/correiodasemana.com\/site\/wp-content\/uploads\/2019\/07\/Igreja_S%C3%A9.jpg?resize=700%2C400&ssl=1 2x, https:\/\/i0.wp.com\/correiodasemana.com\/site\/wp-content\/uploads\/2019\/07\/Igreja_S%C3%A9.jpg?resize=1050%2C600&ssl=1 3x, https:\/\/i0.wp.com\/correiodasemana.com\/site\/wp-content\/uploads\/2019\/07\/Igreja_S%C3%A9.jpg?resize=1400%2C800&ssl=1 4x"},"classes":[]},{"id":37346,"url":"https:\/\/correiodasemana.com\/site\/nao-se-consagra-para-fazer-mas-para-ser\/","url_meta":{"origin":21493,"position":3},"title":"N\u00e3o se consagra para fazer, mas para ser","author":"adminredacao","date":"Fevereiro 11, 2026","format":false,"excerpt":"\u201cN\u00e3o h\u00e1 um s\u00f3 minuto da minha vida que eu queira voltar a viver segundo a minha pr\u00f3pria vontade. Andar conforme a minha vontade n\u00e3o deu certo; minha vida s\u00f3 se ordenou quando encontrei a vontade de Deus.\u201d Acima de tudo, a vontade de Deus. N\u00e3o sou escrava do mundo,\u2026","rel":"","context":"In &quot;Artigos&quot;","block_context":{"text":"Artigos","link":"https:\/\/correiodasemana.com\/site\/category\/artigos\/"},"img":{"alt_text":"","src":"https:\/\/i0.wp.com\/correiodasemana.com\/site\/wp-content\/uploads\/2019\/07\/Igreja_S%C3%A9.jpg?resize=350%2C200&ssl=1","width":350,"height":200,"srcset":"https:\/\/i0.wp.com\/correiodasemana.com\/site\/wp-content\/uploads\/2019\/07\/Igreja_S%C3%A9.jpg?resize=350%2C200&ssl=1 1x, https:\/\/i0.wp.com\/correiodasemana.com\/site\/wp-content\/uploads\/2019\/07\/Igreja_S%C3%A9.jpg?resize=525%2C300&ssl=1 1.5x, https:\/\/i0.wp.com\/correiodasemana.com\/site\/wp-content\/uploads\/2019\/07\/Igreja_S%C3%A9.jpg?resize=700%2C400&ssl=1 2x, https:\/\/i0.wp.com\/correiodasemana.com\/site\/wp-content\/uploads\/2019\/07\/Igreja_S%C3%A9.jpg?resize=1050%2C600&ssl=1 3x, https:\/\/i0.wp.com\/correiodasemana.com\/site\/wp-content\/uploads\/2019\/07\/Igreja_S%C3%A9.jpg?resize=1400%2C800&ssl=1 4x"},"classes":[]},{"id":28609,"url":"https:\/\/correiodasemana.com\/site\/comunidade-filhos-de-siao-5\/","url_meta":{"origin":21493,"position":4},"title":"Comunidade filhos de si\u00e3o","author":"adminredacao","date":"Mar\u00e7o 11, 2024","format":false,"excerpt":"Na Adora\u00e7\u00e3o \u00e0 Santa Vontade do Pai O grande convite da Comunidade Filhos de Si\u00e3o \u00e9 para vivermos uma Santa Quaresma, por meio do Retiro Quaresmal: \u201cNa Adora\u00e7\u00e3o \u00e0 Santa Vontade do Pai\u201d. Deus nos deu um carisma e este \u00e9 recheado de dons. \u00c9 importante que nos abramos aos\u2026","rel":"","context":"In &quot;Artigos&quot;","block_context":{"text":"Artigos","link":"https:\/\/correiodasemana.com\/site\/category\/artigos\/"},"img":{"alt_text":"","src":"https:\/\/i0.wp.com\/correiodasemana.com\/site\/wp-content\/uploads\/2019\/07\/cropped-Igreja_S%C3%A9.jpg?resize=350%2C200&ssl=1","width":350,"height":200,"srcset":"https:\/\/i0.wp.com\/correiodasemana.com\/site\/wp-content\/uploads\/2019\/07\/cropped-Igreja_S%C3%A9.jpg?resize=350%2C200&ssl=1 1x, https:\/\/i0.wp.com\/correiodasemana.com\/site\/wp-content\/uploads\/2019\/07\/cropped-Igreja_S%C3%A9.jpg?resize=525%2C300&ssl=1 1.5x, https:\/\/i0.wp.com\/correiodasemana.com\/site\/wp-content\/uploads\/2019\/07\/cropped-Igreja_S%C3%A9.jpg?resize=700%2C400&ssl=1 2x, https:\/\/i0.wp.com\/correiodasemana.com\/site\/wp-content\/uploads\/2019\/07\/cropped-Igreja_S%C3%A9.jpg?resize=1050%2C600&ssl=1 3x, https:\/\/i0.wp.com\/correiodasemana.com\/site\/wp-content\/uploads\/2019\/07\/cropped-Igreja_S%C3%A9.jpg?resize=1400%2C800&ssl=1 4x"},"classes":[]},{"id":37814,"url":"https:\/\/correiodasemana.com\/site\/nao-a-minha-mas-a-tua-vontade\/","url_meta":{"origin":21493,"position":5},"title":"N\u00e3o a minha, mas a tua vontade","author":"adminredacao","date":"Mar\u00e7o 20, 2026","format":false,"excerpt":"A Comunidade Filhos de Si\u00e3o \u00e9 um carisma novo na Igreja. Possui um jeito pr\u00f3prio de ser, de estar no mundo, de rezar, de vestir-se e de viver. Temos uma identidade pr\u00f3pria. Quando sentimos o chamado para esse carisma, o Senhor se encarrega de imprimir em n\u00f3s essa identidade. O\u2026","rel":"","context":"In &quot;Filhos de Si\u00e3o&quot;","block_context":{"text":"Filhos de Si\u00e3o","link":"https:\/\/correiodasemana.com\/site\/category\/filhos-de-siao\/"},"img":{"alt_text":"","src":"https:\/\/i0.wp.com\/correiodasemana.com\/site\/wp-content\/uploads\/2020\/08\/Catedral-da-Se-N.-S.-da-Conceicao-Sobral-Ceara-scaled.jpg?resize=350%2C200&ssl=1","width":350,"height":200,"srcset":"https:\/\/i0.wp.com\/correiodasemana.com\/site\/wp-content\/uploads\/2020\/08\/Catedral-da-Se-N.-S.-da-Conceicao-Sobral-Ceara-scaled.jpg?resize=350%2C200&ssl=1 1x, https:\/\/i0.wp.com\/correiodasemana.com\/site\/wp-content\/uploads\/2020\/08\/Catedral-da-Se-N.-S.-da-Conceicao-Sobral-Ceara-scaled.jpg?resize=525%2C300&ssl=1 1.5x, https:\/\/i0.wp.com\/correiodasemana.com\/site\/wp-content\/uploads\/2020\/08\/Catedral-da-Se-N.-S.-da-Conceicao-Sobral-Ceara-scaled.jpg?resize=700%2C400&ssl=1 2x, https:\/\/i0.wp.com\/correiodasemana.com\/site\/wp-content\/uploads\/2020\/08\/Catedral-da-Se-N.-S.-da-Conceicao-Sobral-Ceara-scaled.jpg?resize=1050%2C600&ssl=1 3x, https:\/\/i0.wp.com\/correiodasemana.com\/site\/wp-content\/uploads\/2020\/08\/Catedral-da-Se-N.-S.-da-Conceicao-Sobral-Ceara-scaled.jpg?resize=1400%2C800&ssl=1 4x"},"classes":[]}],"jetpack_sharing_enabled":true,"_links":{"self":[{"href":"https:\/\/correiodasemana.com\/site\/wp-json\/wp\/v2\/posts\/21493","targetHints":{"allow":["GET"]}}],"collection":[{"href":"https:\/\/correiodasemana.com\/site\/wp-json\/wp\/v2\/posts"}],"about":[{"href":"https:\/\/correiodasemana.com\/site\/wp-json\/wp\/v2\/types\/post"}],"author":[{"embeddable":true,"href":"https:\/\/correiodasemana.com\/site\/wp-json\/wp\/v2\/users\/1"}],"replies":[{"embeddable":true,"href":"https:\/\/correiodasemana.com\/site\/wp-json\/wp\/v2\/comments?post=21493"}],"version-history":[{"count":1,"href":"https:\/\/correiodasemana.com\/site\/wp-json\/wp\/v2\/posts\/21493\/revisions"}],"predecessor-version":[{"id":21494,"href":"https:\/\/correiodasemana.com\/site\/wp-json\/wp\/v2\/posts\/21493\/revisions\/21494"}],"wp:featuredmedia":[{"embeddable":true,"href":"https:\/\/correiodasemana.com\/site\/wp-json\/wp\/v2\/media\/65"}],"wp:attachment":[{"href":"https:\/\/correiodasemana.com\/site\/wp-json\/wp\/v2\/media?parent=21493"}],"wp:term":[{"taxonomy":"category","embeddable":true,"href":"https:\/\/correiodasemana.com\/site\/wp-json\/wp\/v2\/categories?post=21493"},{"taxonomy":"post_tag","embeddable":true,"href":"https:\/\/correiodasemana.com\/site\/wp-json\/wp\/v2\/tags?post=21493"}],"curies":[{"name":"wp","href":"https:\/\/api.w.org\/{rel}","templated":true}]}}