{"id":21648,"date":"2022-11-13T20:46:53","date_gmt":"2022-11-13T23:46:53","guid":{"rendered":"https:\/\/correiodasemana.com\/site\/?p=21648"},"modified":"2022-11-13T20:46:53","modified_gmt":"2022-11-13T23:46:53","slug":"a-oracao-e-primazia-para-a-comunidade-filhos-de-siao","status":"publish","type":"post","link":"https:\/\/correiodasemana.com\/site\/a-oracao-e-primazia-para-a-comunidade-filhos-de-siao\/","title":{"rendered":"A ora\u00e7\u00e3o \u00e9 primazia para a Comunidade Filhos de Si\u00e3o"},"content":{"rendered":"<p>Segundo os Estatutos da Comunidade Filhos de Si\u00e3o,\u00a0contemplar \u00e9 olhar atenta e embevecidamente, ou seja, \u00e9 apreciar, meditar com amor, \u00e9 buscar aquilo que n\u00e3o vejo de imediato.<br \/>\nO segredo da ora\u00e7\u00e3o \u00e9 olhar para Deus e permanecer nesse olhar sem pressa. N\u00e3o somente ver a Deus, mas entrar na sua presen\u00e7a, abrir o cora\u00e7\u00e3o, n\u00e3o ter medo de ser quem \u00e9 diante do Senhor.<br \/>\nJESUS DURANTE TODA SUA VIDA RETIRAVA-SE PARA ORAR!<br \/>\nPor que Jesus rezava muito se ele era Deus? Porque Ele veio cumprir uma miss\u00e3o humana: \u00a0Ele \u00e9 o novo Ad\u00e3o!<br \/>\nSanto Agostinho dizia: Ad\u00e3o pecou porque n\u00e3o rezou.\u00a0Ent\u00e3o, Jesus Cristo, na condi\u00e7\u00e3o do Novo Ad\u00e3o, rezou muito.\u00a0Jesus veio destruir a obra do primeiro Ad\u00e3o: O PECADO!<br \/>\nMeus irm\u00e3os, a ora\u00e7\u00e3o \u00e9 a intimidade com Deus. A coisa mais bonita da nossa f\u00e9 \u00e9 dizer PAI NOSSO!\u00a0O PAI NOSSO \u00e9 a s\u00edntese da ora\u00e7\u00e3o de Jesus com o PAI. Portanto, sejam \u00edntimos de Deus, chamem-no de Pai. Fa\u00e7am como Jesus: transformem tudo em ora\u00e7\u00e3o!\u00a0Nunca o mundo precisou tanto de ora\u00e7\u00e3o como hoje. REZEM, E\u00a0REZEM MUITO!<br \/>\nO mundo se assusta quando dizemos para Deus: \u201cMeu Pai!\u201d Por isso, entende-se que a ora\u00e7\u00e3o \u00e9 o di\u00e1logo do filho com o pai. Eu converso com Ele, Ele me escuta, me aconselha, me exorta. Al\u00e9m disso, \u00e9 na ora\u00e7\u00e3o onde n\u00f3s lan\u00e7amos para Deus todas as nossas preocupa\u00e7\u00f5es, porque Ele tem cuidado de n\u00f3s.<br \/>\nNa cruz, Jesus rezou o salmo:\u00a0MEU DEUS MEU DEUS, PORQUE ME ABANDONASTE!\u2026 Em todo momento Jesus estava rezando.<br \/>\nEm tudo dai gra\u00e7as a Deus.<br \/>\nQuando rezamos, n\u00e3o damos brecha para o dem\u00f4nio Dessa forma, irm\u00e3os, orem sem sessar! O tempo \u00e9 mau! Encha sua casa de ora\u00e7\u00e3o! Mais cedo ou mais tarde ela vai se concretizar. Nenhuma ora\u00e7\u00e3o fica sem resposta. N\u00e3o tome decis\u00f5es precipitadas! N\u00e3o se desespere! Reze e aguarde.<br \/>\nD\u00ea gra\u00e7as a Deus em todo tempo e lugar, N\u00c3O PERCA TEMPO!!!<br \/>\nA Igreja nos ensina que quem mora em n\u00f3s \u00e9 o Esp\u00edrito Santo. Portanto, pe\u00e7a a gra\u00e7a de um cora\u00e7\u00e3o que reza e tem vontade de estar com Deus. A gente conhece uma pessoa que reza pelos frutos. Em G\u00e1latas 5,22, S\u00e3o Paulo fala sobre os frutos do Esp\u00edrito. Segundo ele, quem reza \u00e9 portador dos frutos do Esp\u00edrito, que s\u00e3o: caridade, alegria, paz, paci\u00eancia, afabilidade, bondade, fidelidade, temperan\u00e7a.<br \/>\nEsses frutos est\u00e3o em voc\u00ea, meu irm\u00e3o?<br \/>\nSe sim, louvado seja Deus, voc\u00ea \u00e9 uma pessoa que vive a intimidade de Deus. Mas se esses frutos n\u00e3o est\u00e3o em voc\u00ea, questione sua ora\u00e7\u00e3o.<br \/>\nO grande problema com rela\u00e7\u00e3o a ora\u00e7\u00e3o \u00e9: N\u00e3o rezar ou rezar mal.\u00a0Por isso, nossos Estatutos v\u00eam nos dizer que a nossa ora\u00e7\u00e3o tem que ser contemplativa. Voc\u00ea precisa meditar, conversar e ouvir.<br \/>\nA ora\u00e7\u00e3o precisa ter lugar \u00e9 hor\u00e1rio certo. \u00c9 o encontro de duas almas. Por isso, a Palavra de Deus vem dizer:\u00a0Entra no teu quarto, fecha a tua porta.\u00a0Ou seja, vai para a tua intimidade, silencia o mundo ao teu redor. Irm\u00e3os, ir para a intimidade \u00e9 ter onde depositar os nossos problemas, as nossas dores, as nossas dificuldades, as nossas vidas. L\u00e1 n\u00f3s podemos depositar tudo isso nas chagas de Jesus.<br \/>\nTudo concorre para o bem daqueles que amam a Deus.<br \/>\nQuando a ora\u00e7\u00e3o \u00e9 a base da nossa vida, as coisas d\u00e3o certo. N\u00e3o desista de rezar. O dem\u00f4nio nos inferniza, querendo destruir a obra de Deus, mas ele n\u00e3o tem poder para isso se formos pessoas de ora\u00e7\u00e3o. A ora\u00e7\u00e3o vence todas as for\u00e7as do inferno. Somos obras de Deus e a nossa for\u00e7a vem dele. Diz-nos Jesus:\u00a0Sem mim, nada podeis fazer.<br \/>\nComo \u00e9 que voc\u00ea quer ser um consagrado sem rezar? N\u00e3o vai dar certo! Consagra\u00e7\u00e3o \u00e9 para homem e mulher que reza. Sem Jesus voc\u00ea n\u00e3o vai ser um bom pai, um bom professor, um bom advogado, um bom comerciante, um bom filho de Si\u00e3o.<br \/>\nMeus irm\u00e3os, verdadeiramente n\u00f3s somos fracos, mas Deus \u00e9 nossa for\u00e7a. \u00c9 a gra\u00e7a de Deus que pode potencializar voc\u00ea. Com Jesus, voc\u00ea ser\u00e1 uma pessoa melhor. A B\u00edblia diz que o ramo precisa permanecer no tronco da \u00e1rvore, s\u00f3 assim ele poder\u00e1 dar fruto.<br \/>\nPERMANE\u00c7A NA \u00c1RVORE!<br \/>\nPermanecer na \u00e1rvore \u00e9 rezar, se n\u00e3o voc\u00ea fica no meio da estrada, como muitos ficaram. A for\u00e7a dos santos foi a ora\u00e7\u00e3o. Esses homens e mulheres n\u00e3o eram nada, simples criaturas de Deus, pecadores como n\u00f3s. Mas o que foi a transforma\u00e7\u00e3o deles?\u00a0A VIDA DE ORA\u00c7\u00c3O!!!<br \/>\nQual tem sido a sua for\u00e7a? Todos os santos come\u00e7aram do nada, por que n\u00f3s n\u00e3o podemos? Reze e pe\u00e7a a Deus que lhe d\u00ea a gra\u00e7a de fazer a Sua Santa Vontade!<br \/>\nAfinal, a nossa ora\u00e7\u00e3o deve nos moldar todos os dias \u00e0 Vontade de Deus.<br \/>\nQUEM REZA MUDA DE VIDA! QUEM REZA CHEGA AOS ALTARES! Vander L\u00facia Menezes Farias Fundadora da Comunidade Filhos de Si\u00e3o<\/p>\n","protected":false},"excerpt":{"rendered":"<p>Segundo os Estatutos da Comunidade Filhos de Si\u00e3o,\u00a0contemplar \u00e9 olhar atenta e embevecidamente, ou seja,&#8230;<\/p>\n","protected":false},"author":1,"featured_media":18768,"comment_status":"open","ping_status":"open","sticky":false,"template":"","format":"standard","meta":{"_jetpack_memberships_contains_paid_content":false,"footnotes":"","jetpack_publicize_message":"","jetpack_publicize_feature_enabled":true,"jetpack_social_post_already_shared":true,"jetpack_social_options":{"image_generator_settings":{"template":"highway","default_image_id":0,"font":"","enabled":false},"version":2}},"categories":[11,87],"tags":[],"class_list":["post-21648","post","type-post","status-publish","format-standard","has-post-thumbnail","hentry","category-artigos","category-filhos-de-siao"],"jetpack_publicize_connections":[],"jetpack_featured_media_url":"https:\/\/correiodasemana.com\/site\/wp-content\/uploads\/2022\/02\/igreja-menino-deus-4.jpeg","jetpack-related-posts":[{"id":23792,"url":"https:\/\/correiodasemana.com\/site\/quaresma-tempo-de-olhar-para-a-cruz\/","url_meta":{"origin":21648,"position":0},"title":"Quaresma: tempo de olhar para a Cruz","author":"adminredacao","date":"Abril 5, 2023","format":false,"excerpt":"Per\u00edodo em que todos os crist\u00e3os s\u00e3o chamados \u00e0 convers\u00e3o e uma vida de ora\u00e7\u00e3o mais \u00edntima com Deus. Tempo de buscar prop\u00f3sitos, mas n\u00e3o somente durante os 40 dias quaresmais, mas de levar para a vida toda! Este \u00e9 o Tempo Lit\u00fargico mais significativo para os cat\u00f3licos. Como nos\u2026","rel":"","context":"In &quot;Artigos&quot;","block_context":{"text":"Artigos","link":"https:\/\/correiodasemana.com\/site\/category\/artigos\/"},"img":{"alt_text":"","src":"https:\/\/i0.wp.com\/correiodasemana.com\/site\/wp-content\/uploads\/2018\/02\/Igreja_Se%CC%81.jpg?resize=350%2C200&ssl=1","width":350,"height":200,"srcset":"https:\/\/i0.wp.com\/correiodasemana.com\/site\/wp-content\/uploads\/2018\/02\/Igreja_Se%CC%81.jpg?resize=350%2C200&ssl=1 1x, https:\/\/i0.wp.com\/correiodasemana.com\/site\/wp-content\/uploads\/2018\/02\/Igreja_Se%CC%81.jpg?resize=525%2C300&ssl=1 1.5x, https:\/\/i0.wp.com\/correiodasemana.com\/site\/wp-content\/uploads\/2018\/02\/Igreja_Se%CC%81.jpg?resize=700%2C400&ssl=1 2x, https:\/\/i0.wp.com\/correiodasemana.com\/site\/wp-content\/uploads\/2018\/02\/Igreja_Se%CC%81.jpg?resize=1050%2C600&ssl=1 3x, https:\/\/i0.wp.com\/correiodasemana.com\/site\/wp-content\/uploads\/2018\/02\/Igreja_Se%CC%81.jpg?resize=1400%2C800&ssl=1 4x"},"classes":[]},{"id":26583,"url":"https:\/\/correiodasemana.com\/site\/filhos-de-siao-10\/","url_meta":{"origin":21648,"position":1},"title":"FILHOS DE SI\u00c3O","author":"adminredacao","date":"Setembro 18, 2023","format":false,"excerpt":"\u201cVinde \u00e0 nascente das \u00e1guas\u201d O Senhor nos convidou hoje para a nascente das \u00e1guas. Vinde comer! Aqui na nascente das \u00e1guas tem o alimento! Meus irm\u00e3os, Jesus nos trouxe para a nascente das \u00e1guas. Por que perder o dinheiro com aquilo que n\u00e3o alimenta? A gente fica desperdi\u00e7ando o\u2026","rel":"","context":"In &quot;Artigos&quot;","block_context":{"text":"Artigos","link":"https:\/\/correiodasemana.com\/site\/category\/artigos\/"},"img":{"alt_text":"","src":"https:\/\/i0.wp.com\/correiodasemana.com\/site\/wp-content\/uploads\/2018\/02\/Igreja_Se%CC%81.jpg?resize=350%2C200&ssl=1","width":350,"height":200,"srcset":"https:\/\/i0.wp.com\/correiodasemana.com\/site\/wp-content\/uploads\/2018\/02\/Igreja_Se%CC%81.jpg?resize=350%2C200&ssl=1 1x, https:\/\/i0.wp.com\/correiodasemana.com\/site\/wp-content\/uploads\/2018\/02\/Igreja_Se%CC%81.jpg?resize=525%2C300&ssl=1 1.5x, https:\/\/i0.wp.com\/correiodasemana.com\/site\/wp-content\/uploads\/2018\/02\/Igreja_Se%CC%81.jpg?resize=700%2C400&ssl=1 2x, https:\/\/i0.wp.com\/correiodasemana.com\/site\/wp-content\/uploads\/2018\/02\/Igreja_Se%CC%81.jpg?resize=1050%2C600&ssl=1 3x, https:\/\/i0.wp.com\/correiodasemana.com\/site\/wp-content\/uploads\/2018\/02\/Igreja_Se%CC%81.jpg?resize=1400%2C800&ssl=1 4x"},"classes":[]},{"id":37379,"url":"https:\/\/correiodasemana.com\/site\/comunidade-filhos-de-siao-17\/","url_meta":{"origin":21648,"position":2},"title":"COMUNIDADE FILHOS DE SI\u00c3O","author":"adminredacao","date":"Fevereiro 20, 2026","format":false,"excerpt":"Trip\u00e9 da Voca\u00e7\u00e3o Filhos de Si\u00e3o Ora\u00e7\u00e3o Contemplativa O primeiro presente \u00e9 a Ora\u00e7\u00e3o Contemplativa. Orar n\u00e3o \u00e9 apenas cumprir um dever, nem rezar por simples repeti\u00e7\u00e3o de palavras. O que o Senhor nos pede \u00e9 a contempla\u00e7\u00e3o: um encontro mais profundo, cuidadoso e demorado, vivido com zelo e amor.\u2026","rel":"","context":"In &quot;Artigos&quot;","block_context":{"text":"Artigos","link":"https:\/\/correiodasemana.com\/site\/category\/artigos\/"},"img":{"alt_text":"","src":"https:\/\/i0.wp.com\/correiodasemana.com\/site\/wp-content\/uploads\/2019\/07\/cropped-Igreja_S%C3%A9.jpg?resize=350%2C200&ssl=1","width":350,"height":200,"srcset":"https:\/\/i0.wp.com\/correiodasemana.com\/site\/wp-content\/uploads\/2019\/07\/cropped-Igreja_S%C3%A9.jpg?resize=350%2C200&ssl=1 1x, https:\/\/i0.wp.com\/correiodasemana.com\/site\/wp-content\/uploads\/2019\/07\/cropped-Igreja_S%C3%A9.jpg?resize=525%2C300&ssl=1 1.5x, https:\/\/i0.wp.com\/correiodasemana.com\/site\/wp-content\/uploads\/2019\/07\/cropped-Igreja_S%C3%A9.jpg?resize=700%2C400&ssl=1 2x, https:\/\/i0.wp.com\/correiodasemana.com\/site\/wp-content\/uploads\/2019\/07\/cropped-Igreja_S%C3%A9.jpg?resize=1050%2C600&ssl=1 3x, https:\/\/i0.wp.com\/correiodasemana.com\/site\/wp-content\/uploads\/2019\/07\/cropped-Igreja_S%C3%A9.jpg?resize=1400%2C800&ssl=1 4x"},"classes":[]},{"id":29537,"url":"https:\/\/correiodasemana.com\/site\/10-domingo-do-tempo-comum\/","url_meta":{"origin":21648,"position":3},"title":"10\u00b0 DOMINGO DO TEMPO COMUM\u00a0","author":"adminredacao","date":"Junho 10, 2024","format":false,"excerpt":"10\u00b0 Domingo do tempo Comum \u201cNo Senhor toda gra\u00e7a e reden\u00e7\u00e3o\u201d (Sl 129\/130) Celebramos neste domingo, o d\u00e9cimo deste tempo comum, ap\u00f3s termos celebrado as tr\u00eas solenidades que marcam este tempo que s\u00e3o: Sant\u00edssima Trindade, Corpus Christi e Sagrado Cora\u00e7\u00e3o de Jesus que celebramos na \u00faltima sexta-feira. Continuamos a celebrar\u2026","rel":"","context":"In &quot;A voz do Pastor&quot;","block_context":{"text":"A voz do Pastor","link":"https:\/\/correiodasemana.com\/site\/category\/a-voz-do-pastor\/"},"img":{"alt_text":"","src":"https:\/\/i0.wp.com\/correiodasemana.com\/site\/wp-content\/uploads\/2018\/02\/Dom-Vasconcelos-posses.jpg?resize=350%2C200&ssl=1","width":350,"height":200,"srcset":"https:\/\/i0.wp.com\/correiodasemana.com\/site\/wp-content\/uploads\/2018\/02\/Dom-Vasconcelos-posses.jpg?resize=350%2C200&ssl=1 1x, https:\/\/i0.wp.com\/correiodasemana.com\/site\/wp-content\/uploads\/2018\/02\/Dom-Vasconcelos-posses.jpg?resize=525%2C300&ssl=1 1.5x, https:\/\/i0.wp.com\/correiodasemana.com\/site\/wp-content\/uploads\/2018\/02\/Dom-Vasconcelos-posses.jpg?resize=700%2C400&ssl=1 2x"},"classes":[]},{"id":26601,"url":"https:\/\/correiodasemana.com\/site\/filhos-de-siao-11\/","url_meta":{"origin":21648,"position":4},"title":"FILHOS DE SI\u00c3O","author":"adminredacao","date":"Setembro 25, 2023","format":false,"excerpt":"Ora\u00e7\u00e3o Contemplativa do Filho de Si\u00e3o Contemplar n\u00e3o depende dos olhos, mas do cora\u00e7\u00e3o A contempla\u00e7\u00e3o \u00e9 uma forma de ora\u00e7\u00e3o. Contemplar, diz o Papa Francisco, n\u00e3o \u00e9 um modo de fazer, mas um modo de ser. Quando se trata de ora\u00e7\u00e3o, \u00e9 o nosso modo de rezar e de\u2026","rel":"","context":"In &quot;Agenda Uninta&quot;","block_context":{"text":"Agenda Uninta","link":"https:\/\/correiodasemana.com\/site\/category\/agenda-uninta\/"},"img":{"alt_text":"","src":"https:\/\/i0.wp.com\/correiodasemana.com\/site\/wp-content\/uploads\/2018\/02\/Igreja_Se%CC%81.jpg?resize=350%2C200&ssl=1","width":350,"height":200,"srcset":"https:\/\/i0.wp.com\/correiodasemana.com\/site\/wp-content\/uploads\/2018\/02\/Igreja_Se%CC%81.jpg?resize=350%2C200&ssl=1 1x, https:\/\/i0.wp.com\/correiodasemana.com\/site\/wp-content\/uploads\/2018\/02\/Igreja_Se%CC%81.jpg?resize=525%2C300&ssl=1 1.5x, https:\/\/i0.wp.com\/correiodasemana.com\/site\/wp-content\/uploads\/2018\/02\/Igreja_Se%CC%81.jpg?resize=700%2C400&ssl=1 2x, https:\/\/i0.wp.com\/correiodasemana.com\/site\/wp-content\/uploads\/2018\/02\/Igreja_Se%CC%81.jpg?resize=1050%2C600&ssl=1 3x, https:\/\/i0.wp.com\/correiodasemana.com\/site\/wp-content\/uploads\/2018\/02\/Igreja_Se%CC%81.jpg?resize=1400%2C800&ssl=1 4x"},"classes":[]},{"id":25330,"url":"https:\/\/correiodasemana.com\/site\/filhos-de-siao-4\/","url_meta":{"origin":21648,"position":5},"title":"Filhos de Si\u00e3o","author":"adminredacao","date":"Junho 19, 2023","format":false,"excerpt":"Jesus \u00e9 o Senhor A verdade revelada Algumas verdades s\u00e3o reveladas para n\u00f3s durante o SVES, a verdade de Deus para n\u00f3s. A come\u00e7ar pelo amor divino, que supera todas as coisas e nos constrange. Depois, ouvimos que, por amor, o Pai enviou Seu Filho para nos salvar do pecado.\u2026","rel":"","context":"In &quot;Artigos&quot;","block_context":{"text":"Artigos","link":"https:\/\/correiodasemana.com\/site\/category\/artigos\/"},"img":{"alt_text":"","src":"https:\/\/i0.wp.com\/correiodasemana.com\/site\/wp-content\/uploads\/2018\/02\/Igreja_Se%CC%81.jpg?resize=350%2C200&ssl=1","width":350,"height":200,"srcset":"https:\/\/i0.wp.com\/correiodasemana.com\/site\/wp-content\/uploads\/2018\/02\/Igreja_Se%CC%81.jpg?resize=350%2C200&ssl=1 1x, https:\/\/i0.wp.com\/correiodasemana.com\/site\/wp-content\/uploads\/2018\/02\/Igreja_Se%CC%81.jpg?resize=525%2C300&ssl=1 1.5x, https:\/\/i0.wp.com\/correiodasemana.com\/site\/wp-content\/uploads\/2018\/02\/Igreja_Se%CC%81.jpg?resize=700%2C400&ssl=1 2x, https:\/\/i0.wp.com\/correiodasemana.com\/site\/wp-content\/uploads\/2018\/02\/Igreja_Se%CC%81.jpg?resize=1050%2C600&ssl=1 3x, https:\/\/i0.wp.com\/correiodasemana.com\/site\/wp-content\/uploads\/2018\/02\/Igreja_Se%CC%81.jpg?resize=1400%2C800&ssl=1 4x"},"classes":[]}],"jetpack_sharing_enabled":true,"_links":{"self":[{"href":"https:\/\/correiodasemana.com\/site\/wp-json\/wp\/v2\/posts\/21648","targetHints":{"allow":["GET"]}}],"collection":[{"href":"https:\/\/correiodasemana.com\/site\/wp-json\/wp\/v2\/posts"}],"about":[{"href":"https:\/\/correiodasemana.com\/site\/wp-json\/wp\/v2\/types\/post"}],"author":[{"embeddable":true,"href":"https:\/\/correiodasemana.com\/site\/wp-json\/wp\/v2\/users\/1"}],"replies":[{"embeddable":true,"href":"https:\/\/correiodasemana.com\/site\/wp-json\/wp\/v2\/comments?post=21648"}],"version-history":[{"count":1,"href":"https:\/\/correiodasemana.com\/site\/wp-json\/wp\/v2\/posts\/21648\/revisions"}],"predecessor-version":[{"id":21649,"href":"https:\/\/correiodasemana.com\/site\/wp-json\/wp\/v2\/posts\/21648\/revisions\/21649"}],"wp:featuredmedia":[{"embeddable":true,"href":"https:\/\/correiodasemana.com\/site\/wp-json\/wp\/v2\/media\/18768"}],"wp:attachment":[{"href":"https:\/\/correiodasemana.com\/site\/wp-json\/wp\/v2\/media?parent=21648"}],"wp:term":[{"taxonomy":"category","embeddable":true,"href":"https:\/\/correiodasemana.com\/site\/wp-json\/wp\/v2\/categories?post=21648"},{"taxonomy":"post_tag","embeddable":true,"href":"https:\/\/correiodasemana.com\/site\/wp-json\/wp\/v2\/tags?post=21648"}],"curies":[{"name":"wp","href":"https:\/\/api.w.org\/{rel}","templated":true}]}}