{"id":22761,"date":"2023-01-15T21:31:45","date_gmt":"2023-01-16T00:31:45","guid":{"rendered":"https:\/\/correiodasemana.com\/site\/?p=22761"},"modified":"2023-01-15T21:31:45","modified_gmt":"2023-01-16T00:31:45","slug":"estimados-parocos-e-agentes-de-pastoral","status":"publish","type":"post","link":"https:\/\/correiodasemana.com\/site\/estimados-parocos-e-agentes-de-pastoral\/","title":{"rendered":"Estimados P\u00e1rocos e Agentes de Pastoral!"},"content":{"rendered":"<p>A Diocese de Sobral em conson\u00e2ncia com a Confer\u00eancia Nacional dos Bispos do Brasil, neste ano de 2023, vem apresentar a tem\u00e1tica da Campanha da Fraternidade: Fraternidade e Fome, impulsionado pelo lema \u201cDai-lhes v\u00f3s mesmo de comer!\u201d (Mt 14,16).<br \/>\nPortanto, convidamos e esperamos contar com a participa\u00e7\u00e3o de um representante paroquial, que possa assumir o compromisso em mobilizar as a\u00e7\u00f5es da Campanha em sua Par\u00f3quia.<br \/>\nO evento acontecer\u00e1 no dia 14 de janeiro do corrente ano (s\u00e1bado), das 8h \u00e0s 11 horas no audit\u00f3rio Dom Walfrido, situado no seguinte endere\u00e7o: Rua Conselheiro Rodrigues J\u00fanior, 76 &#8211; Centro, Sobral &#8211; CE, 62100-000. Contaremos com assessoria do Padre Manoelito Quinto Vieira.<br \/>\nA programa\u00e7\u00e3o constar\u00e1 de um caf\u00e9 da manh\u00e3, momento de m\u00edstica e espiritualidade, ilumina\u00e7\u00e3o da realidade feito por Jos\u00e9 Maria; Discernir da campanha a luz da palavra conduzido pelo padre Manoelito e Agir mission\u00e1rio facilitado por Joc\u00e9lio Ricardo do Mesa Brasil.<br \/>\nPara ajudar nas despesas do evento e dos materiais produzidos solicitamos a colabora\u00e7\u00e3o de R$ 10,00, por participante.<br \/>\nCiente de seu apoio, desde j\u00e1 agradecemos sua participa\u00e7\u00e3o<br \/>\nSobral, 06 de janeiro de 2023.<\/p>\n<p>Padre Manoelito Quinto Vieira<br \/>\nCoordena\u00e7\u00e3o Diocesana de Campanhas<\/p>\n","protected":false},"excerpt":{"rendered":"<p>A Diocese de Sobral em conson\u00e2ncia com a Confer\u00eancia Nacional dos Bispos do Brasil, neste&#8230;<\/p>\n","protected":false},"author":7,"featured_media":22762,"comment_status":"open","ping_status":"open","sticky":false,"template":"","format":"standard","meta":{"_jetpack_memberships_contains_paid_content":false,"footnotes":"","jetpack_publicize_message":"","jetpack_publicize_feature_enabled":true,"jetpack_social_post_already_shared":false,"jetpack_social_options":{"image_generator_settings":{"template":"highway","default_image_id":0,"font":"","enabled":false},"version":2}},"categories":[1],"tags":[],"class_list":["post-22761","post","type-post","status-publish","format-standard","has-post-thumbnail","hentry","category-atualidade"],"jetpack_publicize_connections":[],"jetpack_featured_media_url":"https:\/\/correiodasemana.com\/site\/wp-content\/uploads\/2023\/01\/campanha-da-fraternidade.jpg","jetpack-related-posts":[{"id":10751,"url":"https:\/\/correiodasemana.com\/site\/diocese-de-sobral-capacita-multiplicadores-da-campanha-da-fraternidade-2020\/","url_meta":{"origin":22761,"position":0},"title":"Diocese de Sobral capacita multiplicadores da Campanha da Fraternidade 2020","author":"","date":"Fevereiro 10, 2020","format":false,"excerpt":"Aconteceu no s\u00e1bado (1) no audit\u00f3rio Dom Walfrido, na Diocese de Sobral a capacita\u00e7\u00e3o para os agentes multiplicadores da Campanha da Fraternidade 2020, que este ano retratou sobre Fraternidade e Vida: Dom e compromisso, com o lema: Viu, sentiu compaix\u00e3o e cuidou dele. O momento inicial foi de inscri\u00e7\u00e3o e\u2026","rel":"","context":"In &quot;Diocese&quot;","block_context":{"text":"Diocese","link":"https:\/\/correiodasemana.com\/site\/category\/diocese\/"},"img":{"alt_text":"","src":"https:\/\/i0.wp.com\/correiodasemana.com\/site\/wp-content\/uploads\/2020\/02\/DSC_0434.jpg?resize=350%2C200&ssl=1","width":350,"height":200,"srcset":"https:\/\/i0.wp.com\/correiodasemana.com\/site\/wp-content\/uploads\/2020\/02\/DSC_0434.jpg?resize=350%2C200&ssl=1 1x, https:\/\/i0.wp.com\/correiodasemana.com\/site\/wp-content\/uploads\/2020\/02\/DSC_0434.jpg?resize=525%2C300&ssl=1 1.5x, https:\/\/i0.wp.com\/correiodasemana.com\/site\/wp-content\/uploads\/2020\/02\/DSC_0434.jpg?resize=700%2C400&ssl=1 2x, https:\/\/i0.wp.com\/correiodasemana.com\/site\/wp-content\/uploads\/2020\/02\/DSC_0434.jpg?resize=1050%2C600&ssl=1 3x, https:\/\/i0.wp.com\/correiodasemana.com\/site\/wp-content\/uploads\/2020\/02\/DSC_0434.jpg?resize=1400%2C800&ssl=1 4x"},"classes":[]},{"id":9908,"url":"https:\/\/correiodasemana.com\/site\/cnbb-apresenta-tema-da-campanha-da-fraternidade-2020\/","url_meta":{"origin":22761,"position":1},"title":"CNBB apresenta tema da Campanha da Fraternidade 2020","author":"","date":"Novembro 18, 2019","format":false,"excerpt":"A Confer\u00eancia Nacional dos Bispos do Brasil apresenta para os crist\u00e3os por ocasi\u00e3o da quaresma a Campanha da Fraternidade. No pr\u00f3ximo ano teremos como TEMA: \u201cFraternidade e Vida: Dom e Compromisso\u201d, e o Lema \u00e9 \u201cViu, sentiu compaix\u00e3o e cuidou dele\u201d (Lc 10, 33-34), extra\u00eddo da Par\u00e1bola do Bom Samaritano.\u2026","rel":"","context":"In &quot;Atualidade&quot;","block_context":{"text":"Atualidade","link":"https:\/\/correiodasemana.com\/site\/category\/atualidade\/"},"img":{"alt_text":"","src":"https:\/\/i0.wp.com\/correiodasemana.com\/site\/wp-content\/uploads\/2019\/11\/PHOTO-2019-11-10-10-57-28.jpg?resize=350%2C200&ssl=1","width":350,"height":200,"srcset":"https:\/\/i0.wp.com\/correiodasemana.com\/site\/wp-content\/uploads\/2019\/11\/PHOTO-2019-11-10-10-57-28.jpg?resize=350%2C200&ssl=1 1x, https:\/\/i0.wp.com\/correiodasemana.com\/site\/wp-content\/uploads\/2019\/11\/PHOTO-2019-11-10-10-57-28.jpg?resize=525%2C300&ssl=1 1.5x, https:\/\/i0.wp.com\/correiodasemana.com\/site\/wp-content\/uploads\/2019\/11\/PHOTO-2019-11-10-10-57-28.jpg?resize=700%2C400&ssl=1 2x"},"classes":[]},{"id":37597,"url":"https:\/\/correiodasemana.com\/site\/coletiva-de-imprensa-fortalece-divulgacao-da-campanha-da-fraternidade-2026\/","url_meta":{"origin":22761,"position":2},"title":"Coletiva de Imprensa fortalece divulga\u00e7\u00e3o da Campanha da Fraternidade 2026","author":"adminredacao","date":"Mar\u00e7o 3, 2026","format":false,"excerpt":"Na manh\u00e3 desta segunda-feira (23\/02), foi realizada, no Audit\u00f3rio Dom Walfrido, na C\u00faria Diocesana, a Coletiva de Imprensa sobre a Campanha da Fraternidade 2026. O encontro reuniu cl\u00e9rigos, jornalistas, radialistas, representantes de portais de not\u00edcias e agentes da Pastoral da Comunica\u00e7\u00e3o (PASCOM). Neste ano, a Igreja no Brasil prop\u00f5e o\u2026","rel":"","context":"In &quot;Atualidade&quot;","block_context":{"text":"Atualidade","link":"https:\/\/correiodasemana.com\/site\/category\/atualidade\/"},"img":{"alt_text":"","src":"https:\/\/i0.wp.com\/correiodasemana.com\/site\/wp-content\/uploads\/2026\/03\/coletiva-de-imprensa-da-CF-2026-2.jpeg?resize=350%2C200&ssl=1","width":350,"height":200,"srcset":"https:\/\/i0.wp.com\/correiodasemana.com\/site\/wp-content\/uploads\/2026\/03\/coletiva-de-imprensa-da-CF-2026-2.jpeg?resize=350%2C200&ssl=1 1x, https:\/\/i0.wp.com\/correiodasemana.com\/site\/wp-content\/uploads\/2026\/03\/coletiva-de-imprensa-da-CF-2026-2.jpeg?resize=525%2C300&ssl=1 1.5x, https:\/\/i0.wp.com\/correiodasemana.com\/site\/wp-content\/uploads\/2026\/03\/coletiva-de-imprensa-da-CF-2026-2.jpeg?resize=700%2C400&ssl=1 2x, https:\/\/i0.wp.com\/correiodasemana.com\/site\/wp-content\/uploads\/2026\/03\/coletiva-de-imprensa-da-CF-2026-2.jpeg?resize=1050%2C600&ssl=1 3x"},"classes":[]},{"id":11080,"url":"https:\/\/correiodasemana.com\/site\/santa-missa-de-abertura-da-campanha-da-fraternidade-2020\/","url_meta":{"origin":22761,"position":3},"title":"Santa Missa de abertura da Campanha da Fraternidade 2020","author":"","date":"Mar\u00e7o 9, 2020","format":false,"excerpt":"Neste ano, a campanha tem como tema: Fraternidade e Vida: Dom e Compromisso. Com \u00eanfase no lema b\u00edblico: \u201cViu, sentiu compaix\u00e3o e cuidou dele\u201d A missa de abertura da Campanha da Fraternidade 2020 aconteceu no domingo (29), na Igreja Catedral da S\u00e9. Presidida por Dom Vasconcelos, a celebra\u00e7\u00e3o teve a\u2026","rel":"","context":"In &quot;Atualidade&quot;","block_context":{"text":"Atualidade","link":"https:\/\/correiodasemana.com\/site\/category\/atualidade\/"},"img":{"alt_text":"","src":"https:\/\/i0.wp.com\/correiodasemana.com\/site\/wp-content\/uploads\/2020\/03\/batch_DSC00589-scaled.jpg?resize=350%2C200&ssl=1","width":350,"height":200,"srcset":"https:\/\/i0.wp.com\/correiodasemana.com\/site\/wp-content\/uploads\/2020\/03\/batch_DSC00589-scaled.jpg?resize=350%2C200&ssl=1 1x, https:\/\/i0.wp.com\/correiodasemana.com\/site\/wp-content\/uploads\/2020\/03\/batch_DSC00589-scaled.jpg?resize=525%2C300&ssl=1 1.5x, https:\/\/i0.wp.com\/correiodasemana.com\/site\/wp-content\/uploads\/2020\/03\/batch_DSC00589-scaled.jpg?resize=700%2C400&ssl=1 2x, https:\/\/i0.wp.com\/correiodasemana.com\/site\/wp-content\/uploads\/2020\/03\/batch_DSC00589-scaled.jpg?resize=1050%2C600&ssl=1 3x, https:\/\/i0.wp.com\/correiodasemana.com\/site\/wp-content\/uploads\/2020\/03\/batch_DSC00589-scaled.jpg?resize=1400%2C800&ssl=1 4x"},"classes":[]},{"id":37352,"url":"https:\/\/correiodasemana.com\/site\/diocese-de-sobral-realiza-formacao-diocesana-sobre-a-campanha-da-fraternidade-2026\/","url_meta":{"origin":22761,"position":4},"title":"Diocese de Sobral realiza Forma\u00e7\u00e3o Diocesana sobre a Campanha da Fraternidade 2026","author":"adminredacao","date":"Fevereiro 11, 2026","format":false,"excerpt":"Cl\u00e9rigos, religiosas e leigos participaram, na manh\u00e3 do \u00faltimo s\u00e1bado (31\/01), da Forma\u00e7\u00e3o Diocesana sobre a Campanha da Fraternidade 2026, que tem como tema \u201cFraternidade e Moradia\u201d e lema \u201cEle veio morar entre n\u00f3s\u201d (Jo 1,14). O encontro aconteceu no audit\u00f3rio da Par\u00f3quia de Nossa Senhora do Patroc\u00ednio, em Sobral,\u2026","rel":"","context":"In &quot;Atualidade&quot;","block_context":{"text":"Atualidade","link":"https:\/\/correiodasemana.com\/site\/category\/atualidade\/"},"img":{"alt_text":"","src":"https:\/\/i0.wp.com\/correiodasemana.com\/site\/wp-content\/uploads\/2026\/02\/formacao-da-campanha-da-fraternidade-2026-2.jpeg?resize=350%2C200&ssl=1","width":350,"height":200,"srcset":"https:\/\/i0.wp.com\/correiodasemana.com\/site\/wp-content\/uploads\/2026\/02\/formacao-da-campanha-da-fraternidade-2026-2.jpeg?resize=350%2C200&ssl=1 1x, https:\/\/i0.wp.com\/correiodasemana.com\/site\/wp-content\/uploads\/2026\/02\/formacao-da-campanha-da-fraternidade-2026-2.jpeg?resize=525%2C300&ssl=1 1.5x, https:\/\/i0.wp.com\/correiodasemana.com\/site\/wp-content\/uploads\/2026\/02\/formacao-da-campanha-da-fraternidade-2026-2.jpeg?resize=700%2C400&ssl=1 2x, https:\/\/i0.wp.com\/correiodasemana.com\/site\/wp-content\/uploads\/2026\/02\/formacao-da-campanha-da-fraternidade-2026-2.jpeg?resize=1050%2C600&ssl=1 3x"},"classes":[]},{"id":32757,"url":"https:\/\/correiodasemana.com\/site\/diocese-de-sobral-realiza-seminario-formativo-sobre-a-campanha-da-fraternidade-2025\/","url_meta":{"origin":22761,"position":5},"title":"Diocese de Sobral realiza Semin\u00e1rio Formativo sobre a Campanha da Fraternidade 2025","author":"adminredacao","date":"Mar\u00e7o 9, 2025","format":false,"excerpt":"A Diocese de Sobral promoveu no \u00faltimo s\u00e1bado, 22 de fevereiro, o Semin\u00e1rio Diocesano sobre a Campanha da Fraternidade 2025. O encontro aconteceu no audit\u00f3rio Dom Walfrido, na C\u00faria Diocesana, e reuniu cl\u00e9rigos, seminaristas e in\u00fameros agentes de pastoral. Neste ano, a Campanha tem como tema: \u201cFraternidade e Ecologia Integral\u201d,\u2026","rel":"","context":"In &quot;Atualidade&quot;","block_context":{"text":"Atualidade","link":"https:\/\/correiodasemana.com\/site\/category\/atualidade\/"},"img":{"alt_text":"","src":"https:\/\/i0.wp.com\/correiodasemana.com\/site\/wp-content\/uploads\/2025\/03\/Jornal-Correio-da-Semana-No-1061-5.jpg?resize=350%2C200&ssl=1","width":350,"height":200,"srcset":"https:\/\/i0.wp.com\/correiodasemana.com\/site\/wp-content\/uploads\/2025\/03\/Jornal-Correio-da-Semana-No-1061-5.jpg?resize=350%2C200&ssl=1 1x, https:\/\/i0.wp.com\/correiodasemana.com\/site\/wp-content\/uploads\/2025\/03\/Jornal-Correio-da-Semana-No-1061-5.jpg?resize=525%2C300&ssl=1 1.5x"},"classes":[]}],"jetpack_sharing_enabled":true,"_links":{"self":[{"href":"https:\/\/correiodasemana.com\/site\/wp-json\/wp\/v2\/posts\/22761","targetHints":{"allow":["GET"]}}],"collection":[{"href":"https:\/\/correiodasemana.com\/site\/wp-json\/wp\/v2\/posts"}],"about":[{"href":"https:\/\/correiodasemana.com\/site\/wp-json\/wp\/v2\/types\/post"}],"author":[{"embeddable":true,"href":"https:\/\/correiodasemana.com\/site\/wp-json\/wp\/v2\/users\/7"}],"replies":[{"embeddable":true,"href":"https:\/\/correiodasemana.com\/site\/wp-json\/wp\/v2\/comments?post=22761"}],"version-history":[{"count":1,"href":"https:\/\/correiodasemana.com\/site\/wp-json\/wp\/v2\/posts\/22761\/revisions"}],"predecessor-version":[{"id":22763,"href":"https:\/\/correiodasemana.com\/site\/wp-json\/wp\/v2\/posts\/22761\/revisions\/22763"}],"wp:featuredmedia":[{"embeddable":true,"href":"https:\/\/correiodasemana.com\/site\/wp-json\/wp\/v2\/media\/22762"}],"wp:attachment":[{"href":"https:\/\/correiodasemana.com\/site\/wp-json\/wp\/v2\/media?parent=22761"}],"wp:term":[{"taxonomy":"category","embeddable":true,"href":"https:\/\/correiodasemana.com\/site\/wp-json\/wp\/v2\/categories?post=22761"},{"taxonomy":"post_tag","embeddable":true,"href":"https:\/\/correiodasemana.com\/site\/wp-json\/wp\/v2\/tags?post=22761"}],"curies":[{"name":"wp","href":"https:\/\/api.w.org\/{rel}","templated":true}]}}