{"id":22961,"date":"2023-01-22T22:43:23","date_gmt":"2023-01-23T01:43:23","guid":{"rendered":"https:\/\/correiodasemana.com\/site\/?p=22961"},"modified":"2023-01-22T22:43:23","modified_gmt":"2023-01-23T01:43:23","slug":"mercado-publico-de-sobral-passara-por-reformas","status":"publish","type":"post","link":"https:\/\/correiodasemana.com\/site\/mercado-publico-de-sobral-passara-por-reformas\/","title":{"rendered":"Mercado P\u00fablico de Sobral passar\u00e1 por reformas"},"content":{"rendered":"<p>a secret\u00e1ria do Trabalho e Desenvolvimento Econ\u00f4mico,\u00a0Sandra Arcanjo, assinou nesta quinta-feira (19\/01) a ordem de servi\u00e7o ao lado do secret\u00e1rio de Infraestrutura, David Bastos, do novo Mercado P\u00fablico de Sobral. As primeiras interven\u00e7\u00f5es iniciaram a partir desta quinta-feira (19\/01), com a instala\u00e7\u00e3o do canteiro de obras e com o bloqueio de ruas do entorno.<br \/>\nO Mercado P\u00fablico ser\u00e1 um espa\u00e7o seguro e com um layout moderno para comercializa\u00e7\u00e3o, atendendo todas as determina\u00e7\u00f5es e normas de vigil\u00e2ncia sanit\u00e1ria, no tocante a higiene e a sa\u00fade p\u00fablica. Assim, garantindo uma melhor organiza\u00e7\u00e3o, conforto e seguran\u00e7a para permission\u00e1rios e frequentadores do equipamento. O investimento ser\u00e1 mais de R$ 10 milh\u00f5es dos cofres do munic\u00edpio e do Estado, com previs\u00e3o de conclus\u00e3o para o 1\u00b0 semestre de 2024. Para mais informa\u00e7\u00f5es basta seguir o Instagram\u00a0@falastdesobral<\/p>\n","protected":false},"excerpt":{"rendered":"<p>a secret\u00e1ria do Trabalho e Desenvolvimento Econ\u00f4mico,\u00a0Sandra Arcanjo, assinou nesta quinta-feira (19\/01) a ordem de&#8230;<\/p>\n","protected":false},"author":7,"featured_media":22962,"comment_status":"open","ping_status":"open","sticky":false,"template":"","format":"standard","meta":{"_jetpack_memberships_contains_paid_content":false,"footnotes":"","jetpack_publicize_message":"","jetpack_publicize_feature_enabled":true,"jetpack_social_post_already_shared":true,"jetpack_social_options":{"image_generator_settings":{"template":"highway","default_image_id":0,"font":"","enabled":false},"version":2}},"categories":[1],"tags":[],"class_list":["post-22961","post","type-post","status-publish","format-standard","has-post-thumbnail","hentry","category-atualidade"],"jetpack_publicize_connections":[],"jetpack_featured_media_url":"https:\/\/correiodasemana.com\/site\/wp-content\/uploads\/2023\/01\/326071835_627470385804786_4539119442927552343_n.jpg","jetpack-related-posts":[{"id":15303,"url":"https:\/\/correiodasemana.com\/site\/ivo-gomes-pede-compromisso-especial-de-seus-novos-secretarios-com-a-populacao-mais-carente-de-sobral\/","url_meta":{"origin":22961,"position":0},"title":"Ivo Gomes pede compromisso especial de seus novos secret\u00e1rios com a popula\u00e7\u00e3o mais carente de Sobral","author":"","date":"Janeiro 10, 2021","format":false,"excerpt":"Por Joc\u00e9lio Tavares. Na \u00faltima segunda-feira (04\/01), o prefeito de Sobral, Ivo Gomes, empossou seu novo secretariado em solenidade restrita no audit\u00f3rio do Pa\u00e7o Municipal. Em seu primeiro pronunciamento aos novos auxiliares, o prefeito pediu especial aten\u00e7\u00e3o com a popula\u00e7\u00e3o mais vulner\u00e1vel, cautela com os gastos p\u00fablicos e dedica\u00e7\u00e3o exclusiva\u2026","rel":"","context":"In &quot;Atualidade&quot;","block_context":{"text":"Atualidade","link":"https:\/\/correiodasemana.com\/site\/category\/atualidade\/"},"img":{"alt_text":"","src":"https:\/\/i0.wp.com\/correiodasemana.com\/site\/wp-content\/uploads\/2021\/01\/135898623_1512182582320838_2001802279671885964_o.jpg?resize=350%2C200&ssl=1","width":350,"height":200,"srcset":"https:\/\/i0.wp.com\/correiodasemana.com\/site\/wp-content\/uploads\/2021\/01\/135898623_1512182582320838_2001802279671885964_o.jpg?resize=350%2C200&ssl=1 1x, https:\/\/i0.wp.com\/correiodasemana.com\/site\/wp-content\/uploads\/2021\/01\/135898623_1512182582320838_2001802279671885964_o.jpg?resize=525%2C300&ssl=1 1.5x, https:\/\/i0.wp.com\/correiodasemana.com\/site\/wp-content\/uploads\/2021\/01\/135898623_1512182582320838_2001802279671885964_o.jpg?resize=700%2C400&ssl=1 2x, https:\/\/i0.wp.com\/correiodasemana.com\/site\/wp-content\/uploads\/2021\/01\/135898623_1512182582320838_2001802279671885964_o.jpg?resize=1050%2C600&ssl=1 3x"},"classes":[]},{"id":13884,"url":"https:\/\/correiodasemana.com\/site\/aniversario-arteterapia-massagens-e-ensaio-fotografico-marcam-semana-do-idoso-no-abrigo-sagrado-coracao-de-jesus\/","url_meta":{"origin":22961,"position":1},"title":"Anivers\u00e1rio, arteterapia, massagens e ensaio fotogr\u00e1fico marcam semana do idoso no Abrigo Sagrado Cora\u00e7\u00e3o de Jesus","author":"","date":"Outubro 4, 2020","format":false,"excerpt":"Semana iniciou com celebra\u00e7\u00e3o dos 67 anos de exist\u00eancia da institui\u00e7\u00e3o. Anualmente aberta ao p\u00fablico externo, a semana do idoso no Abrigo Sagrado Cora\u00e7\u00e3o de Jesus, unidade do Complexo Santa Casa de Miseric\u00f3rdia de Sobral, aconteceu neste ano de forma restrita devido \u00e0 pandemia de Covid-19. Entre o s\u00e1bado (26\/09)\u2026","rel":"","context":"In &quot;Atualidade&quot;","block_context":{"text":"Atualidade","link":"https:\/\/correiodasemana.com\/site\/category\/atualidade\/"},"img":{"alt_text":"","src":"https:\/\/i0.wp.com\/correiodasemana.com\/site\/wp-content\/uploads\/2020\/10\/Parabens.jpeg?resize=350%2C200&ssl=1","width":350,"height":200,"srcset":"https:\/\/i0.wp.com\/correiodasemana.com\/site\/wp-content\/uploads\/2020\/10\/Parabens.jpeg?resize=350%2C200&ssl=1 1x, https:\/\/i0.wp.com\/correiodasemana.com\/site\/wp-content\/uploads\/2020\/10\/Parabens.jpeg?resize=525%2C300&ssl=1 1.5x, https:\/\/i0.wp.com\/correiodasemana.com\/site\/wp-content\/uploads\/2020\/10\/Parabens.jpeg?resize=700%2C400&ssl=1 2x, https:\/\/i0.wp.com\/correiodasemana.com\/site\/wp-content\/uploads\/2020\/10\/Parabens.jpeg?resize=1050%2C600&ssl=1 3x"},"classes":[]},{"id":16817,"url":"https:\/\/correiodasemana.com\/site\/mercado-publico-de-sobral-volta-a-funcionar-durante-o-periodo-da-tarde\/","url_meta":{"origin":22961,"position":2},"title":"Mercado P\u00fablico de Sobral volta a funcionar durante o per\u00edodo da tarde","author":"","date":"Junho 21, 2021","format":false,"excerpt":"Por Samuel Carvalho - Reda\u00e7\u00e3o Correio da Semana Desde a quinta-feira (17) dessa semana o Mercado P\u00fablico de Sobral passou a funcionar no hor\u00e1rio da tarde de acordo com informes da Prefeitura de Sobral por meio da Secretaria do Trabalho e Desenvolvimento Econ\u00f4mico (STDE). O equipamento foi reaberto na primeira\u2026","rel":"","context":"In &quot;Atualidade&quot;","block_context":{"text":"Atualidade","link":"https:\/\/correiodasemana.com\/site\/category\/atualidade\/"},"img":{"alt_text":"","src":"https:\/\/i0.wp.com\/correiodasemana.com\/site\/wp-content\/uploads\/2021\/06\/unnamed.jpg?resize=350%2C200&ssl=1","width":350,"height":200},"classes":[]},{"id":11614,"url":"https:\/\/correiodasemana.com\/site\/politica-em-evidencia-28\/","url_meta":{"origin":22961,"position":3},"title":"Pol\u00edtica em Evid\u00eancia","author":"","date":"Julho 2, 2020","format":false,"excerpt":"O deputado federal, Le\u00f4nidas Cristino (PDT) afirmou em redes sociais, que neste momento de pandemia do coronav\u00edrus constitui um grande desafio para a administra\u00e7\u00e3o p\u00fablica, e parabenizou as a\u00e7\u00f5es do governador Camilo Santana e do prefeito Ivo Gomes. Usando as m\u00eddias sociais, Le\u00f4nidas afirmou: \u201cO prefeito Ivo Gomes se mant\u00e9m\u2026","rel":"","context":"In &quot;Artigos&quot;","block_context":{"text":"Artigos","link":"https:\/\/correiodasemana.com\/site\/category\/artigos\/"},"img":{"alt_text":"","src":"","width":0,"height":0},"classes":[]},{"id":10468,"url":"https:\/\/correiodasemana.com\/site\/inscricoes-para-cursos-do-programa-ocupajuventude-iniciam-nesta-quinta-feira-09-01\/","url_meta":{"origin":22961,"position":4},"title":"Inscri\u00e7\u00f5es para cursos do programa #ocupaJuventude iniciam nesta quinta-feira (09\/01)","author":"","date":"Janeiro 13, 2020","format":false,"excerpt":"A Prefeitura de Sobral, por meio da Secretaria do Trabalho e Desenvolvimento Econ\u00f4mico (STDE), abre, nesta quinta-feira (09\/01), as inscri\u00e7\u00f5es para novos cursos dos projetos Capacita Sobral e Sobral Empreendedor, que integram o programa #ocupaJuventude. Ser\u00e3o ofertados os cursos de Cabeleireiro, Escovista, Auxiliar de Cozinha, Operador de Telemarketing e Empreendedorismo.\u2026","rel":"","context":"In &quot;Atualidade&quot;","block_context":{"text":"Atualidade","link":"https:\/\/correiodasemana.com\/site\/category\/atualidade\/"},"img":{"alt_text":"","src":"https:\/\/i0.wp.com\/correiodasemana.com\/site\/wp-content\/uploads\/2020\/01\/Sobral-se-consolida-com-a-melhor-educao-do-Brasil-no-Ideb-2017.jpeg?resize=350%2C200&ssl=1","width":350,"height":200},"classes":[]},{"id":11229,"url":"https:\/\/correiodasemana.com\/site\/boletim-da-semana-13\/","url_meta":{"origin":22961,"position":5},"title":"Boletim da Semana","author":"","date":"Mar\u00e7o 18, 2020","format":false,"excerpt":"Organiza\u00e7\u00e3o Mundial da Sa\u00fade declara pandemia de coronav\u00edrus A mudan\u00e7a de classifica\u00e7\u00e3o n\u00e3o se deve \u00e0 gravidade da doen\u00e7a, e sim \u00e0 dissemina\u00e7\u00e3o geogr\u00e1fica r\u00e1pida que o Covid-19 tem apresentado. \u201cA OMS tem tratado da dissemina\u00e7\u00e3o [do Covid-19] em uma escala de tempo muito curta, e estamos muito preocupados com\u2026","rel":"","context":"In &quot;Atualidade&quot;","block_context":{"text":"Atualidade","link":"https:\/\/correiodasemana.com\/site\/category\/atualidade\/"},"img":{"alt_text":"","src":"https:\/\/i0.wp.com\/correiodasemana.com\/site\/wp-content\/uploads\/2020\/03\/200130165125-corona-virus-cdc-image-exlarge-tease.jpg?resize=350%2C200&ssl=1","width":350,"height":200,"srcset":"https:\/\/i0.wp.com\/correiodasemana.com\/site\/wp-content\/uploads\/2020\/03\/200130165125-corona-virus-cdc-image-exlarge-tease.jpg?resize=350%2C200&ssl=1 1x, https:\/\/i0.wp.com\/correiodasemana.com\/site\/wp-content\/uploads\/2020\/03\/200130165125-corona-virus-cdc-image-exlarge-tease.jpg?resize=525%2C300&ssl=1 1.5x, https:\/\/i0.wp.com\/correiodasemana.com\/site\/wp-content\/uploads\/2020\/03\/200130165125-corona-virus-cdc-image-exlarge-tease.jpg?resize=700%2C400&ssl=1 2x"},"classes":[]}],"jetpack_sharing_enabled":true,"_links":{"self":[{"href":"https:\/\/correiodasemana.com\/site\/wp-json\/wp\/v2\/posts\/22961","targetHints":{"allow":["GET"]}}],"collection":[{"href":"https:\/\/correiodasemana.com\/site\/wp-json\/wp\/v2\/posts"}],"about":[{"href":"https:\/\/correiodasemana.com\/site\/wp-json\/wp\/v2\/types\/post"}],"author":[{"embeddable":true,"href":"https:\/\/correiodasemana.com\/site\/wp-json\/wp\/v2\/users\/7"}],"replies":[{"embeddable":true,"href":"https:\/\/correiodasemana.com\/site\/wp-json\/wp\/v2\/comments?post=22961"}],"version-history":[{"count":1,"href":"https:\/\/correiodasemana.com\/site\/wp-json\/wp\/v2\/posts\/22961\/revisions"}],"predecessor-version":[{"id":22963,"href":"https:\/\/correiodasemana.com\/site\/wp-json\/wp\/v2\/posts\/22961\/revisions\/22963"}],"wp:featuredmedia":[{"embeddable":true,"href":"https:\/\/correiodasemana.com\/site\/wp-json\/wp\/v2\/media\/22962"}],"wp:attachment":[{"href":"https:\/\/correiodasemana.com\/site\/wp-json\/wp\/v2\/media?parent=22961"}],"wp:term":[{"taxonomy":"category","embeddable":true,"href":"https:\/\/correiodasemana.com\/site\/wp-json\/wp\/v2\/categories?post=22961"},{"taxonomy":"post_tag","embeddable":true,"href":"https:\/\/correiodasemana.com\/site\/wp-json\/wp\/v2\/tags?post=22961"}],"curies":[{"name":"wp","href":"https:\/\/api.w.org\/{rel}","templated":true}]}}