{"id":23005,"date":"2023-01-22T23:03:09","date_gmt":"2023-01-23T02:03:09","guid":{"rendered":"https:\/\/correiodasemana.com\/site\/?p=23005"},"modified":"2023-01-22T23:03:09","modified_gmt":"2023-01-23T02:03:09","slug":"tracar-sendas-de-paz","status":"publish","type":"post","link":"https:\/\/correiodasemana.com\/site\/tracar-sendas-de-paz\/","title":{"rendered":"Tra\u00e7ar sendas de Paz"},"content":{"rendered":"<p>O Papa Francisco, na sua mensagem para o Dia Mundial da Paz deste ano, aponta importante e urgente meta, luz luminosa para dissipar as sombras deste tempo: a tarefa cidad\u00e3 de tra\u00e7ar sendas de paz. Essa miss\u00e3o, quando assumida, deve considerar que n\u00e3o \u00e9 poss\u00edvel tra\u00e7ar sendas de paz isoladamente: \u201cNingu\u00e9m pode salvar-se sozinho\u201d, eis uma simples e significativa indica\u00e7\u00e3o do Papa Francisco, um forte conselho sapiencial. S\u00e3o muitos os desafios que, para serem superados, exigem a uni\u00e3o de todos. Um exemplo \u00e9 a pandemia da Covid-19 que desestabilizou a vida cotidiana, transtornando planos e h\u00e1bitos. Nas palavras do Papa, a pandemia \u201cprecipitou a vida de todos no cora\u00e7\u00e3o da noite\u201d. Nessa correnteza de desafios inesperados e exigentes, com consequ\u00eancias evidentes, est\u00e1 o recrudescimento das polariza\u00e7\u00f5es, especialmente no cen\u00e1rio pol\u00edtico.<br \/>\nVerifica-se uma cristaliza\u00e7\u00e3o dos pontos de vista sobre a realidade que comprovadamente levam \u00e0 falta de consenso sobre a elei\u00e7\u00e3o de prioridades. Assim, s\u00e3o acirrados \u00f3dios, alimentados por not\u00edcias falsas, dolosas. Esses transtornos fazem com que muitos busquem nas escolhas pol\u00edtico-partid\u00e1rias um \u201cporto seguro\u201d, o que agrava, ainda mais, as polariza\u00e7\u00f5es. S\u00e3o estabelecidas divis\u00f5es at\u00e9 mesmo dentro das fam\u00edlias, consolidando entendimentos equivocados, respons\u00e1veis pelos fanatismos, medos, preconceitos e atentados contra a jovem democracia brasileira. Essas divis\u00f5es fazem proliferar um mal-estar generalizado, comprometendo la\u00e7os, ferindo o tecido cultural da sociedade. Cresce, consequentemente, a incapacidade para construir riquezas a partir das diferen\u00e7as. Com isso, permanecem expostas outras graves feridas da ordem social. Dentre essas feridas, n\u00e3o h\u00e1 adequado tratamento para o mapa sombrio da fome na sociedade brasileira.<br \/>\nPor isso, torna-se indispens\u00e1vel a ado\u00e7\u00e3o de procedimentos complexos para enfrentar os muitos problemas que amea\u00e7am o planeta e, especialmente, a sociedade brasileira. Situa\u00e7\u00f5es graves que apontam a necessidade de um novo despertar social, capaz de inspirar o agir colaborativo, condi\u00e7\u00e3o para que sejam encontradas respostas novas que levem ao desenvolvimento integral. Considerando especificamente a sociedade brasileira, neste momento, \u00e9 preciso enfrentar a dissemina\u00e7\u00e3o crescente do \u00f3dio que est\u00e1 desconsiderando valores importantes, inclusive a civilidade, que \u00e9 essencial para a conviv\u00eancia harm\u00f4nica entre os seres humanos. Tornam-se cada vez mais frequentes as barb\u00e1ries, as atitudes preconceituosas, os ju\u00edzos equivocados sobre situa\u00e7\u00f5es e pessoas.<br \/>\nH\u00e1 uma sombra que envolve o cora\u00e7\u00e3o de muitos e leva \u00e0 confus\u00e3o mental, desencadeando conclus\u00f5es equivocadas, preju\u00edzos de todo tipo. Aqueles que s\u00e3o dominados por essa sombra se tornam facilmente manipul\u00e1veis, contaminados por um medo paralisante.<br \/>\nNo caminho das polariza\u00e7\u00f5es, onde tudo vira motivo para embates, os sentimentos de derrota e de amargura ganham mais espa\u00e7o e s\u00e3o fortemente temperados pelo \u00f3dio, particularmente quando se considera o contexto pol\u00edtico. Dentre as consequ\u00eancias dessa situa\u00e7\u00e3o est\u00e1 a mistura indevida e perigosa da f\u00e9 com o que \u00e9 espec\u00edfico do campo partid\u00e1rio, desvirtuando-a. E a f\u00e9, quando desvirtuada, pode at\u00e9 mesmo perder a sua for\u00e7a, que \u00e9 indispens\u00e1vel para a ilumina\u00e7\u00e3o do ser humano. Ora, os graves problemas sociais n\u00e3o ser\u00e3o vencidos por grupos ou indiv\u00edduos que agem isoladamente, estabelecendo confrontos violentos com aqueles de pensamento e convic\u00e7\u00f5es divergentes. Quando o Papa Francisco diz que ningu\u00e9m se salva sozinho, ensina que o ser humano n\u00e3o pode se isolar, inclusive nos aprisionamentos ideol\u00f3gicos que destroem a possibilidade de di\u00e1logo entre diferentes.<br \/>\nA compreens\u00e3o de que ningu\u00e9m se salva sozinho, indicador inquestion\u00e1vel para se conseguir tra\u00e7ar sendas de paz na sociedade, diz respeito \u00e0 interdepend\u00eancia entre os seres humanos, uns precisando dos outros. Por isso, h\u00e1 de se trabalhar na promo\u00e7\u00e3o coletiva de valores universais que delineiam o caminho para conquistas civilizat\u00f3rias. \u00a0Buscar a fraternidade, al\u00e9m de empreender a desintoxica\u00e7\u00e3o id\u00f3latra e individualista \u00e9 cuidar da reg\u00eancia de entendimentos e dos relacionamentos. \u00a0Justi\u00e7a, conc\u00f3rdia e paz s\u00e3o bandeiras a serem erguidas e defendidas por todos os cidad\u00e3os, com coragem e profundo sentido de altru\u00edsmo. Desconsiderar essas prioridades \u00e9 contribuir para efetivar nefastas consequ\u00eancias, como os atentados \u00e0 democracia, o acirramento das disputas entre segmentos da sociedade, entre pessoas, com a produ\u00e7\u00e3o do caos que cresce na aus\u00eancia do respeito ao pr\u00f3ximo. Tamb\u00e9m s\u00e3o impactadas as institui\u00e7\u00f5es que precisam ser fortalecidas, para dar conta de adequadamente oferecer seus servi\u00e7os essenciais \u00e0 sociedade.<br \/>\nO Papa Francisco sublinha que \u00e9 urgente colocar sempre em primeiro lugar a palavra \u201cjuntos\u201d. Juntos, somente juntos, poderemos avan\u00e7ar na constru\u00e7\u00e3o da paz, na garantia da justi\u00e7a, pelo respeito \u00e0 \u00e9tica e \u00e0s normas, conquistando uma nova ordem social e pol\u00edtico-econ\u00f4mica. Os protagonistas dessa mudan\u00e7a esperada ser\u00e3o aqueles que n\u00e3o se deixam contaminar pelo \u00f3dio, n\u00e3o s\u00e3o seus disseminadores, nem cultivam ressentimentos. Invista-se sempre, e cada vez mais, na miss\u00e3o de tra\u00e7ar sendas de paz, acolhendo a li\u00e7\u00e3o do Papa Francisco: \u201cNingu\u00e9m pode se salvar sozinho, todos no mesmo barco\u201d.<\/p>\n<p>Dom Walmor Oliveira de Azevedo<br \/>\nArcebispo metropolitano de Belo Horizonte<br \/>\nPresidente da Confer\u00eancia Nacional dos Bispos do Brasil (CNBB)<\/p>\n","protected":false},"excerpt":{"rendered":"<p>O Papa Francisco, na sua mensagem para o Dia Mundial da Paz deste ano, aponta&#8230;<\/p>\n","protected":false},"author":7,"featured_media":22201,"comment_status":"open","ping_status":"open","sticky":false,"template":"","format":"standard","meta":{"_jetpack_memberships_contains_paid_content":false,"footnotes":"","jetpack_publicize_message":"","jetpack_publicize_feature_enabled":true,"jetpack_social_post_already_shared":true,"jetpack_social_options":{"image_generator_settings":{"template":"highway","default_image_id":0,"font":"","enabled":false},"version":2}},"categories":[24,11],"tags":[],"class_list":["post-23005","post","type-post","status-publish","format-standard","has-post-thumbnail","hentry","category-a-voz-do-pastor","category-artigos"],"jetpack_publicize_connections":[],"jetpack_featured_media_url":"https:\/\/correiodasemana.com\/site\/wp-content\/uploads\/2022\/12\/dom-vasconcelos-cidadao-sobralense-37.jpg","jetpack-related-posts":[{"id":22636,"url":"https:\/\/correiodasemana.com\/site\/alegrias-e-esperancas-tristezas-e-angustias\/","url_meta":{"origin":23005,"position":0},"title":"ALEGRIAS E ESPERAN\u00c7AS, TRISTEZAS E ANG\u00daSTIAS","author":"adminredacao","date":"Janeiro 8, 2023","format":false,"excerpt":"Desejamos concluir em reflex\u00e3o, ora\u00e7\u00e3o e a\u00e7\u00e3o de gra\u00e7as o ano de 2022, com palavras que certamente nos acompanhar\u00e3o no Ano Novo, dedicado, por convoca\u00e7\u00e3o do Papa Francisco, \u00e0 redescoberta e valoriza\u00e7\u00e3o do Conc\u00edlio Vaticano II, como parte da prepara\u00e7\u00e3o do Grande Jubileu do ano de 2025: \u201cAs alegrias e\u2026","rel":"","context":"In &quot;A voz do Pastor&quot;","block_context":{"text":"A voz do Pastor","link":"https:\/\/correiodasemana.com\/site\/category\/a-voz-do-pastor\/"},"img":{"alt_text":"","src":"https:\/\/i0.wp.com\/correiodasemana.com\/site\/wp-content\/uploads\/2018\/02\/Dom-Vasconcelos-posses.jpg?resize=350%2C200&ssl=1","width":350,"height":200,"srcset":"https:\/\/i0.wp.com\/correiodasemana.com\/site\/wp-content\/uploads\/2018\/02\/Dom-Vasconcelos-posses.jpg?resize=350%2C200&ssl=1 1x, https:\/\/i0.wp.com\/correiodasemana.com\/site\/wp-content\/uploads\/2018\/02\/Dom-Vasconcelos-posses.jpg?resize=525%2C300&ssl=1 1.5x, https:\/\/i0.wp.com\/correiodasemana.com\/site\/wp-content\/uploads\/2018\/02\/Dom-Vasconcelos-posses.jpg?resize=700%2C400&ssl=1 2x"},"classes":[]},{"id":33771,"url":"https:\/\/correiodasemana.com\/site\/queremos-ser-uma-igreja-que-avanca\/","url_meta":{"origin":23005,"position":1},"title":"\u201cQueremos ser uma Igreja que avan\u00e7a!\u201d","author":"adminredacao","date":"Maio 19, 2025","format":false,"excerpt":"Nestes \u00faltimos dias, a Igreja vivencia com alegria e expectativa os primeiros dias do pontificado do Papa Le\u00e3o XIV. Sua primeira apari\u00e7\u00e3o evidenciou as marcas de um homem sorridente, leve, pac\u00edfico e atento aos clamores da humanidade. Come\u00e7ou fazendo uma sauda\u00e7\u00e3o de paz e desejando que esta paz chegasse ao\u2026","rel":"","context":"In &quot;Artigos&quot;","block_context":{"text":"Artigos","link":"https:\/\/correiodasemana.com\/site\/category\/artigos\/"},"img":{"alt_text":"","src":"https:\/\/i0.wp.com\/correiodasemana.com\/site\/wp-content\/uploads\/2018\/02\/editorial-cs.jpg?resize=350%2C200&ssl=1","width":350,"height":200,"srcset":"https:\/\/i0.wp.com\/correiodasemana.com\/site\/wp-content\/uploads\/2018\/02\/editorial-cs.jpg?resize=350%2C200&ssl=1 1x, https:\/\/i0.wp.com\/correiodasemana.com\/site\/wp-content\/uploads\/2018\/02\/editorial-cs.jpg?resize=525%2C300&ssl=1 1.5x"},"classes":[]},{"id":18609,"url":"https:\/\/correiodasemana.com\/site\/caminhos-da-paz\/","url_meta":{"origin":23005,"position":2},"title":"CAMINHOS DA PAZ\u00a0","author":"","date":"Janeiro 16, 2022","format":false,"excerpt":"Paz remete a bens indispens\u00e1veis em respeito e gratuidade \u00e0 dignidade de toda pessoa. Compreende-se a dramaticidade dos tempos atuais quando grande parte da humanidade se encontra privada desses bens. Os cen\u00e1rios de mis\u00e9ria, fome, migra\u00e7\u00f5es de popula\u00e7\u00f5es inteiras \u2013 situa\u00e7\u00f5es que configuram o clamor dos pobres desta terra \u2013\u2026","rel":"","context":"In &quot;A voz do Pastor&quot;","block_context":{"text":"A voz do Pastor","link":"https:\/\/correiodasemana.com\/site\/category\/a-voz-do-pastor\/"},"img":{"alt_text":"","src":"https:\/\/i0.wp.com\/correiodasemana.com\/site\/wp-content\/uploads\/2019\/07\/Dom-Vasconcelos-posses.jpg?resize=350%2C200&ssl=1","width":350,"height":200,"srcset":"https:\/\/i0.wp.com\/correiodasemana.com\/site\/wp-content\/uploads\/2019\/07\/Dom-Vasconcelos-posses.jpg?resize=350%2C200&ssl=1 1x, https:\/\/i0.wp.com\/correiodasemana.com\/site\/wp-content\/uploads\/2019\/07\/Dom-Vasconcelos-posses.jpg?resize=525%2C300&ssl=1 1.5x, https:\/\/i0.wp.com\/correiodasemana.com\/site\/wp-content\/uploads\/2019\/07\/Dom-Vasconcelos-posses.jpg?resize=700%2C400&ssl=1 2x"},"classes":[]},{"id":18535,"url":"https:\/\/correiodasemana.com\/site\/dom-walmor-oliveira-de-azevedo\/","url_meta":{"origin":23005,"position":3},"title":"Dom Walmor Oliveira de Azevedo","author":"","date":"Janeiro 10, 2022","format":false,"excerpt":"Os votos de um ano novo aben\u00e7oado precisam estar vinculados ao compromisso de ser mensageiro da paz. E para bem assumir essa tarefa, \u00e9 preciso cuidar da pr\u00f3pria interioridade, pois o cora\u00e7\u00e3o humano \u00e9 construtor da paz, com reflexos nas din\u00e2micas familiares, institucionais e sociais. Por isso mesmo, na abertura\u2026","rel":"","context":"In &quot;A voz do Pastor&quot;","block_context":{"text":"A voz do Pastor","link":"https:\/\/correiodasemana.com\/site\/category\/a-voz-do-pastor\/"},"img":{"alt_text":"","src":"https:\/\/i0.wp.com\/correiodasemana.com\/site\/wp-content\/uploads\/2019\/07\/Dom-Vasconcelos-posses.jpg?resize=350%2C200&ssl=1","width":350,"height":200,"srcset":"https:\/\/i0.wp.com\/correiodasemana.com\/site\/wp-content\/uploads\/2019\/07\/Dom-Vasconcelos-posses.jpg?resize=350%2C200&ssl=1 1x, https:\/\/i0.wp.com\/correiodasemana.com\/site\/wp-content\/uploads\/2019\/07\/Dom-Vasconcelos-posses.jpg?resize=525%2C300&ssl=1 1.5x, https:\/\/i0.wp.com\/correiodasemana.com\/site\/wp-content\/uploads\/2019\/07\/Dom-Vasconcelos-posses.jpg?resize=700%2C400&ssl=1 2x"},"classes":[]},{"id":31607,"url":"https:\/\/correiodasemana.com\/site\/a-autentica-politica-e-a-promocao-da-vida\/","url_meta":{"origin":23005,"position":4},"title":"A aut\u00eantica pol\u00edtica e a promo\u00e7\u00e3o da vida","author":"adminredacao","date":"Novembro 24, 2024","format":false,"excerpt":"Em sua Exorta\u00e7\u00e3o Apost\u00f3lica Evangelii Gaudium \u2013 Sobre o an\u00fancio do Evangelho no mundo atual, o Papa Francisco afirma que a pol\u00edtica \u201c\u00e9 uma sublime voca\u00e7\u00e3o, \u00e9 uma das formas mais preciosas da caridade, porque busca o bem comum\u201d (n. 205). Essa preciosa forma de caridade, que busca o bem\u2026","rel":"","context":"In &quot;Artigos&quot;","block_context":{"text":"Artigos","link":"https:\/\/correiodasemana.com\/site\/category\/artigos\/"},"img":{"alt_text":"","src":"https:\/\/i0.wp.com\/correiodasemana.com\/site\/wp-content\/uploads\/2018\/02\/editorial-cs.jpg?resize=350%2C200&ssl=1","width":350,"height":200,"srcset":"https:\/\/i0.wp.com\/correiodasemana.com\/site\/wp-content\/uploads\/2018\/02\/editorial-cs.jpg?resize=350%2C200&ssl=1 1x, https:\/\/i0.wp.com\/correiodasemana.com\/site\/wp-content\/uploads\/2018\/02\/editorial-cs.jpg?resize=525%2C300&ssl=1 1.5x"},"classes":[]},{"id":15928,"url":"https:\/\/correiodasemana.com\/site\/papa-francisco-realiza-visita-historica-de-quatro-dias-ao-iraque-e-deixa-mensagem-de-coexistencia-religiosa\/","url_meta":{"origin":23005,"position":5},"title":"Papa Francisco realiza visita hist\u00f3rica de quatro dias ao Iraque e deixa mensagem de coexist\u00eancia religiosa","author":"","date":"Mar\u00e7o 14, 2021","format":false,"excerpt":"Papa Francisco tem encontro hist\u00f3rico com aiatol\u00e1 e visita local de nascimento de Abra\u00e3o, pai do juda\u00edsmo, cristianismo e islamismo Por Samuel Carvalho - Reda\u00e7\u00e3o Correio da Semana O Papa Francisco realizou do dia 05 a 08 de mar\u00e7o uma viagem de visita ao Iraque em ocasi\u00e3o hist\u00f3rica: Foi a\u2026","rel":"","context":"In &quot;Atualidade&quot;","block_context":{"text":"Atualidade","link":"https:\/\/correiodasemana.com\/site\/category\/atualidade\/"},"img":{"alt_text":"","src":"https:\/\/i0.wp.com\/correiodasemana.com\/site\/wp-content\/uploads\/2021\/03\/papa1.jpg?resize=350%2C200&ssl=1","width":350,"height":200,"srcset":"https:\/\/i0.wp.com\/correiodasemana.com\/site\/wp-content\/uploads\/2021\/03\/papa1.jpg?resize=350%2C200&ssl=1 1x, https:\/\/i0.wp.com\/correiodasemana.com\/site\/wp-content\/uploads\/2021\/03\/papa1.jpg?resize=525%2C300&ssl=1 1.5x, https:\/\/i0.wp.com\/correiodasemana.com\/site\/wp-content\/uploads\/2021\/03\/papa1.jpg?resize=700%2C400&ssl=1 2x"},"classes":[]}],"jetpack_sharing_enabled":true,"_links":{"self":[{"href":"https:\/\/correiodasemana.com\/site\/wp-json\/wp\/v2\/posts\/23005","targetHints":{"allow":["GET"]}}],"collection":[{"href":"https:\/\/correiodasemana.com\/site\/wp-json\/wp\/v2\/posts"}],"about":[{"href":"https:\/\/correiodasemana.com\/site\/wp-json\/wp\/v2\/types\/post"}],"author":[{"embeddable":true,"href":"https:\/\/correiodasemana.com\/site\/wp-json\/wp\/v2\/users\/7"}],"replies":[{"embeddable":true,"href":"https:\/\/correiodasemana.com\/site\/wp-json\/wp\/v2\/comments?post=23005"}],"version-history":[{"count":1,"href":"https:\/\/correiodasemana.com\/site\/wp-json\/wp\/v2\/posts\/23005\/revisions"}],"predecessor-version":[{"id":23006,"href":"https:\/\/correiodasemana.com\/site\/wp-json\/wp\/v2\/posts\/23005\/revisions\/23006"}],"wp:featuredmedia":[{"embeddable":true,"href":"https:\/\/correiodasemana.com\/site\/wp-json\/wp\/v2\/media\/22201"}],"wp:attachment":[{"href":"https:\/\/correiodasemana.com\/site\/wp-json\/wp\/v2\/media?parent=23005"}],"wp:term":[{"taxonomy":"category","embeddable":true,"href":"https:\/\/correiodasemana.com\/site\/wp-json\/wp\/v2\/categories?post=23005"},{"taxonomy":"post_tag","embeddable":true,"href":"https:\/\/correiodasemana.com\/site\/wp-json\/wp\/v2\/tags?post=23005"}],"curies":[{"name":"wp","href":"https:\/\/api.w.org\/{rel}","templated":true}]}}