{"id":23208,"date":"2023-01-31T00:15:50","date_gmt":"2023-01-31T03:15:50","guid":{"rendered":"https:\/\/correiodasemana.com\/site\/?p=23208"},"modified":"2023-01-31T00:15:50","modified_gmt":"2023-01-31T03:15:50","slug":"injuria-racial-e-racismo","status":"publish","type":"post","link":"https:\/\/correiodasemana.com\/site\/injuria-racial-e-racismo\/","title":{"rendered":"INJ\u00daRIA RACIAL E RACISMO"},"content":{"rendered":"<p>A inj\u00faria racial \u00e9 a ofensa a algu\u00e9m, a um indiv\u00edduo, em raz\u00e3o da ra\u00e7a, cor, etnia ou origem. E o racismo \u00e9 quando uma discrimina\u00e7\u00e3o atinge toda uma coletividade ao impedir que uma pessoa negra assuma uma fun\u00e7\u00e3o, emprego ou entre em um estabelecimento por causa da cor da pele.<br \/>\nSegundo o C\u00f3digo Penal no artigo 139, injuriar \u00e9 atribuir palavras ou qualidades ofensivas a algu\u00e9m. A Inj\u00faria \u00e9 uma conduta tipificada no c\u00f3digo penal que consiste no ato de ofender a dignidade e o decoro de algu\u00e9m.<br \/>\nJ\u00e1 o racismo \u00e9 preconceito, discrimina\u00e7\u00e3o ou antagonismo por parte de um indiv\u00edduo, comunidade ou institui\u00e7\u00e3o contra uma pessoa ou pessoas pelo fato de pertencer a um determinado grupo racial ou \u00e9tnico, tipicamente marginalizado ou uma minoria, \u201conde existe uma segrega\u00e7\u00e3o racial\u201d.<br \/>\n\u201cNo s\u00e9culo XIX, compreendia-se que a cor da pele e a origem geogr\u00e1fica de indiv\u00edduos promoviam uma diferencia\u00e7\u00e3o de ra\u00e7as. Misturando-se cultura e aspectos f\u00edsicos, os primeiros antrop\u00f3logos estabeleceram uma hierarquia das ra\u00e7as, o que, por vezes, refor\u00e7ava a domina\u00e7\u00e3o de povos brancos europeus sobre popula\u00e7\u00f5es de outras etnias n\u00e3o europeias\u201d. (brasilescola.uol.com.br).<\/p>\n<p>Lei Contra Racismo Religioso<br \/>\nO autor da Lei N\u00ba 7226\/2023 do Deputado Distrital F\u00e1bio Felix (PSOL) publicada na ter\u00e7a-feira (24\/01) no Di\u00e1rio Oficial do Distrito Federal, cria um programa de enfrentamento ao racismo religioso e tem como objetivo prevenir e combater a viol\u00eancia religiosa.<br \/>\nA Lei do DF pune atos discriminat\u00f3rios contra praticantes das religi\u00f5es de origem africana. \u00c9 considerado racismo religioso toda e qualquer conduta praticada por agente p\u00fablico ou privado que resulte na discrimina\u00e7\u00e3o dos povos negros ou ind\u00edgenas ou em restri\u00e7\u00e3o de seus direitos coletivos ou individuais em raz\u00e3o da pr\u00e1tica de religi\u00f5es de matriz africana.<br \/>\nA nova lei \u00e9 uma resposta aos crescentes casos de intoler\u00e2ncia religiosa no DF, com diversos ataques a terreiros e viol\u00eancia contra os povos de santo. \u201cN\u00e3o podemos tolerar que as pessoas tenham a sua f\u00e9 agredida, seus lugares de culto violados e os s\u00edmbolos de sua f\u00e9 criminalizados\u201d, diz F\u00e1bio Felix.<br \/>\nO Programa Distrital de Combate ao Racismo Religioso cria mecanismos de enfrentamento \u00e0 intoler\u00e2ncia religiosa, prevendo multas e san\u00e7\u00f5es a agentes p\u00fablicos, empresas e estabelecimentos comerciais que praticarem atos discriminat\u00f3rios.<br \/>\nO racismo no Brasil n\u00e3o \u00e9 praticado de forma disfar\u00e7ada, mas sim aberta, considerando os aspectos estruturais e institucionais. As oportunidades no mercado de trabalho, a distribui\u00e7\u00e3o de renda, o percentual da popula\u00e7\u00e3o carcer\u00e1ria e as condi\u00e7\u00f5es desiguais de moradia s\u00e3o provas disso.<br \/>\nAs penalidades para pessoas f\u00edsicas s\u00e3o de R$ 500 a R$ 10 mil. Para pessoas jur\u00eddicas de R$ 20 a R$ mil e caso haja reincid\u00eancia, haver\u00e1 a suspens\u00e3o do funcionamento.<br \/>\nPortanto, denuncie: nas ruas, institui\u00e7\u00f5es, ind\u00fastrias e com\u00e9rcios. Para denunciar: Pol\u00edcia Civil: 197. Site: pcdf.df.gov.br\/servi\u00e7os\/197. Unidade de Assuntos Religiosos: 3961-1524.<\/p>\n<p>Prof. Salmito Campos \u2013 (jornalista e radialista).<\/p>\n","protected":false},"excerpt":{"rendered":"<p>A inj\u00faria racial \u00e9 a ofensa a algu\u00e9m, a um indiv\u00edduo, em raz\u00e3o da ra\u00e7a,&#8230;<\/p>\n","protected":false},"author":7,"featured_media":17116,"comment_status":"open","ping_status":"open","sticky":false,"template":"","format":"standard","meta":{"_jetpack_memberships_contains_paid_content":false,"footnotes":"","jetpack_publicize_message":"","jetpack_publicize_feature_enabled":true,"jetpack_social_post_already_shared":true,"jetpack_social_options":{"image_generator_settings":{"template":"highway","default_image_id":0,"font":"","enabled":false},"version":2}},"categories":[11,81],"tags":[],"class_list":["post-23208","post","type-post","status-publish","format-standard","has-post-thumbnail","hentry","category-artigos","category-salmito-campos"],"jetpack_publicize_connections":[],"jetpack_featured_media_url":"https:\/\/correiodasemana.com\/site\/wp-content\/uploads\/2021\/08\/Salmito-Campos.jpg","jetpack-related-posts":[{"id":21074,"url":"https:\/\/correiodasemana.com\/site\/racismo-e-discriminacao-racial\/","url_meta":{"origin":23208,"position":0},"title":"Racismo e Discrimina\u00e7\u00e3o Racial","author":"","date":"Setembro 25, 2022","format":false,"excerpt":"Em pleno s\u00e9culo XXI, o racismo e a discrimina\u00e7\u00e3o racial ainda est\u00e3o presentes na sociedade e nas rela\u00e7\u00f5es de trabalho. No Dia Nacional da Consci\u00eancia Negra, celebrado no Brasil em 20 de novembro pela Lei 12.519\/2011, destacamos o que diz a legisla\u00e7\u00e3o, as consequ\u00eancias judiciais dos atos discriminat\u00f3rios e as\u2026","rel":"","context":"In &quot;Artigos&quot;","block_context":{"text":"Artigos","link":"https:\/\/correiodasemana.com\/site\/category\/artigos\/"},"img":{"alt_text":"","src":"https:\/\/i0.wp.com\/correiodasemana.com\/site\/wp-content\/uploads\/2021\/08\/Salmito-Campos.jpg?resize=350%2C200&ssl=1","width":350,"height":200,"srcset":"https:\/\/i0.wp.com\/correiodasemana.com\/site\/wp-content\/uploads\/2021\/08\/Salmito-Campos.jpg?resize=350%2C200&ssl=1 1x, https:\/\/i0.wp.com\/correiodasemana.com\/site\/wp-content\/uploads\/2021\/08\/Salmito-Campos.jpg?resize=525%2C300&ssl=1 1.5x, https:\/\/i0.wp.com\/correiodasemana.com\/site\/wp-content\/uploads\/2021\/08\/Salmito-Campos.jpg?resize=700%2C400&ssl=1 2x, https:\/\/i0.wp.com\/correiodasemana.com\/site\/wp-content\/uploads\/2021\/08\/Salmito-Campos.jpg?resize=1050%2C600&ssl=1 3x, https:\/\/i0.wp.com\/correiodasemana.com\/site\/wp-content\/uploads\/2021\/08\/Salmito-Campos.jpg?resize=1400%2C800&ssl=1 4x"},"classes":[]},{"id":35272,"url":"https:\/\/correiodasemana.com\/site\/herculano-costa-comenta-12\/","url_meta":{"origin":23208,"position":1},"title":"Herculano Costa Comenta","author":"adminredacao","date":"Agosto 25, 2025","format":false,"excerpt":"Ra\u00e7a, racismo e discrimina\u00e7\u00e3o social Ra\u00e7a\u00a0\u00e9 um termo que se refere a uma categoriza\u00e7\u00e3o de seres humanos, com base em caracter\u00edsticas f\u00edsicas e\/ou socioculturais.\u00a0O conceito de ra\u00e7a surgiu para classificar plantas e animais, mas foi posteriormente aplicado a classifica\u00e7\u00f5es de grupos de seres humanos. Algumas caracter\u00edsticas f\u00edsicas que s\u00e3o comumente\u2026","rel":"","context":"In &quot;Herculano Costa&quot;","block_context":{"text":"Herculano Costa","link":"https:\/\/correiodasemana.com\/site\/category\/herculano-costa\/"},"img":{"alt_text":"","src":"https:\/\/i0.wp.com\/correiodasemana.com\/site\/wp-content\/uploads\/2022\/01\/Herculano-Costa.jpg?resize=350%2C200&ssl=1","width":350,"height":200},"classes":[]},{"id":11717,"url":"https:\/\/correiodasemana.com\/site\/como-a-psicologia-analisa-o-racismo\/","url_meta":{"origin":23208,"position":2},"title":"Como a psicologia analisa o racismo?","author":"","date":"Julho 12, 2020","format":false,"excerpt":"O racismo, de acordo com o olhar mais aprofundado da psicologia Segundo a psic\u00f3loga Regina Tavares, para entender e combater o racismo, \u00e9 fundamental um olhar atento e com mais profundidade, individual, em cada um de n\u00f3s. No mundo todo, a quest\u00e3o do preconceito racial vem sendo bastante discutida, desde\u2026","rel":"","context":"In &quot;Atualidade&quot;","block_context":{"text":"Atualidade","link":"https:\/\/correiodasemana.com\/site\/category\/atualidade\/"},"img":{"alt_text":"","src":"https:\/\/i0.wp.com\/correiodasemana.com\/site\/wp-content\/uploads\/2020\/07\/unidos-contra-o-racismo.jpg?resize=350%2C200&ssl=1","width":350,"height":200,"srcset":"https:\/\/i0.wp.com\/correiodasemana.com\/site\/wp-content\/uploads\/2020\/07\/unidos-contra-o-racismo.jpg?resize=350%2C200&ssl=1 1x, https:\/\/i0.wp.com\/correiodasemana.com\/site\/wp-content\/uploads\/2020\/07\/unidos-contra-o-racismo.jpg?resize=525%2C300&ssl=1 1.5x, https:\/\/i0.wp.com\/correiodasemana.com\/site\/wp-content\/uploads\/2020\/07\/unidos-contra-o-racismo.jpg?resize=700%2C400&ssl=1 2x, https:\/\/i0.wp.com\/correiodasemana.com\/site\/wp-content\/uploads\/2020\/07\/unidos-contra-o-racismo.jpg?resize=1050%2C600&ssl=1 3x, https:\/\/i0.wp.com\/correiodasemana.com\/site\/wp-content\/uploads\/2020\/07\/unidos-contra-o-racismo.jpg?resize=1400%2C800&ssl=1 4x"},"classes":[]},{"id":27283,"url":"https:\/\/correiodasemana.com\/site\/a-cada-100-mortos-pela-policia-em-2022-65-eram-negros-mostra-estudo\/","url_meta":{"origin":23208,"position":3},"title":"A cada 100 mortos pela pol\u00edcia em 2022, 65 eram negros, mostra estudo","author":"adminredacao","date":"Novembro 20, 2023","format":false,"excerpt":"Propor\u00e7\u00e3o \u00e9 de 87%, se considerados apenas aqueles com cor informada Por Vitor Abdala \u2013 Rep\u00f3rter da Ag\u00eancia Brasil - Rio de Janeiro O n\u00famero de pessoas mortas pela pol\u00edcia em apenas oito estados brasileiros chegou a 4.219 em 2022. Desse total, 2.700 foram considerados negros (pretos ou pardos) pelas\u2026","rel":"","context":"In &quot;Atualidade&quot;","block_context":{"text":"Atualidade","link":"https:\/\/correiodasemana.com\/site\/category\/atualidade\/"},"img":{"alt_text":"","src":"https:\/\/i0.wp.com\/correiodasemana.com\/site\/wp-content\/uploads\/2022\/12\/Os-alvos-da-Operacao-Spoofing-da-Policia-Federal.jpg?resize=350%2C200&ssl=1","width":350,"height":200,"srcset":"https:\/\/i0.wp.com\/correiodasemana.com\/site\/wp-content\/uploads\/2022\/12\/Os-alvos-da-Operacao-Spoofing-da-Policia-Federal.jpg?resize=350%2C200&ssl=1 1x, https:\/\/i0.wp.com\/correiodasemana.com\/site\/wp-content\/uploads\/2022\/12\/Os-alvos-da-Operacao-Spoofing-da-Policia-Federal.jpg?resize=525%2C300&ssl=1 1.5x, https:\/\/i0.wp.com\/correiodasemana.com\/site\/wp-content\/uploads\/2022\/12\/Os-alvos-da-Operacao-Spoofing-da-Policia-Federal.jpg?resize=700%2C400&ssl=1 2x"},"classes":[]},{"id":24588,"url":"https:\/\/correiodasemana.com\/site\/semana-nacional-de-comunicacao-de-combate-ao-trabalho-escravo\/","url_meta":{"origin":23208,"position":4},"title":"Semana Nacional de Comunica\u00e7\u00e3o de Combate ao Trabalho Escravo","author":"adminredacao","date":"Maio 14, 2023","format":false,"excerpt":"Alerta! Trabalho escravo em alta assusta o Brasil Ap\u00f3s 135 anos depois da Lei \u00c1urea, o trabalho an\u00e1logo de escravo segue como uma realidade que atinge milhares de trabalhadores e trabalhadoras no Brasil. De 1995 at\u00e9 hoje mais de 61 mil pessoas foram resgatadas dessa situa\u00e7\u00e3o. Neste sentido a Comiss\u00e3o\u2026","rel":"","context":"In &quot;Atualidade&quot;","block_context":{"text":"Atualidade","link":"https:\/\/correiodasemana.com\/site\/category\/atualidade\/"},"img":{"alt_text":"","src":"https:\/\/i0.wp.com\/correiodasemana.com\/site\/wp-content\/uploads\/2023\/05\/WhatsApp-Image-2023-05-12-at-15.19.11.jpeg?resize=350%2C200&ssl=1","width":350,"height":200,"srcset":"https:\/\/i0.wp.com\/correiodasemana.com\/site\/wp-content\/uploads\/2023\/05\/WhatsApp-Image-2023-05-12-at-15.19.11.jpeg?resize=350%2C200&ssl=1 1x, https:\/\/i0.wp.com\/correiodasemana.com\/site\/wp-content\/uploads\/2023\/05\/WhatsApp-Image-2023-05-12-at-15.19.11.jpeg?resize=525%2C300&ssl=1 1.5x, https:\/\/i0.wp.com\/correiodasemana.com\/site\/wp-content\/uploads\/2023\/05\/WhatsApp-Image-2023-05-12-at-15.19.11.jpeg?resize=700%2C400&ssl=1 2x, https:\/\/i0.wp.com\/correiodasemana.com\/site\/wp-content\/uploads\/2023\/05\/WhatsApp-Image-2023-05-12-at-15.19.11.jpeg?resize=1050%2C600&ssl=1 3x, https:\/\/i0.wp.com\/correiodasemana.com\/site\/wp-content\/uploads\/2023\/05\/WhatsApp-Image-2023-05-12-at-15.19.11.jpeg?resize=1400%2C800&ssl=1 4x"},"classes":[]},{"id":17115,"url":"https:\/\/correiodasemana.com\/site\/homem-que-agride-sua-companheira-deve-estar-na-cadeia\/","url_meta":{"origin":23208,"position":5},"title":"Homem que agride sua companheira deve estar na cadeia","author":"","date":"Agosto 2, 2021","format":false,"excerpt":"A cada quatro minutos uma mulher \u00e9 agredida por um homem no Brasil, segundo o Minist\u00e9rio da Sa\u00fade. \u00c9 o que aponta estudo da Universidade Federal do Paran\u00e1 (UFPR) e da Universidade Estadual do Centro-Oeste (Unicentro), publicado em mar\u00e7o na\u00a0Revista Brasileira de Enfermagem. A Lei Maria da Penha criada atrav\u00e9s\u2026","rel":"","context":"In &quot;Artigos&quot;","block_context":{"text":"Artigos","link":"https:\/\/correiodasemana.com\/site\/category\/artigos\/"},"img":{"alt_text":"","src":"https:\/\/i0.wp.com\/correiodasemana.com\/site\/wp-content\/uploads\/2021\/08\/Salmito-Campos.jpg?resize=350%2C200&ssl=1","width":350,"height":200,"srcset":"https:\/\/i0.wp.com\/correiodasemana.com\/site\/wp-content\/uploads\/2021\/08\/Salmito-Campos.jpg?resize=350%2C200&ssl=1 1x, https:\/\/i0.wp.com\/correiodasemana.com\/site\/wp-content\/uploads\/2021\/08\/Salmito-Campos.jpg?resize=525%2C300&ssl=1 1.5x, https:\/\/i0.wp.com\/correiodasemana.com\/site\/wp-content\/uploads\/2021\/08\/Salmito-Campos.jpg?resize=700%2C400&ssl=1 2x, https:\/\/i0.wp.com\/correiodasemana.com\/site\/wp-content\/uploads\/2021\/08\/Salmito-Campos.jpg?resize=1050%2C600&ssl=1 3x, https:\/\/i0.wp.com\/correiodasemana.com\/site\/wp-content\/uploads\/2021\/08\/Salmito-Campos.jpg?resize=1400%2C800&ssl=1 4x"},"classes":[]}],"jetpack_sharing_enabled":true,"_links":{"self":[{"href":"https:\/\/correiodasemana.com\/site\/wp-json\/wp\/v2\/posts\/23208","targetHints":{"allow":["GET"]}}],"collection":[{"href":"https:\/\/correiodasemana.com\/site\/wp-json\/wp\/v2\/posts"}],"about":[{"href":"https:\/\/correiodasemana.com\/site\/wp-json\/wp\/v2\/types\/post"}],"author":[{"embeddable":true,"href":"https:\/\/correiodasemana.com\/site\/wp-json\/wp\/v2\/users\/7"}],"replies":[{"embeddable":true,"href":"https:\/\/correiodasemana.com\/site\/wp-json\/wp\/v2\/comments?post=23208"}],"version-history":[{"count":1,"href":"https:\/\/correiodasemana.com\/site\/wp-json\/wp\/v2\/posts\/23208\/revisions"}],"predecessor-version":[{"id":23209,"href":"https:\/\/correiodasemana.com\/site\/wp-json\/wp\/v2\/posts\/23208\/revisions\/23209"}],"wp:featuredmedia":[{"embeddable":true,"href":"https:\/\/correiodasemana.com\/site\/wp-json\/wp\/v2\/media\/17116"}],"wp:attachment":[{"href":"https:\/\/correiodasemana.com\/site\/wp-json\/wp\/v2\/media?parent=23208"}],"wp:term":[{"taxonomy":"category","embeddable":true,"href":"https:\/\/correiodasemana.com\/site\/wp-json\/wp\/v2\/categories?post=23208"},{"taxonomy":"post_tag","embeddable":true,"href":"https:\/\/correiodasemana.com\/site\/wp-json\/wp\/v2\/tags?post=23208"}],"curies":[{"name":"wp","href":"https:\/\/api.w.org\/{rel}","templated":true}]}}