{"id":23219,"date":"2023-01-31T00:18:35","date_gmt":"2023-01-31T03:18:35","guid":{"rendered":"https:\/\/correiodasemana.com\/site\/?p=23219"},"modified":"2023-01-31T00:18:35","modified_gmt":"2023-01-31T03:18:35","slug":"sobral-sobral-120","status":"publish","type":"post","link":"https:\/\/correiodasemana.com\/site\/sobral-sobral-120\/","title":{"rendered":"Sobral, Sobral"},"content":{"rendered":"<p><strong>\u201cSUCESSO \u00c9 TER O QUE SE QUER. FELICIDADE \u00c9 AMAR O QUE SE TEM !!\u201d<\/strong><br \/>\n<strong>(AUTOR IGNORADO)<\/strong><\/p>\n<p>BOM DIA!!!<br \/>\nMINHAS PRECES&#8230;<br \/>\nENCONTRE A SOLU\u00c7\u00c3O PARA CADA PROBLEMA!!<br \/>\nO ORGULHO te fascina?<br \/>\nResolve com a HUMILDADE.<br \/>\nA M\u00c1GOA te acompanha?<br \/>\nSoluciona com a MISERIC\u00d3RDIA.<br \/>\nA IRRITA\u00c7\u00c3O te consome?<br \/>\nD\u00e1 um jeito com a CALMA.<br \/>\nA INTOLER\u00c2NCIA te arrasta?<br \/>\nProcura a bonan\u00e7a da INDULG\u00caNCIA.<br \/>\nA INCOMPREENS\u00c3O te agride?<br \/>\nCaminha atr\u00e1s do ENTENDIMENTO.<br \/>\nO EGO\u00cdSMO te domina?<br \/>\nFaz o exerc\u00edcio da CARIDADE.<br \/>\nA IMPERTIN\u00caNCIA te aflige?<br \/>\nBusca o al\u00edvio da PAZ.<br \/>\nA VINGAN\u00c7A te persegue ?<br \/>\nUsa a barreira do PERD\u00c3O.<br \/>\nA INVEJA te corr\u00f3i?<br \/>\nNeutraliza com o ant\u00eddoto da FRATERNIDADE.<br \/>\nO \u00d3DIO te tortura?<br \/>\nLiberta tuas possibilidades de AMOR.<br \/>\nPRECE ESP\u00cdRITA<\/p>\n<p><strong>MINHAS FRASES&#8230;<\/strong><br \/>\n\u201cN\u00c3O PISE EM C\u00c9DULAS PARA SALVAR MOEDAS!!\u201d<br \/>\n(PL\u00cdNIO LIBERATO, 77, comerciante e investidor de SOBRAL-CE)<br \/>\n\ud835\udc0f\ud835\udc0b\ud835\udc08\ud835\udc0d\ud835\udc08\ud835\udc0e \ud835\udc0b\ud835\udc08\ud835\udc01\ud835\udc04\ud835\udc11\ud835\udc00\ud835\udc13\ud835\udc0e \ud835\udc1e \ud835\udc28 \ud835\udc1c\ud835\udc21\ud835\udc1a\ud835\udc27\ud835\udc1c\ud835\udc1e\ud835\udc25\ud835\udc1e\ud835\udc2b \ud835\udc1d\ud835\udc1a \ud835\udc14\ud835\udc27\ud835\udc22\ud835\udc27\ud835\udc2d\ud835\udc1a, \ud835\udc03\ud835\udc1e\ud835\udc29\ud835\udc2e\ud835\udc2d\ud835\udc1a\ud835\udc1d\ud835\udc28 \ud835\udc0e\ud835\udc12\ud835\udc02\ud835\udc00\ud835\udc11 \ud835\udc11\ud835\udc0e\ud835\udc03\ud835\udc11\ud835\udc08\ud835\udc06\ud835\udc14\ud835\udc04\ud835\udc12.<\/p>\n","protected":false},"excerpt":{"rendered":"<p>\u201cSUCESSO \u00c9 TER O QUE SE QUER. FELICIDADE \u00c9 AMAR O QUE SE TEM !!\u201d&#8230;<\/p>\n","protected":false},"author":7,"featured_media":15808,"comment_status":"open","ping_status":"open","sticky":false,"template":"","format":"standard","meta":{"_jetpack_memberships_contains_paid_content":false,"footnotes":"","jetpack_publicize_message":"","jetpack_publicize_feature_enabled":true,"jetpack_social_post_already_shared":true,"jetpack_social_options":{"image_generator_settings":{"template":"highway","default_image_id":0,"font":"","enabled":false},"version":2}},"categories":[11,75],"tags":[],"class_list":["post-23219","post","type-post","status-publish","format-standard","has-post-thumbnail","hentry","category-artigos","category-carolino-soares"],"jetpack_publicize_connections":[],"jetpack_featured_media_url":"https:\/\/correiodasemana.com\/site\/wp-content\/uploads\/2021\/02\/artigo-carolino-radio.png","jetpack-related-posts":[{"id":35348,"url":"https:\/\/correiodasemana.com\/site\/becco-ponto-com-228\/","url_meta":{"origin":23219,"position":0},"title":"BECCO PONTO.COM","author":"adminredacao","date":"Agosto 25, 2025","format":false,"excerpt":"LIVRAI-NOS, SENHOR! Do efeito taxa do lixo, pune contas de Ivo Gomes. Da l\u00edngua afiada de Ciro \u201cl\u00edngua ferina\u201d Gomes. Da briguinha de raque dos \u201clos manos\u201d, Cid e Ciro. Do Lula, caducando no poder. Um sucata do pt. Das ruas abarrotadas de camel\u00f4s at\u00e9 no Becco. De uma trai\u00e7\u00e3o\u2026","rel":"","context":"In &quot;Artigos&quot;","block_context":{"text":"Artigos","link":"https:\/\/correiodasemana.com\/site\/category\/artigos\/"},"img":{"alt_text":"","src":"https:\/\/i0.wp.com\/correiodasemana.com\/site\/wp-content\/uploads\/2021\/09\/Dr-Chico-Prado-Trofeu-Dom-Jose-1.jpg?resize=350%2C200&ssl=1","width":350,"height":200,"srcset":"https:\/\/i0.wp.com\/correiodasemana.com\/site\/wp-content\/uploads\/2021\/09\/Dr-Chico-Prado-Trofeu-Dom-Jose-1.jpg?resize=350%2C200&ssl=1 1x, https:\/\/i0.wp.com\/correiodasemana.com\/site\/wp-content\/uploads\/2021\/09\/Dr-Chico-Prado-Trofeu-Dom-Jose-1.jpg?resize=525%2C300&ssl=1 1.5x, https:\/\/i0.wp.com\/correiodasemana.com\/site\/wp-content\/uploads\/2021\/09\/Dr-Chico-Prado-Trofeu-Dom-Jose-1.jpg?resize=700%2C400&ssl=1 2x, https:\/\/i0.wp.com\/correiodasemana.com\/site\/wp-content\/uploads\/2021\/09\/Dr-Chico-Prado-Trofeu-Dom-Jose-1.jpg?resize=1050%2C600&ssl=1 3x, https:\/\/i0.wp.com\/correiodasemana.com\/site\/wp-content\/uploads\/2021\/09\/Dr-Chico-Prado-Trofeu-Dom-Jose-1.jpg?resize=1400%2C800&ssl=1 4x"},"classes":[]},{"id":24272,"url":"https:\/\/correiodasemana.com\/site\/sobral-sobral-125\/","url_meta":{"origin":23219,"position":1},"title":"Sobral, Sobral","author":"adminredacao","date":"Abril 24, 2023","format":false,"excerpt":"\u201cCONHECIMENTO LHE D\u00c1 PODER. CAR\u00c1TER LHE D\u00c1 RESPEITO!!!\u201d (autor desconhecido) MINHAS HIST\u00d3RIAS... SOBRAL CAMPE\u00c3O (1965) \ud835\udde6\ud835\uddf2\ud835\uddf9\ud835\uddf2\ud835\uddf0\u0327\ud835\uddee\u0303\ud835\uddfc \ud835\uddf1\ud835\uddf2 \ud835\udde6\ud835\udde2\ud835\uddd5\ud835\udde5\ud835\uddd4\ud835\udddf (\ud835\uddff\ud835\uddf2\ud835\uddfd\ud835\uddff\ud835\uddf2\ud835\ude00\ud835\uddf2\ud835\uddfb\ud835\ude01\ud835\uddee\ud835\uddf1\ud835\uddee \ud835\uddfd\ud835\uddf2\ud835\uddf9\ud835\uddfc \ud835\uddda\ud835\udde8\ud835\uddd4\ud835\udde5\ud835\uddd4\ud835\udde1\ud835\uddec) \ud835\uddf3\ud835\uddf2\ud835\ude07 \ud835\uddee \ud835\uddf3\ud835\uddf6\ud835\uddfb\ud835\uddee\ud835\uddf9 \ud835\uddf1\ud835\uddfc \ud835\udddc\ud835\uddfb\ud835\ude01\ud835\uddf2\ud835\uddff\ud835\uddfa\ud835\ude02\ud835\uddfb\ud835\uddf6\ud835\uddf0\ud835\uddf6\ud835\uddfd\ud835\uddee\ud835\uddf9 \ud835\uddf1\ud835\uddf2 1965. \ud835\uddd8\ud835\uddfb\ud835\uddf3\ud835\uddff\ud835\uddf2\ud835\uddfb\ud835\ude01\ud835\uddfc\ud835\ude02 \ud835\uddf2 \ud835\ude03\ud835\uddf2\ud835\uddfb\ud835\uddf0\ud835\uddf2\ud835\ude02 \ud835\uddfc \ud835\uddf3\ud835\uddfc\ud835\uddff\ud835\ude01\ud835\uddf2 \ud835\ude00\ud835\uddf2\ud835\uddf9\ud835\uddf2\ud835\uddf0\ud835\uddf6\ud835\uddfc\ud835\uddfb\ud835\uddee\ud835\uddf1\ud835\uddfc \ud835\uddf1\ud835\uddf2 \ud835\udddc\ud835\ude01\ud835\uddee\ud835\uddfd\ud835\uddf6\ud835\uddfd\ud835\uddfc\ud835\uddf0\ud835\uddee. \ud835\udddd\ud835\uddfc\ud835\uddf4\ud835\uddfc \ud835\uddf1\ud835\uddff\ud835\uddee\ud835\uddfa\ud835\uddee\u0301\ud835\ude01\ud835\uddf6\ud835\uddf0\ud835\uddfc, \ud835\uddff\ud835\uddf2\ud835\uddee\ud835\uddf9\ud835\uddf6\ud835\ude07\ud835\uddee\ud835\uddf1\ud835\uddfc \ud835\uddfb\ud835\uddfc \ud835\uddd8\ud835\ude00\ud835\ude01\ud835\uddee\u0301\ud835\uddf1\ud835\uddf6\ud835\uddfc \ud835\udde3\ud835\uddff\ud835\uddf2\ud835\ude00\ud835\uddf6\ud835\uddf1\ud835\uddf2\ud835\uddfb\ud835\ude01\ud835\uddf2 \ud835\udde9\ud835\uddee\ud835\uddff\ud835\uddf4\ud835\uddee\ud835\ude00, \ud835\uddf2\ud835\uddfa \ud835\uddd9\ud835\uddfc\ud835\uddff\ud835\ude01\ud835\uddee\ud835\uddf9\ud835\uddf2\ud835\ude07\ud835\uddee. \ud835\udddd\ud835\uddfc\ud835\uddf4\ud835\uddfc \ud835\uddf3\ud835\uddf6\ud835\uddfb\ud835\uddee\ud835\uddf9 \ud835\uddfb\ud835\uddee \ud835\uddf0\ud835\uddee\ud835\uddfd\ud835\uddf6\ud835\ude01\ud835\uddee\ud835\uddf9, \ud835\uddfd\ud835\uddff\ud835\uddf2\ud835\uddf0\ud835\uddfc\ud835\uddfb\ud835\uddf6\ud835\ude07\ud835\uddee\ud835\ude03\ud835\uddee\u2026","rel":"","context":"In &quot;Artigos&quot;","block_context":{"text":"Artigos","link":"https:\/\/correiodasemana.com\/site\/category\/artigos\/"},"img":{"alt_text":"","src":"https:\/\/i0.wp.com\/correiodasemana.com\/site\/wp-content\/uploads\/2021\/02\/artigo-carolino-radio.png?resize=350%2C200&ssl=1","width":350,"height":200,"srcset":"https:\/\/i0.wp.com\/correiodasemana.com\/site\/wp-content\/uploads\/2021\/02\/artigo-carolino-radio.png?resize=350%2C200&ssl=1 1x, https:\/\/i0.wp.com\/correiodasemana.com\/site\/wp-content\/uploads\/2021\/02\/artigo-carolino-radio.png?resize=525%2C300&ssl=1 1.5x, https:\/\/i0.wp.com\/correiodasemana.com\/site\/wp-content\/uploads\/2021\/02\/artigo-carolino-radio.png?resize=700%2C400&ssl=1 2x"},"classes":[]},{"id":20970,"url":"https:\/\/correiodasemana.com\/site\/parceria-entre-estado-e-prefeitura-garantem-investimento-superior-a-r-32-milhoes-obras-de-rodovia-em-caracara-e-ampliacao-do-ginasio-plinio-pompeu-sao-autorizada\/","url_meta":{"origin":23219,"position":2},"title":"Parceria entre Estado e Prefeitura garantem investimento superior a R$ 32 milh\u00f5es; obras de rodovia em Caracar\u00e1 e amplia\u00e7\u00e3o do Gin\u00e1sio Pl\u00ednio Pompeu s\u00e3o autorizada.","author":"","date":"Setembro 11, 2022","format":false,"excerpt":"Na ter\u00e7a-feira (06\/09), em cerim\u00f4nia realizada no distrito de Caracar\u00e1, a governadora Izolda Cela autorizou o in\u00edcio das obras da rodovia que ligar\u00e1 o distrito ao munic\u00edpio de Mira\u00edma, beneficiando os moradores de Mira\u00edma e Sobral. No mesmo evento, a governadora autorizou a reforma e amplia\u00e7\u00e3o do Gin\u00e1sio Poliesportivo Pl\u00ednio\u2026","rel":"","context":"In &quot;Atualidade&quot;","block_context":{"text":"Atualidade","link":"https:\/\/correiodasemana.com\/site\/category\/atualidade\/"},"img":{"alt_text":"","src":"https:\/\/i0.wp.com\/correiodasemana.com\/site\/wp-content\/uploads\/2022\/09\/izoldacelace__Estive-ha%CC%81-pouco-no-distrito-de-Caracara%CC%81-em-Sobral-para-assinatura-da-ordem-de-servic%CC%A7o-da-estrada-que-liga-a-localidade-ao-munici%CC%81pio-de-Mira.jpg?resize=350%2C200&ssl=1","width":350,"height":200,"srcset":"https:\/\/i0.wp.com\/correiodasemana.com\/site\/wp-content\/uploads\/2022\/09\/izoldacelace__Estive-ha%CC%81-pouco-no-distrito-de-Caracara%CC%81-em-Sobral-para-assinatura-da-ordem-de-servic%CC%A7o-da-estrada-que-liga-a-localidade-ao-munici%CC%81pio-de-Mira.jpg?resize=350%2C200&ssl=1 1x, https:\/\/i0.wp.com\/correiodasemana.com\/site\/wp-content\/uploads\/2022\/09\/izoldacelace__Estive-ha%CC%81-pouco-no-distrito-de-Caracara%CC%81-em-Sobral-para-assinatura-da-ordem-de-servic%CC%A7o-da-estrada-que-liga-a-localidade-ao-munici%CC%81pio-de-Mira.jpg?resize=525%2C300&ssl=1 1.5x, https:\/\/i0.wp.com\/correiodasemana.com\/site\/wp-content\/uploads\/2022\/09\/izoldacelace__Estive-ha%CC%81-pouco-no-distrito-de-Caracara%CC%81-em-Sobral-para-assinatura-da-ordem-de-servic%CC%A7o-da-estrada-que-liga-a-localidade-ao-munici%CC%81pio-de-Mira.jpg?resize=700%2C400&ssl=1 2x"},"classes":[]},{"id":33168,"url":"https:\/\/correiodasemana.com\/site\/abertura-dos-jogos-escolares-da-prefeitura-de-sobral-e-marcada-por-festa-na-arena-plinio-pompeu\/","url_meta":{"origin":23219,"position":3},"title":"Abertura dos Jogos Escolares da Prefeitura de Sobral \u00e9 marcada por festa na Arena Pl\u00ednio Pompeu","author":"adminredacao","date":"Mar\u00e7o 31, 2025","format":false,"excerpt":"A abertura dos Jogos Escolares Sobralenses (JES) 2025 na quinta-feira (20\/03), na Arena Pl\u00ednio Pompeu, reuniu centenas de estudantes, professores e familiares dos jovens competidores. Na edi\u00e7\u00e3o deste ano, participar\u00e3o 48 escolas da sede e dos distritos em 12 modalidades esportivas. A organiza\u00e7\u00e3o \u00e9 das Secretarias do Esporte e Lazer\u2026","rel":"","context":"In &quot;Atualidade&quot;","block_context":{"text":"Atualidade","link":"https:\/\/correiodasemana.com\/site\/category\/atualidade\/"},"img":{"alt_text":"","src":"https:\/\/i0.wp.com\/correiodasemana.com\/site\/wp-content\/uploads\/2025\/03\/1-ok-40a4e38b-f6a0-4db9-8789-1e8faa440d9c-scaled.jpg?resize=350%2C200&ssl=1","width":350,"height":200,"srcset":"https:\/\/i0.wp.com\/correiodasemana.com\/site\/wp-content\/uploads\/2025\/03\/1-ok-40a4e38b-f6a0-4db9-8789-1e8faa440d9c-scaled.jpg?resize=350%2C200&ssl=1 1x, https:\/\/i0.wp.com\/correiodasemana.com\/site\/wp-content\/uploads\/2025\/03\/1-ok-40a4e38b-f6a0-4db9-8789-1e8faa440d9c-scaled.jpg?resize=525%2C300&ssl=1 1.5x, https:\/\/i0.wp.com\/correiodasemana.com\/site\/wp-content\/uploads\/2025\/03\/1-ok-40a4e38b-f6a0-4db9-8789-1e8faa440d9c-scaled.jpg?resize=700%2C400&ssl=1 2x, https:\/\/i0.wp.com\/correiodasemana.com\/site\/wp-content\/uploads\/2025\/03\/1-ok-40a4e38b-f6a0-4db9-8789-1e8faa440d9c-scaled.jpg?resize=1050%2C600&ssl=1 3x, https:\/\/i0.wp.com\/correiodasemana.com\/site\/wp-content\/uploads\/2025\/03\/1-ok-40a4e38b-f6a0-4db9-8789-1e8faa440d9c-scaled.jpg?resize=1400%2C800&ssl=1 4x"},"classes":[]},{"id":20260,"url":"https:\/\/correiodasemana.com\/site\/sobral-sobral-92\/","url_meta":{"origin":23219,"position":4},"title":"Sobral, Sobral","author":"","date":"Junho 27, 2022","format":false,"excerpt":"S\u00d3 LEVE PARA AMANH\u00c3 O QUE TE FAZ BEM HOJE!! MINHAS HIST\u00d3RIAS... \u00c0 FOR\u00c7A \u00c9 MELHOR, PAI!! ARTHUR ELANO SOUSA LIBERATO, filho ca\u00e7ula do empres\u00e1rio TI\u00c3O LIBERATO (SOBRALTEC, SOBRAL INFORM\u00c1TICA e SUPERINFOR) tinha 4 anos de idade e tava na fase CASC\u00c3O (horror ao banho). Pra botar debaixo do chuveiro,\u2026","rel":"","context":"In &quot;Artigos&quot;","block_context":{"text":"Artigos","link":"https:\/\/correiodasemana.com\/site\/category\/artigos\/"},"img":{"alt_text":"","src":"https:\/\/i0.wp.com\/correiodasemana.com\/site\/wp-content\/uploads\/2021\/02\/artigo-carolino-radio.png?resize=350%2C200&ssl=1","width":350,"height":200,"srcset":"https:\/\/i0.wp.com\/correiodasemana.com\/site\/wp-content\/uploads\/2021\/02\/artigo-carolino-radio.png?resize=350%2C200&ssl=1 1x, https:\/\/i0.wp.com\/correiodasemana.com\/site\/wp-content\/uploads\/2021\/02\/artigo-carolino-radio.png?resize=525%2C300&ssl=1 1.5x, https:\/\/i0.wp.com\/correiodasemana.com\/site\/wp-content\/uploads\/2021\/02\/artigo-carolino-radio.png?resize=700%2C400&ssl=1 2x"},"classes":[]},{"id":26413,"url":"https:\/\/correiodasemana.com\/site\/novos-imortais-tomam-posse-na-academia-massapeense-de-letras-e-artes\/","url_meta":{"origin":23219,"position":5},"title":"Novos imortais tomam Posse na Academia Massapeense de Letras e Artes","author":"adminredacao","date":"Setembro 4, 2023","format":false,"excerpt":"Francisco de Assis Vasconcelos Arruda e Liana Liberato Lopes Carlos tomaram posse na Academia Massapeense de Letras e Artes (AMLA), no dia 25 de agosto de 2023, no Centro de Conven\u00e7\u00f5es Jarbas Aguiar. Assis Arruda e Liana Liberato s\u00e3o nomes consagrados no panorama da literatura cearense contempor\u00e2nea. Coube ao jornalista\u2026","rel":"","context":"In &quot;Atualidade&quot;","block_context":{"text":"Atualidade","link":"https:\/\/correiodasemana.com\/site\/category\/atualidade\/"},"img":{"alt_text":"","src":"https:\/\/i0.wp.com\/correiodasemana.com\/site\/wp-content\/uploads\/2023\/09\/4c9d4128-b917-4f1c-b1ed-aa66eb23faca.jpg?resize=350%2C200&ssl=1","width":350,"height":200,"srcset":"https:\/\/i0.wp.com\/correiodasemana.com\/site\/wp-content\/uploads\/2023\/09\/4c9d4128-b917-4f1c-b1ed-aa66eb23faca.jpg?resize=350%2C200&ssl=1 1x, https:\/\/i0.wp.com\/correiodasemana.com\/site\/wp-content\/uploads\/2023\/09\/4c9d4128-b917-4f1c-b1ed-aa66eb23faca.jpg?resize=525%2C300&ssl=1 1.5x, https:\/\/i0.wp.com\/correiodasemana.com\/site\/wp-content\/uploads\/2023\/09\/4c9d4128-b917-4f1c-b1ed-aa66eb23faca.jpg?resize=700%2C400&ssl=1 2x, https:\/\/i0.wp.com\/correiodasemana.com\/site\/wp-content\/uploads\/2023\/09\/4c9d4128-b917-4f1c-b1ed-aa66eb23faca.jpg?resize=1050%2C600&ssl=1 3x, https:\/\/i0.wp.com\/correiodasemana.com\/site\/wp-content\/uploads\/2023\/09\/4c9d4128-b917-4f1c-b1ed-aa66eb23faca.jpg?resize=1400%2C800&ssl=1 4x"},"classes":[]}],"jetpack_sharing_enabled":true,"_links":{"self":[{"href":"https:\/\/correiodasemana.com\/site\/wp-json\/wp\/v2\/posts\/23219","targetHints":{"allow":["GET"]}}],"collection":[{"href":"https:\/\/correiodasemana.com\/site\/wp-json\/wp\/v2\/posts"}],"about":[{"href":"https:\/\/correiodasemana.com\/site\/wp-json\/wp\/v2\/types\/post"}],"author":[{"embeddable":true,"href":"https:\/\/correiodasemana.com\/site\/wp-json\/wp\/v2\/users\/7"}],"replies":[{"embeddable":true,"href":"https:\/\/correiodasemana.com\/site\/wp-json\/wp\/v2\/comments?post=23219"}],"version-history":[{"count":1,"href":"https:\/\/correiodasemana.com\/site\/wp-json\/wp\/v2\/posts\/23219\/revisions"}],"predecessor-version":[{"id":23220,"href":"https:\/\/correiodasemana.com\/site\/wp-json\/wp\/v2\/posts\/23219\/revisions\/23220"}],"wp:featuredmedia":[{"embeddable":true,"href":"https:\/\/correiodasemana.com\/site\/wp-json\/wp\/v2\/media\/15808"}],"wp:attachment":[{"href":"https:\/\/correiodasemana.com\/site\/wp-json\/wp\/v2\/media?parent=23219"}],"wp:term":[{"taxonomy":"category","embeddable":true,"href":"https:\/\/correiodasemana.com\/site\/wp-json\/wp\/v2\/categories?post=23219"},{"taxonomy":"post_tag","embeddable":true,"href":"https:\/\/correiodasemana.com\/site\/wp-json\/wp\/v2\/tags?post=23219"}],"curies":[{"name":"wp","href":"https:\/\/api.w.org\/{rel}","templated":true}]}}