{"id":23238,"date":"2023-01-31T00:28:42","date_gmt":"2023-01-31T03:28:42","guid":{"rendered":"https:\/\/correiodasemana.com\/site\/?p=23238"},"modified":"2023-01-31T00:29:18","modified_gmt":"2023-01-31T03:29:18","slug":"primeiro-congresso-no-poder-da-oracao-foi-realizado-na-paroquia-do-cristo-ressuscitado-em-sobral","status":"publish","type":"post","link":"https:\/\/correiodasemana.com\/site\/primeiro-congresso-no-poder-da-oracao-foi-realizado-na-paroquia-do-cristo-ressuscitado-em-sobral\/","title":{"rendered":"Primeiro Congresso \u201cNo Poder da Ora\u00e7\u00e3o\u201d foi realizado na Par\u00f3quia do Cristo Ressuscitado em Sobral"},"content":{"rendered":"<p>No dia 15 de janeiro de 2023 aconteceu a primeira edi\u00e7\u00e3o do Congresso NO PODER DA ORA\u00c7\u00c3O, um Evento Cat\u00f3lico de Espiritualidade e Evangeliza\u00e7\u00e3o promovido pelo mission\u00e1rio, cantor cat\u00f3lico e radialista Alexandre Melo. O Congresso aconteceu na Igreja Matriz da Par\u00f3quia do Cristo Ressuscitado em Sobral CE.<br \/>\nO evento foi totalmente gratuito e contou com a presen\u00e7a e a participa\u00e7\u00e3o de fi\u00e9is de Sobral e regi\u00e3o. Tivemos ainda a presen\u00e7a de Caravanas vindas de Massap\u00ea, Corea\u00fa, Santa Quit\u00e9ria e de outros munic\u00edpios e localidades.<br \/>\nO Congresso contou com uma programa\u00e7\u00e3o voltada inteiramente para a Espiritualidade e a ora\u00e7\u00e3o. Momentos de Acolhida, Anima\u00e7\u00e3o, Louvor, Ter\u00e7o da Divina Provid\u00eancia, Prega\u00e7\u00e3o ministrados pelo mission\u00e1rio, cantor e radialista Alexandre Melo. O encerramento do Congresso se deu com a celebra\u00e7\u00e3o da Santa Missa presidida pelo Pe. J\u00fanior Melo, p\u00e1roco da Par\u00f3quia do Cristo Ressuscitado.<br \/>\n\u201cO Congresso superou todas as expectativas de p\u00fablico e em todos os aspectos. Agradecemos \u00e0 todos os participantes, volunt\u00e1rios(servos) e patrocinadores e todos j\u00e1 est\u00e3o na expectativa querendo saber quando ser\u00e1 a segunda edi\u00e7\u00e3o do evento\u201d, disse Alexandre Melo. Siga o Instagram oficial do evento @nopoderdaoracao<\/p>\n<p><img fetchpriority=\"high\" decoding=\"async\" class=\"alignnone size-medium wp-image-23239\" src=\"https:\/\/correiodasemana.com\/site\/wp-content\/uploads\/2023\/01\/congresso-poder-da-oracao-1-300x200.jpg\" alt=\"\" width=\"300\" height=\"200\" srcset=\"https:\/\/correiodasemana.com\/site\/wp-content\/uploads\/2023\/01\/congresso-poder-da-oracao-1-300x200.jpg 300w, https:\/\/correiodasemana.com\/site\/wp-content\/uploads\/2023\/01\/congresso-poder-da-oracao-1-1024x683.jpg 1024w, https:\/\/correiodasemana.com\/site\/wp-content\/uploads\/2023\/01\/congresso-poder-da-oracao-1-768x512.jpg 768w, https:\/\/correiodasemana.com\/site\/wp-content\/uploads\/2023\/01\/congresso-poder-da-oracao-1.jpg 1044w\" sizes=\"(max-width: 300px) 100vw, 300px\" \/> <img decoding=\"async\" class=\"alignnone size-medium wp-image-23240\" src=\"https:\/\/correiodasemana.com\/site\/wp-content\/uploads\/2023\/01\/congresso-poder-da-oracao-2-300x200.jpg\" alt=\"\" width=\"300\" height=\"200\" srcset=\"https:\/\/correiodasemana.com\/site\/wp-content\/uploads\/2023\/01\/congresso-poder-da-oracao-2-300x200.jpg 300w, https:\/\/correiodasemana.com\/site\/wp-content\/uploads\/2023\/01\/congresso-poder-da-oracao-2-1024x683.jpg 1024w, https:\/\/correiodasemana.com\/site\/wp-content\/uploads\/2023\/01\/congresso-poder-da-oracao-2-768x512.jpg 768w, https:\/\/correiodasemana.com\/site\/wp-content\/uploads\/2023\/01\/congresso-poder-da-oracao-2.jpg 1044w\" sizes=\"(max-width: 300px) 100vw, 300px\" \/> <img decoding=\"async\" class=\"alignnone size-medium wp-image-23241\" src=\"https:\/\/correiodasemana.com\/site\/wp-content\/uploads\/2023\/01\/congresso-poder-da-oracao-3-300x200.jpg\" alt=\"\" width=\"300\" height=\"200\" srcset=\"https:\/\/correiodasemana.com\/site\/wp-content\/uploads\/2023\/01\/congresso-poder-da-oracao-3-300x200.jpg 300w, https:\/\/correiodasemana.com\/site\/wp-content\/uploads\/2023\/01\/congresso-poder-da-oracao-3-1024x683.jpg 1024w, https:\/\/correiodasemana.com\/site\/wp-content\/uploads\/2023\/01\/congresso-poder-da-oracao-3-768x512.jpg 768w, https:\/\/correiodasemana.com\/site\/wp-content\/uploads\/2023\/01\/congresso-poder-da-oracao-3.jpg 1044w\" sizes=\"(max-width: 300px) 100vw, 300px\" \/><\/p>\n","protected":false},"excerpt":{"rendered":"<p>No dia 15 de janeiro de 2023 aconteceu a primeira edi\u00e7\u00e3o do Congresso NO PODER&#8230;<\/p>\n","protected":false},"author":7,"featured_media":23239,"comment_status":"open","ping_status":"open","sticky":false,"template":"","format":"standard","meta":{"_jetpack_memberships_contains_paid_content":false,"footnotes":"","jetpack_publicize_message":"","jetpack_publicize_feature_enabled":true,"jetpack_social_post_already_shared":true,"jetpack_social_options":{"image_generator_settings":{"template":"highway","default_image_id":0,"font":"","enabled":false},"version":2}},"categories":[1],"tags":[],"class_list":["post-23238","post","type-post","status-publish","format-standard","has-post-thumbnail","hentry","category-atualidade"],"jetpack_publicize_connections":[],"jetpack_featured_media_url":"https:\/\/correiodasemana.com\/site\/wp-content\/uploads\/2023\/01\/congresso-poder-da-oracao-1.jpg","jetpack-related-posts":[{"id":22640,"url":"https:\/\/correiodasemana.com\/site\/i-congresso-no-poder-da-oracao\/","url_meta":{"origin":23238,"position":0},"title":"I Congresso NO PODER DA ORA\u00c7\u00c3O","author":"","date":"Janeiro 11, 2023","format":false,"excerpt":"I Congresso NO PODER DA ORA\u00c7\u00c3O Evento Cat\u00f3lico de Espiritualidade e Evangeliza\u00e7\u00e3o Tema: Tudo pode ser mudado pelo poder da ora\u00e7\u00e3o! Dia 15 de Janeiro de 2023 a partir das 07h30\" Igreja Matriz da Par\u00f3quia do Cristo Ressuscitado - Sobral Cear\u00e1 Ser\u00e1 uma manh\u00e3 de Domingo de grandes gra\u00e7as e\u2026","rel":"","context":"In &quot;Atualidade&quot;","block_context":{"text":"Atualidade","link":"https:\/\/correiodasemana.com\/site\/category\/atualidade\/"},"img":{"alt_text":"","src":"https:\/\/i0.wp.com\/correiodasemana.com\/site\/wp-content\/uploads\/2023\/01\/0101.png?resize=350%2C200&ssl=1","width":350,"height":200,"srcset":"https:\/\/i0.wp.com\/correiodasemana.com\/site\/wp-content\/uploads\/2023\/01\/0101.png?resize=350%2C200&ssl=1 1x, https:\/\/i0.wp.com\/correiodasemana.com\/site\/wp-content\/uploads\/2023\/01\/0101.png?resize=525%2C300&ssl=1 1.5x, https:\/\/i0.wp.com\/correiodasemana.com\/site\/wp-content\/uploads\/2023\/01\/0101.png?resize=700%2C400&ssl=1 2x, https:\/\/i0.wp.com\/correiodasemana.com\/site\/wp-content\/uploads\/2023\/01\/0101.png?resize=1050%2C600&ssl=1 3x"},"classes":[]},{"id":25792,"url":"https:\/\/correiodasemana.com\/site\/o-ii-congresso-no-poder-da-oracao-sera-no-buffet-dona-flor-dia-30-de-julho\/","url_meta":{"origin":23238,"position":1},"title":"O II Congresso \u201cNo Poder da Ora\u00e7\u00e3o\u201d ser\u00e1 no Buffet Dona Flor, dia 30 de julho","author":"adminredacao","date":"Julho 24, 2023","format":false,"excerpt":"O Congresso No Poder da Ora\u00e7\u00e3o \u00e9 um evento crist\u00e3o cat\u00f3lico de ora\u00e7\u00e3o, espiritualidade e evangeliza\u00e7\u00e3o, para todas as idades. Nossa miss\u00e3o \u00e9 levar os participantes a viverem uma experi\u00eancia pessoal com Jesus Cristo, com a Palavra de Deus e com a vida de ora\u00e7\u00e3o. Crian\u00e7as, jovens, adultos, idosos, solteiros,\u2026","rel":"","context":"In &quot;Atualidade&quot;","block_context":{"text":"Atualidade","link":"https:\/\/correiodasemana.com\/site\/category\/atualidade\/"},"img":{"alt_text":"","src":"https:\/\/i0.wp.com\/correiodasemana.com\/site\/wp-content\/uploads\/2023\/07\/Cartaz-no-poder-da-oracao.jpeg?resize=350%2C200&ssl=1","width":350,"height":200,"srcset":"https:\/\/i0.wp.com\/correiodasemana.com\/site\/wp-content\/uploads\/2023\/07\/Cartaz-no-poder-da-oracao.jpeg?resize=350%2C200&ssl=1 1x, https:\/\/i0.wp.com\/correiodasemana.com\/site\/wp-content\/uploads\/2023\/07\/Cartaz-no-poder-da-oracao.jpeg?resize=525%2C300&ssl=1 1.5x, https:\/\/i0.wp.com\/correiodasemana.com\/site\/wp-content\/uploads\/2023\/07\/Cartaz-no-poder-da-oracao.jpeg?resize=700%2C400&ssl=1 2x, https:\/\/i0.wp.com\/correiodasemana.com\/site\/wp-content\/uploads\/2023\/07\/Cartaz-no-poder-da-oracao.jpeg?resize=1050%2C600&ssl=1 3x"},"classes":[]},{"id":25985,"url":"https:\/\/correiodasemana.com\/site\/ii-congresso-no-poder-da-oracao-reune-mais-de-mil-pessoas\/","url_meta":{"origin":23238,"position":2},"title":"II Congresso No Poder da Ora\u00e7\u00e3o re\u00fane mais de mil pessoas","author":"adminredacao","date":"Agosto 8, 2023","format":false,"excerpt":"No \u00faltimo domingo, dia 30 de julho, aconteceu no Buffet Dona Flor em Sobral-CE, o II Congresso NO PODER DA ORA\u00c7\u00c3O. Um Evento Cat\u00f3lico Gratuito de Ora\u00e7\u00e3o, Espiritualidade e Evangeliza\u00e7\u00e3o promovido pelo Mission\u00e1rio, Cantor Cat\u00f3lico e Radialista Alexandre Melo. O Congresso contou com uma programa\u00e7\u00e3o toda especial, com momentos de\u2026","rel":"","context":"In &quot;Atualidade&quot;","block_context":{"text":"Atualidade","link":"https:\/\/correiodasemana.com\/site\/category\/atualidade\/"},"img":{"alt_text":"","src":"https:\/\/i0.wp.com\/correiodasemana.com\/site\/wp-content\/uploads\/2023\/08\/IMG_20230730_121707.jpg?resize=350%2C200&ssl=1","width":350,"height":200,"srcset":"https:\/\/i0.wp.com\/correiodasemana.com\/site\/wp-content\/uploads\/2023\/08\/IMG_20230730_121707.jpg?resize=350%2C200&ssl=1 1x, https:\/\/i0.wp.com\/correiodasemana.com\/site\/wp-content\/uploads\/2023\/08\/IMG_20230730_121707.jpg?resize=525%2C300&ssl=1 1.5x"},"classes":[]},{"id":30525,"url":"https:\/\/correiodasemana.com\/site\/comunidade-rainha-da-paz-realiza-congresso-diocesano-das-familias-2\/","url_meta":{"origin":23238,"position":3},"title":"COMUNIDADE  RAINHA DA PAZ  REALIZA  CONGRESSO DIOCESANO  DAS FAM\u00cdLIAS","author":"adminredacao","date":"Agosto 26, 2024","format":false,"excerpt":"A Comunidade Cat\u00f3lica Rainha da Paz realizou nos dias 16, 17 e 18 de agosto o Congresso das Fam\u00edlias, evento esse que h\u00e1 anos faz parte do calend\u00e1rio, da programa\u00e7\u00e3o da referida Comunidade e que encerra a Semana da Fam\u00edlia. Em sintonia com a Igreja Cat\u00f3lica do Brasil, mais especificamente\u2026","rel":"","context":"In &quot;Atualidade&quot;","block_context":{"text":"Atualidade","link":"https:\/\/correiodasemana.com\/site\/category\/atualidade\/"},"img":{"alt_text":"","src":"https:\/\/i0.wp.com\/correiodasemana.com\/site\/wp-content\/uploads\/2024\/08\/WhatsApp-Image-2024-08-22-at-13.16.02-1.jpeg?resize=350%2C200&ssl=1","width":350,"height":200,"srcset":"https:\/\/i0.wp.com\/correiodasemana.com\/site\/wp-content\/uploads\/2024\/08\/WhatsApp-Image-2024-08-22-at-13.16.02-1.jpeg?resize=350%2C200&ssl=1 1x, https:\/\/i0.wp.com\/correiodasemana.com\/site\/wp-content\/uploads\/2024\/08\/WhatsApp-Image-2024-08-22-at-13.16.02-1.jpeg?resize=525%2C300&ssl=1 1.5x, https:\/\/i0.wp.com\/correiodasemana.com\/site\/wp-content\/uploads\/2024\/08\/WhatsApp-Image-2024-08-22-at-13.16.02-1.jpeg?resize=700%2C400&ssl=1 2x"},"classes":[]},{"id":8457,"url":"https:\/\/correiodasemana.com\/site\/regioes-episcopais-5\/","url_meta":{"origin":23238,"position":4},"title":"Regi\u00f5es Episcopais","author":"","date":"Julho 30, 2019","format":false,"excerpt":"Regi\u00f5es Episcopais Par\u00f3quia do Cristo Ressuscitado \u2013 Sobral \u2013 CE A Par\u00f3quia do Cristo Ressuscitado realiza seu primeiro Congresso de Cura e Liberta\u00e7\u00e3o que ser\u00e1 realizado no dia 26 \u00e0 28 de julho com uma programa\u00e7\u00e3o rica em prega\u00e7\u00f5es, momentos de louvor e adora\u00e7\u00e3o. Com a presen\u00e7a de Jorj\u00e3o (Pregador,\u2026","rel":"","context":"In &quot;Diocese&quot;","block_context":{"text":"Diocese","link":"https:\/\/correiodasemana.com\/site\/category\/diocese\/"},"img":{"alt_text":"","src":"https:\/\/i0.wp.com\/correiodasemana.com\/site\/wp-content\/uploads\/2019\/07\/Igreja_S%C3%A9.jpg?resize=350%2C200&ssl=1","width":350,"height":200,"srcset":"https:\/\/i0.wp.com\/correiodasemana.com\/site\/wp-content\/uploads\/2019\/07\/Igreja_S%C3%A9.jpg?resize=350%2C200&ssl=1 1x, https:\/\/i0.wp.com\/correiodasemana.com\/site\/wp-content\/uploads\/2019\/07\/Igreja_S%C3%A9.jpg?resize=525%2C300&ssl=1 1.5x, https:\/\/i0.wp.com\/correiodasemana.com\/site\/wp-content\/uploads\/2019\/07\/Igreja_S%C3%A9.jpg?resize=700%2C400&ssl=1 2x, https:\/\/i0.wp.com\/correiodasemana.com\/site\/wp-content\/uploads\/2019\/07\/Igreja_S%C3%A9.jpg?resize=1050%2C600&ssl=1 3x, https:\/\/i0.wp.com\/correiodasemana.com\/site\/wp-content\/uploads\/2019\/07\/Igreja_S%C3%A9.jpg?resize=1400%2C800&ssl=1 4x"},"classes":[]},{"id":25869,"url":"https:\/\/correiodasemana.com\/site\/comunidade-mae-da-divina-providencia-realiza-congresso\/","url_meta":{"origin":23238,"position":5},"title":"Comunidade M\u00e3e da Divina  Provid\u00eancia realiza Congresso","author":"adminredacao","date":"Julho 31, 2023","format":false,"excerpt":"A Comunidade M\u00e3e da Divina Provid\u00eancia, fundada h\u00e1 10 anos na cidade de Sobral e com sede na Rua Coronel Sabino Guimar\u00e3es, tem como carisma \u201cSER SINAL VIVO DA DIVINA PROVID\u00caNCIA NA HUMANIDADE\u201d. Tem como miss\u00e3o, por gra\u00e7a de Deus, evangelizar com novos m\u00e9todos e novo ardor mission\u00e1rio por meio\u2026","rel":"","context":"In &quot;Atualidade&quot;","block_context":{"text":"Atualidade","link":"https:\/\/correiodasemana.com\/site\/category\/atualidade\/"},"img":{"alt_text":"","src":"https:\/\/i0.wp.com\/correiodasemana.com\/site\/wp-content\/uploads\/2023\/07\/WhatsApp-Image-2023-07-24-at-13.01.41.jpeg?resize=350%2C200&ssl=1","width":350,"height":200,"srcset":"https:\/\/i0.wp.com\/correiodasemana.com\/site\/wp-content\/uploads\/2023\/07\/WhatsApp-Image-2023-07-24-at-13.01.41.jpeg?resize=350%2C200&ssl=1 1x, https:\/\/i0.wp.com\/correiodasemana.com\/site\/wp-content\/uploads\/2023\/07\/WhatsApp-Image-2023-07-24-at-13.01.41.jpeg?resize=525%2C300&ssl=1 1.5x, https:\/\/i0.wp.com\/correiodasemana.com\/site\/wp-content\/uploads\/2023\/07\/WhatsApp-Image-2023-07-24-at-13.01.41.jpeg?resize=700%2C400&ssl=1 2x, https:\/\/i0.wp.com\/correiodasemana.com\/site\/wp-content\/uploads\/2023\/07\/WhatsApp-Image-2023-07-24-at-13.01.41.jpeg?resize=1050%2C600&ssl=1 3x"},"classes":[]}],"jetpack_sharing_enabled":true,"_links":{"self":[{"href":"https:\/\/correiodasemana.com\/site\/wp-json\/wp\/v2\/posts\/23238","targetHints":{"allow":["GET"]}}],"collection":[{"href":"https:\/\/correiodasemana.com\/site\/wp-json\/wp\/v2\/posts"}],"about":[{"href":"https:\/\/correiodasemana.com\/site\/wp-json\/wp\/v2\/types\/post"}],"author":[{"embeddable":true,"href":"https:\/\/correiodasemana.com\/site\/wp-json\/wp\/v2\/users\/7"}],"replies":[{"embeddable":true,"href":"https:\/\/correiodasemana.com\/site\/wp-json\/wp\/v2\/comments?post=23238"}],"version-history":[{"count":1,"href":"https:\/\/correiodasemana.com\/site\/wp-json\/wp\/v2\/posts\/23238\/revisions"}],"predecessor-version":[{"id":23242,"href":"https:\/\/correiodasemana.com\/site\/wp-json\/wp\/v2\/posts\/23238\/revisions\/23242"}],"wp:featuredmedia":[{"embeddable":true,"href":"https:\/\/correiodasemana.com\/site\/wp-json\/wp\/v2\/media\/23239"}],"wp:attachment":[{"href":"https:\/\/correiodasemana.com\/site\/wp-json\/wp\/v2\/media?parent=23238"}],"wp:term":[{"taxonomy":"category","embeddable":true,"href":"https:\/\/correiodasemana.com\/site\/wp-json\/wp\/v2\/categories?post=23238"},{"taxonomy":"post_tag","embeddable":true,"href":"https:\/\/correiodasemana.com\/site\/wp-json\/wp\/v2\/tags?post=23238"}],"curies":[{"name":"wp","href":"https:\/\/api.w.org\/{rel}","templated":true}]}}