{"id":23252,"date":"2023-01-31T00:47:06","date_gmt":"2023-01-31T03:47:06","guid":{"rendered":"https:\/\/correiodasemana.com\/site\/?p=23252"},"modified":"2023-01-31T00:47:13","modified_gmt":"2023-01-31T03:47:13","slug":"em-tempo-166","status":"publish","type":"post","link":"https:\/\/correiodasemana.com\/site\/em-tempo-166\/","title":{"rendered":"Em Tempo"},"content":{"rendered":"<p><strong>UFC tem 6.308 vagas no sistema Sisu<\/strong><br \/>\nA Universidade Federal do Cear\u00e1 (UFC) divulgou termo de ades\u00e3o ao Sistema de Sele\u00e7\u00e3o Unificada (Sisu), com 6.308 vagas em 111 cursos de gradua\u00e7\u00e3o. Candidatos podem concorrer por meio da nota do Exame Nacional do Ensino M\u00e9dio (Enem), a partir do dia 16 de fevereiro.<br \/>\nAs vagas s\u00e3o para os Campis da UFC em Fortaleza, Sobral, Quixad\u00e1, Russas, Itapaj\u00e9 e Crate\u00fas e contemplam cotas e ampla concorr\u00eancia. As provas de reda\u00e7\u00e3o, ci\u00eancias da natureza, linguagens e c\u00f3digos, ci\u00eancias humanas e matem\u00e1tica t\u00eam o mesmo peso na nota final.<\/p>\n<p><strong>Mestrado Acad\u00eamico em Zootecnia<\/strong><br \/>\nEst\u00e3o abertas as inscri\u00e7\u00f5es para Mestrado Acad\u00eamico em Zootecnia da Universidade Estadual Vale do Acara\u00fa, em parceria com a Embrapa Caprinos e Ovinos. Os candidatos poder\u00e3o se inscrever at\u00e9 8 de fevereiro, pela Internet, no endere\u00e7o eletr\u00f4nico\u00a0www.uvanet.br\/mestrazoo.<br \/>\nS\u00e3o ofertadas sete vagas no total, para as linhas de pesquisa Produ\u00e7\u00e3o e Nutri\u00e7\u00e3o Animal, Reprodu\u00e7\u00e3o e Bem-estar Animal e Forragicultura e Pastagens, nas \u00e1reas de estudo Nutri\u00e7\u00e3o de Ruminantes, Sanidade Animal, Avicultura, Reprodu\u00e7\u00e3o Animal, Forragicultura e Pastagens.<\/p>\n<p><strong><img decoding=\"async\" class=\"size-medium wp-image-23253 alignright\" src=\"https:\/\/correiodasemana.com\/site\/wp-content\/uploads\/2023\/01\/ednardo--300x165.jpg\" alt=\"\" width=\"300\" height=\"165\" srcset=\"https:\/\/correiodasemana.com\/site\/wp-content\/uploads\/2023\/01\/ednardo--300x165.jpg 300w, https:\/\/correiodasemana.com\/site\/wp-content\/uploads\/2023\/01\/ednardo-.jpg 762w\" sizes=\"(max-width: 300px) 100vw, 300px\" \/>Festival Jazz &amp; Blues de Guaramiranga<\/strong><br \/>\n<strong>Foto: Divulga\u00e7\u00e3o<\/strong><br \/>\n<strong>Cantor e compositor cearense Ednardo ser\u00e1 homenageado durante o festival<\/strong><br \/>\nHistoricamente se colocando como op\u00e7\u00e3o \u00e0 folia de Carnaval, o\u00a0tradicional Festival Jazz &amp; Blues\u00a0volta ao formato original na 24\u00aa edi\u00e7\u00e3o, que acontece entre 18 e 21 de fevereiro na cidade de Guaramiranga. Neste ano, o evento homenageia o cantor e compositor cearense Ednardo.<br \/>\nO artista traz para o Jazz &amp; Blues o disco \u201c50 anos de Sarau Vox 72\u201d. Ednardo sobe ao palco com Carlinhos Patriolino (guitarra), Cl\u00e1udio Mendes (teclado e samplers), Luiz Miguel (baixo), Igor Ribeiro (bateria), Carol Damasceno, Kellen Kristty, R\u00e9gis e Rog\u00e9rio Soares (vocais).<\/p>\n<p><strong>Posse na Academia Cearense de Letras<\/strong><br \/>\nTales de S\u00e1 Cavalcante assumiu, no dia 24 de janeiro, a presid\u00eancia da Academia Cearense de Letras (ACL). Educador e engenheiro civil, ele ocupava a cadeira de n\u00famero 9, cujo patrono \u00e9 Fausto Barreto, desde 16 de abril de 2019, data em que ingressou na Academia.<br \/>\nEm seu discurso,Tales de S\u00e1 Cavalcante resgatou o in\u00edcio da hist\u00f3ria da ACL e relembrou os membros de gera\u00e7\u00f5es passadas. Fundada em 15 de agosto de 1894 em Fortaleza, tr\u00eas anos antes da Academia Brasileira de Letras, a entidade cearense \u00e9 a mais antiga do Brasil.<\/p>\n<p><strong>Ministra da Cultura visita o Cear\u00e1<\/strong><br \/>\nPromover di\u00e1logo sobre retomada do Minist\u00e9rio da Cultura como estrat\u00e9gia principal para as pol\u00edticas p\u00fablicas de cultural. Com esse objetivo, aconteceu o semin\u00e1rio \u201cO Brasil vai renascer com o MinC e a cultura brasileira\u201d, no dia 27 de janeiro, no Cineteatro S\u00e3o Luiz, em Fortaleza.<br \/>\nEvento contou com a presen\u00e7a da ministra da Cultura, Margareth Menezes, e transmiss\u00e3o ao vivo pelo Youtube da Secult Cear\u00e1. A ministra tamb\u00e9m teve um encontro com o governador Elmano de Freitas e conheceu a Rede P\u00fablica de Espa\u00e7os e Equipamentos Culturais do Cear\u00e1.<\/p>\n<p><strong>Dica da Coluna<\/strong><br \/>\nLeia o Blog do Edilson (www.blogdoedilson.com.br): Cultura, educa\u00e7\u00e3o, pol\u00edtica e utilidade p\u00fablica.<\/p>\n","protected":false},"excerpt":{"rendered":"<p>UFC tem 6.308 vagas no sistema Sisu A Universidade Federal do Cear\u00e1 (UFC) divulgou termo&#8230;<\/p>\n","protected":false},"author":7,"featured_media":18025,"comment_status":"open","ping_status":"open","sticky":false,"template":"","format":"standard","meta":{"_jetpack_memberships_contains_paid_content":false,"footnotes":"","jetpack_publicize_message":"","jetpack_publicize_feature_enabled":true,"jetpack_social_post_already_shared":true,"jetpack_social_options":{"image_generator_settings":{"template":"highway","default_image_id":0,"font":"","enabled":false},"version":2}},"categories":[11,36],"tags":[],"class_list":["post-23252","post","type-post","status-publish","format-standard","has-post-thumbnail","hentry","category-artigos","category-em-tempo"],"jetpack_publicize_connections":[],"jetpack_featured_media_url":"https:\/\/correiodasemana.com\/site\/wp-content\/uploads\/2021\/11\/Edilson-Silva.jpg","jetpack-related-posts":[{"id":28203,"url":"https:\/\/correiodasemana.com\/site\/em-tempo-212\/","url_meta":{"origin":23252,"position":0},"title":"EM TEMPO \u2022","author":"adminredacao","date":"Janeiro 29, 2024","format":false,"excerpt":"IFCE tem 410 vagas no SISU O campus de Sobral do Instituto Federal de Educa\u00e7\u00e3o, Ci\u00eancia e Tecnologia do Cear\u00e1 (IFCE) vai ofertar 410 vagas em seis cursos de gradua\u00e7\u00e3o para o Sistema de Sele\u00e7\u00e3o Unificada (Sisu) em 2024. As inscri\u00e7\u00f5es podem ser feitas at\u00e9 25 de janeiro, em acessounico.mec.gov.br.\u2026","rel":"","context":"In &quot;Artigos&quot;","block_context":{"text":"Artigos","link":"https:\/\/correiodasemana.com\/site\/category\/artigos\/"},"img":{"alt_text":"","src":"https:\/\/i0.wp.com\/correiodasemana.com\/site\/wp-content\/uploads\/2024\/01\/1_alan_morais-25142196-150x150.png?resize=350%2C200&ssl=1","width":350,"height":200,"srcset":"https:\/\/i0.wp.com\/correiodasemana.com\/site\/wp-content\/uploads\/2024\/01\/1_alan_morais-25142196-150x150.png?resize=350%2C200&ssl=1 1x, https:\/\/i0.wp.com\/correiodasemana.com\/site\/wp-content\/uploads\/2024\/01\/1_alan_morais-25142196-150x150.png?resize=525%2C300&ssl=1 1.5x, https:\/\/i0.wp.com\/correiodasemana.com\/site\/wp-content\/uploads\/2024\/01\/1_alan_morais-25142196-150x150.png?resize=700%2C400&ssl=1 2x"},"classes":[]},{"id":10134,"url":"https:\/\/correiodasemana.com\/site\/programas-de-pos-graduacao-uece\/","url_meta":{"origin":23252,"position":1},"title":"Programas de p\u00f3s-gradua\u00e7\u00e3o Uece","author":"","date":"Dezembro 9, 2019","format":false,"excerpt":"A Universidade Estadual do Cear\u00e1 est\u00e1 com inscri\u00e7\u00f5es abertas para diversos processos seletivos para Mestrado e Doutorado. S\u00e3o 97 vagas em cinco diferentes \u00e1reas: Ci\u00eancia da Computa\u00e7\u00e3o, Ci\u00eancias F\u00edsicas Aplicadas, Geografia, Pol\u00edticas P\u00fablicas e Ci\u00eancias Naturais. No site www.uece.br est\u00e3o dispon\u00edveis editais e informa\u00e7\u00f5es sobre programas de p\u00f3s-gradua\u00e7\u00e3o. Criada em\u2026","rel":"","context":"In &quot;Artigos&quot;","block_context":{"text":"Artigos","link":"https:\/\/correiodasemana.com\/site\/category\/artigos\/"},"img":{"alt_text":"","src":"https:\/\/i0.wp.com\/correiodasemana.com\/site\/wp-content\/uploads\/2019\/12\/DIPLOMA-M%C3%89RITO-CULTURAL-DO-R%C3%81DIO.jpg?resize=350%2C200&ssl=1","width":350,"height":200,"srcset":"https:\/\/i0.wp.com\/correiodasemana.com\/site\/wp-content\/uploads\/2019\/12\/DIPLOMA-M%C3%89RITO-CULTURAL-DO-R%C3%81DIO.jpg?resize=350%2C200&ssl=1 1x, https:\/\/i0.wp.com\/correiodasemana.com\/site\/wp-content\/uploads\/2019\/12\/DIPLOMA-M%C3%89RITO-CULTURAL-DO-R%C3%81DIO.jpg?resize=525%2C300&ssl=1 1.5x, https:\/\/i0.wp.com\/correiodasemana.com\/site\/wp-content\/uploads\/2019\/12\/DIPLOMA-M%C3%89RITO-CULTURAL-DO-R%C3%81DIO.jpg?resize=700%2C400&ssl=1 2x"},"classes":[]},{"id":27070,"url":"https:\/\/correiodasemana.com\/site\/em-tempo-199\/","url_meta":{"origin":23252,"position":2},"title":"EM TEMPO \u2022","author":"adminredacao","date":"Outubro 30, 2023","format":false,"excerpt":"Inscri\u00e7\u00f5es do Vestibular UVA 2024 A Universidade Estadual Vale do Acara\u00fa (UVA) recebe, at\u00e9 31 de outubro, inscri\u00e7\u00f5es para o Vestibular 2024.1, com oferta de 1.140 vagas em cursos de gradua\u00e7\u00e3o em Sobral (860) e S\u00e3o Benedito (120) e para os cursos que funcionar\u00e3o em Camocim (80) e Acara\u00fa (80).\u2026","rel":"","context":"In &quot;Artigos&quot;","block_context":{"text":"Artigos","link":"https:\/\/correiodasemana.com\/site\/category\/artigos\/"},"img":{"alt_text":"","src":"https:\/\/i0.wp.com\/correiodasemana.com\/site\/wp-content\/uploads\/2023\/10\/Jose-Alcides-3-300x169.jpg?resize=350%2C200&ssl=1","width":350,"height":200},"classes":[]},{"id":19051,"url":"https:\/\/correiodasemana.com\/site\/em-tempo-122\/","url_meta":{"origin":23252,"position":3},"title":"Em Tempo","author":"","date":"Fevereiro 27, 2022","format":false,"excerpt":"Matr\u00edcula na Uece com nota Enem A Universidade Estadual do Cear\u00e1 divulga edital de matr\u00edcula para candidatos que optaram pela sele\u00e7\u00e3o por meio da nota no Exame Nacional do Ensino M\u00e9dio (Enem). No dia 25 de fevereiro foi disponibilizado o quadro de vagas, no site\u00a0https:\/\/ingressantesenem.uece.br. Em 4 de mar\u00e7o, o\u2026","rel":"","context":"In &quot;Artigos&quot;","block_context":{"text":"Artigos","link":"https:\/\/correiodasemana.com\/site\/category\/artigos\/"},"img":{"alt_text":"","src":"https:\/\/i0.wp.com\/correiodasemana.com\/site\/wp-content\/uploads\/2022\/02\/AMELINHA-300x169.jpg?resize=350%2C200&ssl=1","width":350,"height":200},"classes":[]},{"id":28116,"url":"https:\/\/correiodasemana.com\/site\/em-tempo-211\/","url_meta":{"origin":23252,"position":4},"title":"EM TEMPO \u2022","author":"adminredacao","date":"Janeiro 22, 2024","format":false,"excerpt":"UFC oferta 6.278 vagas no SISU Universidade Federal do Cear\u00e1 participar\u00e1 do Sistema de Sele\u00e7\u00e3o Unificada (SISU) em 2024, com a oferta de 6.278 vagas em 108 cursos de gradua\u00e7\u00e3o presencial em Fortaleza e no Interior. Inscri\u00e7\u00f5es s\u00e3o gratuitas, totalmente on-line e estar\u00e3o abertas de 22 a 25 de janeiro.\u2026","rel":"","context":"In &quot;Artigos&quot;","block_context":{"text":"Artigos","link":"https:\/\/correiodasemana.com\/site\/category\/artigos\/"},"img":{"alt_text":"","src":"https:\/\/i0.wp.com\/correiodasemana.com\/site\/wp-content\/uploads\/2024\/01\/Gardel.jpg?resize=350%2C200&ssl=1","width":350,"height":200,"srcset":"https:\/\/i0.wp.com\/correiodasemana.com\/site\/wp-content\/uploads\/2024\/01\/Gardel.jpg?resize=350%2C200&ssl=1 1x, https:\/\/i0.wp.com\/correiodasemana.com\/site\/wp-content\/uploads\/2024\/01\/Gardel.jpg?resize=525%2C300&ssl=1 1.5x"},"classes":[]},{"id":20404,"url":"https:\/\/correiodasemana.com\/site\/em-tempo-141\/","url_meta":{"origin":23252,"position":5},"title":"Em Tempo","author":"","date":"Julho 11, 2022","format":false,"excerpt":"Bolsistas e estagi\u00e1rios na Embrapa Embrapa Caprinos e Ovinos recebe inscri\u00e7\u00f5es, at\u00e9 12 de julho, para bolsistas de inicia\u00e7\u00e3o cient\u00edfica e estagi\u00e1rios, para Sobral (CE), Campina Grande (PB) e Coronel Pacheco (MG), com os cursos t\u00e9cnicos de agroecologia, agroind\u00fastria, agropecu\u00e1ria e meio ambiente. Sele\u00e7\u00e3o para alunos de gradua\u00e7\u00e3o contempla \u00e1reas\u2026","rel":"","context":"In &quot;Artigos&quot;","block_context":{"text":"Artigos","link":"https:\/\/correiodasemana.com\/site\/category\/artigos\/"},"img":{"alt_text":"","src":"https:\/\/i0.wp.com\/correiodasemana.com\/site\/wp-content\/uploads\/2022\/07\/Lucas-Raulino-300x169.jpg?resize=350%2C200&ssl=1","width":350,"height":200},"classes":[]}],"jetpack_sharing_enabled":true,"_links":{"self":[{"href":"https:\/\/correiodasemana.com\/site\/wp-json\/wp\/v2\/posts\/23252","targetHints":{"allow":["GET"]}}],"collection":[{"href":"https:\/\/correiodasemana.com\/site\/wp-json\/wp\/v2\/posts"}],"about":[{"href":"https:\/\/correiodasemana.com\/site\/wp-json\/wp\/v2\/types\/post"}],"author":[{"embeddable":true,"href":"https:\/\/correiodasemana.com\/site\/wp-json\/wp\/v2\/users\/7"}],"replies":[{"embeddable":true,"href":"https:\/\/correiodasemana.com\/site\/wp-json\/wp\/v2\/comments?post=23252"}],"version-history":[{"count":1,"href":"https:\/\/correiodasemana.com\/site\/wp-json\/wp\/v2\/posts\/23252\/revisions"}],"predecessor-version":[{"id":23254,"href":"https:\/\/correiodasemana.com\/site\/wp-json\/wp\/v2\/posts\/23252\/revisions\/23254"}],"wp:featuredmedia":[{"embeddable":true,"href":"https:\/\/correiodasemana.com\/site\/wp-json\/wp\/v2\/media\/18025"}],"wp:attachment":[{"href":"https:\/\/correiodasemana.com\/site\/wp-json\/wp\/v2\/media?parent=23252"}],"wp:term":[{"taxonomy":"category","embeddable":true,"href":"https:\/\/correiodasemana.com\/site\/wp-json\/wp\/v2\/categories?post=23252"},{"taxonomy":"post_tag","embeddable":true,"href":"https:\/\/correiodasemana.com\/site\/wp-json\/wp\/v2\/tags?post=23252"}],"curies":[{"name":"wp","href":"https:\/\/api.w.org\/{rel}","templated":true}]}}