{"id":23271,"date":"2023-01-31T08:19:01","date_gmt":"2023-01-31T11:19:01","guid":{"rendered":"https:\/\/correiodasemana.com\/site\/?p=23271"},"modified":"2023-01-31T08:19:01","modified_gmt":"2023-01-31T11:19:01","slug":"df-prepara-reforco-na-seguranca-para-posse-de-parlamentares-dia-1-fevereiro","status":"publish","type":"post","link":"https:\/\/correiodasemana.com\/site\/df-prepara-reforco-na-seguranca-para-posse-de-parlamentares-dia-1-fevereiro\/","title":{"rendered":"DF prepara refor\u00e7o na seguran\u00e7a para posse de parlamentares dia (1) fevereiro"},"content":{"rendered":"<p>O governo do Distrito Federal afirmou que vai refor\u00e7ar o policiamento da cidade nesta quarta-feira, 1\u00ba de fevereiro, quando ocorrer\u00e1 a posse de deputados e senadores eleitos em 2022 e a retomada das atividades do Judici\u00e1rio, marcado por uma sess\u00e3o solene no Supremo Tribunal Federal.<\/p>\n<p>Al\u00e9m do refor\u00e7o no policiamento, tamb\u00e9m, j\u00e1 nesta segunda-feira, 30, interdi\u00e7\u00f5es e cercamentos come\u00e7aram a ser feitos na Esplanada do Minist\u00e9rios. As estrat\u00e9gias visam evitar ataques de v\u00e2ndalos, como ocorreram no dia 8 de janeiro. Esta ser\u00e1 a primeira opera\u00e7\u00e3o sob o comando novo secret\u00e1rio de Seguran\u00e7a P\u00fablica de Bras\u00edlia, Sandro Avelar. O an\u00fancio das a\u00e7\u00f5es foi feito pelo interventor federal para o setor, Ricardo Cappelli, que j\u00e1 est\u00e1 h\u00e1 mais de 20 dias no comando da seguran\u00e7a do DF. Tomar\u00e3o posse 513 deputados federais e 27 senadores (um ter\u00e7o da segunda casa). Os preparativos internos nas duas casas legislativas tamb\u00e9m j\u00e1 vem sendo realizado, com a instala\u00e7\u00e3o do tapete vermelho na C\u00e2mara, por exemplo.<\/p>\n<p>&nbsp;<\/p>\n<p>Por M\u00e1rcio Gomes (Reda\u00e7\u00e3o Jornal Correio da Semana)<\/p>\n","protected":false},"excerpt":{"rendered":"<p>O governo do Distrito Federal afirmou que vai refor\u00e7ar o policiamento da cidade nesta quarta-feira,&#8230;<\/p>\n","protected":false},"author":6,"featured_media":23272,"comment_status":"open","ping_status":"open","sticky":false,"template":"","format":"standard","meta":{"_jetpack_memberships_contains_paid_content":false,"footnotes":"","jetpack_publicize_message":"","jetpack_publicize_feature_enabled":true,"jetpack_social_post_already_shared":true,"jetpack_social_options":{"image_generator_settings":{"template":"highway","default_image_id":0,"font":"","enabled":false},"version":2}},"categories":[1],"tags":[],"class_list":["post-23271","post","type-post","status-publish","format-standard","has-post-thumbnail","hentry","category-atualidade"],"jetpack_publicize_connections":[],"jetpack_featured_media_url":"https:\/\/correiodasemana.com\/site\/wp-content\/uploads\/2023\/01\/congresso-nacional-scaled.jpg","jetpack-related-posts":[{"id":9044,"url":"https:\/\/correiodasemana.com\/site\/operacao-luz-na-infancia-e-deflagrada-em-14-estados-e-no-df\/","url_meta":{"origin":23271,"position":0},"title":"Opera\u00e7\u00e3o Luz na Inf\u00e2ncia \u00e9 deflagrada em 14 estados e no DF","author":"","date":"Setembro 8, 2019","format":false,"excerpt":"Por Ag\u00eancia Brasil A 5\u00aa fase da Opera\u00e7\u00e3o Luz na Inf\u00e2ncia foi deflagrada na manh\u00e3 de quarta-feira (4) em 14 estados e no Distrito Federal, al\u00e9m de seis pa\u00edses. As a\u00e7\u00f5es coordenadas pelo Minist\u00e9rio da Justi\u00e7a e Seguran\u00e7a P\u00fablica contam com a participa\u00e7\u00e3o da Pol\u00edcia Federal e das Pol\u00edcias Civis\u2026","rel":"","context":"In &quot;Atualidade&quot;","block_context":{"text":"Atualidade","link":"https:\/\/correiodasemana.com\/site\/category\/atualidade\/"},"img":{"alt_text":"","src":"https:\/\/i0.wp.com\/correiodasemana.com\/site\/wp-content\/uploads\/2019\/09\/Imagem-p%C3%A1g.08.jpg?resize=350%2C200&ssl=1","width":350,"height":200,"srcset":"https:\/\/i0.wp.com\/correiodasemana.com\/site\/wp-content\/uploads\/2019\/09\/Imagem-p%C3%A1g.08.jpg?resize=350%2C200&ssl=1 1x, https:\/\/i0.wp.com\/correiodasemana.com\/site\/wp-content\/uploads\/2019\/09\/Imagem-p%C3%A1g.08.jpg?resize=525%2C300&ssl=1 1.5x, https:\/\/i0.wp.com\/correiodasemana.com\/site\/wp-content\/uploads\/2019\/09\/Imagem-p%C3%A1g.08.jpg?resize=700%2C400&ssl=1 2x"},"classes":[]},{"id":23298,"url":"https:\/\/correiodasemana.com\/site\/novo-congresso-toma-posse-nesta-quarta-1\/","url_meta":{"origin":23271,"position":1},"title":"Novo Congresso toma posse nesta quarta (1) fevereiro","author":"","date":"Fevereiro 1, 2023","format":false,"excerpt":"Nesta quarta-feira, 1\u00ba, inicia-se oficialmente a\u00a053\u00aa legislatura do\u00a0Congresso Nacional, com a posse de deputados federais e senadores eleitos e reeleitos no dia 2 de outubro do ano passado. Os primeiros exercer\u00e3o um mandato no quadri\u00eanio 2023-2027. Os integrantes da Casa Alta do Parlamento brasileiro, por sua vez, ter\u00e3o oito anos\u2026","rel":"","context":"In &quot;Atualidade&quot;","block_context":{"text":"Atualidade","link":"https:\/\/correiodasemana.com\/site\/category\/atualidade\/"},"img":{"alt_text":"","src":"https:\/\/i0.wp.com\/correiodasemana.com\/site\/wp-content\/uploads\/2023\/02\/imagem_materia.jfif_.jpg?resize=350%2C200&ssl=1","width":350,"height":200,"srcset":"https:\/\/i0.wp.com\/correiodasemana.com\/site\/wp-content\/uploads\/2023\/02\/imagem_materia.jfif_.jpg?resize=350%2C200&ssl=1 1x, https:\/\/i0.wp.com\/correiodasemana.com\/site\/wp-content\/uploads\/2023\/02\/imagem_materia.jfif_.jpg?resize=525%2C300&ssl=1 1.5x, https:\/\/i0.wp.com\/correiodasemana.com\/site\/wp-content\/uploads\/2023\/02\/imagem_materia.jfif_.jpg?resize=700%2C400&ssl=1 2x"},"classes":[]},{"id":23111,"url":"https:\/\/correiodasemana.com\/site\/marcola-e-transferido-de-rondonia-para-brasilia-df\/","url_meta":{"origin":23271,"position":2},"title":"Marcola \u00e9 transferido de Rond\u00f4nia para Bras\u00edlia &#8211; DF","author":"","date":"Janeiro 26, 2023","format":false,"excerpt":"Apontado como um dos principais l\u00edderes da organiza\u00e7\u00e3o criminosa Primeiro Comando da Capital (PCC), o detento Marco Willians Herbas Camacho, mais conhecido como Marcola, foi transferido nesta quarta-feira, 25, da Penitenci\u00e1ria Federal de Porto Velho, em Rond\u00f4nia, para a Penitenci\u00e1ria Federal de Bras\u00edlia. A informa\u00e7\u00e3o foi divulgada pelo ministro da\u2026","rel":"","context":"In &quot;Atualidade&quot;","block_context":{"text":"Atualidade","link":"https:\/\/correiodasemana.com\/site\/category\/atualidade\/"},"img":{"alt_text":"","src":"https:\/\/i0.wp.com\/correiodasemana.com\/site\/wp-content\/uploads\/2023\/01\/PCC-MARCOLA-2020-1-2.jpg.webp?resize=350%2C200&ssl=1","width":350,"height":200,"srcset":"https:\/\/i0.wp.com\/correiodasemana.com\/site\/wp-content\/uploads\/2023\/01\/PCC-MARCOLA-2020-1-2.jpg.webp?resize=350%2C200&ssl=1 1x, https:\/\/i0.wp.com\/correiodasemana.com\/site\/wp-content\/uploads\/2023\/01\/PCC-MARCOLA-2020-1-2.jpg.webp?resize=525%2C300&ssl=1 1.5x, https:\/\/i0.wp.com\/correiodasemana.com\/site\/wp-content\/uploads\/2023\/01\/PCC-MARCOLA-2020-1-2.jpg.webp?resize=700%2C400&ssl=1 2x, https:\/\/i0.wp.com\/correiodasemana.com\/site\/wp-content\/uploads\/2023\/01\/PCC-MARCOLA-2020-1-2.jpg.webp?resize=1050%2C600&ssl=1 3x"},"classes":[]},{"id":11097,"url":"https:\/\/correiodasemana.com\/site\/assembleia-do-ceara-proibe-anistia-a-pms-amotinados\/","url_meta":{"origin":23271,"position":3},"title":"Assembleia do Cear\u00e1 pro\u00edbe anistia a PMs amotinados","author":"","date":"Mar\u00e7o 9, 2020","format":false,"excerpt":"PEC foi votada ap\u00f3s categoria paralisar atividades Por Ag\u00eancia Brasil A Assembleia Legislativa do Cear\u00e1 aprovou na ter\u00e7a-feira (3) a Proposta de Emenda Constitucional (PEC) que pro\u00edbe governadores de darem anistia a policiais e bombeiros militares que participarem de atos organizados com o prop\u00f3sito de paralisar os servi\u00e7os prestados por\u2026","rel":"","context":"In &quot;Atualidade&quot;","block_context":{"text":"Atualidade","link":"https:\/\/correiodasemana.com\/site\/category\/atualidade\/"},"img":{"alt_text":"","src":"https:\/\/i0.wp.com\/correiodasemana.com\/site\/wp-content\/uploads\/2020\/03\/15im.jpg?resize=350%2C200&ssl=1","width":350,"height":200,"srcset":"https:\/\/i0.wp.com\/correiodasemana.com\/site\/wp-content\/uploads\/2020\/03\/15im.jpg?resize=350%2C200&ssl=1 1x, https:\/\/i0.wp.com\/correiodasemana.com\/site\/wp-content\/uploads\/2020\/03\/15im.jpg?resize=525%2C300&ssl=1 1.5x, https:\/\/i0.wp.com\/correiodasemana.com\/site\/wp-content\/uploads\/2020\/03\/15im.jpg?resize=700%2C400&ssl=1 2x, https:\/\/i0.wp.com\/correiodasemana.com\/site\/wp-content\/uploads\/2020\/03\/15im.jpg?resize=1050%2C600&ssl=1 3x"},"classes":[]},{"id":10919,"url":"https:\/\/correiodasemana.com\/site\/bolsonaro-autoriza-envio-das-forcas-armadas-para-o-ceara\/","url_meta":{"origin":23271,"position":4},"title":"Bolsonaro autoriza envio das For\u00e7as Armadas para o Cear\u00e1","author":"","date":"Fevereiro 25, 2020","format":false,"excerpt":"Por Ag\u00eancia Brasil O presidente Jair Bolsonaro assinou na quinta-feira (20) um decreto que autoriza o emprego das For\u00e7as Armadas no Cear\u00e1, a pedido do governador Camilo Santana. O estado vive uma crise na \u00e1rea de seguran\u00e7a p\u00fablica, agravada pela paralisa\u00e7\u00e3o de parte dos policiais militares, que est\u00e3o amotinados em\u2026","rel":"","context":"In &quot;Atualidade&quot;","block_context":{"text":"Atualidade","link":"https:\/\/correiodasemana.com\/site\/category\/atualidade\/"},"img":{"alt_text":"","src":"https:\/\/i0.wp.com\/correiodasemana.com\/site\/wp-content\/uploads\/2020\/02\/FOR%C3%87A-NACIONAL.jpg?resize=350%2C200&ssl=1","width":350,"height":200,"srcset":"https:\/\/i0.wp.com\/correiodasemana.com\/site\/wp-content\/uploads\/2020\/02\/FOR%C3%87A-NACIONAL.jpg?resize=350%2C200&ssl=1 1x, https:\/\/i0.wp.com\/correiodasemana.com\/site\/wp-content\/uploads\/2020\/02\/FOR%C3%87A-NACIONAL.jpg?resize=525%2C300&ssl=1 1.5x, https:\/\/i0.wp.com\/correiodasemana.com\/site\/wp-content\/uploads\/2020\/02\/FOR%C3%87A-NACIONAL.jpg?resize=700%2C400&ssl=1 2x, https:\/\/i0.wp.com\/correiodasemana.com\/site\/wp-content\/uploads\/2020\/02\/FOR%C3%87A-NACIONAL.jpg?resize=1050%2C600&ssl=1 3x"},"classes":[]},{"id":11037,"url":"https:\/\/correiodasemana.com\/site\/mortes-no-ceara-chegam-a-170\/","url_meta":{"origin":23271,"position":5},"title":"Mortes no Cear\u00e1 chegam a 170","author":"","date":"Mar\u00e7o 2, 2020","format":false,"excerpt":"Ao menos 170 pessoas foram assassinadas em apenas uma semana, no Cear\u00e1. Dados divulgados pela secretaria estadual da Seguran\u00e7a P\u00fablica e Defesa Social, revelam que o n\u00famero de homic\u00eddios dolosos (quando o assassino age com a inten\u00e7\u00e3o de matar), feminic\u00eddios e latroc\u00ednios (furto seguido de morte) deu um salto depois\u2026","rel":"","context":"In &quot;Atualidade&quot;","block_context":{"text":"Atualidade","link":"https:\/\/correiodasemana.com\/site\/category\/atualidade\/"},"img":{"alt_text":"","src":"https:\/\/i0.wp.com\/correiodasemana.com\/site\/wp-content\/uploads\/2020\/03\/8.jpg?resize=350%2C200&ssl=1","width":350,"height":200,"srcset":"https:\/\/i0.wp.com\/correiodasemana.com\/site\/wp-content\/uploads\/2020\/03\/8.jpg?resize=350%2C200&ssl=1 1x, https:\/\/i0.wp.com\/correiodasemana.com\/site\/wp-content\/uploads\/2020\/03\/8.jpg?resize=525%2C300&ssl=1 1.5x, https:\/\/i0.wp.com\/correiodasemana.com\/site\/wp-content\/uploads\/2020\/03\/8.jpg?resize=700%2C400&ssl=1 2x, https:\/\/i0.wp.com\/correiodasemana.com\/site\/wp-content\/uploads\/2020\/03\/8.jpg?resize=1050%2C600&ssl=1 3x"},"classes":[]}],"jetpack_sharing_enabled":true,"_links":{"self":[{"href":"https:\/\/correiodasemana.com\/site\/wp-json\/wp\/v2\/posts\/23271","targetHints":{"allow":["GET"]}}],"collection":[{"href":"https:\/\/correiodasemana.com\/site\/wp-json\/wp\/v2\/posts"}],"about":[{"href":"https:\/\/correiodasemana.com\/site\/wp-json\/wp\/v2\/types\/post"}],"author":[{"embeddable":true,"href":"https:\/\/correiodasemana.com\/site\/wp-json\/wp\/v2\/users\/6"}],"replies":[{"embeddable":true,"href":"https:\/\/correiodasemana.com\/site\/wp-json\/wp\/v2\/comments?post=23271"}],"version-history":[{"count":1,"href":"https:\/\/correiodasemana.com\/site\/wp-json\/wp\/v2\/posts\/23271\/revisions"}],"predecessor-version":[{"id":23273,"href":"https:\/\/correiodasemana.com\/site\/wp-json\/wp\/v2\/posts\/23271\/revisions\/23273"}],"wp:featuredmedia":[{"embeddable":true,"href":"https:\/\/correiodasemana.com\/site\/wp-json\/wp\/v2\/media\/23272"}],"wp:attachment":[{"href":"https:\/\/correiodasemana.com\/site\/wp-json\/wp\/v2\/media?parent=23271"}],"wp:term":[{"taxonomy":"category","embeddable":true,"href":"https:\/\/correiodasemana.com\/site\/wp-json\/wp\/v2\/categories?post=23271"},{"taxonomy":"post_tag","embeddable":true,"href":"https:\/\/correiodasemana.com\/site\/wp-json\/wp\/v2\/tags?post=23271"}],"curies":[{"name":"wp","href":"https:\/\/api.w.org\/{rel}","templated":true}]}}