{"id":23805,"date":"2023-04-05T09:27:20","date_gmt":"2023-04-05T12:27:20","guid":{"rendered":"https:\/\/correiodasemana.com\/site\/?p=23805"},"modified":"2023-04-05T09:27:20","modified_gmt":"2023-04-05T12:27:20","slug":"105-anos-correio-da-semana","status":"publish","type":"post","link":"https:\/\/correiodasemana.com\/site\/105-anos-correio-da-semana\/","title":{"rendered":"105 anos correio da semana \u2022"},"content":{"rendered":"<p><strong>H\u00e1 Cento e cinco anos&#8230;<\/strong>\u00a0Era domingo de P\u00e1scoa, 31 de mar\u00e7o de 1918. Pontificado de Bento XV, genov\u00eas, que, em 1915, criou a Diocese de Sobral. Gra\u00e7as \u00e0 genialidade de Dom Jos\u00e9 Tupinamb\u00e1 da Frota, sobralense, nosso primeiro bispo, surgia um jornal semanal da Diocese de Sobral, ent\u00e3o, com menos de 3 anos de institui\u00e7\u00e3o. Na Sobral, literalmente de Dom Jos\u00e9, no Domingo de P\u00e1scoa, circulava o primeiro n\u00famero do Correio da Semana, tendo como redator o Padre Francisco Leopoldo Fernandes Pinheiro, primeiro Cura da S\u00e9 Sobralense, que 4 anos depois (1922) foi um dos fundadores e primeiro presidente da Academia Sobralense de Letras que teria pensado o jornal junto com o Padre Jos\u00e9 de Lima Ferreira, primeiro Vig\u00e1rio da Par\u00f3quia do Patroc\u00ednio.<br \/>\nFindou a Primeira, teve in\u00edcio e conclus\u00e3o a Segunda Guerra, a sociedade come\u00e7ou a mudar, primeiros colabores e o fundador do jornal faleceram, personalidades surgiram e desapareceram neste s\u00e9culo do Correio da Semana que se digitalizou e para g\u00e1udio nosso mant\u00e9m a edi\u00e7\u00e3o impressa, se constituindo o mais antigo jornal do Cear\u00e1, em circula\u00e7\u00e3o.<br \/>\nEm suas p\u00e1ginas ficaram gravadas a Hist\u00f3ria de Sobral, de suas par\u00f3quias; das par\u00f3quias das atuais Dioceses de Crate\u00fas e de Tiangu\u00e1; do velho Semin\u00e1rio S\u00e3o Jos\u00e9 da Bet\u00e2nia, cantado em prosa e em verso, principalmente nos versos do ex-aluno e poeta maior Pe. Osvaldo Carneiro Chaves; da centen\u00e1ria Academia Sobralense de Letras, de 1922, fundada pelo Pe. Leopoldo Fernandes; da Academia Sobralense de Estudos e Letras, de 1943, fundada pelo Mons. Vicente Martins, que por decis\u00e3o de seus membros, sucede a anterior; da jovem Academia Sobralense de Letras Jur\u00eddicas, por mim fundada e do Instituto Hist\u00f3rico e Geogr\u00e1fico de Sobral, tamb\u00e9m funda\u00e7\u00e3o minha, tendo por patrono o Mons. Sadoc de Ara\u00fajo; da Faculdade de Filosofia Dom Jos\u00e9 (extinta), fundada por Dom Jos\u00e9 Bezerra Coutinho; da Universidade Vale do Acara\u00fa, depois transformada em Universidade Estadual Vale do Acara\u00fa, fundada pelo Mons. Francisco Sadoc de Ara\u00fajo; da transforma\u00e7\u00e3o da Her\u00e1ldica Cidade em Cidade Universit\u00e1ria com a chegada de universidades p\u00fablicas e institutos, centros universit\u00e1rios; as posses de prefeitos, vereadores e outras autoridades civis, militares, eclesi\u00e1sticas, com destaque para os nossos bispos, Dom Jos\u00e9 Bezerra Coutinho (bispo auxiliar, 1956); Dom Jo\u00e3o Jos\u00e9 da Mota e Albuquerque (1961), Dom Walfrido Teixeira Vieira (1965), Dom Aldo de Cillo Pagotto (1998), Dom Ant\u00f4nio Fernando Saburido (2005), Dom Odelir Jos\u00e9 Magri (2010) e de nosso atual Bispo e Pastor Dom Jos\u00e9 Luiz Gomes de Vasconcelos (2015), que desejamos permanecer entre n\u00f3s, com sua miss\u00e3o e a\u00e7\u00e3o respons\u00e1vel em prol da Igreja e do Reino de Deus.<br \/>\nNa edi\u00e7\u00e3o do Correio da Semana de s\u00e1bado, 18 de maio de 1918, era noticiado que Dom Jos\u00e9 Tupinamb\u00e1 da Frota instituiu o dia da Boa Imprensa. O documento, com car\u00e1ter provis\u00e3o, iniciava-se da seguinte forma: \u201cDom Jos\u00e9 Tupynamb\u00e1 da Frota, por merc\u00ea de Deus e da Santa S\u00e9 Apost\u00f3lica, Bispo de Sobral. Aos muito reverendos P\u00e1rocos, Sacerdotes e Fi\u00e9is desta Diocese, sa\u00fade, paz e b\u00ean\u00e7\u00e3o em N. S. Acolhendo de bom grado o pedido da ilustre Diretora do \u2018Centro da Boa Imprensa\u2019, com sede no Rio de Janeiro, para que institu\u00edssemos nesta querida Diocese, o Dia da Boa Imprensa, resolvemos determinar-lhe o dia 2 de fevereiro, a exemplo do que fizeram o Eminent\u00edssimo Senhor Cardeal Arcoverde e quase todo o venerando Episcopado Brasileiro. (&#8230;) Conven\u00e7am-se todos de que a Igreja Cat\u00f3lica \u00e9 a mira para onde convergem as f\u00farias e os \u00f3dios dos inimigos de Deus e de seu Cristo; nos arraiais adversos n\u00e3o se escolhem para a obra imortal do Redentor, cuja santidade e for\u00e7a educadora n\u00e3o se empanam com os v\u00edcios e defeitos dos homens, em cujas m\u00e3os n\u00e3o \u00e9 de admirar que se deturpem as mais nobres e sublimes Institui\u00e7\u00f5es. (&#8230;) Mandamos sejam recolhidos anualmente no dia acima determinado os donativos pelos R. R. P\u00e1rocos a favor do \u2018Centro da Boa Imprensa\u2019 sejam remetidos \u00e0 Secretaria do Bispado, a fim de lhes darmos os respectivos destinos. Sobral, 14 de maio de 1918. + Jos\u00e9, Bispo Diocesano\u201d. S\u00e3o 105 anos de circula\u00e7\u00e3o ininterrupta deste jornal Cat\u00f3lico que resistiu ao tempo, no Cear\u00e1, em Sobral. Parabenizo a toda a equipe administrativa, t\u00e9cnica e de colaboradores nas pessoas do Sr. Bispo Diocesano, Dom Jos\u00e9 Luiz Gomes de Vasconcelos, Pe. Lucas Moreira, Wilson Calixto, Marcildo Brito e Felipe Mendes. Aos diretores passados, felicito-me na figura do imortal Mons. Francisco Sadoc de Ara\u00fajo.<br \/>\nNesta Sexta-Feira de Nosso Senhor dos Passos de 2023, 105 anos depois daquele Domingo de P\u00e1scoa de 1918, nosso desejo \u00e9 que as p\u00e1ginas do Correio da Semana continuem a levar aos nossos lares a boa-nova, a boa-not\u00edcia!<br \/>\nComendador Jos\u00e9 Lu\u00eds Lira &#8211; Especial para a edi\u00e7\u00e3o de 105 anos do Correio da Semana<\/p>\n","protected":false},"excerpt":{"rendered":"<p>H\u00e1 Cento e cinco anos&#8230;\u00a0Era domingo de P\u00e1scoa, 31 de mar\u00e7o de 1918. Pontificado de&#8230;<\/p>\n","protected":false},"author":7,"featured_media":18095,"comment_status":"open","ping_status":"open","sticky":false,"template":"","format":"standard","meta":{"_jetpack_memberships_contains_paid_content":false,"footnotes":"","jetpack_publicize_message":"","jetpack_publicize_feature_enabled":true,"jetpack_social_post_already_shared":true,"jetpack_social_options":{"image_generator_settings":{"template":"highway","default_image_id":0,"font":"","enabled":false},"version":2}},"categories":[11,41],"tags":[],"class_list":["post-23805","post","type-post","status-publish","format-standard","has-post-thumbnail","hentry","category-artigos","category-jose-luis-lira"],"jetpack_publicize_connections":[],"jetpack_featured_media_url":"https:\/\/correiodasemana.com\/site\/wp-content\/uploads\/2021\/11\/Prof.-Luis-Lira.jpg","jetpack-related-posts":[{"id":16091,"url":"https:\/\/correiodasemana.com\/site\/correio-da-semana-103-anos-de-historia\/","url_meta":{"origin":23805,"position":0},"title":"Correio da Semana: 103 anos de hist\u00f3ria","author":"","date":"Abril 5, 2021","format":false,"excerpt":"Era domingo de P\u00e1scoa, 31 de mar\u00e7o de 1918, Pontificado de Bento XV, genov\u00eas, que, em 1915, criou a Diocese de Sobral. Os sinos da Catedral tocavam alegremente para celebrar a Ressurrei\u00e7\u00e3o de Cristo. Surgia um jornal semanal pertencente \u00e0 Diocese de Sobral, ent\u00e3o, com menos de 3 anos de\u2026","rel":"","context":"In &quot;Atualidade&quot;","block_context":{"text":"Atualidade","link":"https:\/\/correiodasemana.com\/site\/category\/atualidade\/"},"img":{"alt_text":"","src":"https:\/\/i0.wp.com\/correiodasemana.com\/site\/wp-content\/uploads\/2021\/04\/Jornal-Correio-da-Semana-No-890-1.jpg?resize=350%2C200&ssl=1","width":350,"height":200,"srcset":"https:\/\/i0.wp.com\/correiodasemana.com\/site\/wp-content\/uploads\/2021\/04\/Jornal-Correio-da-Semana-No-890-1.jpg?resize=350%2C200&ssl=1 1x, https:\/\/i0.wp.com\/correiodasemana.com\/site\/wp-content\/uploads\/2021\/04\/Jornal-Correio-da-Semana-No-890-1.jpg?resize=525%2C300&ssl=1 1.5x, https:\/\/i0.wp.com\/correiodasemana.com\/site\/wp-content\/uploads\/2021\/04\/Jornal-Correio-da-Semana-No-890-1.jpg?resize=700%2C400&ssl=1 2x"},"classes":[]},{"id":19312,"url":"https:\/\/correiodasemana.com\/site\/ha-104-anos-um-jornal-surgia-em-sobral\/","url_meta":{"origin":23805,"position":1},"title":"H\u00c1 104 ANOS UM JORNAL SURGIA EM SOBRAL&#8230;\u00a0","author":"","date":"Mar\u00e7o 27, 2022","format":false,"excerpt":"Domingo, 31 de mar\u00e7o de 1918. Os sinos do campan\u00e1rio da Catedral de Sobral tocavam alegremente, pois \u00e9 a Ressurrei\u00e7\u00e3o de Cristo. Domingo de P\u00e1scoa que nos remete \u00e0 boa-nova de Cristo. Gra\u00e7as a Dom Jos\u00e9 Tupinamb\u00e1 da Frota, sobralense, s\u00edmbolo maior da sobralidade, nosso primeiro bispo, surgia um jornal\u2026","rel":"","context":"In &quot;Artigos&quot;","block_context":{"text":"Artigos","link":"https:\/\/correiodasemana.com\/site\/category\/artigos\/"},"img":{"alt_text":"","src":"https:\/\/i0.wp.com\/correiodasemana.com\/site\/wp-content\/uploads\/2018\/02\/Jose%CC%81-1.jpg?resize=350%2C200&ssl=1","width":350,"height":200,"srcset":"https:\/\/i0.wp.com\/correiodasemana.com\/site\/wp-content\/uploads\/2018\/02\/Jose%CC%81-1.jpg?resize=350%2C200&ssl=1 1x, https:\/\/i0.wp.com\/correiodasemana.com\/site\/wp-content\/uploads\/2018\/02\/Jose%CC%81-1.jpg?resize=525%2C300&ssl=1 1.5x, https:\/\/i0.wp.com\/correiodasemana.com\/site\/wp-content\/uploads\/2018\/02\/Jose%CC%81-1.jpg?resize=700%2C400&ssl=1 2x"},"classes":[]},{"id":21610,"url":"https:\/\/correiodasemana.com\/site\/o-centenario-do-jornal-o-nordeste-a-comunicacao-catolica-em-terras-alencarinas\/","url_meta":{"origin":23805,"position":2},"title":"O Centen\u00e1rio do Jornal \u201cO Nordeste\u201d, a comunica\u00e7\u00e3o Cat\u00f3lica em terras alencarinas\u00a0","author":"","date":"Novembro 13, 2022","format":false,"excerpt":"A proposta desta jornada Teol\u00f3gica transcende ao pr\u00f3prio tema. A ideia inicial \u00e9 de homenagear o centen\u00e1rio do extinto jornal \u201cO Nordeste\u201d, cuja primeira edi\u00e7\u00e3o circulou no dia 29 de junho de 1922. Ap\u00f3s ouvirmos nosso douto e reverendo amigo Mons. Jo\u00e3o Jorge, Vig\u00e1rio Geral de nossa Arquidiocese e meu\u2026","rel":"","context":"In &quot;Atualidade&quot;","block_context":{"text":"Atualidade","link":"https:\/\/correiodasemana.com\/site\/category\/atualidade\/"},"img":{"alt_text":"","src":"https:\/\/i0.wp.com\/correiodasemana.com\/site\/wp-content\/uploads\/2022\/11\/jornais.jpg?resize=350%2C200&ssl=1","width":350,"height":200,"srcset":"https:\/\/i0.wp.com\/correiodasemana.com\/site\/wp-content\/uploads\/2022\/11\/jornais.jpg?resize=350%2C200&ssl=1 1x, https:\/\/i0.wp.com\/correiodasemana.com\/site\/wp-content\/uploads\/2022\/11\/jornais.jpg?resize=525%2C300&ssl=1 1.5x, https:\/\/i0.wp.com\/correiodasemana.com\/site\/wp-content\/uploads\/2022\/11\/jornais.jpg?resize=700%2C400&ssl=1 2x, https:\/\/i0.wp.com\/correiodasemana.com\/site\/wp-content\/uploads\/2022\/11\/jornais.jpg?resize=1050%2C600&ssl=1 3x"},"classes":[]},{"id":23745,"url":"https:\/\/correiodasemana.com\/site\/parabens-correio-da-semana\/","url_meta":{"origin":23805,"position":3},"title":"Parab\u00e9ns, Correio da Semana!","author":"adminredacao","date":"Abril 3, 2023","format":false,"excerpt":"\u00c9 not\u00f3ria a voca\u00e7\u00e3o do sobralense para a cultura e, especialmente nesse enfoque, para o jornalismo escrito. Tal fato \u00e9 oficialmente comprovado com a publica\u00e7\u00e3o de \u201cO Tabyra\u201d, j\u00e1 em 14 de agosto de 1864. Como o primeiro peri\u00f3dico de Sobral, \u201cO Tabyra\u201d circulava aos domingos e sobreviveu at\u00e9 29\u2026","rel":"","context":"In &quot;Atualidade&quot;","block_context":{"text":"Atualidade","link":"https:\/\/correiodasemana.com\/site\/category\/atualidade\/"},"img":{"alt_text":"","src":"https:\/\/i0.wp.com\/correiodasemana.com\/site\/wp-content\/uploads\/2023\/04\/capa-jornal.jpg?resize=350%2C200&ssl=1","width":350,"height":200,"srcset":"https:\/\/i0.wp.com\/correiodasemana.com\/site\/wp-content\/uploads\/2023\/04\/capa-jornal.jpg?resize=350%2C200&ssl=1 1x, https:\/\/i0.wp.com\/correiodasemana.com\/site\/wp-content\/uploads\/2023\/04\/capa-jornal.jpg?resize=525%2C300&ssl=1 1.5x, https:\/\/i0.wp.com\/correiodasemana.com\/site\/wp-content\/uploads\/2023\/04\/capa-jornal.jpg?resize=700%2C400&ssl=1 2x"},"classes":[]},{"id":35527,"url":"https:\/\/correiodasemana.com\/site\/exposicao-celebra-legado-sobre-a-vida-e-missao-do-primeiro-bispo-de-sobral\/","url_meta":{"origin":23805,"position":4},"title":"Exposi\u00e7\u00e3o celebra legado sobre a vida e miss\u00e3o do primeiro bispo de Sobral","author":"adminredacao","date":"Setembro 15, 2025","format":false,"excerpt":"Durante o m\u00eas de setembro, a cidade de Sobral vive momentos de grande emo\u00e7\u00e3o e reflex\u00e3o com uma programa\u00e7\u00e3o em alus\u00e3o a Dom Jos\u00e9 Tupinamb\u00e1 da Frota, primeiro bispo da Diocese de Sobral. Os sobralenses tem a oportunidade de reviver a hist\u00f3ria do maior benfeitor de Sobral, at\u00e9 o dia\u2026","rel":"","context":"In &quot;Atualidade&quot;","block_context":{"text":"Atualidade","link":"https:\/\/correiodasemana.com\/site\/category\/atualidade\/"},"img":{"alt_text":"","src":"https:\/\/i0.wp.com\/correiodasemana.com\/site\/wp-content\/uploads\/2025\/09\/DSC_2789_1-scaled.jpg?resize=350%2C200&ssl=1","width":350,"height":200,"srcset":"https:\/\/i0.wp.com\/correiodasemana.com\/site\/wp-content\/uploads\/2025\/09\/DSC_2789_1-scaled.jpg?resize=350%2C200&ssl=1 1x, https:\/\/i0.wp.com\/correiodasemana.com\/site\/wp-content\/uploads\/2025\/09\/DSC_2789_1-scaled.jpg?resize=525%2C300&ssl=1 1.5x, https:\/\/i0.wp.com\/correiodasemana.com\/site\/wp-content\/uploads\/2025\/09\/DSC_2789_1-scaled.jpg?resize=700%2C400&ssl=1 2x, https:\/\/i0.wp.com\/correiodasemana.com\/site\/wp-content\/uploads\/2025\/09\/DSC_2789_1-scaled.jpg?resize=1050%2C600&ssl=1 3x, https:\/\/i0.wp.com\/correiodasemana.com\/site\/wp-content\/uploads\/2025\/09\/DSC_2789_1-scaled.jpg?resize=1400%2C800&ssl=1 4x"},"classes":[]},{"id":16217,"url":"https:\/\/correiodasemana.com\/site\/criada-a-paroquia-de-santa-luzia-no-bairro-renato-parente\/","url_meta":{"origin":23805,"position":5},"title":"Criada a Par\u00f3quia de Santa Luzia no bairro  Renato Parente","author":"","date":"Abril 18, 2021","format":false,"excerpt":"Por Samuel Carvalho - Reda\u00e7\u00e3o Correio da Semana Durante a celebra\u00e7\u00e3o da Santa Missa no segundo domingo da P\u00e1scoa, dedicada \u00e0 Divina Miseric\u00f3rdia no dia 11 de abril foi assinado o termo de Ere\u00e7\u00e3o Can\u00f4nica da par\u00f3quia de Santa Luzia. A Missa foi presidida pelo bispo diocesano Dom Jos\u00e9 Luiz\u2026","rel":"","context":"In &quot;Diocese&quot;","block_context":{"text":"Diocese","link":"https:\/\/correiodasemana.com\/site\/category\/diocese\/"},"img":{"alt_text":"","src":"https:\/\/i0.wp.com\/correiodasemana.com\/site\/wp-content\/uploads\/2021\/04\/DSC9973.jpg?resize=350%2C200&ssl=1","width":350,"height":200,"srcset":"https:\/\/i0.wp.com\/correiodasemana.com\/site\/wp-content\/uploads\/2021\/04\/DSC9973.jpg?resize=350%2C200&ssl=1 1x, https:\/\/i0.wp.com\/correiodasemana.com\/site\/wp-content\/uploads\/2021\/04\/DSC9973.jpg?resize=525%2C300&ssl=1 1.5x, https:\/\/i0.wp.com\/correiodasemana.com\/site\/wp-content\/uploads\/2021\/04\/DSC9973.jpg?resize=700%2C400&ssl=1 2x"},"classes":[]}],"jetpack_sharing_enabled":true,"_links":{"self":[{"href":"https:\/\/correiodasemana.com\/site\/wp-json\/wp\/v2\/posts\/23805","targetHints":{"allow":["GET"]}}],"collection":[{"href":"https:\/\/correiodasemana.com\/site\/wp-json\/wp\/v2\/posts"}],"about":[{"href":"https:\/\/correiodasemana.com\/site\/wp-json\/wp\/v2\/types\/post"}],"author":[{"embeddable":true,"href":"https:\/\/correiodasemana.com\/site\/wp-json\/wp\/v2\/users\/7"}],"replies":[{"embeddable":true,"href":"https:\/\/correiodasemana.com\/site\/wp-json\/wp\/v2\/comments?post=23805"}],"version-history":[{"count":1,"href":"https:\/\/correiodasemana.com\/site\/wp-json\/wp\/v2\/posts\/23805\/revisions"}],"predecessor-version":[{"id":23806,"href":"https:\/\/correiodasemana.com\/site\/wp-json\/wp\/v2\/posts\/23805\/revisions\/23806"}],"wp:featuredmedia":[{"embeddable":true,"href":"https:\/\/correiodasemana.com\/site\/wp-json\/wp\/v2\/media\/18095"}],"wp:attachment":[{"href":"https:\/\/correiodasemana.com\/site\/wp-json\/wp\/v2\/media?parent=23805"}],"wp:term":[{"taxonomy":"category","embeddable":true,"href":"https:\/\/correiodasemana.com\/site\/wp-json\/wp\/v2\/categories?post=23805"},{"taxonomy":"post_tag","embeddable":true,"href":"https:\/\/correiodasemana.com\/site\/wp-json\/wp\/v2\/tags?post=23805"}],"curies":[{"name":"wp","href":"https:\/\/api.w.org\/{rel}","templated":true}]}}