{"id":24529,"date":"2023-05-08T13:45:23","date_gmt":"2023-05-08T16:45:23","guid":{"rendered":"https:\/\/correiodasemana.com\/site\/?p=24529"},"modified":"2023-05-08T13:45:23","modified_gmt":"2023-05-08T16:45:23","slug":"em-tempo-174","status":"publish","type":"post","link":"https:\/\/correiodasemana.com\/site\/em-tempo-174\/","title":{"rendered":"Em Tempo"},"content":{"rendered":"<p><strong>Bienal Crian\u00e7a no Theatro S\u00e3o Jo\u00e3o<\/strong><br \/>\nO\u00a0interior cearense \u00e9 o palco principal da\u00a02\u00aa Bienal Crian\u00e7a,\u00a0parte integrante da VII Bienal Internacional de Dan\u00e7a do Cear\u00e1 &#8211; De Par em Par, com programa\u00e7\u00e3o at\u00e9 31 de maio em Pacatuba, S\u00e3o Gon\u00e7alo do Amarante, Paracuru, Trairi, Sobral, Itapipoca, Tururu e Maracana\u00fa.<br \/>\nMais de 100 profissionais da dan\u00e7a participam da Bienal Em Sobral, as atividades tiveram in\u00edcio dia 4 e prosseguem at\u00e9 8 de maio,no Theatro S\u00e3o Jo\u00e3o. No dia 8 tamb\u00e9m haver\u00e1 palestra com o tema \u201cDan\u00e7a e Autismo\u201d, na Casa da Cultura, com a professora Rosa Primo.<\/p>\n<p><strong>Semin\u00e1rio Prefeitos Cear\u00e1 em junho<\/strong><br \/>\nA 11\u00aa edi\u00e7\u00e3o do Semin\u00e1rio Prefeitos 2023 acontece nos dias 6 e 7 de junho, com a presen\u00e7a de l\u00edderes pol\u00edticos e especialistas em gest\u00e3o p\u00fablica. O Centro de Eventos do Cear\u00e1, em Fortaleza, ser\u00e1 o palco para discuss\u00e3o de temas relevantes para a administra\u00e7\u00e3o municipal.<br \/>\nCom o tema Inova\u00e7\u00e3o, Sustentabilidade e Novos Caminhos para Gest\u00e3o, o semin\u00e1rio ter\u00e1 palestras e debates. Ser\u00e3o abordadas quest\u00f5es como tecnologia, sustentabilidade e efici\u00eancia na gest\u00e3o p\u00fablica, trazendo insights e solu\u00e7\u00f5es para os desafios enfrentados na \u00e1rea administrativa.<\/p>\n<p><strong>Mostra Sal\u00e3o Sobral de Artes Visuais<\/strong><br \/>\nFoto \u2013 Divulga\u00e7\u00e3o<a href=\"https:\/\/correiodasemana.com\/site\/em-tempo-174\/alice-dote\/\" rel=\"attachment wp-att-24531\"><img fetchpriority=\"high\" decoding=\"async\" class=\"alignleft size-medium wp-image-24531\" src=\"https:\/\/correiodasemana.com\/site\/wp-content\/uploads\/2023\/05\/alice-dote-300x225.png\" alt=\"\" width=\"300\" height=\"225\" srcset=\"https:\/\/correiodasemana.com\/site\/wp-content\/uploads\/2023\/05\/alice-dote-300x225.png 300w, https:\/\/correiodasemana.com\/site\/wp-content\/uploads\/2023\/05\/alice-dote-1024x768.png 1024w, https:\/\/correiodasemana.com\/site\/wp-content\/uploads\/2023\/05\/alice-dote-768x576.png 768w, https:\/\/correiodasemana.com\/site\/wp-content\/uploads\/2023\/05\/alice-dote.png 1280w\" sizes=\"(max-width: 300px) 100vw, 300px\" \/><\/a><br \/>\nObra \u00ab\u00cdntimo material\u00bb, de Alice Dote<br \/>\nO Instituto Escola de Cultura, Comunica\u00e7\u00e3o, Of\u00edcios e Artes ( Ecoa) lan\u00e7a Exposi\u00e7\u00e3o do Sal\u00e3o Sobral de Artes Visuais, com um panorama da arte contempor\u00e2nea brasileira. A abertura ser\u00e1 no dia 6 de maio, \u00e0s 19h na Casa da Cultura. O per\u00edodo de visita\u00e7\u00e3o segue at\u00e9 8 de julho.<br \/>\nO Sal\u00e3o Sobral de Artes Visuais faz sua importante e necess\u00e1ria retomada dentro da cena da Arte Contempor\u00e2nea. O que ser\u00e1 apresentado ultrapassa os limites do munic\u00edpio, alcan\u00e7ando a esfera regional e nacional, com obras de 27 artistas de cinco estados. A entrada \u00e9 gratuita.<\/p>\n<p><strong>Lista tripl\u00edce para novo reitor da UFC<\/strong><br \/>\nA\u00a0lista tr\u00edplice\u00a0para escolha, pelo presidente da Rep\u00fablica, do\u00a0novo reitor da Universidade Federal do Cear\u00e1\u00a0foi definida no dia 28 de abril pelo Conselho Universit\u00e1rio, saindo como mais votado o\u00a0professor Cust\u00f3dio Almeida. O resultado confirmou consulta realizada na UFC.<br \/>\nCust\u00f3dio Almeida, que concorreu pela chapa UFC Viva e Democr\u00e1tica, com a professora Diana Cristina Silva de Azevedo como candidata a vice-reitora, obteve 29 dos 38 votos do Conselho.Tamb\u00e9m est\u00e3o na lista os professores Paulo Roberto Leit\u00e3o e Francisco de Assis Souza.<\/p>\n<p><strong>Leonardo Ara\u00fajo lan\u00e7a livro de contos<\/strong><br \/>\nO psicanalista e escritor Leonardo Ara\u00fajo lan\u00e7ou, no dia 4 de maio, o livro Frio Magma, na Biblioteca Estadual do Cear\u00e1. O evento teve conversa com Leonardo e debate com a soci\u00f3loga Gl\u00f3ria Di\u00f3genes. A obra \u00e9 um conjunto de 14 contos que se passam na cidade de Fortaleza.<br \/>\nO objetivo \u00e9 refletir sobre os sentimentos cotidianos dos indiv\u00edduos. Para o autor, colocar Fortaleza nas narrativas foi uma forma de valorizar e aprofundar as dimens\u00f5es po\u00e9ticas da cidade, para forma\u00e7\u00e3o de um conhecimento que n\u00e3o \u00e9 s\u00f3 intelectual, mas tamb\u00e9m afetivo.<\/p>\n<p>Dica da Coluna<br \/>\nLeia o Blog do Edilson (www.blogdoedilson.com.br): Cultura, educa\u00e7\u00e3o, pol\u00edtica e utilidade p\u00fablica.<\/p>\n","protected":false},"excerpt":{"rendered":"<p>Bienal Crian\u00e7a no Theatro S\u00e3o Jo\u00e3o O\u00a0interior cearense \u00e9 o palco principal da\u00a02\u00aa Bienal Crian\u00e7a,\u00a0parte&#8230;<\/p>\n","protected":false},"author":7,"featured_media":18025,"comment_status":"open","ping_status":"open","sticky":false,"template":"","format":"standard","meta":{"_jetpack_memberships_contains_paid_content":false,"footnotes":"","jetpack_publicize_message":"","jetpack_publicize_feature_enabled":true,"jetpack_social_post_already_shared":true,"jetpack_social_options":{"image_generator_settings":{"template":"highway","default_image_id":0,"font":"","enabled":false},"version":2}},"categories":[11,36],"tags":[],"class_list":["post-24529","post","type-post","status-publish","format-standard","has-post-thumbnail","hentry","category-artigos","category-em-tempo"],"jetpack_publicize_connections":[],"jetpack_featured_media_url":"https:\/\/correiodasemana.com\/site\/wp-content\/uploads\/2021\/11\/Edilson-Silva.jpg","jetpack-related-posts":[{"id":35676,"url":"https:\/\/correiodasemana.com\/site\/em-tempo-295\/","url_meta":{"origin":24529,"position":0},"title":"EM TEMPO \u2022","author":"adminredacao","date":"Setembro 28, 2025","format":false,"excerpt":"Curso doutorado em Geografia na UVA A Universidade Estadual Vale do Acara\u00fa (UVA) viveu um momento hist\u00f3rico, no dia 15 de setembro, em Sobral, com aula inaugural do doutorado acad\u00eamico em Geografia, que marca um passo significativo para consolida\u00e7\u00e3o da p\u00f3s-gradua\u00e7\u00e3o stricto sensu na institui\u00e7\u00e3o. O curso conta com a\u2026","rel":"","context":"In &quot;Artigos&quot;","block_context":{"text":"Artigos","link":"https:\/\/correiodasemana.com\/site\/category\/artigos\/"},"img":{"alt_text":"","src":"https:\/\/i0.wp.com\/correiodasemana.com\/site\/wp-content\/uploads\/2025\/09\/Peca-memorias-de-chico-xavier-foto-Valerio-Trabanco-150x150.jpg?resize=350%2C200&ssl=1","width":350,"height":200,"srcset":"https:\/\/i0.wp.com\/correiodasemana.com\/site\/wp-content\/uploads\/2025\/09\/Peca-memorias-de-chico-xavier-foto-Valerio-Trabanco-150x150.jpg?resize=350%2C200&ssl=1 1x, https:\/\/i0.wp.com\/correiodasemana.com\/site\/wp-content\/uploads\/2025\/09\/Peca-memorias-de-chico-xavier-foto-Valerio-Trabanco-150x150.jpg?resize=525%2C300&ssl=1 1.5x, https:\/\/i0.wp.com\/correiodasemana.com\/site\/wp-content\/uploads\/2025\/09\/Peca-memorias-de-chico-xavier-foto-Valerio-Trabanco-150x150.jpg?resize=700%2C400&ssl=1 2x"},"classes":[]},{"id":30965,"url":"https:\/\/correiodasemana.com\/site\/em-tempo-246\/","url_meta":{"origin":24529,"position":1},"title":"Em Tempo","author":"adminredacao","date":"Outubro 8, 2024","format":false,"excerpt":"3\u00aa edi\u00e7\u00e3o da Bienal Crian\u00e7a no Cear\u00e1 A 3\u00aa edi\u00e7\u00e3o da Bienal Crian\u00e7a, parte da VIII Bienal Internacional de Dan\u00e7a do Cear\u00e1 De Par em Par, acontecer\u00e1 de 11 a 26 de outubro. A programa\u00e7\u00e3o engloba uma pluralidade de espet\u00e1culos de dan\u00e7a, oficinas, palestras, workshops, semin\u00e1rio, mostra de v\u00eddeos, dentre\u2026","rel":"","context":"In &quot;Artigos&quot;","block_context":{"text":"Artigos","link":"https:\/\/correiodasemana.com\/site\/category\/artigos\/"},"img":{"alt_text":"","src":"https:\/\/i0.wp.com\/correiodasemana.com\/site\/wp-content\/uploads\/2024\/10\/em-tempo-300x194.jpg?resize=350%2C200&ssl=1","width":350,"height":200},"classes":[]},{"id":28862,"url":"https:\/\/correiodasemana.com\/site\/em-tempo-221\/","url_meta":{"origin":24529,"position":2},"title":"EM TEMPO \u2022","author":"adminredacao","date":"Abril 2, 2024","format":false,"excerpt":"Inscri\u00e7\u00f5es para Vestibular UECE Universidade Estadual do Cear\u00e1 recebe inscri\u00e7\u00f5es, at\u00e9 o dia 8 de abril, para Vestibular 2024.2, exclusivamente pela internet no site www.uece\/cev. S\u00e3o ofertadas 2.322 vagas, das quais 1.222 para os cursos de Fortaleza e 1.094 para as unidades da Uece no interior do estado. Na ficha\u2026","rel":"","context":"In &quot;Artigos&quot;","block_context":{"text":"Artigos","link":"https:\/\/correiodasemana.com\/site\/category\/artigos\/"},"img":{"alt_text":"","src":"https:\/\/i0.wp.com\/correiodasemana.com\/site\/wp-content\/uploads\/2024\/04\/1_carlinhos_patriolino_e_choro_cabuloso-26141754-150x150.jpg?resize=350%2C200&ssl=1","width":350,"height":200,"srcset":"https:\/\/i0.wp.com\/correiodasemana.com\/site\/wp-content\/uploads\/2024\/04\/1_carlinhos_patriolino_e_choro_cabuloso-26141754-150x150.jpg?resize=350%2C200&ssl=1 1x, https:\/\/i0.wp.com\/correiodasemana.com\/site\/wp-content\/uploads\/2024\/04\/1_carlinhos_patriolino_e_choro_cabuloso-26141754-150x150.jpg?resize=525%2C300&ssl=1 1.5x, https:\/\/i0.wp.com\/correiodasemana.com\/site\/wp-content\/uploads\/2024\/04\/1_carlinhos_patriolino_e_choro_cabuloso-26141754-150x150.jpg?resize=700%2C400&ssl=1 2x"},"classes":[]},{"id":17198,"url":"https:\/\/correiodasemana.com\/site\/em-tempo-94\/","url_meta":{"origin":24529,"position":3},"title":"Em Tempo","author":"","date":"Agosto 9, 2021","format":false,"excerpt":"Bienal Internacional de Dan\u00e7a do Cear\u00e1 Manter a dan\u00e7a pr\u00f3xima do p\u00fablico sem a sua presen\u00e7a na plateia. Essa \u00e9 a proposta da 7\u00aa edi\u00e7\u00e3o da\u00a0Bienal Internacional de Dan\u00e7a do Cear\u00e1 \/ De Par Em Par. O resultado \u00e9 a transmiss\u00e3o ao vivo, em realidade virtual, de\u00a013 a 22 de\u2026","rel":"","context":"In &quot;Artigos&quot;","block_context":{"text":"Artigos","link":"https:\/\/correiodasemana.com\/site\/category\/artigos\/"},"img":{"alt_text":"","src":"https:\/\/i0.wp.com\/correiodasemana.com\/site\/wp-content\/uploads\/2019\/12\/FOTO-EDILSON-SILVA-2.jpg?resize=350%2C200&ssl=1","width":350,"height":200,"srcset":"https:\/\/i0.wp.com\/correiodasemana.com\/site\/wp-content\/uploads\/2019\/12\/FOTO-EDILSON-SILVA-2.jpg?resize=350%2C200&ssl=1 1x, https:\/\/i0.wp.com\/correiodasemana.com\/site\/wp-content\/uploads\/2019\/12\/FOTO-EDILSON-SILVA-2.jpg?resize=525%2C300&ssl=1 1.5x, https:\/\/i0.wp.com\/correiodasemana.com\/site\/wp-content\/uploads\/2019\/12\/FOTO-EDILSON-SILVA-2.jpg?resize=700%2C400&ssl=1 2x"},"classes":[]},{"id":35857,"url":"https:\/\/correiodasemana.com\/site\/em-tempo-297\/","url_meta":{"origin":24529,"position":4},"title":"EM TEMPO \u2022","author":"adminredacao","date":"Outubro 13, 2025","format":false,"excerpt":"Inscri\u00e7\u00f5es para Mestrado de Sociologia O Mestrado Profissional de Sociologia em Rede Nacional (Profsocio) recebe, at\u00e9 o dia 18 de outubro, inscri\u00e7\u00f5es para a turma de 2026. O edital oferta 246 vagas distribu\u00eddas entre as 16 institui\u00e7\u00f5es associadas. A Universidade Federal do Cear\u00e1 (UFC) est\u00e1 com 18 vagas abertas. As\u2026","rel":"","context":"In &quot;Artigos&quot;","block_context":{"text":"Artigos","link":"https:\/\/correiodasemana.com\/site\/category\/artigos\/"},"img":{"alt_text":"","src":"https:\/\/i0.wp.com\/correiodasemana.com\/site\/wp-content\/uploads\/2025\/10\/Katia-Freitas-cantora-cearense-Foto-Larissa-Freitas-2-150x150.jpg?resize=350%2C200&ssl=1","width":350,"height":200,"srcset":"https:\/\/i0.wp.com\/correiodasemana.com\/site\/wp-content\/uploads\/2025\/10\/Katia-Freitas-cantora-cearense-Foto-Larissa-Freitas-2-150x150.jpg?resize=350%2C200&ssl=1 1x, https:\/\/i0.wp.com\/correiodasemana.com\/site\/wp-content\/uploads\/2025\/10\/Katia-Freitas-cantora-cearense-Foto-Larissa-Freitas-2-150x150.jpg?resize=525%2C300&ssl=1 1.5x, https:\/\/i0.wp.com\/correiodasemana.com\/site\/wp-content\/uploads\/2025\/10\/Katia-Freitas-cantora-cearense-Foto-Larissa-Freitas-2-150x150.jpg?resize=700%2C400&ssl=1 2x, https:\/\/i0.wp.com\/correiodasemana.com\/site\/wp-content\/uploads\/2025\/10\/Katia-Freitas-cantora-cearense-Foto-Larissa-Freitas-2-150x150.jpg?resize=1050%2C600&ssl=1 3x"},"classes":[]},{"id":18726,"url":"https:\/\/correiodasemana.com\/site\/em-tempo-118\/","url_meta":{"origin":24529,"position":5},"title":"Em Tempo","author":"","date":"Janeiro 31, 2022","format":false,"excerpt":"Pr\u00e9-Bienal do Livro em Fortaleza Suspensa no ano passado devido \u00e0 pandemia de Covid-19, a\u00a0XIV Bienal Internacional do Livro do Cear\u00e1\u00a0acontecer\u00e1 no segundo semestre de 2022. At\u00e9 l\u00e1, o aquecimento fica por conta da\u00a0Pr\u00e9-Bienal do Livro, que teve in\u00edcio no dia 24 de janeiro e prossegue at\u00e9 31 de mar\u00e7o.\u2026","rel":"","context":"In &quot;Artigos&quot;","block_context":{"text":"Artigos","link":"https:\/\/correiodasemana.com\/site\/category\/artigos\/"},"img":{"alt_text":"","src":"https:\/\/i0.wp.com\/correiodasemana.com\/site\/wp-content\/uploads\/2022\/01\/1_hugo_bianchi-17963922-300x168.jpg?resize=350%2C200&ssl=1","width":350,"height":200},"classes":[]}],"jetpack_sharing_enabled":true,"_links":{"self":[{"href":"https:\/\/correiodasemana.com\/site\/wp-json\/wp\/v2\/posts\/24529","targetHints":{"allow":["GET"]}}],"collection":[{"href":"https:\/\/correiodasemana.com\/site\/wp-json\/wp\/v2\/posts"}],"about":[{"href":"https:\/\/correiodasemana.com\/site\/wp-json\/wp\/v2\/types\/post"}],"author":[{"embeddable":true,"href":"https:\/\/correiodasemana.com\/site\/wp-json\/wp\/v2\/users\/7"}],"replies":[{"embeddable":true,"href":"https:\/\/correiodasemana.com\/site\/wp-json\/wp\/v2\/comments?post=24529"}],"version-history":[{"count":2,"href":"https:\/\/correiodasemana.com\/site\/wp-json\/wp\/v2\/posts\/24529\/revisions"}],"predecessor-version":[{"id":24533,"href":"https:\/\/correiodasemana.com\/site\/wp-json\/wp\/v2\/posts\/24529\/revisions\/24533"}],"wp:featuredmedia":[{"embeddable":true,"href":"https:\/\/correiodasemana.com\/site\/wp-json\/wp\/v2\/media\/18025"}],"wp:attachment":[{"href":"https:\/\/correiodasemana.com\/site\/wp-json\/wp\/v2\/media?parent=24529"}],"wp:term":[{"taxonomy":"category","embeddable":true,"href":"https:\/\/correiodasemana.com\/site\/wp-json\/wp\/v2\/categories?post=24529"},{"taxonomy":"post_tag","embeddable":true,"href":"https:\/\/correiodasemana.com\/site\/wp-json\/wp\/v2\/tags?post=24529"}],"curies":[{"name":"wp","href":"https:\/\/api.w.org\/{rel}","templated":true}]}}