{"id":24537,"date":"2023-05-08T13:48:18","date_gmt":"2023-05-08T16:48:18","guid":{"rendered":"https:\/\/correiodasemana.com\/site\/?p=24537"},"modified":"2023-05-08T13:48:18","modified_gmt":"2023-05-08T16:48:18","slug":"cenaculo-filhos-de-siao-cristo-ressuscitou-alegria-em-siao","status":"publish","type":"post","link":"https:\/\/correiodasemana.com\/site\/cenaculo-filhos-de-siao-cristo-ressuscitou-alegria-em-siao\/","title":{"rendered":"Cen\u00e1culo Filhos de Si\u00e3o: Cristo Ressuscitou. Alegria em Si\u00e3o!"},"content":{"rendered":"<p>Cristo ressuscitou, aleluia! Verdadeiramente ressuscitou! E que alegria, pois estamos comemorando a oitava de nossas promessas vocacionais no Carisma Filhos de Si\u00e3o.<\/p>\n<p><strong>Alegria em Si\u00e3o<\/strong><br \/>\nMeditemos a partir de Sofonias 3, 14-20, este trecho apresenta um hino festivo, de alegria em Si\u00e3o.<br \/>\nO profeta vem nos anunciar que Senhor revogou a nossa senten\u00e7a, eliminou o nosso inimigo (cf. Sf 3, 15), mas afinal, quem \u00e9 o nosso maior inimigo? \u00c9 a morte! \u00c9 o pecado. E foram estes inimigos que o Senhor eliminou. \u00c9 o mesmo que Ele nos dizer que apagou todas as nossas culpas, e, a partir de ent\u00e3o, come\u00e7aremos \u201cdo zero\u201d.<br \/>\nPara aqueles que bem viveram o per\u00edodo quaresmal, louvado seja! Mas tamb\u00e9m para os que n\u00e3o caminharam bem, esta alegria que o texto apresenta \u00e9 para todos! Cristo quer recome\u00e7ar conosco, dar nova vida.<br \/>\n\u201cEis que passaremos pelo tempo da consola\u00e7\u00e3o\u201d, como disse o Papa Francisco referindo-se \u00e0 P\u00e1scoa: \u00e9 o tempo de vida nova!<br \/>\nP\u00e1scoa: alegria e testemunho<br \/>\nConforme Baruc 5, essa leitura era proclamada na festa da colheita dos judeus, e para n\u00f3s crist\u00e3os, hoje \u00e9 lida na P\u00e1scoa. Este per\u00edodo \u00e9 de alegria e de testemunho, pois n\u00e3o podemos silenciar perante aquilo que vimos e ouvimos.<br \/>\nDurante seis semanas temos todos os motivos para celebrar, visto que Cristo ressuscitou! E neste per\u00edodo pascal o Senhor vem nos dizer que tiremos estas vestes de decep\u00e7\u00e3o, tristeza, ang\u00fastia, medo\u2026 Embora n\u00f3s estejamos vivendo alguma realidade assim.<br \/>\n<strong>Tempo novo, vida nova<\/strong><br \/>\nO Ressuscitado nos reveste da beleza e da gl\u00f3ria de Deus! Este tempo novo \u00e9 um recome\u00e7o, um ano novo, e por essa raz\u00e3o nos pede uma vida nova.<br \/>\nA ressurrei\u00e7\u00e3o de Jesus \u00e9 o dia mais importante e belo da hist\u00f3ria (como nos mostrou o Papa Francisco), e, portanto, deve ser comemorado por n\u00f3s \u2013 substituindo a \u201ccara de tristeza\u201d por uma \u201ccara de alegria\u201d! Especialmente para aqueles que est\u00e3o pr\u00f3ximos de n\u00f3s, que passaram pela Quaresma e pela P\u00e1scoa, por\u00e9m, n\u00e3o perceberam a gl\u00f3ria desses momentos fortes.<br \/>\nParafraseando ainda o Papa na Semana Santa deste ano lit\u00fargico de 2023, questionemo-nos: Qual \u00e9 a meta, o objetivo da nossa caminhada? Para que caminhamos? \u00c9 preciso acelerar o passo para atingir a meta, a fim de encontrarmos Jesus: Ele \u00e9 a nossa meta! Vamos correr!<br \/>\n<strong>Enraizar-se em Deus<\/strong><br \/>\nPara isso, n\u00f3s necessitamos ter vida de ora\u00e7\u00e3o, cultivar a intimidade com Deus \u2013 n\u00e3o esque\u00e7amos que os dias s\u00e3o maus. Aqueles que n\u00e3o tiverem tal amizade, n\u00e3o permanecer\u00e3o. Na caminhada haver\u00e1 momentos de peso e de dificuldades\u2026 E o que ser\u00e1 daquelas pessoas que n\u00e3o t\u00eam uma espiritualidade enraizada em Deus? Voltemos a encontrar o gosto do caminho, ao primeiro amor.<br \/>\nIsso \u00e9 uma verdade que deve ser vivida todos os dias, sem perder de vista a nossa meta: Jesus! Pois todo sofrimento para alcan\u00e7ar a meta de nosso percurso, vale a pena!<br \/>\n<strong>Vamos subir a Jerusal\u00e9m<\/strong><br \/>\nComo os disc\u00edpulos de Ema\u00fas (cf. Lc 24, 13s), sa\u00edmos da P\u00e1scoa num caminho de descida\u2026 Mas chegando a Ema\u00fas, eles convidam Cristo a permanecer. Ao perceberem que era o Senhor, retornam a Jerusal\u00e9m, isto \u00e9, sobem a Jerusal\u00e9m.<br \/>\nMuitos de n\u00f3s caminhamos tamb\u00e9m dessa forma, chegamos \u00e0 Pascoa, sabemos pela f\u00e9 que Cristo est\u00e1 ressuscitado, mas estamos descendo, em lugar de subir!<br \/>\nNesse Tempo Pascal, \u00e9 hora de sairmos de n\u00f3s mesmos, e ir de encontro ao outro, ainda que nossa vida n\u00e3o esteja em plena alegria\u2026 Pois s\u00f3 Deus pode fazer nas nossas vidas aquilo que n\u00f3s ainda n\u00e3o pudemos fazer.<br \/>\nLogo, a P\u00e1scoa traz essa perspectiva de testemunhar, de anunciar. Se n\u00e3o temos for\u00e7as de ir at\u00e9 Cristo, testemunhemos, que assim Ele mesmo vir\u00e1 ao nosso encontro.<br \/>\nA Palavra de Deus nos conduzir\u00e1<br \/>\nN\u00f3s vivemos uma perene p\u00e1scoa a cada domingo, a cada Santa Missa, revivemos a mem\u00f3ria daquele santo dia. A exemplo dos disc\u00edpulos de Ema\u00fas, a Palavra de Deus \u00e9 o que inflama, arde os nossos cora\u00e7\u00f5es. Tenhamos, pois, amor pela Palavra, debrucemo-nos sobre ela. E isto consiste toda uma vida de ora\u00e7\u00e3o, pois Deus se comunica conosco atrav\u00e9s de Sua Palavra: desde a Santa Missa, no estudo b\u00edblico, at\u00e9 na ora\u00e7\u00e3o pessoal e comunit\u00e1ria.<br \/>\nSaibamos que a Eucaristia nos apressa nesse caminho! Quem caminha sabe onde quer chegar, tem meta. N\u00e3o estamos indo para qualquer lugar: por esse motivo n\u00e3o podemos prosseguir de qualquer jeito, testemunhar de qualquer maneira.<br \/>\nOs ap\u00f3stolos nos explicam como viveram o testemunho: \u201cfalamos do que vimos e ouvimos\u201d (cf. 1 Jo 1, 3).<br \/>\nQue em n\u00f3s desperte a alegria da ressurrei\u00e7\u00e3o! Aquele que viu, ainda que pela f\u00e9, Jesus Cristo ressuscitado, n\u00e3o pode permanecer o mesmo.<br \/>\n\u201cQuer encontrar Jesus? Testemunhe-O, anuncie-O!\u201d (Papa Francisco)<\/p>\n<p>Alegria, irm\u00e3os! Testemunhemos com alegria!<\/p>\n<p>Julineide Mendes<br \/>\nConsagrada da Comunidade de Alian\u00e7a Filhos de Si\u00e3o<\/p>\n","protected":false},"excerpt":{"rendered":"<p>Cristo ressuscitou, aleluia! Verdadeiramente ressuscitou! E que alegria, pois estamos comemorando a oitava de nossas&#8230;<\/p>\n","protected":false},"author":7,"featured_media":24538,"comment_status":"open","ping_status":"open","sticky":false,"template":"","format":"standard","meta":{"_jetpack_memberships_contains_paid_content":false,"footnotes":"","jetpack_publicize_message":"","jetpack_publicize_feature_enabled":true,"jetpack_social_post_already_shared":true,"jetpack_social_options":{"image_generator_settings":{"template":"highway","default_image_id":0,"font":"","enabled":false},"version":2}},"categories":[11,87],"tags":[],"class_list":["post-24537","post","type-post","status-publish","format-standard","has-post-thumbnail","hentry","category-artigos","category-filhos-de-siao"],"jetpack_publicize_connections":[],"jetpack_featured_media_url":"https:\/\/correiodasemana.com\/site\/wp-content\/uploads\/2023\/05\/th-1.jpeg","jetpack-related-posts":[{"id":34053,"url":"https:\/\/correiodasemana.com\/site\/ser-filho-de-siao-nao-e-uma-proposta-passageira-mas-um-chamado-de-deus\/","url_meta":{"origin":24537,"position":0},"title":"Ser Filho de Si\u00e3o n\u00e3o \u00e9 uma proposta passageira, mas um chamado de Deus","author":"adminredacao","date":"Junho 4, 2025","format":false,"excerpt":"Eu, voc\u00ea, fomos chamados a sermos Filhos de Si\u00e3o Ser Filho de Si\u00e3o n\u00e3o \u00e9 uma proposta, mas um chamado. Para entender a for\u00e7a deste chamado precisamos entender o que \u00e9 ser Filho de Si\u00e3o. O Servo de Deus Waldir Lopes de Castro ao nos explicar sobre o nome Si\u00e3o\u2026","rel":"","context":"In &quot;Filhos de Si\u00e3o&quot;","block_context":{"text":"Filhos de Si\u00e3o","link":"https:\/\/correiodasemana.com\/site\/category\/filhos-de-siao\/"},"img":{"alt_text":"","src":"https:\/\/i0.wp.com\/correiodasemana.com\/site\/wp-content\/uploads\/2019\/07\/Igreja_S%C3%A9.jpg?resize=350%2C200&ssl=1","width":350,"height":200,"srcset":"https:\/\/i0.wp.com\/correiodasemana.com\/site\/wp-content\/uploads\/2019\/07\/Igreja_S%C3%A9.jpg?resize=350%2C200&ssl=1 1x, https:\/\/i0.wp.com\/correiodasemana.com\/site\/wp-content\/uploads\/2019\/07\/Igreja_S%C3%A9.jpg?resize=525%2C300&ssl=1 1.5x, https:\/\/i0.wp.com\/correiodasemana.com\/site\/wp-content\/uploads\/2019\/07\/Igreja_S%C3%A9.jpg?resize=700%2C400&ssl=1 2x, https:\/\/i0.wp.com\/correiodasemana.com\/site\/wp-content\/uploads\/2019\/07\/Igreja_S%C3%A9.jpg?resize=1050%2C600&ssl=1 3x, https:\/\/i0.wp.com\/correiodasemana.com\/site\/wp-content\/uploads\/2019\/07\/Igreja_S%C3%A9.jpg?resize=1400%2C800&ssl=1 4x"},"classes":[]},{"id":23986,"url":"https:\/\/correiodasemana.com\/site\/cristo-ressuscitou-aleluia-venceu-a-morte-com-amor-aleluia\/","url_meta":{"origin":24537,"position":1},"title":"Cristo Ressuscitou, Aleluia! Venceu a morte com amor! Aleluia!","author":"adminredacao","date":"Abril 11, 2023","format":false,"excerpt":"Nova vida pela Ressurrei\u00e7\u00e3o Neste domingo extraordin\u00e1rio celebramos a P\u00e1scoa de Jesus: o Cristo que triunfou sobre a morte e a dor e nos inseriu na nova vida pela Sua ressurrei\u00e7\u00e3o. Por essa raz\u00e3o, a tristeza \u00e9 vencida pela alegria da vida, que brilha para sempre. Na for\u00e7a da vida\u2026","rel":"","context":"In &quot;Artigos&quot;","block_context":{"text":"Artigos","link":"https:\/\/correiodasemana.com\/site\/category\/artigos\/"},"img":{"alt_text":"","src":"https:\/\/i0.wp.com\/correiodasemana.com\/site\/wp-content\/uploads\/2021\/12\/cristo-jesus.png?resize=350%2C200&ssl=1","width":350,"height":200,"srcset":"https:\/\/i0.wp.com\/correiodasemana.com\/site\/wp-content\/uploads\/2021\/12\/cristo-jesus.png?resize=350%2C200&ssl=1 1x, https:\/\/i0.wp.com\/correiodasemana.com\/site\/wp-content\/uploads\/2021\/12\/cristo-jesus.png?resize=525%2C300&ssl=1 1.5x"},"classes":[]},{"id":28984,"url":"https:\/\/correiodasemana.com\/site\/comunidade-catolica-filhos-de-siao-3\/","url_meta":{"origin":24537,"position":2},"title":"COMUNIDADE CAT\u00d3LICA FILHOS DE SI\u00c3O","author":"adminredacao","date":"Abril 22, 2024","format":false,"excerpt":"Cen\u00e1culo Filhos de Si\u00e3o \u2013 A alegria da Ressurrei\u00e7\u00e3o Celebramos a alegria da Ressurrei\u00e7\u00e3o. N\u00e3o uma ressurrei\u00e7\u00e3o de um fato hist\u00f3rico, mas presente hoje, Cristo que vive em n\u00f3s hoje! A presen\u00e7a do Senhor \u00e9 a presen\u00e7a que alegra O que alegrou os disc\u00edpulos foi a presen\u00e7a de Jesus, fez\u2026","rel":"","context":"In &quot;Artigos&quot;","block_context":{"text":"Artigos","link":"https:\/\/correiodasemana.com\/site\/category\/artigos\/"},"img":{"alt_text":"","src":"https:\/\/i0.wp.com\/correiodasemana.com\/site\/wp-content\/uploads\/2019\/07\/cropped-Igreja_S%C3%A9.jpg?resize=350%2C200&ssl=1","width":350,"height":200,"srcset":"https:\/\/i0.wp.com\/correiodasemana.com\/site\/wp-content\/uploads\/2019\/07\/cropped-Igreja_S%C3%A9.jpg?resize=350%2C200&ssl=1 1x, https:\/\/i0.wp.com\/correiodasemana.com\/site\/wp-content\/uploads\/2019\/07\/cropped-Igreja_S%C3%A9.jpg?resize=525%2C300&ssl=1 1.5x, https:\/\/i0.wp.com\/correiodasemana.com\/site\/wp-content\/uploads\/2019\/07\/cropped-Igreja_S%C3%A9.jpg?resize=700%2C400&ssl=1 2x, https:\/\/i0.wp.com\/correiodasemana.com\/site\/wp-content\/uploads\/2019\/07\/cropped-Igreja_S%C3%A9.jpg?resize=1050%2C600&ssl=1 3x, https:\/\/i0.wp.com\/correiodasemana.com\/site\/wp-content\/uploads\/2019\/07\/cropped-Igreja_S%C3%A9.jpg?resize=1400%2C800&ssl=1 4x"},"classes":[]},{"id":21293,"url":"https:\/\/correiodasemana.com\/site\/nos-somos-um-povo-ressuscitado\/","url_meta":{"origin":24537,"position":3},"title":"N\u00f3s somos um povo Ressuscitado!","author":"","date":"Outubro 16, 2022","format":false,"excerpt":"Acolha a gra\u00e7a deste novo tempo para a sua vida! Para acolher este novo tempo que o Senhor nos d\u00e1, Ele nos convida a ter um cora\u00e7\u00e3o humilde. Deus resiste aos soberbos e, por isso, ele quer de n\u00f3s um cora\u00e7\u00e3o humilde. N\u00f3s vamos seguir nossa caminhada com alegria, mas\u2026","rel":"","context":"In &quot;Artigos&quot;","block_context":{"text":"Artigos","link":"https:\/\/correiodasemana.com\/site\/category\/artigos\/"},"img":{"alt_text":"","src":"https:\/\/i0.wp.com\/correiodasemana.com\/site\/wp-content\/uploads\/2020\/08\/Catedral-da-Se-N.-S.-da-Conceicao-Sobral-Ceara-scaled.jpg?resize=350%2C200&ssl=1","width":350,"height":200,"srcset":"https:\/\/i0.wp.com\/correiodasemana.com\/site\/wp-content\/uploads\/2020\/08\/Catedral-da-Se-N.-S.-da-Conceicao-Sobral-Ceara-scaled.jpg?resize=350%2C200&ssl=1 1x, https:\/\/i0.wp.com\/correiodasemana.com\/site\/wp-content\/uploads\/2020\/08\/Catedral-da-Se-N.-S.-da-Conceicao-Sobral-Ceara-scaled.jpg?resize=525%2C300&ssl=1 1.5x, https:\/\/i0.wp.com\/correiodasemana.com\/site\/wp-content\/uploads\/2020\/08\/Catedral-da-Se-N.-S.-da-Conceicao-Sobral-Ceara-scaled.jpg?resize=700%2C400&ssl=1 2x, https:\/\/i0.wp.com\/correiodasemana.com\/site\/wp-content\/uploads\/2020\/08\/Catedral-da-Se-N.-S.-da-Conceicao-Sobral-Ceara-scaled.jpg?resize=1050%2C600&ssl=1 3x, https:\/\/i0.wp.com\/correiodasemana.com\/site\/wp-content\/uploads\/2020\/08\/Catedral-da-Se-N.-S.-da-Conceicao-Sobral-Ceara-scaled.jpg?resize=1400%2C800&ssl=1 4x"},"classes":[]},{"id":36732,"url":"https:\/\/correiodasemana.com\/site\/comunidade-catolica-filhos-de-siao-19\/","url_meta":{"origin":24537,"position":4},"title":"COMUNIDADE CAT\u00d3LICA FILHOS DE SI\u00c3O","author":"adminredacao","date":"Dezembro 11, 2025","format":false,"excerpt":"Perigos que pedem vigil\u00e2ncia! Com o tempo de caminhada, passamos a n\u00e3o perceber certos perigos. No entanto, precisamos ter muito cuidado para n\u00e3o perdermos a gra\u00e7a inicial do chamado de Deus. Inicio parafraseando nossa Fundadora, Vander L\u00facia:\u00a0\u201cEstamos vivendo os tempos de No\u00e9, e a arca est\u00e1 sendo constru\u00edda diante dos\u2026","rel":"","context":"In &quot;Artigos&quot;","block_context":{"text":"Artigos","link":"https:\/\/correiodasemana.com\/site\/category\/artigos\/"},"img":{"alt_text":"","src":"https:\/\/i0.wp.com\/correiodasemana.com\/site\/wp-content\/uploads\/2019\/07\/cropped-Igreja_S%C3%A9.jpg?resize=350%2C200&ssl=1","width":350,"height":200,"srcset":"https:\/\/i0.wp.com\/correiodasemana.com\/site\/wp-content\/uploads\/2019\/07\/cropped-Igreja_S%C3%A9.jpg?resize=350%2C200&ssl=1 1x, https:\/\/i0.wp.com\/correiodasemana.com\/site\/wp-content\/uploads\/2019\/07\/cropped-Igreja_S%C3%A9.jpg?resize=525%2C300&ssl=1 1.5x, https:\/\/i0.wp.com\/correiodasemana.com\/site\/wp-content\/uploads\/2019\/07\/cropped-Igreja_S%C3%A9.jpg?resize=700%2C400&ssl=1 2x, https:\/\/i0.wp.com\/correiodasemana.com\/site\/wp-content\/uploads\/2019\/07\/cropped-Igreja_S%C3%A9.jpg?resize=1050%2C600&ssl=1 3x, https:\/\/i0.wp.com\/correiodasemana.com\/site\/wp-content\/uploads\/2019\/07\/cropped-Igreja_S%C3%A9.jpg?resize=1400%2C800&ssl=1 4x"},"classes":[]},{"id":26431,"url":"https:\/\/correiodasemana.com\/site\/filhos-de-siao-8\/","url_meta":{"origin":24537,"position":5},"title":"FILHOS DE SI\u00c3O","author":"adminredacao","date":"Setembro 4, 2023","format":false,"excerpt":"Carisma, dom de Deus A palavra \u201ccarisma\u201d quer dizer \u201cgra\u00e7a\u201d, sendo uma express\u00e3o t\u00e3o falada no nosso meio, para n\u00f3s carisma \u00e9 algo novo na Igreja, nos tempos de hoje. Todo carisma \u00e9 um dom que Deus concede a algu\u00e9m para o bem dos homens, para as necessidades do mundo\u2026","rel":"","context":"In &quot;Artigos&quot;","block_context":{"text":"Artigos","link":"https:\/\/correiodasemana.com\/site\/category\/artigos\/"},"img":{"alt_text":"","src":"https:\/\/i0.wp.com\/correiodasemana.com\/site\/wp-content\/uploads\/2018\/02\/Igreja_Se%CC%81.jpg?resize=350%2C200&ssl=1","width":350,"height":200,"srcset":"https:\/\/i0.wp.com\/correiodasemana.com\/site\/wp-content\/uploads\/2018\/02\/Igreja_Se%CC%81.jpg?resize=350%2C200&ssl=1 1x, https:\/\/i0.wp.com\/correiodasemana.com\/site\/wp-content\/uploads\/2018\/02\/Igreja_Se%CC%81.jpg?resize=525%2C300&ssl=1 1.5x, https:\/\/i0.wp.com\/correiodasemana.com\/site\/wp-content\/uploads\/2018\/02\/Igreja_Se%CC%81.jpg?resize=700%2C400&ssl=1 2x, https:\/\/i0.wp.com\/correiodasemana.com\/site\/wp-content\/uploads\/2018\/02\/Igreja_Se%CC%81.jpg?resize=1050%2C600&ssl=1 3x, https:\/\/i0.wp.com\/correiodasemana.com\/site\/wp-content\/uploads\/2018\/02\/Igreja_Se%CC%81.jpg?resize=1400%2C800&ssl=1 4x"},"classes":[]}],"jetpack_sharing_enabled":true,"_links":{"self":[{"href":"https:\/\/correiodasemana.com\/site\/wp-json\/wp\/v2\/posts\/24537","targetHints":{"allow":["GET"]}}],"collection":[{"href":"https:\/\/correiodasemana.com\/site\/wp-json\/wp\/v2\/posts"}],"about":[{"href":"https:\/\/correiodasemana.com\/site\/wp-json\/wp\/v2\/types\/post"}],"author":[{"embeddable":true,"href":"https:\/\/correiodasemana.com\/site\/wp-json\/wp\/v2\/users\/7"}],"replies":[{"embeddable":true,"href":"https:\/\/correiodasemana.com\/site\/wp-json\/wp\/v2\/comments?post=24537"}],"version-history":[{"count":1,"href":"https:\/\/correiodasemana.com\/site\/wp-json\/wp\/v2\/posts\/24537\/revisions"}],"predecessor-version":[{"id":24539,"href":"https:\/\/correiodasemana.com\/site\/wp-json\/wp\/v2\/posts\/24537\/revisions\/24539"}],"wp:featuredmedia":[{"embeddable":true,"href":"https:\/\/correiodasemana.com\/site\/wp-json\/wp\/v2\/media\/24538"}],"wp:attachment":[{"href":"https:\/\/correiodasemana.com\/site\/wp-json\/wp\/v2\/media?parent=24537"}],"wp:term":[{"taxonomy":"category","embeddable":true,"href":"https:\/\/correiodasemana.com\/site\/wp-json\/wp\/v2\/categories?post=24537"},{"taxonomy":"post_tag","embeddable":true,"href":"https:\/\/correiodasemana.com\/site\/wp-json\/wp\/v2\/tags?post=24537"}],"curies":[{"name":"wp","href":"https:\/\/api.w.org\/{rel}","templated":true}]}}