{"id":24809,"date":"2023-05-21T23:50:24","date_gmt":"2023-05-22T02:50:24","guid":{"rendered":"https:\/\/correiodasemana.com\/site\/?p=24809"},"modified":"2023-05-21T23:50:24","modified_gmt":"2023-05-22T02:50:24","slug":"becco-ponto-com-122","status":"publish","type":"post","link":"https:\/\/correiodasemana.com\/site\/becco-ponto-com-122\/","title":{"rendered":"Becco Ponto Com"},"content":{"rendered":"<p>LIVRAI-NOS, SENHOR!<br \/>\nDas farras pol\u00edticas com bandas caras.<br \/>\nDo monop\u00f3lio da empresa Guanabara.<br \/>\nDo assalto nos impostos no momento.<br \/>\nDa cracol\u00e2ndia assentada no Becco, ui!<br \/>\nDos acordos esp\u00farios pol\u00edticos aqui, ufa!<br \/>\nDas ruas virando cal\u00e7ad\u00f5es e mercados.<br \/>\nDas a\u00e7\u00f5es partid\u00e1rias ca\u00e7ando pol\u00edticos.<br \/>\nDos farofeiros do voto na pista via 2024.<br \/>\nDos bab\u00f5es contumazes por amor a ELES.<br \/>\nDas faculdades modernas fazendo Drs.<\/p>\n<p>NOTICIANDO<br \/>\nEsteve mudando de idade com direito a jantar em fam\u00edlia, a Dra. Nat\u00e1lia Mont\u2019Alverne, filha do caro amigo, Dr. Jos\u00e9 Gerardo Parente e de sua consorte a empres\u00e1ria, Rose de Deus, na cidade, na quarta-feira passada, com alegria. A aniversariante parab\u00e9ns, do colunista e de sua fam\u00edlia amiga.<br \/>\nO digno professor Jander Magalh\u00e3es, tem uma audi\u00eancia comprovada com suas participa\u00e7\u00f5es nos programas cidade. O rep\u00f3rter sa\u00fade cognominado no meio do r\u00e1dio \u00e9 um articulista do bem e tem um trabalho s\u00e9rio no seu comunicar importante.<br \/>\nA digna promotora, Dra. Ivone Cristino, ser\u00e1 uma das mulheres homenageadas este ano, por m\u00e9ritos, com o Trof\u00e9u Dom Jos\u00e9, quando setembro vier. Sua indica\u00e7\u00e3o feita representar\u00e1 a fam\u00edlia Frota mais uma vez na festa cultural do Setembro Dom Jos\u00e9.<br \/>\nUm encontro da fam\u00edlia Mont\u2019Alverne ocorrer\u00e1 em fortaleza no pr\u00f3ximo m\u00eas em grande estilo. O grande membro Dr. Jos\u00e9 Gerardo, todo prosa com esta festa familiar a acontecer com sucesso.<br \/>\nO Centro Cultural Dom Jos\u00e9 est\u00e1 articulando para o m\u00eas de setembro sua festa do ano. J\u00e1 est\u00e3o sendo escolhidos os nomes dos homenageados com o Trof\u00e9u Dom Jos\u00e9 de cidadania. Aguardar \u00e9 preciso!<\/p>\n<p>PERFIL:<\/p>\n<p><a href=\"https:\/\/correiodasemana.com\/site\/becco-ponto-com-122\/01-14\/\" rel=\"attachment wp-att-24810\"><img fetchpriority=\"high\" decoding=\"async\" class=\"alignleft size-medium wp-image-24810\" src=\"https:\/\/correiodasemana.com\/site\/wp-content\/uploads\/2023\/05\/01-297x300.jpg\" alt=\"\" width=\"297\" height=\"300\" srcset=\"https:\/\/correiodasemana.com\/site\/wp-content\/uploads\/2023\/05\/01-297x300.jpg 297w, https:\/\/correiodasemana.com\/site\/wp-content\/uploads\/2023\/05\/01.jpg 317w\" sizes=\"(max-width: 297px) 100vw, 297px\" \/><\/a><br \/>\nAUR\u00c9LIO CONST\u00c2NCIO<br \/>\nUm cidad\u00e3o com todas as letras e digno amigo do Becco do cotovelo. Falo do caro AUR\u00c9LIO Const\u00e2ncio, torcedor do Flamengo, que hoje ilustra nossa coluna por m\u00e9ritos. \u00c9 um cara do bem e merece o registro.<\/p>\n<p>LIVRE PENSAR:<br \/>\n\u201cRuas s\u00e3o peda\u00e7os de vidas em forma de saudades\u201d. (Poeta Chico Prado)<\/p>\n","protected":false},"excerpt":{"rendered":"<p>LIVRAI-NOS, SENHOR! Das farras pol\u00edticas com bandas caras. Do monop\u00f3lio da empresa Guanabara. Do assalto&#8230;<\/p>\n","protected":false},"author":7,"featured_media":17437,"comment_status":"open","ping_status":"open","sticky":false,"template":"","format":"standard","meta":{"_jetpack_memberships_contains_paid_content":false,"footnotes":"","jetpack_publicize_message":"","jetpack_publicize_feature_enabled":true,"jetpack_social_post_already_shared":true,"jetpack_social_options":{"image_generator_settings":{"template":"highway","default_image_id":0,"font":"","enabled":false},"version":2}},"categories":[11,27],"tags":[],"class_list":["post-24809","post","type-post","status-publish","format-standard","has-post-thumbnail","hentry","category-artigos","category-becco-ponto-com"],"jetpack_publicize_connections":[],"jetpack_featured_media_url":"https:\/\/correiodasemana.com\/site\/wp-content\/uploads\/2021\/09\/Dr-Chico-Prado-Trofeu-Dom-Jose-1.jpg","jetpack-related-posts":[{"id":34990,"url":"https:\/\/correiodasemana.com\/site\/becco-ponto-com-225\/","url_meta":{"origin":24809,"position":0},"title":"BECCO PONTO.COM","author":"adminredacao","date":"Agosto 4, 2025","format":false,"excerpt":"LIVRAI-NOS, SENHOR! Das festas carnavalescas juninas t\u00e3o pol\u00edticas. Dos pol\u00edticos traficantes de voto no dia a dia. De um festival a vir em Sobral, elegendo bab\u00e3o. Da taxa\u00e7\u00e3o de Trump, em 50% ao Brasil, ufa, Ce! Das propagandas de m\u00e9dicos em carro de som. Do festival de bares na cidade\u2026","rel":"","context":"In &quot;Artigos&quot;","block_context":{"text":"Artigos","link":"https:\/\/correiodasemana.com\/site\/category\/artigos\/"},"img":{"alt_text":"","src":"https:\/\/i0.wp.com\/correiodasemana.com\/site\/wp-content\/uploads\/2021\/09\/Dr-Chico-Prado-Trofeu-Dom-Jose-1.jpg?resize=350%2C200&ssl=1","width":350,"height":200,"srcset":"https:\/\/i0.wp.com\/correiodasemana.com\/site\/wp-content\/uploads\/2021\/09\/Dr-Chico-Prado-Trofeu-Dom-Jose-1.jpg?resize=350%2C200&ssl=1 1x, https:\/\/i0.wp.com\/correiodasemana.com\/site\/wp-content\/uploads\/2021\/09\/Dr-Chico-Prado-Trofeu-Dom-Jose-1.jpg?resize=525%2C300&ssl=1 1.5x, https:\/\/i0.wp.com\/correiodasemana.com\/site\/wp-content\/uploads\/2021\/09\/Dr-Chico-Prado-Trofeu-Dom-Jose-1.jpg?resize=700%2C400&ssl=1 2x, https:\/\/i0.wp.com\/correiodasemana.com\/site\/wp-content\/uploads\/2021\/09\/Dr-Chico-Prado-Trofeu-Dom-Jose-1.jpg?resize=1050%2C600&ssl=1 3x, https:\/\/i0.wp.com\/correiodasemana.com\/site\/wp-content\/uploads\/2021\/09\/Dr-Chico-Prado-Trofeu-Dom-Jose-1.jpg?resize=1400%2C800&ssl=1 4x"},"classes":[]},{"id":30066,"url":"https:\/\/correiodasemana.com\/site\/becco-ponto-com-176\/","url_meta":{"origin":24809,"position":1},"title":"BECCO PONTO.COM","author":"adminredacao","date":"Julho 22, 2024","format":false,"excerpt":"LIVRAI-NOS, SENHOR! Da gula por votos dos pol\u00edticos. Dos puxa sacos, por amor ainda. Da taxa do lixo matando os pobres. Da mistura \u201cpol\u00edticos x fac\u00e7\u00f5es\u201d, ui! De uma oposi\u00e7\u00e3o burra de novo! Do medinho dos fg\u2019s perder o poder. Do bl\u00e1, bl\u00e1 de Ciro, nas redes. Perdeu! Dos cursos\u2026","rel":"","context":"In &quot;Artigos&quot;","block_context":{"text":"Artigos","link":"https:\/\/correiodasemana.com\/site\/category\/artigos\/"},"img":{"alt_text":"","src":"https:\/\/i0.wp.com\/correiodasemana.com\/site\/wp-content\/uploads\/2021\/09\/Dr-Chico-Prado-Trofeu-Dom-Jose-1.jpg?resize=350%2C200&ssl=1","width":350,"height":200,"srcset":"https:\/\/i0.wp.com\/correiodasemana.com\/site\/wp-content\/uploads\/2021\/09\/Dr-Chico-Prado-Trofeu-Dom-Jose-1.jpg?resize=350%2C200&ssl=1 1x, https:\/\/i0.wp.com\/correiodasemana.com\/site\/wp-content\/uploads\/2021\/09\/Dr-Chico-Prado-Trofeu-Dom-Jose-1.jpg?resize=525%2C300&ssl=1 1.5x, https:\/\/i0.wp.com\/correiodasemana.com\/site\/wp-content\/uploads\/2021\/09\/Dr-Chico-Prado-Trofeu-Dom-Jose-1.jpg?resize=700%2C400&ssl=1 2x, https:\/\/i0.wp.com\/correiodasemana.com\/site\/wp-content\/uploads\/2021\/09\/Dr-Chico-Prado-Trofeu-Dom-Jose-1.jpg?resize=1050%2C600&ssl=1 3x, https:\/\/i0.wp.com\/correiodasemana.com\/site\/wp-content\/uploads\/2021\/09\/Dr-Chico-Prado-Trofeu-Dom-Jose-1.jpg?resize=1400%2C800&ssl=1 4x"},"classes":[]},{"id":37925,"url":"https:\/\/correiodasemana.com\/site\/becco-ponto-com-254\/","url_meta":{"origin":24809,"position":2},"title":"Becco ponto Com","author":"adminredacao","date":"Abril 11, 2026","format":false,"excerpt":"LIVRAI-NOS, SENHOR! Dos conselheiros pol\u00edticos t\u00e3o corruptos. Do cano J\u00fanior Mano no Camilo, via cid, ufa! Das briguinhas de coron\u00e9is da pol\u00edtica do Cear\u00e1. Da ruma de vacaros (cover) soltos na pol\u00edtica nossa. Das briguinhas de araque Ciro x Cid ao Aboli\u00e7\u00e3o. Das faculdades produzindo chofer de pra\u00e7as. Do rombo\u2026","rel":"","context":"In &quot;Artigos&quot;","block_context":{"text":"Artigos","link":"https:\/\/correiodasemana.com\/site\/category\/artigos\/"},"img":{"alt_text":"","src":"https:\/\/i0.wp.com\/correiodasemana.com\/site\/wp-content\/uploads\/2021\/09\/Dr-Chico-Prado-Trofeu-Dom-Jose-1-1.jpg?resize=350%2C200&ssl=1","width":350,"height":200,"srcset":"https:\/\/i0.wp.com\/correiodasemana.com\/site\/wp-content\/uploads\/2021\/09\/Dr-Chico-Prado-Trofeu-Dom-Jose-1-1.jpg?resize=350%2C200&ssl=1 1x, https:\/\/i0.wp.com\/correiodasemana.com\/site\/wp-content\/uploads\/2021\/09\/Dr-Chico-Prado-Trofeu-Dom-Jose-1-1.jpg?resize=525%2C300&ssl=1 1.5x, https:\/\/i0.wp.com\/correiodasemana.com\/site\/wp-content\/uploads\/2021\/09\/Dr-Chico-Prado-Trofeu-Dom-Jose-1-1.jpg?resize=700%2C400&ssl=1 2x"},"classes":[]},{"id":35424,"url":"https:\/\/correiodasemana.com\/site\/becco-ponto-com-229\/","url_meta":{"origin":24809,"position":3},"title":"BECCO PONTO.COM","author":"adminredacao","date":"Setembro 1, 2025","format":false,"excerpt":"LIVRAI-NOS, SENHOR! Das casinhas de pombos que s\u00e3o os apartamentos modernos. Dos verbetes do canastr\u00e3o, Lula, pai de todos os corruptos. Das contas do \u201cReizinho Ivo\u201d, cair na malha fina dos pol\u00edticos. De uma vaca preta nas ruas aterrorizando os pol\u00edticos, ui! Da grita da turma do bico chorando o\u2026","rel":"","context":"In &quot;Artigos&quot;","block_context":{"text":"Artigos","link":"https:\/\/correiodasemana.com\/site\/category\/artigos\/"},"img":{"alt_text":"","src":"https:\/\/i0.wp.com\/correiodasemana.com\/site\/wp-content\/uploads\/2021\/09\/Dr-Chico-Prado-Trofeu-Dom-Jose-1-1.jpg?resize=350%2C200&ssl=1","width":350,"height":200,"srcset":"https:\/\/i0.wp.com\/correiodasemana.com\/site\/wp-content\/uploads\/2021\/09\/Dr-Chico-Prado-Trofeu-Dom-Jose-1-1.jpg?resize=350%2C200&ssl=1 1x, https:\/\/i0.wp.com\/correiodasemana.com\/site\/wp-content\/uploads\/2021\/09\/Dr-Chico-Prado-Trofeu-Dom-Jose-1-1.jpg?resize=525%2C300&ssl=1 1.5x, https:\/\/i0.wp.com\/correiodasemana.com\/site\/wp-content\/uploads\/2021\/09\/Dr-Chico-Prado-Trofeu-Dom-Jose-1-1.jpg?resize=700%2C400&ssl=1 2x"},"classes":[]},{"id":34114,"url":"https:\/\/correiodasemana.com\/site\/becco-ponto-com-217\/","url_meta":{"origin":24809,"position":4},"title":"BECCO PONTO.COM","author":"adminredacao","date":"Junho 9, 2025","format":false,"excerpt":"LIVRAI-NOS, SENHOR! Das artimanhas pol\u00edticas em tempo de quadrilhas. Das trai\u00e7\u00f5es politicas t\u00e3o normais em fam\u00edlias, ui! Dos gastos astron\u00f4micos em tempo juninos, ufa! Do ca\u00f4 dos \u201cLulas\u201d viajando no mundo com \u201cJanjas\u201d. Da cabe\u00e7a oca e moderna de criarem bonecas, ufa! Dos \u201cZ\u00e9\u2019s\u201d bolachinhas nas C\u00e2maras, traindo votos. Dos\u2026","rel":"","context":"In &quot;Artigos&quot;","block_context":{"text":"Artigos","link":"https:\/\/correiodasemana.com\/site\/category\/artigos\/"},"img":{"alt_text":"","src":"https:\/\/i0.wp.com\/correiodasemana.com\/site\/wp-content\/uploads\/2021\/09\/Dr-Chico-Prado-Trofeu-Dom-Jose-1.jpg?resize=350%2C200&ssl=1","width":350,"height":200,"srcset":"https:\/\/i0.wp.com\/correiodasemana.com\/site\/wp-content\/uploads\/2021\/09\/Dr-Chico-Prado-Trofeu-Dom-Jose-1.jpg?resize=350%2C200&ssl=1 1x, https:\/\/i0.wp.com\/correiodasemana.com\/site\/wp-content\/uploads\/2021\/09\/Dr-Chico-Prado-Trofeu-Dom-Jose-1.jpg?resize=525%2C300&ssl=1 1.5x, https:\/\/i0.wp.com\/correiodasemana.com\/site\/wp-content\/uploads\/2021\/09\/Dr-Chico-Prado-Trofeu-Dom-Jose-1.jpg?resize=700%2C400&ssl=1 2x, https:\/\/i0.wp.com\/correiodasemana.com\/site\/wp-content\/uploads\/2021\/09\/Dr-Chico-Prado-Trofeu-Dom-Jose-1.jpg?resize=1050%2C600&ssl=1 3x, https:\/\/i0.wp.com\/correiodasemana.com\/site\/wp-content\/uploads\/2021\/09\/Dr-Chico-Prado-Trofeu-Dom-Jose-1.jpg?resize=1400%2C800&ssl=1 4x"},"classes":[]},{"id":26991,"url":"https:\/\/correiodasemana.com\/site\/becco-ponto-com-143\/","url_meta":{"origin":24809,"position":5},"title":"Becco Ponto Com","author":"adminredacao","date":"Outubro 23, 2023","format":false,"excerpt":"LIVRAI-NOS, SENHOR! Desta guerra insana t\u00e3o santa. Do fim pol\u00edtico indesej\u00e1vel dos fg\u2019s. Da ruma de cursos via internet, ufa! Do sumi\u00e7o do lula na imprensa. Dos faroleiros da pol\u00edtica nacional. Da turma do pt, buscando peitos, ufa! Da alta da \u00e1gua que vem por a\u00ed: saee. Dos aben\u00e7oados petistas,\u2026","rel":"","context":"In &quot;Artigos&quot;","block_context":{"text":"Artigos","link":"https:\/\/correiodasemana.com\/site\/category\/artigos\/"},"img":{"alt_text":"","src":"https:\/\/i0.wp.com\/correiodasemana.com\/site\/wp-content\/uploads\/2021\/09\/Dr-Chico-Prado-Trofeu-Dom-Jose-1.jpg?resize=350%2C200&ssl=1","width":350,"height":200,"srcset":"https:\/\/i0.wp.com\/correiodasemana.com\/site\/wp-content\/uploads\/2021\/09\/Dr-Chico-Prado-Trofeu-Dom-Jose-1.jpg?resize=350%2C200&ssl=1 1x, https:\/\/i0.wp.com\/correiodasemana.com\/site\/wp-content\/uploads\/2021\/09\/Dr-Chico-Prado-Trofeu-Dom-Jose-1.jpg?resize=525%2C300&ssl=1 1.5x, https:\/\/i0.wp.com\/correiodasemana.com\/site\/wp-content\/uploads\/2021\/09\/Dr-Chico-Prado-Trofeu-Dom-Jose-1.jpg?resize=700%2C400&ssl=1 2x, https:\/\/i0.wp.com\/correiodasemana.com\/site\/wp-content\/uploads\/2021\/09\/Dr-Chico-Prado-Trofeu-Dom-Jose-1.jpg?resize=1050%2C600&ssl=1 3x, https:\/\/i0.wp.com\/correiodasemana.com\/site\/wp-content\/uploads\/2021\/09\/Dr-Chico-Prado-Trofeu-Dom-Jose-1.jpg?resize=1400%2C800&ssl=1 4x"},"classes":[]}],"jetpack_sharing_enabled":true,"_links":{"self":[{"href":"https:\/\/correiodasemana.com\/site\/wp-json\/wp\/v2\/posts\/24809","targetHints":{"allow":["GET"]}}],"collection":[{"href":"https:\/\/correiodasemana.com\/site\/wp-json\/wp\/v2\/posts"}],"about":[{"href":"https:\/\/correiodasemana.com\/site\/wp-json\/wp\/v2\/types\/post"}],"author":[{"embeddable":true,"href":"https:\/\/correiodasemana.com\/site\/wp-json\/wp\/v2\/users\/7"}],"replies":[{"embeddable":true,"href":"https:\/\/correiodasemana.com\/site\/wp-json\/wp\/v2\/comments?post=24809"}],"version-history":[{"count":2,"href":"https:\/\/correiodasemana.com\/site\/wp-json\/wp\/v2\/posts\/24809\/revisions"}],"predecessor-version":[{"id":24812,"href":"https:\/\/correiodasemana.com\/site\/wp-json\/wp\/v2\/posts\/24809\/revisions\/24812"}],"wp:featuredmedia":[{"embeddable":true,"href":"https:\/\/correiodasemana.com\/site\/wp-json\/wp\/v2\/media\/17437"}],"wp:attachment":[{"href":"https:\/\/correiodasemana.com\/site\/wp-json\/wp\/v2\/media?parent=24809"}],"wp:term":[{"taxonomy":"category","embeddable":true,"href":"https:\/\/correiodasemana.com\/site\/wp-json\/wp\/v2\/categories?post=24809"},{"taxonomy":"post_tag","embeddable":true,"href":"https:\/\/correiodasemana.com\/site\/wp-json\/wp\/v2\/tags?post=24809"}],"curies":[{"name":"wp","href":"https:\/\/api.w.org\/{rel}","templated":true}]}}