{"id":24817,"date":"2023-05-21T23:53:02","date_gmt":"2023-05-22T02:53:02","guid":{"rendered":"https:\/\/correiodasemana.com\/site\/?p=24817"},"modified":"2023-05-21T23:53:02","modified_gmt":"2023-05-22T02:53:02","slug":"fatima-e-aqui","status":"publish","type":"post","link":"https:\/\/correiodasemana.com\/site\/fatima-e-aqui\/","title":{"rendered":"F\u00e1tima \u00e9 aqui!"},"content":{"rendered":"<p>Caro leitor, partilho com voc\u00ea a experi\u00eancia fant\u00e1stica que ocorreu na Igreja do Ros\u00e1rio, no dia 13 de maio, s\u00e1bado passado, onde comemoramos 30 anos de exist\u00eancia da missa ao meio dia na cidade de Sobral. Tudo iniciou nessa pequena Capela onde o bom Deus quis dar ao seu povo um novo sabor na f\u00e9.<br \/>\nO nosso cora\u00e7\u00e3o se inquietava para fazer algo simples que demonstrasse o nosso amor a Virgem Maria. Resolvemos ent\u00e3o promover esse evento denominado: F\u00e1tima \u00e9 aqui! Ocorreu a apresenta\u00e7\u00e3o dos tr\u00eas pastorinhos, Of\u00edcio de Nossa Senhora, Louvor, Testemunhos, Confiss\u00f5es e muita fraternidade. Aproveitamos tamb\u00e9m a oportunidade de realizarmos um bazar em prol da pintura interna da Capela do Ros\u00e1rio. Tudo ocorreu com muita tranquilidade e ao meio dia encerramos esse evento com a Santa Missa, onde o espa\u00e7o foi pequeno para tantos fi\u00e9is que ali se encontravam reafirmando a sua f\u00e9 a nossa M\u00e1ezinha do C\u00e9u. Vivemos algo sobrenatural que n\u00e3o sabemos explicar. Por alguns instantes parecia que realmente est\u00e1vamos em F\u00e1tima. Foi inesquec\u00edvel!<\/p>\n<p>Edna Maria Chaves da Silva<br \/>\nCofundadora Comunidade Cora\u00e7\u00e3o de Maria<\/p>\n","protected":false},"excerpt":{"rendered":"<p>Caro leitor, partilho com voc\u00ea a experi\u00eancia fant\u00e1stica que ocorreu na Igreja do Ros\u00e1rio, no&#8230;<\/p>\n","protected":false},"author":7,"featured_media":23388,"comment_status":"open","ping_status":"open","sticky":false,"template":"","format":"standard","meta":{"_jetpack_memberships_contains_paid_content":false,"footnotes":"","jetpack_publicize_message":"","jetpack_publicize_feature_enabled":true,"jetpack_social_post_already_shared":true,"jetpack_social_options":{"image_generator_settings":{"template":"highway","default_image_id":0,"font":"","enabled":false},"version":2}},"categories":[11,89],"tags":[],"class_list":["post-24817","post","type-post","status-publish","format-standard","has-post-thumbnail","hentry","category-artigos","category-coracao-de-maria"],"jetpack_publicize_connections":[],"jetpack_featured_media_url":"https:\/\/correiodasemana.com\/site\/wp-content\/uploads\/2023\/02\/coracao-de-maria.jpg","jetpack-related-posts":[{"id":29486,"url":"https:\/\/correiodasemana.com\/site\/em-sobral-multidao-participa-da-40a-coroacao-da-imagem-de-nossa-senhora-na-boullevard-do-arco\/","url_meta":{"origin":24817,"position":0},"title":"Em Sobral, multid\u00e3o participa da 40\u00aa Coroa\u00e7\u00e3o da imagem de Nossa Senhora na Boullevard do Arco","author":"adminredacao","date":"Junho 3, 2024","format":false,"excerpt":"Os cat\u00f3licos sobralenses participaram neste dia 31 de maio, da 40\u00aa edi\u00e7\u00e3o da Coroa\u00e7\u00e3o da imagem de Nossa Senhora no Arco de Nossa Senhora de F\u00e1tima. O evento celebra Jubileu de Esmeralda e neste ano trouxe como tema: \u201cCom Maria, unidos em ora\u00e7\u00e3o\u201d. O monumento do Arco de Nossa Senhora\u2026","rel":"","context":"In &quot;Atualidade&quot;","block_context":{"text":"Atualidade","link":"https:\/\/correiodasemana.com\/site\/category\/atualidade\/"},"img":{"alt_text":"","src":"https:\/\/i0.wp.com\/correiodasemana.com\/site\/wp-content\/uploads\/2024\/06\/WhatsApp-Image-2024-06-01-at-15.01.32.jpeg?resize=350%2C200&ssl=1","width":350,"height":200,"srcset":"https:\/\/i0.wp.com\/correiodasemana.com\/site\/wp-content\/uploads\/2024\/06\/WhatsApp-Image-2024-06-01-at-15.01.32.jpeg?resize=350%2C200&ssl=1 1x, https:\/\/i0.wp.com\/correiodasemana.com\/site\/wp-content\/uploads\/2024\/06\/WhatsApp-Image-2024-06-01-at-15.01.32.jpeg?resize=525%2C300&ssl=1 1.5x, https:\/\/i0.wp.com\/correiodasemana.com\/site\/wp-content\/uploads\/2024\/06\/WhatsApp-Image-2024-06-01-at-15.01.32.jpeg?resize=700%2C400&ssl=1 2x, https:\/\/i0.wp.com\/correiodasemana.com\/site\/wp-content\/uploads\/2024\/06\/WhatsApp-Image-2024-06-01-at-15.01.32.jpeg?resize=1050%2C600&ssl=1 3x"},"classes":[]},{"id":33320,"url":"https:\/\/correiodasemana.com\/site\/entre-passos-e-preces-sobral-caminha-com-bom-jesus-rumo-ao-calvario\/","url_meta":{"origin":24817,"position":1},"title":"Entre passos e preces, Sobral caminha com Bom Jesus rumo ao Calv\u00e1rio","author":"adminredacao","date":"Abril 14, 2025","format":false,"excerpt":"Na sexta-feira, 11 de abril, durante todo o dia, fieis realizaram preces e ora\u00e7\u00f5es votivas ao Bom Jesus dos Passos na Capela de Nossa Senhora do Ros\u00e1rio. A programa\u00e7\u00e3o \u00e9 um marco hist\u00f3rico da manifesta\u00e7\u00e3o popular religiosa, que acontece tradicionalmente na sexta-feira que antecede a Semana Santa. Logo nas primeiras\u2026","rel":"","context":"In &quot;Atualidade&quot;","block_context":{"text":"Atualidade","link":"https:\/\/correiodasemana.com\/site\/category\/atualidade\/"},"img":{"alt_text":"","src":"https:\/\/i0.wp.com\/correiodasemana.com\/site\/wp-content\/uploads\/2025\/04\/DSC_7046.jpg?resize=350%2C200&ssl=1","width":350,"height":200,"srcset":"https:\/\/i0.wp.com\/correiodasemana.com\/site\/wp-content\/uploads\/2025\/04\/DSC_7046.jpg?resize=350%2C200&ssl=1 1x, https:\/\/i0.wp.com\/correiodasemana.com\/site\/wp-content\/uploads\/2025\/04\/DSC_7046.jpg?resize=525%2C300&ssl=1 1.5x, https:\/\/i0.wp.com\/correiodasemana.com\/site\/wp-content\/uploads\/2025\/04\/DSC_7046.jpg?resize=700%2C400&ssl=1 2x, https:\/\/i0.wp.com\/correiodasemana.com\/site\/wp-content\/uploads\/2025\/04\/DSC_7046.jpg?resize=1050%2C600&ssl=1 3x, https:\/\/i0.wp.com\/correiodasemana.com\/site\/wp-content\/uploads\/2025\/04\/DSC_7046.jpg?resize=1400%2C800&ssl=1 4x"},"classes":[]},{"id":10973,"url":"https:\/\/correiodasemana.com\/site\/fatima-celebracoes-do-centenario-da-morte-de-santa-jacinta-marto\/","url_meta":{"origin":24817,"position":2},"title":"F\u00e1tima: celebra\u00e7\u00f5es do centen\u00e1rio da morte de Santa Jacinta Marto","author":"","date":"Fevereiro 25, 2020","format":false,"excerpt":"O Santu\u00e1rio de F\u00e1tima est\u00e1 preparando um programa celebrativo, para o centen\u00e1rio da morte de Santa Jacinta Marto. A pastorinha que em 13 de maio de 1917, junto com seu irm\u00e3o mais velho Francisco e sua prima L\u00facia dos Santos foram tocados pelas apari\u00e7\u00f5es do Anjo e da M\u00e3e de\u2026","rel":"","context":"In &quot;Atualidade&quot;","block_context":{"text":"Atualidade","link":"https:\/\/correiodasemana.com\/site\/category\/atualidade\/"},"img":{"alt_text":"","src":"https:\/\/i0.wp.com\/correiodasemana.com\/site\/wp-content\/uploads\/2020\/02\/SantaJacintaMarto_-_FotoArquivoSantuariodeFatima.jpg?resize=350%2C200&ssl=1","width":350,"height":200,"srcset":"https:\/\/i0.wp.com\/correiodasemana.com\/site\/wp-content\/uploads\/2020\/02\/SantaJacintaMarto_-_FotoArquivoSantuariodeFatima.jpg?resize=350%2C200&ssl=1 1x, https:\/\/i0.wp.com\/correiodasemana.com\/site\/wp-content\/uploads\/2020\/02\/SantaJacintaMarto_-_FotoArquivoSantuariodeFatima.jpg?resize=525%2C300&ssl=1 1.5x"},"classes":[]},{"id":28105,"url":"https:\/\/correiodasemana.com\/site\/comunidade-catolica-coracao-de-maria-tera-novos-projetos-para-este-ano-de-2024\/","url_meta":{"origin":24817,"position":3},"title":"Comunidade Cat\u00f3lica Cora\u00e7\u00e3o de Maria ter\u00e1 novos projetos para este ano de 2024","author":"adminredacao","date":"Janeiro 22, 2024","format":false,"excerpt":"Esse ano de 2024 o Senhor nos inquieta a alargar nossas tendas, com a passagem b\u00edblica que se encontra em Is2-3: \u201cAmplia o espa\u00e7o da tua tenda, desdobra sem constrangimento as telas que te abrigam, alonga tuas cordas, consolida tuas estacas, pois dever\u00e1s estender-te \u00e0 direita e \u00e0 esquerda; teus\u2026","rel":"","context":"In &quot;Atualidade&quot;","block_context":{"text":"Atualidade","link":"https:\/\/correiodasemana.com\/site\/category\/atualidade\/"},"img":{"alt_text":"","src":"","width":0,"height":0},"classes":[]},{"id":29173,"url":"https:\/\/correiodasemana.com\/site\/abertura-do-mes-mariano-paroquias-celebram-despertar-com-maria\/","url_meta":{"origin":24817,"position":4},"title":"Abertura do M\u00eas Mariano: Par\u00f3quias celebram \u201cDespertar com Maria\u201d","author":"adminredacao","date":"Maio 6, 2024","format":false,"excerpt":"No raiar da \u00faltima quarta-feira, 1\u00ba de maio, algumas par\u00f3quias da Diocese de Sobral realizaram o \u201cDespertar com Maria\u201d onde fi\u00e9is cat\u00f3licos, devotos da virgem Maria participaram de programa\u00e7\u00e3o mariana em suas determinadas par\u00f3quias. O M\u00eas Mariano \u00e9 conhecido como m\u00eas dedicado a Virgem Maria. No dia 13 de maio,\u2026","rel":"","context":"In &quot;Atualidade&quot;","block_context":{"text":"Atualidade","link":"https:\/\/correiodasemana.com\/site\/category\/atualidade\/"},"img":{"alt_text":"","src":"https:\/\/i0.wp.com\/correiodasemana.com\/site\/wp-content\/uploads\/2024\/05\/Se-Catedral-de-Nossa-Senhora-da-Conceicao-1.jpeg?resize=350%2C200&ssl=1","width":350,"height":200,"srcset":"https:\/\/i0.wp.com\/correiodasemana.com\/site\/wp-content\/uploads\/2024\/05\/Se-Catedral-de-Nossa-Senhora-da-Conceicao-1.jpeg?resize=350%2C200&ssl=1 1x, https:\/\/i0.wp.com\/correiodasemana.com\/site\/wp-content\/uploads\/2024\/05\/Se-Catedral-de-Nossa-Senhora-da-Conceicao-1.jpeg?resize=525%2C300&ssl=1 1.5x, https:\/\/i0.wp.com\/correiodasemana.com\/site\/wp-content\/uploads\/2024\/05\/Se-Catedral-de-Nossa-Senhora-da-Conceicao-1.jpeg?resize=700%2C400&ssl=1 2x, https:\/\/i0.wp.com\/correiodasemana.com\/site\/wp-content\/uploads\/2024\/05\/Se-Catedral-de-Nossa-Senhora-da-Conceicao-1.jpeg?resize=1050%2C600&ssl=1 3x, https:\/\/i0.wp.com\/correiodasemana.com\/site\/wp-content\/uploads\/2024\/05\/Se-Catedral-de-Nossa-Senhora-da-Conceicao-1.jpeg?resize=1400%2C800&ssl=1 4x"},"classes":[]},{"id":38189,"url":"https:\/\/correiodasemana.com\/site\/com-votos-definitivos-e-novos-vocacionados-coracao-de-maria-celebra-34-anos-de-fundacao\/","url_meta":{"origin":24817,"position":5},"title":"Com votos definitivos e novos vocacionados, Cora\u00e7\u00e3o de Maria celebra 34 anos de funda\u00e7\u00e3o","author":"adminredacao","date":"Abril 19, 2026","format":false,"excerpt":"Por Andr\u00e9 Lu\u00eds\/ Comunidade Cora\u00e7\u00e3o de Maria A Comunidade Cat\u00f3lica Cora\u00e7\u00e3o de Maria, constitu\u00edda em 18 de abril de 1992, celebrou seus 34 anos de funda\u00e7\u00e3o com uma programa\u00e7\u00e3o marcada por momentos lit\u00fargicos e institucionais de grande relev\u00e2ncia para o carisma da comunidade. A solenidade principal ocorreu no dia 08\u2026","rel":"","context":"In &quot;Atualidade&quot;","block_context":{"text":"Atualidade","link":"https:\/\/correiodasemana.com\/site\/category\/atualidade\/"},"img":{"alt_text":"","src":"https:\/\/i0.wp.com\/correiodasemana.com\/site\/wp-content\/uploads\/2026\/04\/maior.jpeg?resize=350%2C200&ssl=1","width":350,"height":200,"srcset":"https:\/\/i0.wp.com\/correiodasemana.com\/site\/wp-content\/uploads\/2026\/04\/maior.jpeg?resize=350%2C200&ssl=1 1x, https:\/\/i0.wp.com\/correiodasemana.com\/site\/wp-content\/uploads\/2026\/04\/maior.jpeg?resize=525%2C300&ssl=1 1.5x, https:\/\/i0.wp.com\/correiodasemana.com\/site\/wp-content\/uploads\/2026\/04\/maior.jpeg?resize=700%2C400&ssl=1 2x, https:\/\/i0.wp.com\/correiodasemana.com\/site\/wp-content\/uploads\/2026\/04\/maior.jpeg?resize=1050%2C600&ssl=1 3x"},"classes":[]}],"jetpack_sharing_enabled":true,"_links":{"self":[{"href":"https:\/\/correiodasemana.com\/site\/wp-json\/wp\/v2\/posts\/24817","targetHints":{"allow":["GET"]}}],"collection":[{"href":"https:\/\/correiodasemana.com\/site\/wp-json\/wp\/v2\/posts"}],"about":[{"href":"https:\/\/correiodasemana.com\/site\/wp-json\/wp\/v2\/types\/post"}],"author":[{"embeddable":true,"href":"https:\/\/correiodasemana.com\/site\/wp-json\/wp\/v2\/users\/7"}],"replies":[{"embeddable":true,"href":"https:\/\/correiodasemana.com\/site\/wp-json\/wp\/v2\/comments?post=24817"}],"version-history":[{"count":1,"href":"https:\/\/correiodasemana.com\/site\/wp-json\/wp\/v2\/posts\/24817\/revisions"}],"predecessor-version":[{"id":24818,"href":"https:\/\/correiodasemana.com\/site\/wp-json\/wp\/v2\/posts\/24817\/revisions\/24818"}],"wp:featuredmedia":[{"embeddable":true,"href":"https:\/\/correiodasemana.com\/site\/wp-json\/wp\/v2\/media\/23388"}],"wp:attachment":[{"href":"https:\/\/correiodasemana.com\/site\/wp-json\/wp\/v2\/media?parent=24817"}],"wp:term":[{"taxonomy":"category","embeddable":true,"href":"https:\/\/correiodasemana.com\/site\/wp-json\/wp\/v2\/categories?post=24817"},{"taxonomy":"post_tag","embeddable":true,"href":"https:\/\/correiodasemana.com\/site\/wp-json\/wp\/v2\/tags?post=24817"}],"curies":[{"name":"wp","href":"https:\/\/api.w.org\/{rel}","templated":true}]}}