{"id":24899,"date":"2023-05-29T09:59:37","date_gmt":"2023-05-29T12:59:37","guid":{"rendered":"https:\/\/correiodasemana.com\/site\/?p=24899"},"modified":"2023-05-29T09:59:37","modified_gmt":"2023-05-29T12:59:37","slug":"sobral-sobral-127","status":"publish","type":"post","link":"https:\/\/correiodasemana.com\/site\/sobral-sobral-127\/","title":{"rendered":"Sobral, Sobral"},"content":{"rendered":"<p>\u201cMESMO QUE VOC\u00ca TROPECE, CONTINUE SEGUINDO, SEM DERRUBAR NINGU\u00c9M !\u201d<br \/>\n(\ud835\uddee\ud835\uddfb\ud835\uddfc\u0302\ud835\uddfb\ud835\uddf6\ud835\uddfa\ud835\uddfc)<br \/>\n\ud835\uddd5\ud835\udde2\ud835\udde0 \ud835\uddd7\ud835\udddc\ud835\uddd4!!<br \/>\n\ud835\udde0\ud835\udddc\ud835\udde1\ud835\udddb\ud835\uddd4\ud835\udde6 \ud835\udddb\ud835\udddc\ud835\udde6\ud835\udde7\ud835\udde2\u0301\ud835\udde5\ud835\udddc\ud835\uddd4\ud835\udde6&#8230;<br \/>\n\u201cQUANTOS ANOS TENHO??\u201d<br \/>\n\u201cTenho a idade em que as coisas s\u00e3o vistas com mais calma, mas com o interesse de seguir crescendo.<br \/>\nTenho os anos em que os sonhos come\u00e7am a acariciar com os dedos e as ilus\u00f5es se convertem em esperan\u00e7a.<br \/>\nTenho os anos em que o amor, \u00e0s vezes, \u00e9 uma chama intensa, ansiosa por consumir-se no fogo de uma paix\u00e3o desejada. E outras vezes \u00e9 uma ressaca de paz, como o entardecer em uma praia.<br \/>\nQuantos anos tenho? N\u00e3o preciso de um n\u00famero para marcar, pois meus anseios alcan\u00e7ados, as l\u00e1grimas que derramei pelo caminho ao ver minhas ilus\u00f5es despeda\u00e7adas, valem muito mais que isso&#8230;<br \/>\nO que importa se fa\u00e7o vinte, quarenta ou sessenta?!<br \/>\nO que importa \u00e9 a idade que sinto. Tenho os anos que necessito para viver livre e sem medos. Para seguir sem temor pela trilha, pois levo comigo a experi\u00eancia adquirida e a for\u00e7a de meus anseios.<br \/>\nQuantos anos tenho? Isso a quem importa? Tenho os anos necess\u00e1rios para perder o medo e fazer o que quero !!!&#8230;\u201d<br \/>\n(\ud835\ude79\ud835\ude7e\ud835\ude82\ud835\ude74\u0301 \ud835\ude82\ud835\ude70\ud835\ude81\ud835\ude70\ud835\ude7c\ud835\ude70\ud835\ude76\ud835\ude7e)<br \/>\n\ud835\udde0\ud835\udddc\ud835\udde1\ud835\udddb\ud835\uddd4\ud835\udde6 \ud835\udde3\ud835\udddc\ud835\uddd4\ud835\uddd7\ud835\uddd4\ud835\udde6&#8230;<br \/>\n\ud835\udde2 M\u00c9TODO \ud835\uddd7\ud835\udde2 \ud835\uddd8\ud835\uddeb\ud835\uddd4\ud835\udde0\ud835\uddd8 \ud835\uddd7\ud835\uddd4 \ud835\udde3 \ud835\udde5 \u00d3 \ud835\udde6 \ud835\udde7 \ud835\uddd4 \ud835\udde7 \ud835\uddd4<br \/>\nQuando a medicina quis ver os ossos, inventou os raios-x; quando quis ver o desenvolvimento de um beb\u00ea na barriga da m\u00e3e, inventou o ultrassom; quando quis checar o cora\u00e7\u00e3o, inventou o eletrocardiograma; quando quis ver o c\u00e9rebro, inventou a resson\u00e2ncia magn\u00e9tica!<br \/>\nO que me deixa inconformado \u00e9 que ningu\u00e9m explica porqu\u00ea para ver a pr\u00f3stata ainda tem ser pelo m\u00e9todo Braille??!!!<br \/>\nAssina: O inconformado !<br \/>\n(AUTORIA IGNORADA)<br \/>\n<a href=\"https:\/\/correiodasemana.com\/site\/sobral-sobral-127\/whatsapp-image-2023-05-25-at-19-52-34\/\" rel=\"attachment wp-att-24900\"><img fetchpriority=\"high\" decoding=\"async\" class=\"alignleft size-medium wp-image-24900\" src=\"https:\/\/correiodasemana.com\/site\/wp-content\/uploads\/2023\/05\/WhatsApp-Image-2023-05-25-at-19.52.34-230x300.jpeg\" alt=\"\" width=\"230\" height=\"300\" srcset=\"https:\/\/correiodasemana.com\/site\/wp-content\/uploads\/2023\/05\/WhatsApp-Image-2023-05-25-at-19.52.34-230x300.jpeg 230w, https:\/\/correiodasemana.com\/site\/wp-content\/uploads\/2023\/05\/WhatsApp-Image-2023-05-25-at-19.52.34.jpeg 467w\" sizes=\"(max-width: 230px) 100vw, 230px\" \/><\/a>MINHAS FRASES&#8230;<br \/>\nTUDO QUE ESTIVER SOBRANDO EM SUA CASA, EST\u00c1 FALTANDO EM ALGUM LUGAR !!<br \/>\n(CHICO XAVIER 1910-2002, escritor e medium esp\u00edrita kardecista, de PEDRO LEOPOLDO-MG )<\/p>\n","protected":false},"excerpt":{"rendered":"<p>\u201cMESMO QUE VOC\u00ca TROPECE, CONTINUE SEGUINDO, SEM DERRUBAR NINGU\u00c9M !\u201d (\ud835\uddee\ud835\uddfb\ud835\uddfc\u0302\ud835\uddfb\ud835\uddf6\ud835\uddfa\ud835\uddfc) \ud835\uddd5\ud835\udde2\ud835\udde0 \ud835\uddd7\ud835\udddc\ud835\uddd4!! \ud835\udde0\ud835\udddc\ud835\udde1\ud835\udddb\ud835\uddd4\ud835\udde6 \ud835\udddb\ud835\udddc\ud835\udde6\ud835\udde7\ud835\udde2\u0301\ud835\udde5\ud835\udddc\ud835\uddd4\ud835\udde6&#8230;&#8230;<\/p>\n","protected":false},"author":7,"featured_media":12393,"comment_status":"open","ping_status":"open","sticky":false,"template":"","format":"standard","meta":{"_jetpack_memberships_contains_paid_content":false,"footnotes":"","jetpack_publicize_message":"","jetpack_publicize_feature_enabled":true,"jetpack_social_post_already_shared":true,"jetpack_social_options":{"image_generator_settings":{"template":"highway","default_image_id":0,"font":"","enabled":false},"version":2}},"categories":[11,75],"tags":[],"class_list":["post-24899","post","type-post","status-publish","format-standard","has-post-thumbnail","hentry","category-artigos","category-carolino-soares"],"jetpack_publicize_connections":[],"jetpack_featured_media_url":"https:\/\/correiodasemana.com\/site\/wp-content\/uploads\/2020\/08\/Carolino-Soares.png","jetpack-related-posts":[{"id":24813,"url":"https:\/\/correiodasemana.com\/site\/sobral-sobral-126\/","url_meta":{"origin":24899,"position":0},"title":"Sobral , Sobral","author":"adminredacao","date":"Maio 21, 2023","format":false,"excerpt":"\ud835\udde7\ud835\uddf2\ud835\uddfa\ud835\uddfd\ud835\uddfc\ud835\ude00 \ud835\uddf1\ud835\uddf6\ud835\uddf3\ud835\uddf6\u0304\ud835\uddf0\ud835\uddf2\ud835\uddf6\ud835\ude00 \ud835\uddfb\ud835\uddee\u0303\ud835\uddfc \ud835\uddf1\ud835\ude02\ud835\uddff\ud835\uddee\ud835\uddfa, \ud835\uddfd\ud835\uddf2\ud835\ude00\ud835\ude00\ud835\uddfc\ud835\uddee\ud835\ude00 \ud835\uddf3\ud835\uddfc\ud835\uddff\ud835\ude01\ud835\uddf2\ud835\ude00, \ud835\udde6\ud835\udddc\ud835\udde0!! (\ud835\uddd7\ud835\uddf6\ud835\ude01\ud835\uddfc) \ud835\uddd5\ud835\udde2\ud835\udde0 \ud835\uddd7\ud835\udddc\ud835\uddd4!! \ud835\udde0\ud835\udddc\ud835\udde1\ud835\udddb\ud835\uddd4\ud835\udde6 \ud835\udddb\ud835\udddc\ud835\udde6\ud835\udde7\ud835\udde2\u0301\ud835\udde5\ud835\udddc\ud835\uddd4\ud835\udde6... \u201cQUANTOS ANOS TENHO ??\u201d \u201cTenho a idade em que as coisas s\u00e3o vistas com mais calma, mas com o interesse de seguir crescendo. Tenho os anos em que os sonhos come\u00e7am a acariciar com os dedos e as\u2026","rel":"","context":"In &quot;Artigos&quot;","block_context":{"text":"Artigos","link":"https:\/\/correiodasemana.com\/site\/category\/artigos\/"},"img":{"alt_text":"","src":"https:\/\/i0.wp.com\/correiodasemana.com\/site\/wp-content\/uploads\/2020\/08\/Carolino-Soares.png?resize=350%2C200&ssl=1","width":350,"height":200,"srcset":"https:\/\/i0.wp.com\/correiodasemana.com\/site\/wp-content\/uploads\/2020\/08\/Carolino-Soares.png?resize=350%2C200&ssl=1 1x, https:\/\/i0.wp.com\/correiodasemana.com\/site\/wp-content\/uploads\/2020\/08\/Carolino-Soares.png?resize=525%2C300&ssl=1 1.5x, https:\/\/i0.wp.com\/correiodasemana.com\/site\/wp-content\/uploads\/2020\/08\/Carolino-Soares.png?resize=700%2C400&ssl=1 2x"},"classes":[]},{"id":18437,"url":"https:\/\/correiodasemana.com\/site\/becco-ponto-com-67\/","url_meta":{"origin":24899,"position":1},"title":"Becco ponto Com","author":"","date":"Dezembro 27, 2021","format":false,"excerpt":"LIVRAI-NOS, SENHOR! 01, Da picaretagem dos pol\u00edticos modernos. 02. Dos importados sem import\u00e2ncia por aqui. 03. Dos risos falsos em tempo de Festas de Natal. 03. Dos ensinos modernos formando os analfas. 04. Da invas\u00e3o das gangues do crack na regi\u00e3o. 05. Do lixo musical das pisadinhas nos palcos. 06.\u2026","rel":"","context":"In &quot;Artigos&quot;","block_context":{"text":"Artigos","link":"https:\/\/correiodasemana.com\/site\/category\/artigos\/"},"img":{"alt_text":"","src":"https:\/\/i0.wp.com\/correiodasemana.com\/site\/wp-content\/uploads\/2021\/09\/Dr-Chico-Prado-Trofeu-Dom-Jose-1-1.jpg?resize=350%2C200&ssl=1","width":350,"height":200,"srcset":"https:\/\/i0.wp.com\/correiodasemana.com\/site\/wp-content\/uploads\/2021\/09\/Dr-Chico-Prado-Trofeu-Dom-Jose-1-1.jpg?resize=350%2C200&ssl=1 1x, https:\/\/i0.wp.com\/correiodasemana.com\/site\/wp-content\/uploads\/2021\/09\/Dr-Chico-Prado-Trofeu-Dom-Jose-1-1.jpg?resize=525%2C300&ssl=1 1.5x, https:\/\/i0.wp.com\/correiodasemana.com\/site\/wp-content\/uploads\/2021\/09\/Dr-Chico-Prado-Trofeu-Dom-Jose-1-1.jpg?resize=700%2C400&ssl=1 2x"},"classes":[]},{"id":31818,"url":"https:\/\/correiodasemana.com\/site\/papa-francisco-celebra-55-anos-de-sacerdocio\/","url_meta":{"origin":24899,"position":2},"title":"Papa Francisco celebra 55 anos de sacerd\u00f3cio","author":"adminredacao","date":"Dezembro 24, 2024","format":false,"excerpt":"Em 17 de dezembro, uma semana antes do in\u00edcio do Jubileu, o Papa completar\u00e1 88 anos de idade. Fonte: Vatican News Um dia especial para o Papa Francisco, que celebra nesta sexta-feira (13\/12), 55 anos de sacerd\u00f3cio. Bergoglio foi ordenado sacerdote em 13 de dezembro de 1969 pelo arcebispo Ramon\u2026","rel":"","context":"In &quot;Atualidade&quot;","block_context":{"text":"Atualidade","link":"https:\/\/correiodasemana.com\/site\/category\/atualidade\/"},"img":{"alt_text":"","src":"https:\/\/i0.wp.com\/correiodasemana.com\/site\/wp-content\/uploads\/2024\/12\/cq5dam.thumbnail.cropped.1500.844.jpeg?resize=350%2C200&ssl=1","width":350,"height":200,"srcset":"https:\/\/i0.wp.com\/correiodasemana.com\/site\/wp-content\/uploads\/2024\/12\/cq5dam.thumbnail.cropped.1500.844.jpeg?resize=350%2C200&ssl=1 1x, https:\/\/i0.wp.com\/correiodasemana.com\/site\/wp-content\/uploads\/2024\/12\/cq5dam.thumbnail.cropped.1500.844.jpeg?resize=525%2C300&ssl=1 1.5x, https:\/\/i0.wp.com\/correiodasemana.com\/site\/wp-content\/uploads\/2024\/12\/cq5dam.thumbnail.cropped.1500.844.jpeg?resize=700%2C400&ssl=1 2x, https:\/\/i0.wp.com\/correiodasemana.com\/site\/wp-content\/uploads\/2024\/12\/cq5dam.thumbnail.cropped.1500.844.jpeg?resize=1050%2C600&ssl=1 3x, https:\/\/i0.wp.com\/correiodasemana.com\/site\/wp-content\/uploads\/2024\/12\/cq5dam.thumbnail.cropped.1500.844.jpeg?resize=1400%2C800&ssl=1 4x"},"classes":[]},{"id":17065,"url":"https:\/\/correiodasemana.com\/site\/becco-ponto-com-46\/","url_meta":{"origin":24899,"position":3},"title":"Becco ponto Com","author":"","date":"Julho 27, 2021","format":false,"excerpt":"LIVRAI-NOS, SENHOR! 01. Do mal amado, do mal olhado e do mal humorado. 02. Das facetas do quotidiano a enganar os tops bobos. 03. Da safra de doutores analfas formados nas cochas. 04. Da ruma de puxas se inscrevendo para elei\u00e7\u00e3o 2022. 05. De uma imprensa marrom-bombom tamb\u00e9m aqui, ui!\u2026","rel":"","context":"In &quot;Artigos&quot;","block_context":{"text":"Artigos","link":"https:\/\/correiodasemana.com\/site\/category\/artigos\/"},"img":{"alt_text":"","src":"https:\/\/i0.wp.com\/correiodasemana.com\/site\/wp-content\/uploads\/2021\/04\/Chico-Prado-22.jpg?resize=350%2C200&ssl=1","width":350,"height":200,"srcset":"https:\/\/i0.wp.com\/correiodasemana.com\/site\/wp-content\/uploads\/2021\/04\/Chico-Prado-22.jpg?resize=350%2C200&ssl=1 1x, https:\/\/i0.wp.com\/correiodasemana.com\/site\/wp-content\/uploads\/2021\/04\/Chico-Prado-22.jpg?resize=525%2C300&ssl=1 1.5x, https:\/\/i0.wp.com\/correiodasemana.com\/site\/wp-content\/uploads\/2021\/04\/Chico-Prado-22.jpg?resize=700%2C400&ssl=1 2x"},"classes":[]},{"id":36417,"url":"https:\/\/correiodasemana.com\/site\/prof-valdeci-vasconcelos-e-homenageado-por-seus-90-anos\/","url_meta":{"origin":24899,"position":4},"title":"Prof. Valdeci Vasconcelos \u00e9 homenageado por seus 90 anos","author":"adminredacao","date":"Novembro 18, 2025","format":false,"excerpt":"Tendo celebrado 90 anos no \u00faltimo dia 21 de outubro, mesma data em que aniversariavam os sacerdotes Pe. Osvaldo Carneiro Chaves e Pe. Jos\u00e9 Linhares, o Professor Manoel Valdeci Vasconcelos foi homenageado pelo Instituto Hist\u00f3rico e Geogr\u00e1fico de Sobral (IHGS), na \u00faltima quarta-feira, dia 12, contando com a participa\u00e7\u00e3o de\u2026","rel":"","context":"In &quot;Atualidade&quot;","block_context":{"text":"Atualidade","link":"https:\/\/correiodasemana.com\/site\/category\/atualidade\/"},"img":{"alt_text":"","src":"https:\/\/i0.wp.com\/correiodasemana.com\/site\/wp-content\/uploads\/2025\/11\/WhatsApp-Image-2025-11-14-at-10.40.12-6.jpeg?resize=350%2C200&ssl=1","width":350,"height":200,"srcset":"https:\/\/i0.wp.com\/correiodasemana.com\/site\/wp-content\/uploads\/2025\/11\/WhatsApp-Image-2025-11-14-at-10.40.12-6.jpeg?resize=350%2C200&ssl=1 1x, https:\/\/i0.wp.com\/correiodasemana.com\/site\/wp-content\/uploads\/2025\/11\/WhatsApp-Image-2025-11-14-at-10.40.12-6.jpeg?resize=525%2C300&ssl=1 1.5x, https:\/\/i0.wp.com\/correiodasemana.com\/site\/wp-content\/uploads\/2025\/11\/WhatsApp-Image-2025-11-14-at-10.40.12-6.jpeg?resize=700%2C400&ssl=1 2x, https:\/\/i0.wp.com\/correiodasemana.com\/site\/wp-content\/uploads\/2025\/11\/WhatsApp-Image-2025-11-14-at-10.40.12-6.jpeg?resize=1050%2C600&ssl=1 3x, https:\/\/i0.wp.com\/correiodasemana.com\/site\/wp-content\/uploads\/2025\/11\/WhatsApp-Image-2025-11-14-at-10.40.12-6.jpeg?resize=1400%2C800&ssl=1 4x"},"classes":[]},{"id":17055,"url":"https:\/\/correiodasemana.com\/site\/sobral-sobral-48\/","url_meta":{"origin":24899,"position":5},"title":"Sobral, Sobral","author":"","date":"Julho 27, 2021","format":false,"excerpt":"SOBRAL, SOBRAL... Que a gente saiba agradecer o pouco para que possamos merecer o muito !! BOM DIA MINHAS HIST\u00d3RIAS... PADRE ANT\u00d4NIO TOM\u00c1S (1868-1941) sacerdote cat\u00f3lico, foi p\u00e1roco, poeta e escritor. Nasceu em ACARA\u00da-CE e \u00e9 considerado o Pr\u00edncipe dos Poetas Cearenses. Muito humilde, seus sonetos eram publicados na imprensa,\u2026","rel":"","context":"In &quot;Artigos&quot;","block_context":{"text":"Artigos","link":"https:\/\/correiodasemana.com\/site\/category\/artigos\/"},"img":{"alt_text":"","src":"https:\/\/i0.wp.com\/correiodasemana.com\/site\/wp-content\/uploads\/2021\/02\/artigo-carolino-radio.png?resize=350%2C200&ssl=1","width":350,"height":200,"srcset":"https:\/\/i0.wp.com\/correiodasemana.com\/site\/wp-content\/uploads\/2021\/02\/artigo-carolino-radio.png?resize=350%2C200&ssl=1 1x, https:\/\/i0.wp.com\/correiodasemana.com\/site\/wp-content\/uploads\/2021\/02\/artigo-carolino-radio.png?resize=525%2C300&ssl=1 1.5x, https:\/\/i0.wp.com\/correiodasemana.com\/site\/wp-content\/uploads\/2021\/02\/artigo-carolino-radio.png?resize=700%2C400&ssl=1 2x"},"classes":[]}],"jetpack_sharing_enabled":true,"_links":{"self":[{"href":"https:\/\/correiodasemana.com\/site\/wp-json\/wp\/v2\/posts\/24899","targetHints":{"allow":["GET"]}}],"collection":[{"href":"https:\/\/correiodasemana.com\/site\/wp-json\/wp\/v2\/posts"}],"about":[{"href":"https:\/\/correiodasemana.com\/site\/wp-json\/wp\/v2\/types\/post"}],"author":[{"embeddable":true,"href":"https:\/\/correiodasemana.com\/site\/wp-json\/wp\/v2\/users\/7"}],"replies":[{"embeddable":true,"href":"https:\/\/correiodasemana.com\/site\/wp-json\/wp\/v2\/comments?post=24899"}],"version-history":[{"count":2,"href":"https:\/\/correiodasemana.com\/site\/wp-json\/wp\/v2\/posts\/24899\/revisions"}],"predecessor-version":[{"id":24902,"href":"https:\/\/correiodasemana.com\/site\/wp-json\/wp\/v2\/posts\/24899\/revisions\/24902"}],"wp:featuredmedia":[{"embeddable":true,"href":"https:\/\/correiodasemana.com\/site\/wp-json\/wp\/v2\/media\/12393"}],"wp:attachment":[{"href":"https:\/\/correiodasemana.com\/site\/wp-json\/wp\/v2\/media?parent=24899"}],"wp:term":[{"taxonomy":"category","embeddable":true,"href":"https:\/\/correiodasemana.com\/site\/wp-json\/wp\/v2\/categories?post=24899"},{"taxonomy":"post_tag","embeddable":true,"href":"https:\/\/correiodasemana.com\/site\/wp-json\/wp\/v2\/tags?post=24899"}],"curies":[{"name":"wp","href":"https:\/\/api.w.org\/{rel}","templated":true}]}}