{"id":24978,"date":"2023-05-31T09:01:46","date_gmt":"2023-05-31T12:01:46","guid":{"rendered":"https:\/\/correiodasemana.com\/site\/?p=24978"},"modified":"2023-05-31T09:02:32","modified_gmt":"2023-05-31T12:02:32","slug":"todos-os-4-deputados-estaduais-do-pl-no-ceara-sao-cassados-pelo-tre-ce","status":"publish","type":"post","link":"https:\/\/correiodasemana.com\/site\/todos-os-4-deputados-estaduais-do-pl-no-ceara-sao-cassados-pelo-tre-ce\/","title":{"rendered":"Todos os 4 deputados estaduais do PL no Cear\u00e1 s\u00e3o cassados pelo TRE-CE"},"content":{"rendered":"<p>O Tribunal Regional Eleitoral (TRE-CE) decidiu nesta ter\u00e7a-feira, 30, cassar toda a chapa do PL no Cear\u00e1 por suposta fraude a cota de g\u00eanero. O julgamento come\u00e7ou h\u00e1 duas semanas, quando a Corte formou maioria, com quatro magistrados se manifestando a favor da pena. O prefeito de Eus\u00e9bio e presidente do PL, Acilon Gon\u00e7alves segue eleg\u00edvel e foi absorvido de penalidades.<\/p>\n<p>A decis\u00e3o cassou o mandato de\u00a0quatro deputados estaduais do PL: Carmelo Neto, Alcides Fernandes, Silvana Oliveira e Marta Gon\u00e7alves. Carmelo, inclusive, foi o deputado estadual mais votado do Estado em 2022.<br \/>\nA legenda pode recorrer da senten\u00e7a no pr\u00f3prio TRE e apresentar embargos.\u00a0A decis\u00e3o ter\u00e1 ainda que ser referendada pelo Tribunal Superior Eleitoral (TSE)\u00a0e, com a\u00a0 apresenta\u00e7\u00e3o de recurso, o partido seguir\u00e1 ocupando as cadeiras at\u00e9 passar pelo crivo da Corte.<\/p>\n<p>Um dos deputados confirmou que vai recorrer da senten\u00e7a. &#8220;Vamos recorrer ao TSE e n\u00e3o descansaremos at\u00e9 que a justi\u00e7a seja reestabelecida&#8221;, disse Carmelo pelas redes sociais.<\/p>\n<p>&nbsp;<\/p>\n<p><strong>PL cassado no Cear\u00e1: mudan\u00e7as na bancada da Assembleia Legislativa<\/strong><\/p>\n<p>Com a cassa\u00e7\u00e3o, muda a distribui\u00e7\u00e3o de vagas nas bancadas da Assembleia Legislativa. Ser\u00e1 preciso refazer o c\u00e1lculo do coeficiente eleitoral e partid\u00e1rio.<\/p>\n<p>Com a poss\u00edvel confirma\u00e7\u00e3o, duas mulheres ser\u00e3o cassadas e a previs\u00e3o \u00e9 que dois homens assumam as vagas. Se confirmada a decis\u00e3o, quase metade da oposi\u00e7\u00e3o ao Governo Elmano ser\u00e1 cassada. Al\u00e9m dos deputados do PL, tr\u00eas parlamentares do Uni\u00e3o Brasil e outros tr\u00eas deputados do PDT tem atuado contra o governo.<\/p>\n<p>&nbsp;<\/p>\n<p><strong>PL cassado no Cear\u00e1: Julgamento<\/strong><\/p>\n<p>\u00danico voto que faltava, o\u00a0presidente Inacio de Alencar Cortez Neto do tribunal votou contra a puni\u00e7\u00e3o. Na primeira parte do julgamento, em 15 de maio, quatro magistrados votaram para a aplica\u00e7\u00e3o da pena ao partido: Kamile Moreira Castro, Raimundo Deusdeth Rodrigues J\u00fanior, Roberto Soares Bulc\u00e3o Coutinho e Francisco \u00c9rico Carvalho Silveira.<\/p>\n<p>Foram contra a cassa\u00e7\u00e3o o relator do caso,\u00a0Raimundo Nonato Silva Santos, e\u00a0Gl\u00eadison Marques Fernandes.\u00a0Com o retorno do julgamento, os ju\u00edzes ainda poderiam reformular entendimento sobre o caso e mudar seu voto.<br \/>\nO presidente tinha pedido vistas por diverg\u00eancias nos votos quanto ao pedido de inelegibilidade do presidente da legenda, o prefeito de Eus\u00e9bio, Acilon Gon\u00e7alves. Dos quatro votos favor\u00e1veis \u00e0 cassa\u00e7\u00e3o, dois consideraram que o gestor tinha responsabilidade pelas supostas fraudes, enquanto dois argumentaram que o prefeito n\u00e3o estaria diretamente ligado \u00e0 inscri\u00e7\u00e3o das candidaturas nos sistemas.<\/p>\n<p>Na decis\u00e3o quanto ao prefeito, a Corte decidiu por quatro a dois o entendimento de que Acilon n\u00e3o poderia ser responsabilizado pela fraude. Assim, o gestor segue com seus direitos pol\u00edticos e est\u00e1 eleg\u00edvel.<\/p>\n<p>&nbsp;<\/p>\n<p><strong>PL cassado no Cear\u00e1: Fraude \u00e0 cota de g\u00eanero<\/strong><\/p>\n<p>Uma das a\u00e7\u00f5es foi movida pela pr\u00f3pria Procuradoria Regional Eleitoral no Cear\u00e1 (MPF) alegando que o partido inscreveu, sem consentimento, mulheres para a elei\u00e7\u00e3o para burlar a cota. Um outro processo foi interposto pela secret\u00e1ria de Juventude do Estado, Aldelita Monteiro (Psol), que apontava que uma das candidatas a deputada estadual registradas pelo PL, Andr\u00e9ia Moura, apresentou declara\u00e7\u00e3o testemunhando que o registro foi feito sem a permiss\u00e3o dela.<\/p>\n<p>Andr\u00e9ia n\u00e3o foi reconhecida como candidata, como solicitado por ela, mas o partido inscreveu outra candidata e teve a situa\u00e7\u00e3o considerada regular. Na iniciativa da a\u00e7\u00e3o, foi considerado que a substitui\u00e7\u00e3o de candidaturas n\u00e3o eliminaria a fraude.<\/p>\n<p>A argumenta\u00e7\u00e3o das a\u00e7\u00f5es tamb\u00e9m se baseiam em torno das candidaturas de Maria Meiriane De Oliveira, que teve 113 votos, e de Marlucia Barroso Bento, com 30 votos. A Corte considerou tamb\u00e9m que elas e outras candidatas n\u00e3o fizeram campanha nem presencialmente nem pela redes sociais.<\/p>\n<p>O processo pedia tamb\u00e9m a inelegibilidade do presidente da legenda, o prefeito de Eus\u00e9bio Acilon Gon\u00e7alves, bem como a devolu\u00e7\u00e3o do dinheiro recebido pela sigla pelos Fundos Partid\u00e1rio e Eleitoral durante as elei\u00e7\u00f5es. No julgamento, foi analisada a a\u00e7\u00e3o movida tamb\u00e9m pela Federa\u00e7\u00e3o Brasil da Esperan\u00e7a formada pelo PT\/PCdoB\/PV.<\/p>\n<p>&nbsp;<\/p>\n<p><strong>PL cassado no Cear\u00e1: Veja como votaram os ju\u00edzes<\/strong><br \/>\n<strong>Improcedente<\/strong><br \/>\nRaimundo Nonato Silva SantosGl\u00eadison Marques FernandesInacio de Alencar Cortez Neto<br \/>\n<strong>Procedente<\/strong><br \/>\nKamile Moreira CastroRaimundo Deusdeth Rodrigues J\u00faniorRoberto Soares Bulc\u00e3o CoutinhoFrancisco \u00c9rico Carvalho Silveira<\/p>\n<p>&nbsp;<\/p>\n<p><strong>PL cassado no Cear\u00e1: O que diz a defesa<\/strong><\/p>\n<p>Presidente da legenda, Acilon lamentou a cassa\u00e7\u00e3o, mas afirmou que a legenda est\u00e1 convencida de agiu &#8220;dentro da \u00e9tica e da legalidade&#8221;. &#8220;Infelizmente, houve o entendimento da maioria dos membros do Tribunal Regional Eleitoral (TRE-CE) pela proced\u00eancia dos argumentos daqueles que no denunciaram, mas tivemos votos com argumentos robustos em defesa da nossa tese&#8221;, ressaltou por meio de nota.<\/p>\n<p>Segundo ele, o partido vai entrar com recursos devidos nas inst\u00e2ncias adequadas para que &#8220;prevale\u00e7a o que n\u00f3s entendemos que \u00e9 correto e o \u00e9tico com a preserva\u00e7\u00e3o dos mandatos dos deputados, principalmente de mulheres&#8221;. O titular pontua que a decis\u00e3o retira 23% da participa\u00e7\u00e3o feminina na Assembleia Legislativa. &#8220;Eu creio, que no final n\u00e3o ser\u00e1 essa a decis\u00e3o judicial&#8221;, disse ainda.<\/p>\n<p>&#8220;O TRE-CE acaba de cassar o meu mandato e o de mais 3 deputados do PL. Tanto o relator quanto o presidente do tribunal votaram contra a cassa\u00e7\u00e3o, mas perdemos de 4&#215;3, em vota\u00e7\u00e3o apertada. Vamos recorrer ao TSE e n\u00e3o descansaremos at\u00e9 que a justi\u00e7a seja reestabelecida&#8221;, escreveu Carmelo pelas redes sociais. O parlamentar frisou que os mandatos ser\u00e3o suspensos apenas ap\u00f3s o julgamento no TSE. &#8220;Quanto ao mandato, vale ressaltar: s\u00f3 perderemos caso o tribunal superior confirme a decis\u00e3o de hoje. Continuaremos trabalhando e fiscalizando os desmandos do governo do PT, com ainda mais intensidade, para honrar a confian\u00e7a dos cearenses. Parar nunca foi op\u00e7\u00e3o. Pe\u00e7o o apoio de todos&#8221;, ressaltou.<\/p>\n<p>J\u00e1 Dra. Silvana (PL) afirmou que &#8220;existem outras fases do processo&#8221; e que vai recorrer at\u00e9 as \u00faltimas inst\u00e2ncias. &#8220;Saio daqui (do julgamento) cheia de f\u00e9 e esperan\u00e7a, uma vez que n\u00e3o s\u00f3 o desembargador-relator votou por n\u00f3s, como tamb\u00e9m o Presidente do Tribunal. N\u00e3o baixaremos a cabe\u00e7a, ainda existem outras fases do processo e n\u00f3s recorreremos at\u00e9 as \u00faltimas inst\u00e2ncias&#8221;, disse pelas redes sociais.<\/p>\n<p>O advogado Pedro Neto, representante jur\u00eddico do deputado Alcides Fernandes, disse\u00a0\u201cn\u00e3o haver nenhum ind\u00edcio, sequer m\u00ednimo, de que essas candidaturas foram feitas para favorecer outro candidato do PL\u201d.<br \/>\n\u201cA prova \u00e9 t\u00e3o fr\u00e1gil que uma delas ao depor deixa claro que em 2022 ela foi candidata, participou da conven\u00e7\u00e3o e participou da elei\u00e7\u00e3o\u201d, pontua. Ele afirma, ainda, que as candidatas n\u00e3o tiveram vota\u00e7\u00e3o nula ou vota\u00e7\u00e3o zerada, crit\u00e9rios estabelecidos pela TSE para configura\u00e7\u00e3o da ilicitude&#8221;, afirmou.<\/p>\n<p>&nbsp;<\/p>\n<p>&nbsp;<\/p>\n<p>&nbsp;<\/p>\n<p>Por M\u00e1rcio Gomes (Reda\u00e7\u00e3o Jornal Correio da Semana)<\/p>\n","protected":false},"excerpt":{"rendered":"<p>O Tribunal Regional Eleitoral (TRE-CE) decidiu nesta ter\u00e7a-feira, 30, cassar toda a chapa do PL&#8230;<\/p>\n","protected":false},"author":6,"featured_media":24979,"comment_status":"open","ping_status":"open","sticky":false,"template":"","format":"standard","meta":{"_jetpack_memberships_contains_paid_content":false,"footnotes":"","jetpack_publicize_message":"","jetpack_publicize_feature_enabled":true,"jetpack_social_post_already_shared":true,"jetpack_social_options":{"image_generator_settings":{"template":"highway","default_image_id":0,"font":"","enabled":false},"version":2}},"categories":[1],"tags":[],"class_list":["post-24978","post","type-post","status-publish","format-standard","has-post-thumbnail","hentry","category-atualidade"],"jetpack_publicize_connections":[],"jetpack_featured_media_url":"https:\/\/correiodasemana.com\/site\/wp-content\/uploads\/2023\/05\/1_pl_alece-21981679.jpg","jetpack-related-posts":[{"id":14501,"url":"https:\/\/correiodasemana.com\/site\/justica-proibe-eventos-com-aglomeracoes-em-campanhas-eleitorais-em-todo-o-estado-do-ceara\/","url_meta":{"origin":24978,"position":0},"title":"Justi\u00e7a pro\u00edbe eventos com aglomera\u00e7\u00f5es em campanhas eleitorais em todo o Estado do Cear\u00e1","author":"","date":"Novembro 12, 2020","format":false,"excerpt":"Por Joc\u00e9lio Tavares. O Tribunal Regional Eleitoral (TRE-CE) aprovou resolu\u00e7\u00e3o (n\u00ba 789\/2020) que pro\u00edbe, no Estado do Cear\u00e1, \u201cos atos de campanha eleitoral que causem aglomera\u00e7\u00e3o, ainda que em espa\u00e7os abertos, semiabertos ou no formato drive-in\u201d. A medida entra em vigor a partir de sua publica\u00e7\u00e3o no Di\u00e1rio da Justi\u00e7a\u2026","rel":"","context":"In &quot;Atualidade&quot;","block_context":{"text":"Atualidade","link":"https:\/\/correiodasemana.com\/site\/category\/atualidade\/"},"img":{"alt_text":"","src":"https:\/\/i0.wp.com\/correiodasemana.com\/site\/wp-content\/uploads\/2020\/11\/Aglomeracao.jpg?resize=350%2C200&ssl=1","width":350,"height":200,"srcset":"https:\/\/i0.wp.com\/correiodasemana.com\/site\/wp-content\/uploads\/2020\/11\/Aglomeracao.jpg?resize=350%2C200&ssl=1 1x, https:\/\/i0.wp.com\/correiodasemana.com\/site\/wp-content\/uploads\/2020\/11\/Aglomeracao.jpg?resize=525%2C300&ssl=1 1.5x"},"classes":[]},{"id":13691,"url":"https:\/\/correiodasemana.com\/site\/eleicoes-2020-tse-libera-ferramenta-para-consulta-de-candidaturas\/","url_meta":{"origin":24978,"position":1},"title":"Elei\u00e7\u00f5es 2020: TSE libera ferramenta para consulta de candidaturas","author":"","date":"Setembro 22, 2020","format":false,"excerpt":"Sistema pode ser consultado por qualquer cidad\u00e3o Consultas por munic\u00edpio e cargo, acesso \u00e0 informa\u00e7\u00f5es detalhadas sobre a situa\u00e7\u00e3o dos candidatos aos cargos de prefeito, vice-prefeito e vereador, que pediram registro para concorrer \u00e0s Elei\u00e7\u00f5es Municipais de 2020 j\u00e1 est\u00e3o dispon\u00edveis na plataforma\u00a0DivulgaCandContas, do Tribunal Superior Eleitoral (TSE). A ferramenta\u2026","rel":"","context":"In &quot;Atualidade&quot;","block_context":{"text":"Atualidade","link":"https:\/\/correiodasemana.com\/site\/category\/atualidade\/"},"img":{"alt_text":"","src":"https:\/\/i0.wp.com\/correiodasemana.com\/site\/wp-content\/uploads\/2020\/09\/tse_1908200982.jpg?resize=350%2C200&ssl=1","width":350,"height":200,"srcset":"https:\/\/i0.wp.com\/correiodasemana.com\/site\/wp-content\/uploads\/2020\/09\/tse_1908200982.jpg?resize=350%2C200&ssl=1 1x, https:\/\/i0.wp.com\/correiodasemana.com\/site\/wp-content\/uploads\/2020\/09\/tse_1908200982.jpg?resize=525%2C300&ssl=1 1.5x, https:\/\/i0.wp.com\/correiodasemana.com\/site\/wp-content\/uploads\/2020\/09\/tse_1908200982.jpg?resize=700%2C400&ssl=1 2x, https:\/\/i0.wp.com\/correiodasemana.com\/site\/wp-content\/uploads\/2020\/09\/tse_1908200982.jpg?resize=1050%2C600&ssl=1 3x"},"classes":[]},{"id":14672,"url":"https:\/\/correiodasemana.com\/site\/oito-prefeitos-eleitos-no-ceara-correm-risco-de-nao-assumir-mandato\/","url_meta":{"origin":24978,"position":2},"title":"Oito prefeitos eleitos no Cear\u00e1 correm risco de n\u00e3o assumir mandato","author":"","date":"Novembro 23, 2020","format":false,"excerpt":"Por Joc\u00e9lio Tavares. Com informa\u00e7\u00f5es do Di\u00e1rio do Nordeste Pelo menos oito candidaturas eleitas, no pleito do \u00faltimo domingo (15), para comandar prefeituras do Cear\u00e1 ainda ter\u00e3o de resolver pend\u00eancias na Justi\u00e7a Eleitoral at\u00e9 a data da diploma\u00e7\u00e3o em dezembro. O cen\u00e1rio de indefini\u00e7\u00e3o atinge a rotina de ao menos\u2026","rel":"","context":"In &quot;Atualidade&quot;","block_context":{"text":"Atualidade","link":"https:\/\/correiodasemana.com\/site\/category\/atualidade\/"},"img":{"alt_text":"","src":"https:\/\/i0.wp.com\/correiodasemana.com\/site\/wp-content\/uploads\/2020\/10\/eleicoes_2020_-_banner_destaque_01-1.jpg?resize=350%2C200&ssl=1","width":350,"height":200,"srcset":"https:\/\/i0.wp.com\/correiodasemana.com\/site\/wp-content\/uploads\/2020\/10\/eleicoes_2020_-_banner_destaque_01-1.jpg?resize=350%2C200&ssl=1 1x, https:\/\/i0.wp.com\/correiodasemana.com\/site\/wp-content\/uploads\/2020\/10\/eleicoes_2020_-_banner_destaque_01-1.jpg?resize=525%2C300&ssl=1 1.5x, https:\/\/i0.wp.com\/correiodasemana.com\/site\/wp-content\/uploads\/2020\/10\/eleicoes_2020_-_banner_destaque_01-1.jpg?resize=700%2C400&ssl=1 2x, https:\/\/i0.wp.com\/correiodasemana.com\/site\/wp-content\/uploads\/2020\/10\/eleicoes_2020_-_banner_destaque_01-1.jpg?resize=1050%2C600&ssl=1 3x"},"classes":[]},{"id":14382,"url":"https:\/\/correiodasemana.com\/site\/politica-em-evidencia-43\/","url_meta":{"origin":24978,"position":3},"title":"Pol\u00edtica em Evid\u00eancia","author":"","date":"Novembro 3, 2020","format":false,"excerpt":"Para as elei\u00e7\u00f5es de 15 de novembro, a situa\u00e7\u00e3o de Sobral \u00e9 a seguinte: S\u00e3o duas zonas eleitorais 24\u00aa e 121\u00aa\u00a0que somam 524 se\u00e7\u00f5es e 98 locais de vota\u00e7\u00e3o.\u00a0Total de votantes chega a 103.933. De acordo com o Tribunal Regional Eleitoral do Cear\u00e1 (TRE-CE), os bairros com mais eleitores s\u00e3o\u2026","rel":"","context":"In &quot;Artigos&quot;","block_context":{"text":"Artigos","link":"https:\/\/correiodasemana.com\/site\/category\/artigos\/"},"img":{"alt_text":"","src":"","width":0,"height":0},"classes":[]},{"id":13117,"url":"https:\/\/correiodasemana.com\/site\/tse-rejeita-punicao-para-abuso-de-poder-religioso-nas-eleicoes-2\/","url_meta":{"origin":24978,"position":4},"title":"TSE rejeita puni\u00e7\u00e3o para abuso de poder religioso nas elei\u00e7\u00f5es","author":"","date":"Agosto 24, 2020","format":false,"excerpt":"Por ampla maioria, os ministros da Corte julgaram improcedente a\u00e7\u00e3o contra vereadora acusada de pedir votos a fi\u00e9is de uma igreja evang\u00e9lica Por 6 votos a 1, o Tribunal Superior Eleitoral (TSE) rejeitou instituir o abuso de poder religioso em a\u00e7\u00f5es que podem levar \u00e0 cassa\u00e7\u00e3o do mandato de pol\u00edticos.\u2026","rel":"","context":"In &quot;Atualidade&quot;","block_context":{"text":"Atualidade","link":"https:\/\/correiodasemana.com\/site\/category\/atualidade\/"},"img":{"alt_text":"","src":"https:\/\/i0.wp.com\/correiodasemana.com\/site\/wp-content\/uploads\/2020\/08\/Tribunal-Superior-Eleitoral-TSE-Sede.jpg?resize=350%2C200&ssl=1","width":350,"height":200,"srcset":"https:\/\/i0.wp.com\/correiodasemana.com\/site\/wp-content\/uploads\/2020\/08\/Tribunal-Superior-Eleitoral-TSE-Sede.jpg?resize=350%2C200&ssl=1 1x, https:\/\/i0.wp.com\/correiodasemana.com\/site\/wp-content\/uploads\/2020\/08\/Tribunal-Superior-Eleitoral-TSE-Sede.jpg?resize=525%2C300&ssl=1 1.5x, https:\/\/i0.wp.com\/correiodasemana.com\/site\/wp-content\/uploads\/2020\/08\/Tribunal-Superior-Eleitoral-TSE-Sede.jpg?resize=700%2C400&ssl=1 2x"},"classes":[]},{"id":14499,"url":"https:\/\/correiodasemana.com\/site\/politica-em-evidencia-44\/","url_meta":{"origin":24978,"position":5},"title":"Pol\u00edtica em Evid\u00eancia","author":"","date":"Novembro 12, 2020","format":false,"excerpt":"Os candidatos a prefeito de Sobral, Ivo Gomes e Oscar Rodrigues (MDB), participaram\u00a0na noite da quinta-feira (5), de debate pol\u00edtico promovido pela R\u00e1dio Coqueiros, a partir das 19h00. O debate al\u00e9m de ter sido transmitido pela r\u00e1dio, os canais de comunica\u00e7\u00e3o dos dois candidatos e outros site acompanharam de perto\u2026","rel":"","context":"In &quot;Artigos&quot;","block_context":{"text":"Artigos","link":"https:\/\/correiodasemana.com\/site\/category\/artigos\/"},"img":{"alt_text":"","src":"","width":0,"height":0},"classes":[]}],"jetpack_sharing_enabled":true,"_links":{"self":[{"href":"https:\/\/correiodasemana.com\/site\/wp-json\/wp\/v2\/posts\/24978","targetHints":{"allow":["GET"]}}],"collection":[{"href":"https:\/\/correiodasemana.com\/site\/wp-json\/wp\/v2\/posts"}],"about":[{"href":"https:\/\/correiodasemana.com\/site\/wp-json\/wp\/v2\/types\/post"}],"author":[{"embeddable":true,"href":"https:\/\/correiodasemana.com\/site\/wp-json\/wp\/v2\/users\/6"}],"replies":[{"embeddable":true,"href":"https:\/\/correiodasemana.com\/site\/wp-json\/wp\/v2\/comments?post=24978"}],"version-history":[{"count":2,"href":"https:\/\/correiodasemana.com\/site\/wp-json\/wp\/v2\/posts\/24978\/revisions"}],"predecessor-version":[{"id":24981,"href":"https:\/\/correiodasemana.com\/site\/wp-json\/wp\/v2\/posts\/24978\/revisions\/24981"}],"wp:featuredmedia":[{"embeddable":true,"href":"https:\/\/correiodasemana.com\/site\/wp-json\/wp\/v2\/media\/24979"}],"wp:attachment":[{"href":"https:\/\/correiodasemana.com\/site\/wp-json\/wp\/v2\/media?parent=24978"}],"wp:term":[{"taxonomy":"category","embeddable":true,"href":"https:\/\/correiodasemana.com\/site\/wp-json\/wp\/v2\/categories?post=24978"},{"taxonomy":"post_tag","embeddable":true,"href":"https:\/\/correiodasemana.com\/site\/wp-json\/wp\/v2\/tags?post=24978"}],"curies":[{"name":"wp","href":"https:\/\/api.w.org\/{rel}","templated":true}]}}