{"id":25056,"date":"2023-06-06T21:03:20","date_gmt":"2023-06-07T00:03:20","guid":{"rendered":"https:\/\/correiodasemana.com\/site\/?p=25056"},"modified":"2023-06-06T21:03:20","modified_gmt":"2023-06-07T00:03:20","slug":"mercadinho-sao-luiz-tem-plano-para-se-instalar-em-sobral-no-segundo-semestre-deste-ano","status":"publish","type":"post","link":"https:\/\/correiodasemana.com\/site\/mercadinho-sao-luiz-tem-plano-para-se-instalar-em-sobral-no-segundo-semestre-deste-ano\/","title":{"rendered":"Mercadinho S\u00e3o Luiz tem plano para se instalar em Sobral no segundo semestre deste ano"},"content":{"rendered":"<p>O Mercadinho S\u00e3o Luiz, renomado varejista do ramo aliment\u00edcio, deve anunciar seus planos de expans\u00e3o para o segundo semestre de 2023. A rede de supermercados, conhecida por sua variedade de produtos de qualidade e atendimento personalizado, tem como objetivo abrir sua primeira loja na Regi\u00e3o Norte do Estado, em Sobral.<br \/>\nEssa iniciativa representa um marco importante para a empresa, que busca atender a crescente demanda dos consumidores no interior do estado e fortalecer sua presen\u00e7a no mercado.<br \/>\nSegundo fontes, a escolha de Sobral como local para a primeira loja na Regi\u00e3o Norte \u00e9 estrat\u00e9gica.<\/p>\n","protected":false},"excerpt":{"rendered":"<p>O Mercadinho S\u00e3o Luiz, renomado varejista do ramo aliment\u00edcio, deve anunciar seus planos de expans\u00e3o&#8230;<\/p>\n","protected":false},"author":7,"featured_media":25057,"comment_status":"open","ping_status":"open","sticky":false,"template":"","format":"standard","meta":{"_jetpack_memberships_contains_paid_content":false,"footnotes":"","jetpack_publicize_message":"","jetpack_publicize_feature_enabled":true,"jetpack_social_post_already_shared":true,"jetpack_social_options":{"image_generator_settings":{"template":"highway","default_image_id":0,"font":"","enabled":false},"version":2}},"categories":[1],"tags":[],"class_list":["post-25056","post","type-post","status-publish","format-standard","has-post-thumbnail","hentry","category-atualidade"],"jetpack_publicize_connections":[],"jetpack_featured_media_url":"https:\/\/correiodasemana.com\/site\/wp-content\/uploads\/2023\/06\/vagas-super-mercadinhos-sao-luiz.jpg","jetpack-related-posts":[{"id":11147,"url":"https:\/\/correiodasemana.com\/site\/renato-parente-centro-primeira-linha-de-transporte-coletivo-urbano-de-sobral-opera-em-fase-experimental\/","url_meta":{"origin":25056,"position":0},"title":"Renato Parente \u2013 Centro: Primeira linha de transporte coletivo urbano de Sobral opera em fase experimental","author":"","date":"Mar\u00e7o 9, 2020","format":false,"excerpt":"Os \u00f4nibus, com capacidade para 50 passageiros, rodar\u00e3o, inicialmente, de segunda a s\u00e1bado, de 6h at\u00e9 as 19h45min Assessoria de Comunica\u00e7\u00e3o da Prefeitura A linha Renato Parente - Centro ser\u00e1 a primeira linha de transporte coletivo urbano de Sobral a entrar em funcionamento. O in\u00edcio da opera\u00e7\u00e3o assistida (fase de\u2026","rel":"","context":"In &quot;Atualidade&quot;","block_context":{"text":"Atualidade","link":"https:\/\/correiodasemana.com\/site\/category\/atualidade\/"},"img":{"alt_text":"","src":"https:\/\/i0.wp.com\/correiodasemana.com\/site\/wp-content\/uploads\/2020\/03\/Onibus-coletivo-de-Sobral-1.jpeg?resize=350%2C200&ssl=1","width":350,"height":200,"srcset":"https:\/\/i0.wp.com\/correiodasemana.com\/site\/wp-content\/uploads\/2020\/03\/Onibus-coletivo-de-Sobral-1.jpeg?resize=350%2C200&ssl=1 1x, https:\/\/i0.wp.com\/correiodasemana.com\/site\/wp-content\/uploads\/2020\/03\/Onibus-coletivo-de-Sobral-1.jpeg?resize=525%2C300&ssl=1 1.5x, https:\/\/i0.wp.com\/correiodasemana.com\/site\/wp-content\/uploads\/2020\/03\/Onibus-coletivo-de-Sobral-1.jpeg?resize=700%2C400&ssl=1 2x, https:\/\/i0.wp.com\/correiodasemana.com\/site\/wp-content\/uploads\/2020\/03\/Onibus-coletivo-de-Sobral-1.jpeg?resize=1050%2C600&ssl=1 3x"},"classes":[]},{"id":33892,"url":"https:\/\/correiodasemana.com\/site\/santa-casa-de-misericordia-de-sobral-celebra-100-anos-com-semana-de-homenagens-solidariedade-e-historia\/","url_meta":{"origin":25056,"position":1},"title":"Santa Casa de Miseric\u00f3rdia de Sobral celebra 100 anos com semana de homenagens, solidariedade e hist\u00f3ria","author":"adminredacao","date":"Junho 3, 2025","format":false,"excerpt":"Com uma programa\u00e7\u00e3o que reuniu autoridades, colaboradores, parceiros e a comunidade, o hospital encerrou as comemora\u00e7\u00f5es do seu centen\u00e1rio no domingo (25), com a Corrida do Centen\u00e1rio Fundada em 24 de maio de 1925, a Santa Casa de Miseric\u00f3rdia de Sobral celebrou, ao longo da \u00faltima semana, seu centen\u00e1rio de\u2026","rel":"","context":"In &quot;Atualidade&quot;","block_context":{"text":"Atualidade","link":"https:\/\/correiodasemana.com\/site\/category\/atualidade\/"},"img":{"alt_text":"","src":"https:\/\/i0.wp.com\/correiodasemana.com\/site\/wp-content\/uploads\/2025\/06\/santa-casa-de-sobral-2.jpeg?resize=350%2C200&ssl=1","width":350,"height":200,"srcset":"https:\/\/i0.wp.com\/correiodasemana.com\/site\/wp-content\/uploads\/2025\/06\/santa-casa-de-sobral-2.jpeg?resize=350%2C200&ssl=1 1x, https:\/\/i0.wp.com\/correiodasemana.com\/site\/wp-content\/uploads\/2025\/06\/santa-casa-de-sobral-2.jpeg?resize=525%2C300&ssl=1 1.5x, https:\/\/i0.wp.com\/correiodasemana.com\/site\/wp-content\/uploads\/2025\/06\/santa-casa-de-sobral-2.jpeg?resize=700%2C400&ssl=1 2x, https:\/\/i0.wp.com\/correiodasemana.com\/site\/wp-content\/uploads\/2025\/06\/santa-casa-de-sobral-2.jpeg?resize=1050%2C600&ssl=1 3x, https:\/\/i0.wp.com\/correiodasemana.com\/site\/wp-content\/uploads\/2025\/06\/santa-casa-de-sobral-2.jpeg?resize=1400%2C800&ssl=1 4x"},"classes":[]},{"id":9364,"url":"https:\/\/correiodasemana.com\/site\/clinica-de-odontologia-da-universidade-federal-do-ceara-em-sobral-presta-servicos-a-comunidade\/","url_meta":{"origin":25056,"position":2},"title":"Cl\u00ednica de Odontologia da Universidade Federal do Cear\u00e1 em Sobral presta servi\u00e7os \u00e0 comunidade","author":"","date":"Outubro 7, 2019","format":false,"excerpt":"Cl\u00ednica de Odontologia da Universidade Federal do Cear\u00e1 em Sobral presta servi\u00e7os \u00e0 comunidade Com a vis\u00e3o de formar excelentes alunos e priorizar o servi\u00e7o de qualidade ao p\u00fablico, a Cl\u00ednica de Odontologia da Universidade Federal do Cear\u00e1 (UFC) em Sobral, oferece atendimentos gratuitos atendendo as necessidades da comunidade. O\u2026","rel":"","context":"In &quot;Atualidade&quot;","block_context":{"text":"Atualidade","link":"https:\/\/correiodasemana.com\/site\/category\/atualidade\/"},"img":{"alt_text":"","src":"https:\/\/i0.wp.com\/correiodasemana.com\/site\/wp-content\/uploads\/2019\/10\/odontologia-UFC-Sobral-12.jpg?resize=350%2C200&ssl=1","width":350,"height":200,"srcset":"https:\/\/i0.wp.com\/correiodasemana.com\/site\/wp-content\/uploads\/2019\/10\/odontologia-UFC-Sobral-12.jpg?resize=350%2C200&ssl=1 1x, https:\/\/i0.wp.com\/correiodasemana.com\/site\/wp-content\/uploads\/2019\/10\/odontologia-UFC-Sobral-12.jpg?resize=525%2C300&ssl=1 1.5x, https:\/\/i0.wp.com\/correiodasemana.com\/site\/wp-content\/uploads\/2019\/10\/odontologia-UFC-Sobral-12.jpg?resize=700%2C400&ssl=1 2x, https:\/\/i0.wp.com\/correiodasemana.com\/site\/wp-content\/uploads\/2019\/10\/odontologia-UFC-Sobral-12.jpg?resize=1050%2C600&ssl=1 3x, https:\/\/i0.wp.com\/correiodasemana.com\/site\/wp-content\/uploads\/2019\/10\/odontologia-UFC-Sobral-12.jpg?resize=1400%2C800&ssl=1 4x"},"classes":[]},{"id":8376,"url":"https:\/\/correiodasemana.com\/site\/mesmo-com-crise-economica-comerciantes-de-sobral-mantem-fe-e-perseveram\/","url_meta":{"origin":25056,"position":3},"title":"Mesmo com crise econ\u00f4mica, comerciantes de Sobral mant\u00eam f\u00e9 e perseveram","author":"","date":"Julho 22, 2019","format":false,"excerpt":"H\u00e1 quase 40 anos vendendo componentes eletr\u00f4nicos, Francisco Irismar percebe as transforma\u00e7\u00f5es do com\u00e9rcio na cidade. Tarc\u00edsio, que h\u00e1 22 anos trabalha no com\u00e9rcio de varejo se apega \u00e0 esperan\u00e7a pela melhora da economia O com\u00e9rcio est\u00e1 presente na hist\u00f3ria da humanidade desde os prim\u00f3rdios do desenvolvimento humano, quando a\u2026","rel":"","context":"In &quot;Atualidade&quot;","block_context":{"text":"Atualidade","link":"https:\/\/correiodasemana.com\/site\/category\/atualidade\/"},"img":{"alt_text":"","src":"https:\/\/i0.wp.com\/correiodasemana.com\/site\/wp-content\/uploads\/2019\/07\/Irismar-da-Transradial.jpg?resize=350%2C200&ssl=1","width":350,"height":200,"srcset":"https:\/\/i0.wp.com\/correiodasemana.com\/site\/wp-content\/uploads\/2019\/07\/Irismar-da-Transradial.jpg?resize=350%2C200&ssl=1 1x, https:\/\/i0.wp.com\/correiodasemana.com\/site\/wp-content\/uploads\/2019\/07\/Irismar-da-Transradial.jpg?resize=525%2C300&ssl=1 1.5x, https:\/\/i0.wp.com\/correiodasemana.com\/site\/wp-content\/uploads\/2019\/07\/Irismar-da-Transradial.jpg?resize=700%2C400&ssl=1 2x"},"classes":[]},{"id":11254,"url":"https:\/\/correiodasemana.com\/site\/medidas-adotadas-contra-a-disseminacao-do-coronavirus-mudam-a-rotina-dos-sobralenses\/","url_meta":{"origin":25056,"position":4},"title":"Medidas adotadas contra a dissemina\u00e7\u00e3o do coronav\u00edrus mudam a rotina dos sobralenses","author":"","date":"Mar\u00e7o 24, 2020","format":false,"excerpt":"O prefeito de Sobral, Ivo Gomes, decretou na \u00faltima segunda-feira (16), estado de emerg\u00eancia no munic\u00edpio, estabelecendo medidas contra a dissemina\u00e7\u00e3o da doen\u00e7a Logo ap\u00f3s a Secretaria da Sa\u00fade do Cear\u00e1 (Sesa) confirmar os primeiros casos de coronav\u00edrus no estado, o prefeito de Sobral, Ivo Gomes, decretou na \u00faltima segunda-feira\u2026","rel":"","context":"In &quot;Atualidade&quot;","block_context":{"text":"Atualidade","link":"https:\/\/correiodasemana.com\/site\/category\/atualidade\/"},"img":{"alt_text":"","src":"https:\/\/i0.wp.com\/correiodasemana.com\/site\/wp-content\/uploads\/2020\/03\/IMG-20200303-WA0132.jpg?resize=350%2C200&ssl=1","width":350,"height":200,"srcset":"https:\/\/i0.wp.com\/correiodasemana.com\/site\/wp-content\/uploads\/2020\/03\/IMG-20200303-WA0132.jpg?resize=350%2C200&ssl=1 1x, https:\/\/i0.wp.com\/correiodasemana.com\/site\/wp-content\/uploads\/2020\/03\/IMG-20200303-WA0132.jpg?resize=525%2C300&ssl=1 1.5x, https:\/\/i0.wp.com\/correiodasemana.com\/site\/wp-content\/uploads\/2020\/03\/IMG-20200303-WA0132.jpg?resize=700%2C400&ssl=1 2x, https:\/\/i0.wp.com\/correiodasemana.com\/site\/wp-content\/uploads\/2020\/03\/IMG-20200303-WA0132.jpg?resize=1050%2C600&ssl=1 3x, https:\/\/i0.wp.com\/correiodasemana.com\/site\/wp-content\/uploads\/2020\/03\/IMG-20200303-WA0132.jpg?resize=1400%2C800&ssl=1 4x"},"classes":[]},{"id":12145,"url":"https:\/\/correiodasemana.com\/site\/hospital-dom-walfrido-inicia-atendimento-ambulatorial-em-traumato-ortopedia-para-sobral-e-regiao\/","url_meta":{"origin":25056,"position":5},"title":"Hospital Dom Walfrido inicia atendimento ambulatorial em traumato-ortopedia para Sobral e regi\u00e3o","author":"","date":"Julho 22, 2020","format":false,"excerpt":"Visando ampliar e garantir servi\u00e7os de sa\u00fade com qualidade a todos que necessitem em Sobral e regi\u00e3o, o Hospital Dom Walfrido, unidade do Complexo Santa Casa de Miseric\u00f3rdia de Sobral, para atendimentos de conv\u00eanios e particulares, iniciou na segunda-feira (20\/07) o atendimento ambulatorial especializado em traumato-ortopedia. Com instala\u00e7\u00f5es novas, confort\u00e1veis\u2026","rel":"","context":"In &quot;Atualidade&quot;","block_context":{"text":"Atualidade","link":"https:\/\/correiodasemana.com\/site\/category\/atualidade\/"},"img":{"alt_text":"","src":"https:\/\/i0.wp.com\/correiodasemana.com\/site\/wp-content\/uploads\/2020\/07\/Atendimento-ortopedia-1.jpg?resize=350%2C200&ssl=1","width":350,"height":200,"srcset":"https:\/\/i0.wp.com\/correiodasemana.com\/site\/wp-content\/uploads\/2020\/07\/Atendimento-ortopedia-1.jpg?resize=350%2C200&ssl=1 1x, https:\/\/i0.wp.com\/correiodasemana.com\/site\/wp-content\/uploads\/2020\/07\/Atendimento-ortopedia-1.jpg?resize=525%2C300&ssl=1 1.5x, https:\/\/i0.wp.com\/correiodasemana.com\/site\/wp-content\/uploads\/2020\/07\/Atendimento-ortopedia-1.jpg?resize=700%2C400&ssl=1 2x, https:\/\/i0.wp.com\/correiodasemana.com\/site\/wp-content\/uploads\/2020\/07\/Atendimento-ortopedia-1.jpg?resize=1050%2C600&ssl=1 3x, https:\/\/i0.wp.com\/correiodasemana.com\/site\/wp-content\/uploads\/2020\/07\/Atendimento-ortopedia-1.jpg?resize=1400%2C800&ssl=1 4x"},"classes":[]}],"jetpack_sharing_enabled":true,"_links":{"self":[{"href":"https:\/\/correiodasemana.com\/site\/wp-json\/wp\/v2\/posts\/25056","targetHints":{"allow":["GET"]}}],"collection":[{"href":"https:\/\/correiodasemana.com\/site\/wp-json\/wp\/v2\/posts"}],"about":[{"href":"https:\/\/correiodasemana.com\/site\/wp-json\/wp\/v2\/types\/post"}],"author":[{"embeddable":true,"href":"https:\/\/correiodasemana.com\/site\/wp-json\/wp\/v2\/users\/7"}],"replies":[{"embeddable":true,"href":"https:\/\/correiodasemana.com\/site\/wp-json\/wp\/v2\/comments?post=25056"}],"version-history":[{"count":1,"href":"https:\/\/correiodasemana.com\/site\/wp-json\/wp\/v2\/posts\/25056\/revisions"}],"predecessor-version":[{"id":25058,"href":"https:\/\/correiodasemana.com\/site\/wp-json\/wp\/v2\/posts\/25056\/revisions\/25058"}],"wp:featuredmedia":[{"embeddable":true,"href":"https:\/\/correiodasemana.com\/site\/wp-json\/wp\/v2\/media\/25057"}],"wp:attachment":[{"href":"https:\/\/correiodasemana.com\/site\/wp-json\/wp\/v2\/media?parent=25056"}],"wp:term":[{"taxonomy":"category","embeddable":true,"href":"https:\/\/correiodasemana.com\/site\/wp-json\/wp\/v2\/categories?post=25056"},{"taxonomy":"post_tag","embeddable":true,"href":"https:\/\/correiodasemana.com\/site\/wp-json\/wp\/v2\/tags?post=25056"}],"curies":[{"name":"wp","href":"https:\/\/api.w.org\/{rel}","templated":true}]}}