{"id":25059,"date":"2023-06-06T21:04:49","date_gmt":"2023-06-07T00:04:49","guid":{"rendered":"https:\/\/correiodasemana.com\/site\/?p=25059"},"modified":"2023-06-06T21:04:49","modified_gmt":"2023-06-07T00:04:49","slug":"ministro-reitera-compromisso-do-governo-com-educacao-publica","status":"publish","type":"post","link":"https:\/\/correiodasemana.com\/site\/ministro-reitera-compromisso-do-governo-com-educacao-publica\/","title":{"rendered":"Ministro reitera compromisso do governo com educa\u00e7\u00e3o p\u00fablica"},"content":{"rendered":"<p><strong>Reajuste de bolsas de mestrado, doutorado e p\u00f3s-doutorado \u00e9 destaque<\/strong><\/p>\n<p>Por Fl\u00e1via Albuquerque \u2013 Rep\u00f3rter da Ag\u00eancia Brasil &#8211; S\u00e3o Paulo<br \/>\nO ministro da Educa\u00e7\u00e3o, Camilo Santana, que participou da inaugura\u00e7\u00e3o do novo pr\u00e9dio da Universidade Federal do ABC (UFABC, que vai abrigar o Bloco Zeta de laborat\u00f3rios, lembrou, nesta sexta-feira (2), que uma das primeiras medidas de Lula, ao assumir a Presid\u00eancia da Rep\u00fablica, foi convidar todos os reitores das universidades e institutos federais para mostrar que o governo atual tem compromisso com a educa\u00e7\u00e3o superior e com a educa\u00e7\u00e3o p\u00fablica do pa\u00eds.<br \/>\n\u201cEle [Lula] determinou a recomposi\u00e7\u00e3o de v\u00e1rias pol\u00edticas p\u00fablicas importantes para a educa\u00e7\u00e3o p\u00fablica brasileira, fez o reajuste das bolsas de mestrado, doutorado e p\u00f3s-doutorado, que h\u00e1 quase dez anos n\u00e3o tinham aumento\u201d, disse Santana. Segundo o ministro, os reitores est\u00e3o sendo informados de que ser\u00e3o retomadas e terminadas todas as obras que foram paralisadas. \u201cEsta \u00e9 uma sinaliza\u00e7\u00e3o de que o compromisso do Brasil com a educa\u00e7\u00e3o p\u00fablica gratuita de qualidade voltou\u201d, afirmou o ministro.<br \/>\nSantana ressaltou que o governo planeja investir mais n\u00e3o apenas na educa\u00e7\u00e3o b\u00e1sica, mas em toda a educa\u00e7\u00e3o e no ensino superior. Ele destacou o compromisso com o ensino superior e lembrou que, com investimento em educa\u00e7\u00e3o, ser\u00e1 poss\u00edvel transformar o Brasil em \u201cum pa\u00eds livre e justo, que gera oportunidade para os jovens e crian\u00e7as\u201d.<br \/>\nO Bloco Zeta da UFABC \u00e9 um pr\u00e9dio criado no\u00a0campus\u00a0de S\u00e3o Bernardo do Campo, que abrigar\u00e1 22 laborat\u00f3rios de pesquisa cient\u00edfica e inova\u00e7\u00e3o tecnol\u00f3gica nas mais diversas \u00e1reas como gen\u00e9tica, desenvolvimento energ\u00e9tico e equipamentos m\u00e9dicos. H\u00e1 inclusive um laborat\u00f3rio destinado ao desenvolvimento de tratamentos inovadores para doen\u00e7as card\u00edacas complexas.<br \/>\nO complexo tem 5,8 mil metros quadrados e inclui ainda 12 laborat\u00f3rios de inicia\u00e7\u00e3o cient\u00edfica e salas de aula voltadas para a p\u00f3s-gradua\u00e7\u00e3o. A constru\u00e7\u00e3o do novo bloco contou com financiamento federal, por meio do or\u00e7amento da UFABC, do Fundo Nacional de Desenvolvimento Cient\u00edfico e Tecnol\u00f3gico (Finep), recursos de emendas parlamentares e individuais de deputados federais. O valor total de investimento foi de R$ 28,5 milh\u00f5es.<\/p>\n<p><strong>Investimento e gastos<\/strong><br \/>\n\u201cA ci\u00eancia voltou. Mais de 90% da produ\u00e7\u00e3o cient\u00edfica brasileira se d\u00e1 nas universidades. Por isso, n\u00e3o consideramos as universidades espa\u00e7o de balb\u00fardia, muito pelo contr\u00e1rio, consideramos espa\u00e7o de excel\u00eancia. E isso n\u00e3o \u00e9 ret\u00f3rica, porque o presidente Lula resgatou o Fundo Nacional dos Desenvolvimento da Ci\u00eancia e Tecnologia, que agora vai financiar os laborat\u00f3rios que vimos aqui\u201d, afirmou a ministra de Ci\u00eancia e Tecnologia, Luciana Santos.<br \/>\nO presidente Luiz In\u00e1cio Lula da Silva afirmou, na ocasi\u00e3o, que os valores repassados a \u00e1reas como educa\u00e7\u00e3o e sa\u00fade n\u00e3o configuram gasto, mas investimento. Lula enfatizou que n\u00e3o existe, em todo o mundo, um pa\u00eds que cresceu e se desenvolveu sem antes investir na educa\u00e7\u00e3o.<br \/>\n\u201cSe a educa\u00e7\u00e3o \u00e9 a base de tudo, tomei a decis\u00e3o de que, no nosso governo, quando se fala em fazer universidade, creche, escola, a gente n\u00e3o pode mais utilizar a palavra gasto. A palavra tem que ser investimento. \u00c9 uma invers\u00e3o que a gente precisa fazer. Para a elite dominante deste pa\u00eds, tudo que \u00e9 benef\u00edcio \u00e9 gasto. Sa\u00fade \u00e9 gasto. Ora, a sa\u00fade \u00e9 um baita de um investimento. Todo mundo sabe o quanto custa uma pessoa doente aos cofres do Estado. E o quanto pode produzir, trabalhar e aprender uma pessoa que est\u00e1 com plena sa\u00fade\u201d, afirmou.<\/p>\n","protected":false},"excerpt":{"rendered":"<p>Reajuste de bolsas de mestrado, doutorado e p\u00f3s-doutorado \u00e9 destaque Por Fl\u00e1via Albuquerque \u2013 Rep\u00f3rter&#8230;<\/p>\n","protected":false},"author":7,"featured_media":25060,"comment_status":"open","ping_status":"open","sticky":false,"template":"","format":"standard","meta":{"_jetpack_memberships_contains_paid_content":false,"footnotes":"","jetpack_publicize_message":"","jetpack_publicize_feature_enabled":true,"jetpack_social_post_already_shared":true,"jetpack_social_options":{"image_generator_settings":{"template":"highway","default_image_id":0,"font":"","enabled":false},"version":2}},"categories":[1],"tags":[],"class_list":["post-25059","post","type-post","status-publish","format-standard","has-post-thumbnail","hentry","category-atualidade"],"jetpack_publicize_connections":[],"jetpack_featured_media_url":"https:\/\/correiodasemana.com\/site\/wp-content\/uploads\/2023\/06\/MINISTRO-CAMILO-SANTANA.jpg","jetpack-related-posts":[{"id":32133,"url":"https:\/\/correiodasemana.com\/site\/em-tempo-259\/","url_meta":{"origin":25059,"position":0},"title":"Em Tempo","author":"adminredacao","date":"Janeiro 15, 2025","format":false,"excerpt":"Concurso para professor de L\u00edngua Inglesa A Universidade Federal do Cear\u00e1 (UFC) publicou edital de concurso p\u00fablico para uma vaga de professor da carreira do Magist\u00e9rio do Ensino B\u00e1sico, T\u00e9cnico e Tecnol\u00f3gico. As inscri\u00e7\u00f5es estar\u00e3o abertas de 14 de janeiro a 12 de fevereiro pelo e-mail ccbsecretaria@ufc.br. A vaga est\u00e1\u2026","rel":"","context":"In &quot;Artigos&quot;","block_context":{"text":"Artigos","link":"https:\/\/correiodasemana.com\/site\/category\/artigos\/"},"img":{"alt_text":"","src":"https:\/\/i0.wp.com\/correiodasemana.com\/site\/wp-content\/uploads\/2025\/01\/GERALDO-AZEVEDO-Por-Marcelo-Ribeiro.jpg?resize=350%2C200&ssl=1","width":350,"height":200,"srcset":"https:\/\/i0.wp.com\/correiodasemana.com\/site\/wp-content\/uploads\/2025\/01\/GERALDO-AZEVEDO-Por-Marcelo-Ribeiro.jpg?resize=350%2C200&ssl=1 1x, https:\/\/i0.wp.com\/correiodasemana.com\/site\/wp-content\/uploads\/2025\/01\/GERALDO-AZEVEDO-Por-Marcelo-Ribeiro.jpg?resize=525%2C300&ssl=1 1.5x, https:\/\/i0.wp.com\/correiodasemana.com\/site\/wp-content\/uploads\/2025\/01\/GERALDO-AZEVEDO-Por-Marcelo-Ribeiro.jpg?resize=700%2C400&ssl=1 2x, https:\/\/i0.wp.com\/correiodasemana.com\/site\/wp-content\/uploads\/2025\/01\/GERALDO-AZEVEDO-Por-Marcelo-Ribeiro.jpg?resize=1050%2C600&ssl=1 3x"},"classes":[]},{"id":22849,"url":"https:\/\/correiodasemana.com\/site\/cnm-orienta-que-prefeituras-nao-paguem-reajuste-do-piso-dos-professores\/","url_meta":{"origin":25059,"position":1},"title":"CNM orienta que prefeituras n\u00e3o paguem reajuste do piso dos professores","author":"","date":"Janeiro 18, 2023","format":false,"excerpt":"O presidente da Confedera\u00e7\u00e3o Nacional de Munic\u00edpios (CNM), Paulo Ziulkoski, diz que n\u00e3o h\u00e1 base legal para o reajuste em 2023 e indica que as gest\u00f5es municipais n\u00e3o paguem o aumento. A Confedera\u00e7\u00e3o Nacional de Munic\u00edpios (CNM) criticou o reajuste do piso dos professores para R$ 4.420,55 anunciado na \u00faltima\u2026","rel":"","context":"In &quot;Atualidade&quot;","block_context":{"text":"Atualidade","link":"https:\/\/correiodasemana.com\/site\/category\/atualidade\/"},"img":{"alt_text":"","src":"https:\/\/i0.wp.com\/correiodasemana.com\/site\/wp-content\/uploads\/2023\/01\/70624fd0-a8a9-43a0-a1dd-30323229beb7.jpeg?resize=350%2C200&ssl=1","width":350,"height":200,"srcset":"https:\/\/i0.wp.com\/correiodasemana.com\/site\/wp-content\/uploads\/2023\/01\/70624fd0-a8a9-43a0-a1dd-30323229beb7.jpeg?resize=350%2C200&ssl=1 1x, https:\/\/i0.wp.com\/correiodasemana.com\/site\/wp-content\/uploads\/2023\/01\/70624fd0-a8a9-43a0-a1dd-30323229beb7.jpeg?resize=525%2C300&ssl=1 1.5x, https:\/\/i0.wp.com\/correiodasemana.com\/site\/wp-content\/uploads\/2023\/01\/70624fd0-a8a9-43a0-a1dd-30323229beb7.jpeg?resize=700%2C400&ssl=1 2x"},"classes":[]},{"id":36043,"url":"https:\/\/correiodasemana.com\/site\/reconhecimento-a-trajetoria-dedicada-ao-ensino-uva-concede-titulo-doutor-honoris-causa-a-ada-pimentel\/","url_meta":{"origin":25059,"position":2},"title":"Reconhecimento \u00e0 trajet\u00f3ria dedicada ao ensino: UVA concede t\u00edtulo Doutor Honoris Causa \u00e0 Ada Pimentel","author":"adminredacao","date":"Outubro 29, 2025","format":false,"excerpt":"A reitora da Universidade Estadual Vale do Acara\u00fa (UVA), Izabelle Mont\u2019Alverne, concedeu, nesta quinta-feira (23\/10), o t\u00edtulo de Doutor Honoris Causa \u00e0 professora Ada Pimentel Gomes Fernandes Vieira, em reconhecimento \u00e0 sua relevante contribui\u00e7\u00e3o para a educa\u00e7\u00e3o cearense. A solenidade foi realizada no Audit\u00f3rio Central do campus Bet\u00e2nia, e reuniu\u2026","rel":"","context":"In &quot;Atualidade&quot;","block_context":{"text":"Atualidade","link":"https:\/\/correiodasemana.com\/site\/category\/atualidade\/"},"img":{"alt_text":"","src":"https:\/\/i0.wp.com\/correiodasemana.com\/site\/wp-content\/uploads\/2025\/10\/WhatsApp-Image-2025-10-24-at-22.32.15.jpeg?resize=350%2C200&ssl=1","width":350,"height":200,"srcset":"https:\/\/i0.wp.com\/correiodasemana.com\/site\/wp-content\/uploads\/2025\/10\/WhatsApp-Image-2025-10-24-at-22.32.15.jpeg?resize=350%2C200&ssl=1 1x, https:\/\/i0.wp.com\/correiodasemana.com\/site\/wp-content\/uploads\/2025\/10\/WhatsApp-Image-2025-10-24-at-22.32.15.jpeg?resize=525%2C300&ssl=1 1.5x, https:\/\/i0.wp.com\/correiodasemana.com\/site\/wp-content\/uploads\/2025\/10\/WhatsApp-Image-2025-10-24-at-22.32.15.jpeg?resize=700%2C400&ssl=1 2x, https:\/\/i0.wp.com\/correiodasemana.com\/site\/wp-content\/uploads\/2025\/10\/WhatsApp-Image-2025-10-24-at-22.32.15.jpeg?resize=1050%2C600&ssl=1 3x, https:\/\/i0.wp.com\/correiodasemana.com\/site\/wp-content\/uploads\/2025\/10\/WhatsApp-Image-2025-10-24-at-22.32.15.jpeg?resize=1400%2C800&ssl=1 4x"},"classes":[]},{"id":25644,"url":"https:\/\/correiodasemana.com\/site\/uva-concede-titulo-doutor-honoris-causa-a-professora-izolda-cela\/","url_meta":{"origin":25059,"position":3},"title":"UVA concede t\u00edtulo Doutor Honoris Causa \u00e0 professora Izolda Cela","author":"adminredacao","date":"Julho 11, 2023","format":false,"excerpt":"A secret\u00e1ria-executiva do Minist\u00e9rio da Educa\u00e7\u00e3o (MEC), professora Maria Izolda Cela de Arruda Coelho, recebeu, na noite desta ter\u00e7a-feira, 04\/07, o T\u00edtulo de Doutor Honoris Causa, concedido pela Universidade Estadual Vale do Acara\u00fa (UVA) em sess\u00e3o solene presidida pela reitora da UVA, professora Izabelle Mont\u2019Alverne Napole\u00e3o Albuquerque. A cerim\u00f4nia contou\u2026","rel":"","context":"In &quot;Atualidade&quot;","block_context":{"text":"Atualidade","link":"https:\/\/correiodasemana.com\/site\/category\/atualidade\/"},"img":{"alt_text":"","src":"https:\/\/i0.wp.com\/correiodasemana.com\/site\/wp-content\/uploads\/2023\/07\/WhatsApp-Image-2023-07-05-at-00.58.25-1-600x400-2.jpeg?resize=350%2C200&ssl=1","width":350,"height":200,"srcset":"https:\/\/i0.wp.com\/correiodasemana.com\/site\/wp-content\/uploads\/2023\/07\/WhatsApp-Image-2023-07-05-at-00.58.25-1-600x400-2.jpeg?resize=350%2C200&ssl=1 1x, https:\/\/i0.wp.com\/correiodasemana.com\/site\/wp-content\/uploads\/2023\/07\/WhatsApp-Image-2023-07-05-at-00.58.25-1-600x400-2.jpeg?resize=525%2C300&ssl=1 1.5x"},"classes":[]},{"id":35201,"url":"https:\/\/correiodasemana.com\/site\/em-tempo-290\/","url_meta":{"origin":25059,"position":4},"title":"Em Tempo","author":"adminredacao","date":"Agosto 17, 2025","format":false,"excerpt":"Mestrado em Ci\u00eancia da Informa\u00e7\u00e3o UFC O Programa de P\u00f3s-Gradua\u00e7\u00e3o em Ci\u00eancia da Informa\u00e7\u00e3o da Universidade Federal do Cear\u00e1 (UFC) receber\u00e1 inscri\u00e7\u00f5es, at\u00e9 o dia 31 de agosto, para o seu mestrado acad\u00eamico, com \u00e1rea de concentra\u00e7\u00e3o em Representa\u00e7\u00e3o e Media\u00e7\u00e3o da Informa\u00e7\u00e3o e do Conhecimento. Conforme o edital, s\u00e3o\u2026","rel":"","context":"In &quot;Artigos&quot;","block_context":{"text":"Artigos","link":"https:\/\/correiodasemana.com\/site\/category\/artigos\/"},"img":{"alt_text":"","src":"https:\/\/i0.wp.com\/correiodasemana.com\/site\/wp-content\/uploads\/2025\/08\/lula-camilo-e-elmano-premio-MEC.jpg?resize=350%2C200&ssl=1","width":350,"height":200,"srcset":"https:\/\/i0.wp.com\/correiodasemana.com\/site\/wp-content\/uploads\/2025\/08\/lula-camilo-e-elmano-premio-MEC.jpg?resize=350%2C200&ssl=1 1x, https:\/\/i0.wp.com\/correiodasemana.com\/site\/wp-content\/uploads\/2025\/08\/lula-camilo-e-elmano-premio-MEC.jpg?resize=525%2C300&ssl=1 1.5x, https:\/\/i0.wp.com\/correiodasemana.com\/site\/wp-content\/uploads\/2025\/08\/lula-camilo-e-elmano-premio-MEC.jpg?resize=700%2C400&ssl=1 2x"},"classes":[]},{"id":10301,"url":"https:\/\/correiodasemana.com\/site\/em-tempo-24\/","url_meta":{"origin":25059,"position":5},"title":"Em Tempo","author":"","date":"Dezembro 23, 2019","format":false,"excerpt":"Concurso do Minist\u00e9rio P\u00fablico Minist\u00e9rio P\u00fablico do Cear\u00e1 (MPCE) publicou no Di\u00e1rio Oficial, no dia 17 de dezembro, o edital de\u00a0concurso p\u00fablico para 30 vagas e forma\u00e7\u00e3o de cadastro de reserva para os cargos de analista e t\u00e9cnicos ministeriais. A\u00a0data prevista para realiza\u00e7\u00e3o da prova \u00e9 dia 8 de mar\u00e7o.\u2026","rel":"","context":"In &quot;Artigos&quot;","block_context":{"text":"Artigos","link":"https:\/\/correiodasemana.com\/site\/category\/artigos\/"},"img":{"alt_text":"","src":"https:\/\/i0.wp.com\/correiodasemana.com\/site\/wp-content\/uploads\/2019\/12\/Hemoce-no-gabinete.jpeg?resize=350%2C200&ssl=1","width":350,"height":200,"srcset":"https:\/\/i0.wp.com\/correiodasemana.com\/site\/wp-content\/uploads\/2019\/12\/Hemoce-no-gabinete.jpeg?resize=350%2C200&ssl=1 1x, https:\/\/i0.wp.com\/correiodasemana.com\/site\/wp-content\/uploads\/2019\/12\/Hemoce-no-gabinete.jpeg?resize=525%2C300&ssl=1 1.5x, https:\/\/i0.wp.com\/correiodasemana.com\/site\/wp-content\/uploads\/2019\/12\/Hemoce-no-gabinete.jpeg?resize=700%2C400&ssl=1 2x, https:\/\/i0.wp.com\/correiodasemana.com\/site\/wp-content\/uploads\/2019\/12\/Hemoce-no-gabinete.jpeg?resize=1050%2C600&ssl=1 3x"},"classes":[]}],"jetpack_sharing_enabled":true,"_links":{"self":[{"href":"https:\/\/correiodasemana.com\/site\/wp-json\/wp\/v2\/posts\/25059","targetHints":{"allow":["GET"]}}],"collection":[{"href":"https:\/\/correiodasemana.com\/site\/wp-json\/wp\/v2\/posts"}],"about":[{"href":"https:\/\/correiodasemana.com\/site\/wp-json\/wp\/v2\/types\/post"}],"author":[{"embeddable":true,"href":"https:\/\/correiodasemana.com\/site\/wp-json\/wp\/v2\/users\/7"}],"replies":[{"embeddable":true,"href":"https:\/\/correiodasemana.com\/site\/wp-json\/wp\/v2\/comments?post=25059"}],"version-history":[{"count":1,"href":"https:\/\/correiodasemana.com\/site\/wp-json\/wp\/v2\/posts\/25059\/revisions"}],"predecessor-version":[{"id":25061,"href":"https:\/\/correiodasemana.com\/site\/wp-json\/wp\/v2\/posts\/25059\/revisions\/25061"}],"wp:featuredmedia":[{"embeddable":true,"href":"https:\/\/correiodasemana.com\/site\/wp-json\/wp\/v2\/media\/25060"}],"wp:attachment":[{"href":"https:\/\/correiodasemana.com\/site\/wp-json\/wp\/v2\/media?parent=25059"}],"wp:term":[{"taxonomy":"category","embeddable":true,"href":"https:\/\/correiodasemana.com\/site\/wp-json\/wp\/v2\/categories?post=25059"},{"taxonomy":"post_tag","embeddable":true,"href":"https:\/\/correiodasemana.com\/site\/wp-json\/wp\/v2\/tags?post=25059"}],"curies":[{"name":"wp","href":"https:\/\/api.w.org\/{rel}","templated":true}]}}