{"id":25071,"date":"2023-06-06T21:11:29","date_gmt":"2023-06-07T00:11:29","guid":{"rendered":"https:\/\/correiodasemana.com\/site\/?p=25071"},"modified":"2023-06-06T21:11:29","modified_gmt":"2023-06-07T00:11:29","slug":"escola-deputado-cesario-barreto-lima-completa-41-anos-de-existencia-em-distrito-de-taperuaba","status":"publish","type":"post","link":"https:\/\/correiodasemana.com\/site\/escola-deputado-cesario-barreto-lima-completa-41-anos-de-existencia-em-distrito-de-taperuaba\/","title":{"rendered":"Escola Deputado Ces\u00e1rio Barreto Lima completa 41 anos de exist\u00eancia em Distrito de Taperuaba"},"content":{"rendered":"<p><strong>Na manh\u00e3 desta quarta-feira, 31 de maio, uma cerim\u00f4nia marcou os 41 anos da Escola Deputado Ces\u00e1rio Barreto Lima, no Distrito de Taperuaba.<\/strong><\/p>\n<div id='gallery-1' class='gallery galleryid-25071 gallery-columns-6 gallery-size-thumbnail'><figure class='gallery-item'>\n\t\t\t<div class='gallery-icon landscape'>\n\t\t\t\t<a href='https:\/\/correiodasemana.com\/site\/escola-deputado-cesario-barreto-lima-completa-41-anos-de-existencia-em-distrito-de-taperuaba\/350817602_777417347103948_5279610664999389122_n\/'><img loading=\"lazy\" width=\"150\" height=\"150\" src=\"https:\/\/correiodasemana.com\/site\/wp-content\/uploads\/2023\/06\/350817602_777417347103948_5279610664999389122_n-150x150.jpg\" class=\"attachment-thumbnail size-thumbnail\" alt=\"350817602_777417347103948_5279610664999389122_n\" loading=\"lazy\" decoding=\"async\" \/><\/a>\n\t\t\t<\/div><\/figure><figure class='gallery-item'>\n\t\t\t<div class='gallery-icon landscape'>\n\t\t\t\t<a href='https:\/\/correiodasemana.com\/site\/escola-deputado-cesario-barreto-lima-completa-41-anos-de-existencia-em-distrito-de-taperuaba\/350508879_639742041372761_2061630393594140011_n\/'><img loading=\"lazy\" width=\"150\" height=\"150\" src=\"https:\/\/correiodasemana.com\/site\/wp-content\/uploads\/2023\/06\/350508879_639742041372761_2061630393594140011_n-150x150.jpg\" class=\"attachment-thumbnail size-thumbnail\" alt=\"350508879_639742041372761_2061630393594140011_n\" loading=\"lazy\" decoding=\"async\" \/><\/a>\n\t\t\t<\/div><\/figure><figure class='gallery-item'>\n\t\t\t<div class='gallery-icon landscape'>\n\t\t\t\t<a href='https:\/\/correiodasemana.com\/site\/escola-deputado-cesario-barreto-lima-completa-41-anos-de-existencia-em-distrito-de-taperuaba\/349170398_934025217824155_9019286259373154143_n\/'><img loading=\"lazy\" width=\"150\" height=\"150\" src=\"https:\/\/correiodasemana.com\/site\/wp-content\/uploads\/2023\/06\/349170398_934025217824155_9019286259373154143_n-150x150.jpg\" class=\"attachment-thumbnail size-thumbnail\" alt=\"349170398_934025217824155_9019286259373154143_n\" loading=\"lazy\" decoding=\"async\" \/><\/a>\n\t\t\t<\/div><\/figure>\n\t\t<\/div>\n\n<p>Professores, coordenador e alunos da Escola estiveram presentes no evento para comemorar todos esses anos de servi\u00e7os \u00e0 educa\u00e7\u00e3o a Regi\u00e3o.<br \/>\nA Presidente da C\u00e2mara Municipal de Sobral, Vereadora Socorrinha Brasileiro, que iniciou suas atividades como educadora nesta unidade escolar, onde foi fundadora e Diretora por mais de 18 anos, foi homenageada pela Escola. Ela agradeceu a homenagem e disse que sempre levar\u00e1 consigo mesma os bons tempos que passou na Escola Deputado Ces\u00e1rio Barreto Lima, no Distrito de Taperuaba: \u2018Tenho muito orgulho de ser educadora. Costumo dizer que estou Vereadora, mas que nunca deixei de ser educadora. Estar aqui na Escola Deputado Ces\u00e1rio Barreto Lima me traz \u00e0 mente todos os bons anos que vivi aqui. Foram anos que jamais esquecerei\u2019, disse a Presidente da C\u00e2mara Municipal de Sobral, a Vereadora Socorrinha Brasileiro.<br \/>\nA Vice-prefeita de Sobral, Christiane Coelho fez quest\u00e3o de participar do evento e destacou o trabalho que vem sendo desenvolvido na educa\u00e7\u00e3o no Distrito de Taperuaba. O ex-vereador e atual assessor da vice prefeitura de Sobral, Em\u00eddio Silva, tamb\u00e9m esteve presente na solenidade.<\/p>\n","protected":false},"excerpt":{"rendered":"<p>Na manh\u00e3 desta quarta-feira, 31 de maio, uma cerim\u00f4nia marcou os 41 anos da Escola&#8230;<\/p>\n","protected":false},"author":7,"featured_media":25073,"comment_status":"open","ping_status":"open","sticky":false,"template":"","format":"standard","meta":{"_jetpack_memberships_contains_paid_content":false,"footnotes":"","jetpack_publicize_message":"","jetpack_publicize_feature_enabled":true,"jetpack_social_post_already_shared":true,"jetpack_social_options":{"image_generator_settings":{"template":"highway","default_image_id":0,"font":"","enabled":false},"version":2}},"categories":[1],"tags":[],"class_list":["post-25071","post","type-post","status-publish","format-standard","has-post-thumbnail","hentry","category-atualidade"],"jetpack_publicize_connections":[],"jetpack_featured_media_url":"https:\/\/correiodasemana.com\/site\/wp-content\/uploads\/2023\/06\/350508879_639742041372761_2061630393594140011_n.jpg","jetpack-related-posts":[{"id":25374,"url":"https:\/\/correiodasemana.com\/site\/presidente-da-camara-a-vereadora-socorrinha-brasileiro-pdt-acompanha-o-atendimento-da-unidade-movel-do-caminhao-do-cidadao-e-defensoria-publica-em-taperuaba\/","url_meta":{"origin":25071,"position":0},"title":"Presidente da C\u00e2mara, a vereadora Socorrinha Brasileiro, (PDT) acompanha o atendimento da Unidade M\u00f3vel do Caminh\u00e3o do Cidad\u00e3o e Defensoria P\u00fablica em Taperuaba","author":"adminredacao","date":"Junho 26, 2023","format":false,"excerpt":"Na manh\u00e3 de segunda-feira (19\/06), a Presidente da C\u00e2mara Municipal de Sobral, vereadora Socorrinha Brasileiro, esteve acompanhando o in\u00edcio dos atendimentos da Unidade M\u00f3vel do Caminh\u00e3o do Cidad\u00e3o e da Defensoria P\u00fablica no distrito de Taperuaba, que est\u00e3o atendendo em frente \u00e0 Escola E. M. T. I. Dep. Ces\u00e1rio Barreto\u2026","rel":"","context":"In &quot;Atualidade&quot;","block_context":{"text":"Atualidade","link":"https:\/\/correiodasemana.com\/site\/category\/atualidade\/"},"img":{"alt_text":"","src":"https:\/\/i0.wp.com\/correiodasemana.com\/site\/wp-content\/uploads\/2023\/06\/WhatsApp-Image-2023-06-19-at-10.54.06-3.jpeg?resize=350%2C200&ssl=1","width":350,"height":200,"srcset":"https:\/\/i0.wp.com\/correiodasemana.com\/site\/wp-content\/uploads\/2023\/06\/WhatsApp-Image-2023-06-19-at-10.54.06-3.jpeg?resize=350%2C200&ssl=1 1x, https:\/\/i0.wp.com\/correiodasemana.com\/site\/wp-content\/uploads\/2023\/06\/WhatsApp-Image-2023-06-19-at-10.54.06-3.jpeg?resize=525%2C300&ssl=1 1.5x, https:\/\/i0.wp.com\/correiodasemana.com\/site\/wp-content\/uploads\/2023\/06\/WhatsApp-Image-2023-06-19-at-10.54.06-3.jpeg?resize=700%2C400&ssl=1 2x, https:\/\/i0.wp.com\/correiodasemana.com\/site\/wp-content\/uploads\/2023\/06\/WhatsApp-Image-2023-06-19-at-10.54.06-3.jpeg?resize=1050%2C600&ssl=1 3x"},"classes":[]},{"id":11214,"url":"https:\/\/correiodasemana.com\/site\/panorama-politico-34\/","url_meta":{"origin":25071,"position":1},"title":"Panorama Pol\u00edtico","author":"","date":"Mar\u00e7o 18, 2020","format":false,"excerpt":"Vereadora Socorrinha Brasileiro, outorga t\u00edtulo Mulher Admir\u00e1vel Thomaz Ramos A vereadora Socorrinha Brasileiro (PDT), apresentou no Plen\u00e1rio da C\u00e2mara Municipal projeto de decreto legislativo outorgando o titulo de Mulher Admir\u00e1vel Dinorah Thomaz Ramos a Senhora Ada Pimentel Gomes Fernandes Vieira. Socorrinha apresentou tamb\u00e9m mo\u00e7\u00e3o de congratula\u00e7\u00f5es a celebra\u00e7\u00e3o do ano\u2026","rel":"","context":"In &quot;Artigos&quot;","block_context":{"text":"Artigos","link":"https:\/\/correiodasemana.com\/site\/category\/artigos\/"},"img":{"alt_text":"","src":"https:\/\/i0.wp.com\/correiodasemana.com\/site\/wp-content\/uploads\/2019\/09\/camara-de-sobral.jpeg?resize=350%2C200&ssl=1","width":350,"height":200,"srcset":"https:\/\/i0.wp.com\/correiodasemana.com\/site\/wp-content\/uploads\/2019\/09\/camara-de-sobral.jpeg?resize=350%2C200&ssl=1 1x, https:\/\/i0.wp.com\/correiodasemana.com\/site\/wp-content\/uploads\/2019\/09\/camara-de-sobral.jpeg?resize=525%2C300&ssl=1 1.5x, https:\/\/i0.wp.com\/correiodasemana.com\/site\/wp-content\/uploads\/2019\/09\/camara-de-sobral.jpeg?resize=700%2C400&ssl=1 2x"},"classes":[]},{"id":19645,"url":"https:\/\/correiodasemana.com\/site\/sobral-sobral-84\/","url_meta":{"origin":25071,"position":2},"title":"Sobral, Sobral","author":"","date":"Maio 1, 2022","format":false,"excerpt":"A PAZ vem de dentro de VOC\u00ca mesmo. N\u00e3o a procure \u00e0 sua volta !! Bom DIA !! MINHAS HIST\u00d3RIAS... Porque a mulher casada \u00e9 chamada SENHORA? Levei um tempo para entender porque mulher quando se casa passa a ser chamada de SENHORA. \u201cSabe o significado de SENHORA? \u00c9 que\u2026","rel":"","context":"In &quot;Artigos&quot;","block_context":{"text":"Artigos","link":"https:\/\/correiodasemana.com\/site\/category\/artigos\/"},"img":{"alt_text":"","src":"https:\/\/i0.wp.com\/correiodasemana.com\/site\/wp-content\/uploads\/2021\/02\/artigo-carolino-radio.png?resize=350%2C200&ssl=1","width":350,"height":200,"srcset":"https:\/\/i0.wp.com\/correiodasemana.com\/site\/wp-content\/uploads\/2021\/02\/artigo-carolino-radio.png?resize=350%2C200&ssl=1 1x, https:\/\/i0.wp.com\/correiodasemana.com\/site\/wp-content\/uploads\/2021\/02\/artigo-carolino-radio.png?resize=525%2C300&ssl=1 1.5x, https:\/\/i0.wp.com\/correiodasemana.com\/site\/wp-content\/uploads\/2021\/02\/artigo-carolino-radio.png?resize=700%2C400&ssl=1 2x"},"classes":[]},{"id":8424,"url":"https:\/\/correiodasemana.com\/site\/politica-em-evidencia-2\/","url_meta":{"origin":25071,"position":3},"title":"Pol\u00edtica em Evid\u00eancia","author":"","date":"Julho 22, 2019","format":false,"excerpt":"A prefeitura de Alc\u00e2ntaras estar\u00e1 promovendo nos dias 26 e 27 de julho, o seu tradicional XXII Festival de Quadrilhas Junino, com a participa\u00e7\u00e3o de muitas quadrilhas juninas e atra\u00e7\u00f5es musicais.De acordo com o prefeito Joaquim do Quinca, as atra\u00e7\u00f5es do XXII Festival de Quadrilhas est\u00e3o assim definidas: Dia 26\u2026","rel":"","context":"In &quot;Artigos&quot;","block_context":{"text":"Artigos","link":"https:\/\/correiodasemana.com\/site\/category\/artigos\/"},"img":{"alt_text":"","src":"https:\/\/i0.wp.com\/correiodasemana.com\/site\/wp-content\/uploads\/2019\/07\/23600_2_EL.jpg?resize=350%2C200&ssl=1","width":350,"height":200,"srcset":"https:\/\/i0.wp.com\/correiodasemana.com\/site\/wp-content\/uploads\/2019\/07\/23600_2_EL.jpg?resize=350%2C200&ssl=1 1x, https:\/\/i0.wp.com\/correiodasemana.com\/site\/wp-content\/uploads\/2019\/07\/23600_2_EL.jpg?resize=525%2C300&ssl=1 1.5x, https:\/\/i0.wp.com\/correiodasemana.com\/site\/wp-content\/uploads\/2019\/07\/23600_2_EL.jpg?resize=700%2C400&ssl=1 2x"},"classes":[]},{"id":18663,"url":"https:\/\/correiodasemana.com\/site\/politica-em-evidencia-93\/","url_meta":{"origin":25071,"position":4},"title":"Pol\u00edtica em Evid\u00eancia","author":"","date":"Janeiro 24, 2022","format":false,"excerpt":"A Prefeitura de Sobral come\u00e7ou est\u00e1 \u00a0realizando desde a segunda-feira, dia 17, prosseguindo at\u00e9 28 de janeiro, a entrega dos kits de material escolar para os estudantes da Educa\u00e7\u00e3o Infantil, do Ensino Fundamental e da Educa\u00e7\u00e3o de Jovens e Adultos (EJA).\u00a0Cerca de 34 mil estudantes das 73 escolas municipais e\u2026","rel":"","context":"In &quot;Artigos&quot;","block_context":{"text":"Artigos","link":"https:\/\/correiodasemana.com\/site\/category\/artigos\/"},"img":{"alt_text":"","src":"","width":0,"height":0},"classes":[]},{"id":9623,"url":"https:\/\/correiodasemana.com\/site\/panorama-politico-17\/","url_meta":{"origin":25071,"position":5},"title":"Panorama Pol\u00edtico","author":"","date":"Outubro 28, 2019","format":false,"excerpt":"Adutora da Serra do Ros\u00e1rio est\u00e1 em plena execu\u00e7\u00e3o e vai beneficiar 2.300 habitantes O t\u00e3o esperado sistema de abastecimento de \u00e1gua da Serra do Ros\u00e1rio est\u00e1 em dias de ser conclu\u00eddo. Desde fevereiro as obras da adutora daquela regi\u00e3o est\u00e3o em pleno execu\u00e7\u00e3o. Com previs\u00e3o de ser conclu\u00edda at\u00e9\u2026","rel":"","context":"In &quot;Artigos&quot;","block_context":{"text":"Artigos","link":"https:\/\/correiodasemana.com\/site\/category\/artigos\/"},"img":{"alt_text":"","src":"https:\/\/i0.wp.com\/correiodasemana.com\/site\/wp-content\/uploads\/2019\/09\/camara-de-sobral.jpeg?resize=350%2C200&ssl=1","width":350,"height":200,"srcset":"https:\/\/i0.wp.com\/correiodasemana.com\/site\/wp-content\/uploads\/2019\/09\/camara-de-sobral.jpeg?resize=350%2C200&ssl=1 1x, https:\/\/i0.wp.com\/correiodasemana.com\/site\/wp-content\/uploads\/2019\/09\/camara-de-sobral.jpeg?resize=525%2C300&ssl=1 1.5x, https:\/\/i0.wp.com\/correiodasemana.com\/site\/wp-content\/uploads\/2019\/09\/camara-de-sobral.jpeg?resize=700%2C400&ssl=1 2x"},"classes":[]}],"jetpack_sharing_enabled":true,"_links":{"self":[{"href":"https:\/\/correiodasemana.com\/site\/wp-json\/wp\/v2\/posts\/25071","targetHints":{"allow":["GET"]}}],"collection":[{"href":"https:\/\/correiodasemana.com\/site\/wp-json\/wp\/v2\/posts"}],"about":[{"href":"https:\/\/correiodasemana.com\/site\/wp-json\/wp\/v2\/types\/post"}],"author":[{"embeddable":true,"href":"https:\/\/correiodasemana.com\/site\/wp-json\/wp\/v2\/users\/7"}],"replies":[{"embeddable":true,"href":"https:\/\/correiodasemana.com\/site\/wp-json\/wp\/v2\/comments?post=25071"}],"version-history":[{"count":1,"href":"https:\/\/correiodasemana.com\/site\/wp-json\/wp\/v2\/posts\/25071\/revisions"}],"predecessor-version":[{"id":25075,"href":"https:\/\/correiodasemana.com\/site\/wp-json\/wp\/v2\/posts\/25071\/revisions\/25075"}],"wp:featuredmedia":[{"embeddable":true,"href":"https:\/\/correiodasemana.com\/site\/wp-json\/wp\/v2\/media\/25073"}],"wp:attachment":[{"href":"https:\/\/correiodasemana.com\/site\/wp-json\/wp\/v2\/media?parent=25071"}],"wp:term":[{"taxonomy":"category","embeddable":true,"href":"https:\/\/correiodasemana.com\/site\/wp-json\/wp\/v2\/categories?post=25071"},{"taxonomy":"post_tag","embeddable":true,"href":"https:\/\/correiodasemana.com\/site\/wp-json\/wp\/v2\/tags?post=25071"}],"curies":[{"name":"wp","href":"https:\/\/api.w.org\/{rel}","templated":true}]}}